{"id":20581,"date":"2021-10-26T18:01:20","date_gmt":"2021-10-26T21:01:20","guid":{"rendered":"https:\/\/verdadeon.com.br\/portal\/?p=20581"},"modified":"2021-10-26T18:06:43","modified_gmt":"2021-10-26T21:06:43","slug":"arrastao-da-limpeza-passa-por-12-bairros-na-zona-sul-no-sabado","status":"publish","type":"post","link":"https:\/\/verdadeon.com.br\/portal\/2021\/10\/26\/arrastao-da-limpeza-passa-por-12-bairros-na-zona-sul-no-sabado\/","title":{"rendered":"Arrast\u00e3o da Limpeza passa por 12 bairros na Zona Sul no s\u00e1bado"},"content":{"rendered":"<h2><span style=\"font-weight: 400;\">Equipes da Prefeitura v\u00e3o percorrer bairros entre a Morada do Verde e Prolongamento do Santa B\u00e1rbara a partir das 7h30<\/span><\/h2>\n<p><span style=\"font-weight: 400;\">A Prefeitura de Franca estar\u00e1 com as equipes e caminh\u00f5es da Secretaria de Meio Ambiente na regi\u00e3o Sul da cidade neste s\u00e1bado, 30, para mais um Arrast\u00e3o da Limpeza. Desta vez, os materiais inserv\u00edveis ser\u00e3o recolhidos em 12 bairros, a partir da Morada do Verde at\u00e9 o prolongamento do Santa B\u00e1rbara.\u00a0<\/span><\/p>\n<p><span style=\"font-weight: 400;\">Essa opera\u00e7\u00e3o ser\u00e1 coordenada por equipes da Secretaria de Meio Ambiente, com os caminh\u00f5es percorrendo as ruas a partir das 7h30 para recolher materiais e objetos como m\u00f3veis e utens\u00edlios dom\u00e9sticos, ou pneus, que as pessoas desejam descartar.<\/span><\/p>\n<p><span style=\"font-weight: 400;\">Esse tipo de opera\u00e7\u00e3o tem duplo objetivo: o primeiro \u00e9 facilitar a vida das pessoas residentes nos bairros, no tocante ao descarte correto de objetos que n\u00e3o utilizam mais e outro \u00e9 diminuir os eventuais focos de larvas do mosquito da dengue, retirando materiais que possam ficar com \u00e1gua parada.\u00a0<\/span><\/p>\n<p><span style=\"font-weight: 400;\">Com o intuito de conscientizar e orientar as pessoas, a Vigil\u00e2ncia Ambiental realizou no \u00faltimo s\u00e1bado, com 23 agentes nos Jardins Aeroporto 1, 2 e 3 e Santa B\u00e1rbara, um trabalho de campo, com a distribui\u00e7\u00e3o de folhetos sobre o Arrast\u00e3o do pr\u00f3ximo s\u00e1bado, 30, solicitando aos moradores para que separem os materiais, que desejam descartar e deixem sobre as cal\u00e7adas a partir das 7h.<\/span><\/p>\n<p><span style=\"font-weight: 400;\">Essas abordagens voltar\u00e3o a ser feitas em outros bairros adjacentes que n\u00e3o foram visitados na pr\u00f3xima sexta-feira, dia 29, a partir das 7h30, com a mesma finalidade, esclarecer sobre os cuidados que devem ser observados.<\/span><\/p>\n<h4><span style=\"font-weight: 400;\">Confira a rela\u00e7\u00e3o dos 12 bairros, que ser\u00e3o atendidos com o Arrast\u00e3o:<\/span><\/h4>\n<p><span style=\"font-weight: 400;\">1) Morada do Verde<\/span><\/p>\n<p><span style=\"font-weight: 400;\">2) Vale da Lua Azul<\/span><\/p>\n<p><span style=\"font-weight: 400;\">3) Jardim Alvorada (anexo ao Parque Novo Mundo)<\/span><\/p>\n<p><span style=\"font-weight: 400;\">4) Parque Novo Mundo<\/span><\/p>\n<p><span style=\"font-weight: 400;\">5) Jardim Primavera<\/span><\/p>\n<p><span style=\"font-weight: 400;\">6) Parque das \u00c1rvores<\/span><\/p>\n<p><span style=\"font-weight: 400;\">7) Jardim Aeroporto I<\/span><\/p>\n<p><span style=\"font-weight: 400;\">8) Jardim Aeroporto II<\/span><\/p>\n<p><span style=\"font-weight: 400;\">9) Jardim Aeroporto III<\/span><\/p>\n<p><span style=\"font-weight: 400;\">10) Jardim Aeroporto IV<\/span><\/p>\n<p><span style=\"font-weight: 400;\">11) Jardim Avia\u00e7\u00e3o<\/span><\/p>\n<p><span style=\"font-weight: 400;\">12) Jardim Santa B\u00e1rbara e Prolongamento<\/span><\/p>\n","protected":false},"excerpt":{"rendered":"<p>Equipes da Prefeitura v\u00e3o percorrer bairros entre a Morada do Verde e Prolongamento do Santa B\u00e1rbara a partir das 7h30 A Prefeitura de Franca estar\u00e1 com<span class=\"excerpt-hellip\"> [\u2026]<\/span><\/p>\n","protected":false},"author":10,"featured_media":19022,"comment_status":"open","ping_status":"open","sticky":false,"template":"","format":"standard","meta":{"_jetpack_memberships_contains_paid_content":false,"footnotes":"","jetpack_publicize_message":"","jetpack_publicize_feature_enabled":true,"jetpack_social_post_already_shared":false,"jetpack_social_options":{"image_generator_settings":{"template":"highway","default_image_id":0,"enabled":false},"version":2}},"categories":[28,44],"tags":[],"class_list":["post-20581","post","type-post","status-publish","format-standard","has-post-thumbnail","hentry","category-cotidiano","category-noticias"],"yoast_head":"<!-- This site is optimized with the Yoast SEO plugin v25.6 - https:\/\/yoast.com\/wordpress\/plugins\/seo\/ -->\n<title>Arrast\u00e3o da Limpeza passa por 12 bairros na Zona Sul no s\u00e1bado - VerdadeOn<\/title>\n<meta name=\"robots\" content=\"index, follow, max-snippet:-1, max-image-preview:large, max-video-preview:-1\" \/>\n<link rel=\"canonical\" href=\"https:\/\/verdadeon.com.br\/portal\/2021\/10\/26\/arrastao-da-limpeza-passa-por-12-bairros-na-zona-sul-no-sabado\/\" \/>\n<meta property=\"og:locale\" content=\"pt_BR\" \/>\n<meta property=\"og:type\" content=\"article\" \/>\n<meta property=\"og:title\" content=\"Arrast\u00e3o da Limpeza passa por 12 bairros na Zona Sul no s\u00e1bado - VerdadeOn\" \/>\n<meta property=\"og:description\" content=\"Equipes da Prefeitura v\u00e3o percorrer bairros entre a Morada do Verde e Prolongamento do Santa B\u00e1rbara a partir das 7h30 A Prefeitura de Franca estar\u00e1 com [\u2026]\" \/>\n<meta property=\"og:url\" content=\"https:\/\/verdadeon.com.br\/portal\/2021\/10\/26\/arrastao-da-limpeza-passa-por-12-bairros-na-zona-sul-no-sabado\/\" \/>\n<meta property=\"og:site_name\" content=\"VerdadeOn\" \/>\n<meta property=\"article:published_time\" content=\"2021-10-26T21:01:20+00:00\" \/>\n<meta property=\"article:modified_time\" content=\"2021-10-26T21:06:43+00:00\" \/>\n<meta property=\"og:image\" content=\"https:\/\/verdadeon.com.br\/portal\/wp-content\/uploads\/2021\/08\/Arrastao-da-Limpeza-1.jpeg\" \/>\n\t<meta property=\"og:image:width\" content=\"1000\" \/>\n\t<meta property=\"og:image:height\" content=\"670\" \/>\n\t<meta property=\"og:image:type\" content=\"image\/jpeg\" \/>\n<meta name=\"author\" content=\"Redacao VerdadeOn\" \/>\n<meta name=\"twitter:card\" content=\"summary_large_image\" \/>\n<meta name=\"twitter:label1\" content=\"Escrito por\" \/>\n\t<meta name=\"twitter:data1\" content=\"Redacao VerdadeOn\" \/>\n\t<meta name=\"twitter:label2\" content=\"Est. tempo de leitura\" \/>\n\t<meta name=\"twitter:data2\" content=\"2 minutos\" \/>\n<script type=\"application\/ld+json\" class=\"yoast-schema-graph\">{\"@context\":\"https:\/\/schema.org\",\"@graph\":[{\"@type\":\"WebPage\",\"@id\":\"https:\/\/verdadeon.com.br\/portal\/2021\/10\/26\/arrastao-da-limpeza-passa-por-12-bairros-na-zona-sul-no-sabado\/\",\"url\":\"https:\/\/verdadeon.com.br\/portal\/2021\/10\/26\/arrastao-da-limpeza-passa-por-12-bairros-na-zona-sul-no-sabado\/\",\"name\":\"Arrast\u00e3o da Limpeza passa por 12 bairros na Zona Sul no s\u00e1bado - VerdadeOn\",\"isPartOf\":{\"@id\":\"https:\/\/verdadeon.com.br\/portal\/#website\"},\"primaryImageOfPage\":{\"@id\":\"https:\/\/verdadeon.com.br\/portal\/2021\/10\/26\/arrastao-da-limpeza-passa-por-12-bairros-na-zona-sul-no-sabado\/#primaryimage\"},\"image\":{\"@id\":\"https:\/\/verdadeon.com.br\/portal\/2021\/10\/26\/arrastao-da-limpeza-passa-por-12-bairros-na-zona-sul-no-sabado\/#primaryimage\"},\"thumbnailUrl\":\"https:\/\/i0.wp.com\/verdadeon.com.br\/portal\/wp-content\/uploads\/2021\/08\/Arrastao-da-Limpeza-1.jpeg?fit=1000%2C670&ssl=1\",\"datePublished\":\"2021-10-26T21:01:20+00:00\",\"dateModified\":\"2021-10-26T21:06:43+00:00\",\"author\":{\"@id\":\"https:\/\/verdadeon.com.br\/portal\/#\/schema\/person\/a5060ad1e9ea3df545188fc93ce43d2f\"},\"breadcrumb\":{\"@id\":\"https:\/\/verdadeon.com.br\/portal\/2021\/10\/26\/arrastao-da-limpeza-passa-por-12-bairros-na-zona-sul-no-sabado\/#breadcrumb\"},\"inLanguage\":\"pt-BR\",\"potentialAction\":[{\"@type\":\"ReadAction\",\"target\":[\"https:\/\/verdadeon.com.br\/portal\/2021\/10\/26\/arrastao-da-limpeza-passa-por-12-bairros-na-zona-sul-no-sabado\/\"]}]},{\"@type\":\"ImageObject\",\"inLanguage\":\"pt-BR\",\"@id\":\"https:\/\/verdadeon.com.br\/portal\/2021\/10\/26\/arrastao-da-limpeza-passa-por-12-bairros-na-zona-sul-no-sabado\/#primaryimage\",\"url\":\"https:\/\/i0.wp.com\/verdadeon.com.br\/portal\/wp-content\/uploads\/2021\/08\/Arrastao-da-Limpeza-1.jpeg?fit=1000%2C670&ssl=1\",\"contentUrl\":\"https:\/\/i0.wp.com\/verdadeon.com.br\/portal\/wp-content\/uploads\/2021\/08\/Arrastao-da-Limpeza-1.jpeg?fit=1000%2C670&ssl=1\",\"width\":1000,\"height\":670,\"caption\":\"O Arrast\u00e3o da Limpeza recolhe m\u00f3veis velhos, pneus e outros objetos sem uso para evitar descarte inadequado em vias p\u00fablicas e outras \u00e1reas proibidas | Foto: Divulga\u00e7\u00e3o\"},{\"@type\":\"BreadcrumbList\",\"@id\":\"https:\/\/verdadeon.com.br\/portal\/2021\/10\/26\/arrastao-da-limpeza-passa-por-12-bairros-na-zona-sul-no-sabado\/#breadcrumb\",\"itemListElement\":[{\"@type\":\"ListItem\",\"position\":1,\"name\":\"In\u00edcio\",\"item\":\"https:\/\/verdadeon.com.br\/portal\/\"},{\"@type\":\"ListItem\",\"position\":2,\"name\":\"Arrast\u00e3o da Limpeza passa por 12 bairros na Zona Sul no s\u00e1bado\"}]},{\"@type\":\"WebSite\",\"@id\":\"https:\/\/verdadeon.com.br\/portal\/#website\",\"url\":\"https:\/\/verdadeon.com.br\/portal\/\",\"name\":\"VerdadeOn\",\"description\":\"Not\u00edcias di\u00e1rias sobre Franca, Regi\u00e3o, Esporte, Cultura, Cotidiano, Colunas. Cobertura nos principais eventos da cidade \u00e9 aqui - Verdadeon Franca\",\"potentialAction\":[{\"@type\":\"SearchAction\",\"target\":{\"@type\":\"EntryPoint\",\"urlTemplate\":\"https:\/\/verdadeon.com.br\/portal\/?s={search_term_string}\"},\"query-input\":{\"@type\":\"PropertyValueSpecification\",\"valueRequired\":true,\"valueName\":\"search_term_string\"}}],\"inLanguage\":\"pt-BR\"},{\"@type\":\"Person\",\"@id\":\"https:\/\/verdadeon.com.br\/portal\/#\/schema\/person\/a5060ad1e9ea3df545188fc93ce43d2f\",\"name\":\"Redacao VerdadeOn\",\"image\":{\"@type\":\"ImageObject\",\"inLanguage\":\"pt-BR\",\"@id\":\"https:\/\/verdadeon.com.br\/portal\/#\/schema\/person\/image\/\",\"url\":\"https:\/\/secure.gravatar.com\/avatar\/459a9613caaaf07f582c3d0841eea68bdd66f533e465e6ba8b9cb45619572cf4?s=96&d=mm&r=g\",\"contentUrl\":\"https:\/\/secure.gravatar.com\/avatar\/459a9613caaaf07f582c3d0841eea68bdd66f533e465e6ba8b9cb45619572cf4?s=96&d=mm&r=g\",\"caption\":\"Redacao VerdadeOn\"},\"url\":\"https:\/\/verdadeon.com.br\/portal\/author\/redacao\/\"}]}<\/script>\n<!-- \/ Yoast SEO plugin. -->","yoast_head_json":{"title":"Arrast\u00e3o da Limpeza passa por 12 bairros na Zona Sul no s\u00e1bado - VerdadeOn","robots":{"index":"index","follow":"follow","max-snippet":"max-snippet:-1","max-image-preview":"max-image-preview:large","max-video-preview":"max-video-preview:-1"},"canonical":"https:\/\/verdadeon.com.br\/portal\/2021\/10\/26\/arrastao-da-limpeza-passa-por-12-bairros-na-zona-sul-no-sabado\/","og_locale":"pt_BR","og_type":"article","og_title":"Arrast\u00e3o da Limpeza passa por 12 bairros na Zona Sul no s\u00e1bado - VerdadeOn","og_description":"Equipes da Prefeitura v\u00e3o percorrer bairros entre a Morada do Verde e Prolongamento do Santa B\u00e1rbara a partir das 7h30 A Prefeitura de Franca estar\u00e1 com [\u2026]","og_url":"https:\/\/verdadeon.com.br\/portal\/2021\/10\/26\/arrastao-da-limpeza-passa-por-12-bairros-na-zona-sul-no-sabado\/","og_site_name":"VerdadeOn","article_published_time":"2021-10-26T21:01:20+00:00","article_modified_time":"2021-10-26T21:06:43+00:00","og_image":[{"width":1000,"height":670,"url":"https:\/\/verdadeon.com.br\/portal\/wp-content\/uploads\/2021\/08\/Arrastao-da-Limpeza-1.jpeg","type":"image\/jpeg"}],"author":"Redacao VerdadeOn","twitter_card":"summary_large_image","twitter_misc":{"Escrito por":"Redacao VerdadeOn","Est. tempo de leitura":"2 minutos"},"schema":{"@context":"https:\/\/schema.org","@graph":[{"@type":"WebPage","@id":"https:\/\/verdadeon.com.br\/portal\/2021\/10\/26\/arrastao-da-limpeza-passa-por-12-bairros-na-zona-sul-no-sabado\/","url":"https:\/\/verdadeon.com.br\/portal\/2021\/10\/26\/arrastao-da-limpeza-passa-por-12-bairros-na-zona-sul-no-sabado\/","name":"Arrast\u00e3o da Limpeza passa por 12 bairros na Zona Sul no s\u00e1bado - VerdadeOn","isPartOf":{"@id":"https:\/\/verdadeon.com.br\/portal\/#website"},"primaryImageOfPage":{"@id":"https:\/\/verdadeon.com.br\/portal\/2021\/10\/26\/arrastao-da-limpeza-passa-por-12-bairros-na-zona-sul-no-sabado\/#primaryimage"},"image":{"@id":"https:\/\/verdadeon.com.br\/portal\/2021\/10\/26\/arrastao-da-limpeza-passa-por-12-bairros-na-zona-sul-no-sabado\/#primaryimage"},"thumbnailUrl":"https:\/\/i0.wp.com\/verdadeon.com.br\/portal\/wp-content\/uploads\/2021\/08\/Arrastao-da-Limpeza-1.jpeg?fit=1000%2C670&ssl=1","datePublished":"2021-10-26T21:01:20+00:00","dateModified":"2021-10-26T21:06:43+00:00","author":{"@id":"https:\/\/verdadeon.com.br\/portal\/#\/schema\/person\/a5060ad1e9ea3df545188fc93ce43d2f"},"breadcrumb":{"@id":"https:\/\/verdadeon.com.br\/portal\/2021\/10\/26\/arrastao-da-limpeza-passa-por-12-bairros-na-zona-sul-no-sabado\/#breadcrumb"},"inLanguage":"pt-BR","potentialAction":[{"@type":"ReadAction","target":["https:\/\/verdadeon.com.br\/portal\/2021\/10\/26\/arrastao-da-limpeza-passa-por-12-bairros-na-zona-sul-no-sabado\/"]}]},{"@type":"ImageObject","inLanguage":"pt-BR","@id":"https:\/\/verdadeon.com.br\/portal\/2021\/10\/26\/arrastao-da-limpeza-passa-por-12-bairros-na-zona-sul-no-sabado\/#primaryimage","url":"https:\/\/i0.wp.com\/verdadeon.com.br\/portal\/wp-content\/uploads\/2021\/08\/Arrastao-da-Limpeza-1.jpeg?fit=1000%2C670&ssl=1","contentUrl":"https:\/\/i0.wp.com\/verdadeon.com.br\/portal\/wp-content\/uploads\/2021\/08\/Arrastao-da-Limpeza-1.jpeg?fit=1000%2C670&ssl=1","width":1000,"height":670,"caption":"O Arrast\u00e3o da Limpeza recolhe m\u00f3veis velhos, pneus e outros objetos sem uso para evitar descarte inadequado em vias p\u00fablicas e outras \u00e1reas proibidas | Foto: Divulga\u00e7\u00e3o"},{"@type":"BreadcrumbList","@id":"https:\/\/verdadeon.com.br\/portal\/2021\/10\/26\/arrastao-da-limpeza-passa-por-12-bairros-na-zona-sul-no-sabado\/#breadcrumb","itemListElement":[{"@type":"ListItem","position":1,"name":"In\u00edcio","item":"https:\/\/verdadeon.com.br\/portal\/"},{"@type":"ListItem","position":2,"name":"Arrast\u00e3o da Limpeza passa por 12 bairros na Zona Sul no s\u00e1bado"}]},{"@type":"WebSite","@id":"https:\/\/verdadeon.com.br\/portal\/#website","url":"https:\/\/verdadeon.com.br\/portal\/","name":"VerdadeOn","description":"Not\u00edcias di\u00e1rias sobre Franca, Regi\u00e3o, Esporte, Cultura, Cotidiano, Colunas. Cobertura nos principais eventos da cidade \u00e9 aqui - Verdadeon Franca","potentialAction":[{"@type":"SearchAction","target":{"@type":"EntryPoint","urlTemplate":"https:\/\/verdadeon.com.br\/portal\/?s={search_term_string}"},"query-input":{"@type":"PropertyValueSpecification","valueRequired":true,"valueName":"search_term_string"}}],"inLanguage":"pt-BR"},{"@type":"Person","@id":"https:\/\/verdadeon.com.br\/portal\/#\/schema\/person\/a5060ad1e9ea3df545188fc93ce43d2f","name":"Redacao VerdadeOn","image":{"@type":"ImageObject","inLanguage":"pt-BR","@id":"https:\/\/verdadeon.com.br\/portal\/#\/schema\/person\/image\/","url":"https:\/\/secure.gravatar.com\/avatar\/459a9613caaaf07f582c3d0841eea68bdd66f533e465e6ba8b9cb45619572cf4?s=96&d=mm&r=g","contentUrl":"https:\/\/secure.gravatar.com\/avatar\/459a9613caaaf07f582c3d0841eea68bdd66f533e465e6ba8b9cb45619572cf4?s=96&d=mm&r=g","caption":"Redacao VerdadeOn"},"url":"https:\/\/verdadeon.com.br\/portal\/author\/redacao\/"}]}},"jetpack_publicize_connections":[],"jetpack_featured_media_url":"https:\/\/i0.wp.com\/verdadeon.com.br\/portal\/wp-content\/uploads\/2021\/08\/Arrastao-da-Limpeza-1.jpeg?fit=1000%2C670&ssl=1","jetpack_sharing_enabled":true,"_links":{"self":[{"href":"https:\/\/verdadeon.com.br\/portal\/wp-json\/wp\/v2\/posts\/20581","targetHints":{"allow":["GET"]}}],"collection":[{"href":"https:\/\/verdadeon.com.br\/portal\/wp-json\/wp\/v2\/posts"}],"about":[{"href":"https:\/\/verdadeon.com.br\/portal\/wp-json\/wp\/v2\/types\/post"}],"author":[{"embeddable":true,"href":"https:\/\/verdadeon.com.br\/portal\/wp-json\/wp\/v2\/users\/10"}],"replies":[{"embeddable":true,"href":"https:\/\/verdadeon.com.br\/portal\/wp-json\/wp\/v2\/comments?post=20581"}],"version-history":[{"count":0,"href":"https:\/\/verdadeon.com.br\/portal\/wp-json\/wp\/v2\/posts\/20581\/revisions"}],"wp:featuredmedia":[{"embeddable":true,"href":"https:\/\/verdadeon.com.br\/portal\/wp-json\/wp\/v2\/media\/19022"}],"wp:attachment":[{"href":"https:\/\/verdadeon.com.br\/portal\/wp-json\/wp\/v2\/media?parent=20581"}],"wp:term":[{"taxonomy":"category","embeddable":true,"href":"https:\/\/verdadeon.com.br\/portal\/wp-json\/wp\/v2\/categories?post=20581"},{"taxonomy":"post_tag","embeddable":true,"href":"https:\/\/verdadeon.com.br\/portal\/wp-json\/wp\/v2\/tags?post=20581"}],"curies":[{"name":"wp","href":"https:\/\/api.w.org\/{rel}","templated":true}]}}