{"id":20545,"date":"2021-10-25T15:50:48","date_gmt":"2021-10-25T18:50:48","guid":{"rendered":"https:\/\/verdadeon.com.br\/portal\/?p=20545"},"modified":"2021-10-25T15:50:48","modified_gmt":"2021-10-25T18:50:48","slug":"tj-determina-volta-de-julimar-a-presidencia-da-camara-de-restinga","status":"publish","type":"post","link":"https:\/\/verdadeon.com.br\/portal\/2021\/10\/25\/tj-determina-volta-de-julimar-a-presidencia-da-camara-de-restinga\/","title":{"rendered":"TJ determina volta de Julimar \u00e0 presid\u00eancia da C\u00e2mara de Restinga"},"content":{"rendered":"<p>Reviravolta no Poder Legislativo de Restinga. Em sess\u00e3o realizada nesta segunda-feira, 25, o Tribunal de Justi\u00e7a decidiu por unanimidade que o vereador Julimar da Silva Rodrigues ter\u00e1 que ser reconduzido imediatamente \u00e0 presid\u00eancia da C\u00e2mara Municipal. A Justi\u00e7a entendeu que sua destitui\u00e7\u00e3o ocorreu de maneira irregular.<br \/>\nNo dia 3 de agosto, primeira sess\u00e3o ap\u00f3s o recesso e sem que houvesse qualquer decis\u00e3o a respeito, os vereadores n\u00e3o me deixaram Julimar presidir a sess\u00e3o.<br \/>\nBaseados em uma interpreta\u00e7\u00e3o particular do Regimento Interno, alegaram que uma nova elei\u00e7\u00e3o teria que ser realizada por conta da ren\u00fancia parcial dos integrantes da Mesa Diretora. Acusaram o presidente de irregularidades na administra\u00e7\u00e3o.<br \/>\nNo dia 18, em sess\u00e3o improvisada e realizada em uma sala fora do plen\u00e1rio, a C\u00e2mara elegeu nova Mesa Diretora. D\u00eanis Pimenta (PSDB) foi escolhido o presidente.<br \/>\nJulimar afirma que foi retirado \u00e0 for\u00e7a da presid\u00eancia por persegui\u00e7\u00e3o pol\u00edtica. \u201cEu apresentei um projeto de lei proibindo a indica\u00e7\u00e3o de parentes para cargos comissionados em Restinga, pr\u00e1tica conhecida por nepotismo. Logo em seguida, passei a ser v\u00edtima de den\u00fancias\u201d.<br \/>\nO vereador ingressou com pedido de liminar na Justi\u00e7a para retornar ao cargo de presidente, mas n\u00e3o obteve \u00eaxito na primeira inst\u00e2ncia. Sua defesa recorreu ao TJ. Hoje, os desembargadores analisaram o m\u00e9rito do processo e decidiram, por tr\u00eas votos a zero, que ele deve reassumir o cargo.<br \/>\nDe acordo com os desembargadores, como Julimar n\u00e3o renunciou \u00e0 presid\u00eancia, n\u00e3o se pode falar em ren\u00fancia coletiva, como alegado pelos vereadores. \u201cO Tribunal de Justi\u00e7a entendeu que houve ilegalidade e arbitrariedade no afastamento do Julimar. Na decis\u00e3o, o TJ entende que foram violados os artigos do Regimento Interno da C\u00e2mara. A decis\u00e3o da Justi\u00e7a restabeleceu a ordem jur\u00eddica e democr\u00e1tica. Os atos praticados pela C\u00e2mara a partir de agosto podem ser questionados, pois o afastamento do Julimar ocorreu de maneira irregular\u201d, afirmou o advogado \u00c2ngelo Tessini.<br \/>\nPresidente novamente, Julimar comemorou a decis\u00e3o do Tribunal de Justi\u00e7a. \u201cFiquei muito feliz com a decis\u00e3o. Sempre acreditei na Justi\u00e7a. N\u00f3s n\u00e3o vivemos em uma ditadura. A lei tamb\u00e9m vale para Restinga\u201d.<\/p>\n","protected":false},"excerpt":{"rendered":"<p>Reviravolta no Poder Legislativo de Restinga. Em sess\u00e3o realizada nesta segunda-feira, 25, o Tribunal de Justi\u00e7a decidiu por unanimidade que o vereador Julimar da Silva Rodrigues<span class=\"excerpt-hellip\"> [\u2026]<\/span><\/p>\n","protected":false},"author":4,"featured_media":20546,"comment_status":"open","ping_status":"open","sticky":false,"template":"","format":"standard","meta":{"_jetpack_memberships_contains_paid_content":false,"footnotes":"","jetpack_publicize_message":"","jetpack_publicize_feature_enabled":true,"jetpack_social_post_already_shared":false,"jetpack_social_options":{"image_generator_settings":{"template":"highway","default_image_id":0,"enabled":false},"version":2}},"categories":[28,44],"tags":[],"class_list":["post-20545","post","type-post","status-publish","format-standard","has-post-thumbnail","hentry","category-cotidiano","category-noticias"],"yoast_head":"<!-- This site is optimized with the Yoast SEO plugin v25.6 - https:\/\/yoast.com\/wordpress\/plugins\/seo\/ -->\n<title>TJ determina volta de Julimar \u00e0 presid\u00eancia da C\u00e2mara de Restinga - VerdadeOn<\/title>\n<meta name=\"robots\" content=\"index, follow, max-snippet:-1, max-image-preview:large, max-video-preview:-1\" \/>\n<link rel=\"canonical\" href=\"https:\/\/verdadeon.com.br\/portal\/2021\/10\/25\/tj-determina-volta-de-julimar-a-presidencia-da-camara-de-restinga\/\" \/>\n<meta property=\"og:locale\" content=\"pt_BR\" \/>\n<meta property=\"og:type\" content=\"article\" \/>\n<meta property=\"og:title\" content=\"TJ determina volta de Julimar \u00e0 presid\u00eancia da C\u00e2mara de Restinga - VerdadeOn\" \/>\n<meta property=\"og:description\" content=\"Reviravolta no Poder Legislativo de Restinga. Em sess\u00e3o realizada nesta segunda-feira, 25, o Tribunal de Justi\u00e7a decidiu por unanimidade que o vereador Julimar da Silva Rodrigues [\u2026]\" \/>\n<meta property=\"og:url\" content=\"https:\/\/verdadeon.com.br\/portal\/2021\/10\/25\/tj-determina-volta-de-julimar-a-presidencia-da-camara-de-restinga\/\" \/>\n<meta property=\"og:site_name\" content=\"VerdadeOn\" \/>\n<meta property=\"article:published_time\" content=\"2021-10-25T18:50:48+00:00\" \/>\n<meta property=\"og:image\" content=\"https:\/\/verdadeon.com.br\/portal\/wp-content\/uploads\/2021\/10\/WhatsApp-Image-2021-10-25-at-15.35.48.jpeg\" \/>\n\t<meta property=\"og:image:width\" content=\"1000\" \/>\n\t<meta property=\"og:image:height\" content=\"670\" \/>\n\t<meta property=\"og:image:type\" content=\"image\/jpeg\" \/>\n<meta name=\"author\" content=\"Fernando Calixto\" \/>\n<meta name=\"twitter:card\" content=\"summary_large_image\" \/>\n<meta name=\"twitter:label1\" content=\"Escrito por\" \/>\n\t<meta name=\"twitter:data1\" content=\"Fernando Calixto\" \/>\n\t<meta name=\"twitter:label2\" content=\"Est. tempo de leitura\" \/>\n\t<meta name=\"twitter:data2\" content=\"2 minutos\" \/>\n<script type=\"application\/ld+json\" class=\"yoast-schema-graph\">{\"@context\":\"https:\/\/schema.org\",\"@graph\":[{\"@type\":\"WebPage\",\"@id\":\"https:\/\/verdadeon.com.br\/portal\/2021\/10\/25\/tj-determina-volta-de-julimar-a-presidencia-da-camara-de-restinga\/\",\"url\":\"https:\/\/verdadeon.com.br\/portal\/2021\/10\/25\/tj-determina-volta-de-julimar-a-presidencia-da-camara-de-restinga\/\",\"name\":\"TJ determina volta de Julimar \u00e0 presid\u00eancia da C\u00e2mara de Restinga - VerdadeOn\",\"isPartOf\":{\"@id\":\"https:\/\/verdadeon.com.br\/portal\/#website\"},\"primaryImageOfPage\":{\"@id\":\"https:\/\/verdadeon.com.br\/portal\/2021\/10\/25\/tj-determina-volta-de-julimar-a-presidencia-da-camara-de-restinga\/#primaryimage\"},\"image\":{\"@id\":\"https:\/\/verdadeon.com.br\/portal\/2021\/10\/25\/tj-determina-volta-de-julimar-a-presidencia-da-camara-de-restinga\/#primaryimage\"},\"thumbnailUrl\":\"https:\/\/i0.wp.com\/verdadeon.com.br\/portal\/wp-content\/uploads\/2021\/10\/WhatsApp-Image-2021-10-25-at-15.35.48.jpeg?fit=1000%2C670&ssl=1\",\"datePublished\":\"2021-10-25T18:50:48+00:00\",\"author\":{\"@id\":\"https:\/\/verdadeon.com.br\/portal\/#\/schema\/person\/8994718f49ee62ba5610471e29ca1f62\"},\"breadcrumb\":{\"@id\":\"https:\/\/verdadeon.com.br\/portal\/2021\/10\/25\/tj-determina-volta-de-julimar-a-presidencia-da-camara-de-restinga\/#breadcrumb\"},\"inLanguage\":\"pt-BR\",\"potentialAction\":[{\"@type\":\"ReadAction\",\"target\":[\"https:\/\/verdadeon.com.br\/portal\/2021\/10\/25\/tj-determina-volta-de-julimar-a-presidencia-da-camara-de-restinga\/\"]}]},{\"@type\":\"ImageObject\",\"inLanguage\":\"pt-BR\",\"@id\":\"https:\/\/verdadeon.com.br\/portal\/2021\/10\/25\/tj-determina-volta-de-julimar-a-presidencia-da-camara-de-restinga\/#primaryimage\",\"url\":\"https:\/\/i0.wp.com\/verdadeon.com.br\/portal\/wp-content\/uploads\/2021\/10\/WhatsApp-Image-2021-10-25-at-15.35.48.jpeg?fit=1000%2C670&ssl=1\",\"contentUrl\":\"https:\/\/i0.wp.com\/verdadeon.com.br\/portal\/wp-content\/uploads\/2021\/10\/WhatsApp-Image-2021-10-25-at-15.35.48.jpeg?fit=1000%2C670&ssl=1\",\"width\":1000,\"height\":670,\"caption\":\"Vereador Julimar da Silva teve o pedido atendido pelo TJ e retomou \u00e0 presid\u00eancia da C\u00e2mara de Restinga | Foto: Divulga\u00e7\u00e3o\"},{\"@type\":\"BreadcrumbList\",\"@id\":\"https:\/\/verdadeon.com.br\/portal\/2021\/10\/25\/tj-determina-volta-de-julimar-a-presidencia-da-camara-de-restinga\/#breadcrumb\",\"itemListElement\":[{\"@type\":\"ListItem\",\"position\":1,\"name\":\"In\u00edcio\",\"item\":\"https:\/\/verdadeon.com.br\/portal\/\"},{\"@type\":\"ListItem\",\"position\":2,\"name\":\"TJ determina volta de Julimar \u00e0 presid\u00eancia da C\u00e2mara de Restinga\"}]},{\"@type\":\"WebSite\",\"@id\":\"https:\/\/verdadeon.com.br\/portal\/#website\",\"url\":\"https:\/\/verdadeon.com.br\/portal\/\",\"name\":\"VerdadeOn\",\"description\":\"Not\u00edcias di\u00e1rias sobre Franca, Regi\u00e3o, Esporte, Cultura, Cotidiano, Colunas. Cobertura nos principais eventos da cidade \u00e9 aqui - Verdadeon Franca\",\"potentialAction\":[{\"@type\":\"SearchAction\",\"target\":{\"@type\":\"EntryPoint\",\"urlTemplate\":\"https:\/\/verdadeon.com.br\/portal\/?s={search_term_string}\"},\"query-input\":{\"@type\":\"PropertyValueSpecification\",\"valueRequired\":true,\"valueName\":\"search_term_string\"}}],\"inLanguage\":\"pt-BR\"},{\"@type\":\"Person\",\"@id\":\"https:\/\/verdadeon.com.br\/portal\/#\/schema\/person\/8994718f49ee62ba5610471e29ca1f62\",\"name\":\"Fernando Calixto\",\"image\":{\"@type\":\"ImageObject\",\"inLanguage\":\"pt-BR\",\"@id\":\"https:\/\/verdadeon.com.br\/portal\/#\/schema\/person\/image\/\",\"url\":\"https:\/\/secure.gravatar.com\/avatar\/7578910c24966c0316c340f9dbd601e93ee9f9212e1033968b367af9306bd9fb?s=96&d=mm&r=g\",\"contentUrl\":\"https:\/\/secure.gravatar.com\/avatar\/7578910c24966c0316c340f9dbd601e93ee9f9212e1033968b367af9306bd9fb?s=96&d=mm&r=g\",\"caption\":\"Fernando Calixto\"},\"url\":\"https:\/\/verdadeon.com.br\/portal\/author\/fernando-calixto\/\"}]}<\/script>\n<!-- \/ Yoast SEO plugin. -->","yoast_head_json":{"title":"TJ determina volta de Julimar \u00e0 presid\u00eancia da C\u00e2mara de Restinga - VerdadeOn","robots":{"index":"index","follow":"follow","max-snippet":"max-snippet:-1","max-image-preview":"max-image-preview:large","max-video-preview":"max-video-preview:-1"},"canonical":"https:\/\/verdadeon.com.br\/portal\/2021\/10\/25\/tj-determina-volta-de-julimar-a-presidencia-da-camara-de-restinga\/","og_locale":"pt_BR","og_type":"article","og_title":"TJ determina volta de Julimar \u00e0 presid\u00eancia da C\u00e2mara de Restinga - VerdadeOn","og_description":"Reviravolta no Poder Legislativo de Restinga. Em sess\u00e3o realizada nesta segunda-feira, 25, o Tribunal de Justi\u00e7a decidiu por unanimidade que o vereador Julimar da Silva Rodrigues [\u2026]","og_url":"https:\/\/verdadeon.com.br\/portal\/2021\/10\/25\/tj-determina-volta-de-julimar-a-presidencia-da-camara-de-restinga\/","og_site_name":"VerdadeOn","article_published_time":"2021-10-25T18:50:48+00:00","og_image":[{"width":1000,"height":670,"url":"https:\/\/verdadeon.com.br\/portal\/wp-content\/uploads\/2021\/10\/WhatsApp-Image-2021-10-25-at-15.35.48.jpeg","type":"image\/jpeg"}],"author":"Fernando Calixto","twitter_card":"summary_large_image","twitter_misc":{"Escrito por":"Fernando Calixto","Est. tempo de leitura":"2 minutos"},"schema":{"@context":"https:\/\/schema.org","@graph":[{"@type":"WebPage","@id":"https:\/\/verdadeon.com.br\/portal\/2021\/10\/25\/tj-determina-volta-de-julimar-a-presidencia-da-camara-de-restinga\/","url":"https:\/\/verdadeon.com.br\/portal\/2021\/10\/25\/tj-determina-volta-de-julimar-a-presidencia-da-camara-de-restinga\/","name":"TJ determina volta de Julimar \u00e0 presid\u00eancia da C\u00e2mara de Restinga - VerdadeOn","isPartOf":{"@id":"https:\/\/verdadeon.com.br\/portal\/#website"},"primaryImageOfPage":{"@id":"https:\/\/verdadeon.com.br\/portal\/2021\/10\/25\/tj-determina-volta-de-julimar-a-presidencia-da-camara-de-restinga\/#primaryimage"},"image":{"@id":"https:\/\/verdadeon.com.br\/portal\/2021\/10\/25\/tj-determina-volta-de-julimar-a-presidencia-da-camara-de-restinga\/#primaryimage"},"thumbnailUrl":"https:\/\/i0.wp.com\/verdadeon.com.br\/portal\/wp-content\/uploads\/2021\/10\/WhatsApp-Image-2021-10-25-at-15.35.48.jpeg?fit=1000%2C670&ssl=1","datePublished":"2021-10-25T18:50:48+00:00","author":{"@id":"https:\/\/verdadeon.com.br\/portal\/#\/schema\/person\/8994718f49ee62ba5610471e29ca1f62"},"breadcrumb":{"@id":"https:\/\/verdadeon.com.br\/portal\/2021\/10\/25\/tj-determina-volta-de-julimar-a-presidencia-da-camara-de-restinga\/#breadcrumb"},"inLanguage":"pt-BR","potentialAction":[{"@type":"ReadAction","target":["https:\/\/verdadeon.com.br\/portal\/2021\/10\/25\/tj-determina-volta-de-julimar-a-presidencia-da-camara-de-restinga\/"]}]},{"@type":"ImageObject","inLanguage":"pt-BR","@id":"https:\/\/verdadeon.com.br\/portal\/2021\/10\/25\/tj-determina-volta-de-julimar-a-presidencia-da-camara-de-restinga\/#primaryimage","url":"https:\/\/i0.wp.com\/verdadeon.com.br\/portal\/wp-content\/uploads\/2021\/10\/WhatsApp-Image-2021-10-25-at-15.35.48.jpeg?fit=1000%2C670&ssl=1","contentUrl":"https:\/\/i0.wp.com\/verdadeon.com.br\/portal\/wp-content\/uploads\/2021\/10\/WhatsApp-Image-2021-10-25-at-15.35.48.jpeg?fit=1000%2C670&ssl=1","width":1000,"height":670,"caption":"Vereador Julimar da Silva teve o pedido atendido pelo TJ e retomou \u00e0 presid\u00eancia da C\u00e2mara de Restinga | Foto: Divulga\u00e7\u00e3o"},{"@type":"BreadcrumbList","@id":"https:\/\/verdadeon.com.br\/portal\/2021\/10\/25\/tj-determina-volta-de-julimar-a-presidencia-da-camara-de-restinga\/#breadcrumb","itemListElement":[{"@type":"ListItem","position":1,"name":"In\u00edcio","item":"https:\/\/verdadeon.com.br\/portal\/"},{"@type":"ListItem","position":2,"name":"TJ determina volta de Julimar \u00e0 presid\u00eancia da C\u00e2mara de Restinga"}]},{"@type":"WebSite","@id":"https:\/\/verdadeon.com.br\/portal\/#website","url":"https:\/\/verdadeon.com.br\/portal\/","name":"VerdadeOn","description":"Not\u00edcias di\u00e1rias sobre Franca, Regi\u00e3o, Esporte, Cultura, Cotidiano, Colunas. Cobertura nos principais eventos da cidade \u00e9 aqui - Verdadeon Franca","potentialAction":[{"@type":"SearchAction","target":{"@type":"EntryPoint","urlTemplate":"https:\/\/verdadeon.com.br\/portal\/?s={search_term_string}"},"query-input":{"@type":"PropertyValueSpecification","valueRequired":true,"valueName":"search_term_string"}}],"inLanguage":"pt-BR"},{"@type":"Person","@id":"https:\/\/verdadeon.com.br\/portal\/#\/schema\/person\/8994718f49ee62ba5610471e29ca1f62","name":"Fernando Calixto","image":{"@type":"ImageObject","inLanguage":"pt-BR","@id":"https:\/\/verdadeon.com.br\/portal\/#\/schema\/person\/image\/","url":"https:\/\/secure.gravatar.com\/avatar\/7578910c24966c0316c340f9dbd601e93ee9f9212e1033968b367af9306bd9fb?s=96&d=mm&r=g","contentUrl":"https:\/\/secure.gravatar.com\/avatar\/7578910c24966c0316c340f9dbd601e93ee9f9212e1033968b367af9306bd9fb?s=96&d=mm&r=g","caption":"Fernando Calixto"},"url":"https:\/\/verdadeon.com.br\/portal\/author\/fernando-calixto\/"}]}},"jetpack_publicize_connections":[],"jetpack_featured_media_url":"https:\/\/i0.wp.com\/verdadeon.com.br\/portal\/wp-content\/uploads\/2021\/10\/WhatsApp-Image-2021-10-25-at-15.35.48.jpeg?fit=1000%2C670&ssl=1","jetpack_sharing_enabled":true,"_links":{"self":[{"href":"https:\/\/verdadeon.com.br\/portal\/wp-json\/wp\/v2\/posts\/20545","targetHints":{"allow":["GET"]}}],"collection":[{"href":"https:\/\/verdadeon.com.br\/portal\/wp-json\/wp\/v2\/posts"}],"about":[{"href":"https:\/\/verdadeon.com.br\/portal\/wp-json\/wp\/v2\/types\/post"}],"author":[{"embeddable":true,"href":"https:\/\/verdadeon.com.br\/portal\/wp-json\/wp\/v2\/users\/4"}],"replies":[{"embeddable":true,"href":"https:\/\/verdadeon.com.br\/portal\/wp-json\/wp\/v2\/comments?post=20545"}],"version-history":[{"count":0,"href":"https:\/\/verdadeon.com.br\/portal\/wp-json\/wp\/v2\/posts\/20545\/revisions"}],"wp:featuredmedia":[{"embeddable":true,"href":"https:\/\/verdadeon.com.br\/portal\/wp-json\/wp\/v2\/media\/20546"}],"wp:attachment":[{"href":"https:\/\/verdadeon.com.br\/portal\/wp-json\/wp\/v2\/media?parent=20545"}],"wp:term":[{"taxonomy":"category","embeddable":true,"href":"https:\/\/verdadeon.com.br\/portal\/wp-json\/wp\/v2\/categories?post=20545"},{"taxonomy":"post_tag","embeddable":true,"href":"https:\/\/verdadeon.com.br\/portal\/wp-json\/wp\/v2\/tags?post=20545"}],"curies":[{"name":"wp","href":"https:\/\/api.w.org\/{rel}","templated":true}]}}