{"id":20536,"date":"2021-10-23T14:27:20","date_gmt":"2021-10-23T17:27:20","guid":{"rendered":"https:\/\/verdadeon.com.br\/portal\/?p=20536"},"modified":"2021-10-23T14:26:20","modified_gmt":"2021-10-23T17:26:20","slug":"educacao-abre-matriculas-para-1o-ano-nesta-segunda-feira","status":"publish","type":"post","link":"https:\/\/verdadeon.com.br\/portal\/2021\/10\/23\/educacao-abre-matriculas-para-1o-ano-nesta-segunda-feira\/","title":{"rendered":"Educa\u00e7\u00e3o abre matr\u00edculas para 1\u00ba ano nesta segunda-feira"},"content":{"rendered":"<h2>Inscri\u00e7\u00f5es devem ser feitas nas pr\u00f3prias escolas municipais, das 8h \u00e0s 17h, para crian\u00e7as que completar\u00e3o seis anos<\/h2>\n<p><span style=\"font-weight: 400;\">Os pais ou respons\u00e1veis de crian\u00e7as que ir\u00e3o completar seis anos e pretendem estudar na rede municipal de ensino devem se atentar ao calend\u00e1rio de matr\u00edculas antecipadas da Prefeitura de Franca. A partir desta segunda-feira, 25, os alunos do primeiro ano do ensino fundamental para o ano letivo de 2022 devem ser matriculados. Os cadastros poder\u00e3o ser efetuados at\u00e9 o pr\u00f3ximo dia 29 deste m\u00eas. O prazo \u00e9 v\u00e1lido para crian\u00e7as nascidas no per\u00edodo de 01\/04\/2015 a 31\/03\/2016.\u00a0<\/span><\/p>\n<p><span style=\"font-weight: 400;\">As inscri\u00e7\u00f5es devem ser feitas nas pr\u00f3prias escolas municipais, das 8h \u00e0s 17h, e \u00e9 preciso apresentar os documentos originais e c\u00f3pias da certid\u00e3o de nascimento e carteira de vacina\u00e7\u00e3o do aluno, CPF, RG e comprovante de resid\u00eancia do respons\u00e1vel.<\/span><\/p>\n<p><span style=\"font-weight: 400;\">Na \u00faltima sexta-feira, 22, foram encerradas as matr\u00edculas antecipadas para o Ensino Infantil &#8211; Fases 1 e 2. Para os respons\u00e1veis que n\u00e3o conseguiram realizar o cadastro dos alunos neste per\u00edodo as inscri\u00e7\u00f5es ser\u00e3o realizadas regularmente durante todo o ano.\u00a0<\/span><\/p>\n<p><span style=\"font-weight: 400;\">As rematr\u00edculas dos alunos que frequentar\u00e3o a Educa\u00e7\u00e3o Infantil &#8211; Fase 2 e o Ensino Fundamental &#8211; 1\u00ba ao 5\u00ba ano ocorrer\u00e3o nas escolas municipais, em tempo oportuno, neste m\u00eas e em novembro, conforme orienta\u00e7\u00f5es que ser\u00e3o divulgadas em breve.\u00a0<\/span><\/p>\n<p><span style=\"font-weight: 400;\">Em casos de transfer\u00eancia, o respons\u00e1vel poder\u00e1 concluir a solicita\u00e7\u00e3o em janeiro de 2022.<\/span><\/p>\n<h4><span style=\"font-weight: 400;\">Confira abaixo a rela\u00e7\u00e3o das escolas municipais:\u00a0<\/span><\/h4>\n<p><b>REGI\u00c3O NORTE\u00a0<\/b><\/p>\n<p><span style=\"font-weight: 400;\">Sede: EMEI Prof. Walter Costa<\/span><\/p>\n<p><span style=\"font-weight: 400;\">Rua Em\u00edlio Bruxelas, n\u00ba 3556 \u2013 Parque S\u00e3o Jorge<\/span><\/p>\n<p><span style=\"font-weight: 400;\">\u2981 EMEI Prof. Agnelo Morato J\u00fanior &#8211; Jardim Guanabara<\/span><\/p>\n<p><span style=\"font-weight: 400;\">\u2981 EMEB Prof\u00aa. Odette do Nascimento &#8211; Parque dos Pinhais<\/span><\/p>\n<p><span style=\"font-weight: 400;\">Sede: EMEI Prof. Nicanor Xavier da Cunha<\/span><\/p>\n<p><span style=\"font-weight: 400;\">Rua Ana Aguilar, n\u00ba 1601 \u2013 Nova Franca<\/span><\/p>\n<p><span style=\"font-weight: 400;\">\u2981 EMEI Prof. Sabino Loureiro &#8211; Vila Santa Terezinha\u00a0<\/span><\/p>\n<p><span style=\"font-weight: 400;\">\u00a0<\/span><span style=\"font-weight: 400;\">Sede: EMEB Prof\u00aa. Sueli Contini Marques<\/span><\/p>\n<p><span style=\"font-weight: 400;\">Rua Mamede Silva, n\u00ba 2771 \u2013 Jardim Tropical<\/span><\/p>\n<p><span style=\"font-weight: 400;\">\u2981 EMEI Prof. Jo\u00e3o Lu\u00eds Garcia \u2013 Jardim Tropical<\/span><\/p>\n<p><span style=\"font-weight: 400;\">Sede: EMEB Prof\u00aa. Val\u00e9ria Teresa Spessoto Figueiredo Penna\u00a0<\/span><\/p>\n<p><span style=\"font-weight: 400;\">Rua Erothildes Teodoro Pereira, n\u00ba 1060 \u2013 Parque Vicente Leporace III<\/span><\/p>\n<p><span style=\"font-weight: 400;\">\u2981 EMEI Prof\u00aa Haidee Marquiafave &#8211; Jardim Portinari<\/span><\/p>\n<p><span style=\"font-weight: 400;\">Sede: EMEB Prof. Florestan Fernandes<\/span><\/p>\n<p><span style=\"font-weight: 400;\">Rua Raquel Jacintho Mesquita, n\u00ba 900 \u2013 Jardim Vera Cruz<\/span><\/p>\n<p><span style=\"font-weight: 400;\">Sede: EMEB Prof\u00aa. Ol\u00edvia Corr\u00eaa Costa<\/span><\/p>\n<p><span style=\"font-weight: 400;\">Rua Ant\u00f4nio Miras Molina, n\u00ba 4700 \u2013 Jardim Paineiras<\/span><\/p>\n<p><span style=\"font-weight: 400;\">Sede: EMEB Prof\u00aa. Maria Brizabela Bruxellas Zinader<\/span><\/p>\n<p><span style=\"font-weight: 400;\">Rua Wilson David, n\u00ba 2640 \u2013 Jardim Luiza<\/span><\/p>\n<p><span style=\"font-weight: 400;\">Sede: EMEB Prof. Mitermair Alves Barbosa<\/span><\/p>\n<p><span style=\"font-weight: 400;\">\u00a0Rua Maria de F\u00e1tima C\u00e1ceres Mercuri, n\u00ba 3185 \u2013 Jardim Luiza II<\/span><\/p>\n<p><span style=\"font-weight: 400;\">\u00a0<\/span><span style=\"font-weight: 400;\">Sede: EMEB Prof. Aldo Prata<\/span><\/p>\n<p><span style=\"font-weight: 400;\">\u00a0Avenida S\u00e3o Pedro, n\u00ba 601 \u2013 City Petr\u00f3polis<\/span><\/p>\n<p><span style=\"font-weight: 400;\">\u00a0<\/span><span style=\"font-weight: 400;\">Sede: EMEB Dr. Valeriano Gomes do Nascimento CAIC<\/span><\/p>\n<p><span style=\"font-weight: 400;\">\u00a0Rua Jos\u00e9 Gianesella, n\u00ba 581 \u2013 City Petr\u00f3polis<\/span><\/p>\n<p><span style=\"font-weight: 400;\">\u00a0<\/span><span style=\"font-weight: 400;\">Sede: EMEB Prof\u00aa. Ana Rosa de Lima Barbosa<\/span><\/p>\n<p><span style=\"font-weight: 400;\">\u00a0Rua Waldomiro Gon\u00e7alves, n\u00ba 191 \u2013 Parque do Horto<\/span><\/p>\n<p><span style=\"font-weight: 400;\">\u00a0<\/span><span style=\"font-weight: 400;\">Sede: EMEB Prof\u00aa. Maria \u00c2ngela David Henrique dos Santos\u00a0<\/span><\/p>\n<p><span style=\"font-weight: 400;\">\u00a0Avenida Paulo Duarte, n\u00ba 235 \u2013 Parque Vicente Leporace I<\/span><\/p>\n<p><span style=\"font-weight: 400;\">\u2981 EMEI Prof\u00aa. Izaura Cunha Nunes \u2013 Parque Vicente Leporace II<\/span><\/p>\n<p><b>REGI\u00c3O SUL<\/b><\/p>\n<p><span style=\"font-weight: 400;\">Sede: EMEB Frei Germano de Annecy<\/span><\/p>\n<p><span style=\"font-weight: 400;\">Rua Fued Zacarias Cury \u2013 n\u00ba 1230 \u2013 Parque Progresso<\/span><\/p>\n<p><span style=\"font-weight: 400;\">\u2981 EMEI Prof\u00aa Elenita Mazzota de Oliveira &#8211; Jardim \u00c2ngela Rosa<\/span><\/p>\n<p><span style=\"font-weight: 400;\">\u00a0<\/span><span style=\"font-weight: 400;\">Sede: EMEB Prof\u00aa. Vanda Thereza de Senne Badar\u00f3<\/span><\/p>\n<p><span style=\"font-weight: 400;\">\u00a0Rua Alfonso Sanches Simon, n\u00ba 301 \u2013 Recanto Elimar II<\/span><\/p>\n<p><span style=\"font-weight: 400;\">\u00a0<\/span><span style=\"font-weight: 400;\">Sede: EMEB Prof. Paulo Freire\u00a0<\/span><\/p>\n<p><span style=\"font-weight: 400;\">\u00a0Rua Luciano Villa\u00e7a, n\u00ba 1102 \u2013 Jardim Avia\u00e7\u00e3o<\/span><\/p>\n<p><span style=\"font-weight: 400;\">\u2981 EMEI Prof. Ant\u00f4nio Reginald Bove &#8211; Jardim Alvorada<\/span><\/p>\n<p><span style=\"font-weight: 400;\">\u00a0<\/span><span style=\"font-weight: 400;\">Sede: EMEB Prof.\u00a0 H\u00e9lio Paulino Pinto\u00a0<\/span><\/p>\n<p><span style=\"font-weight: 400;\">\u00a0Rua Urias Alves Taveira, n\u00ba 6309 \u2013 Residencial Ana Dorothea<\/span><\/p>\n<p><span style=\"font-weight: 400;\">\u00a0<\/span><span style=\"font-weight: 400;\">Sede: EMEB Prof\u00aa. Maria Ant\u00f4nia Stevanato Reis<\/span><\/p>\n<p><span style=\"font-weight: 400;\">\u00a0Rua Amaury Rangel, n\u00ba 5880 \u2013 Jardim Paraty<\/span><\/p>\n<p><span style=\"font-weight: 400;\">\u00a0<\/span><span style=\"font-weight: 400;\">Sede: EMEB Prof. Ant\u00f4nio Manoel de Paula<\/span><\/p>\n<p><span style=\"font-weight: 400;\">\u00a0Avenida Gabriela Almeida de Piraj\u00e1, n\u00ba 671 \u2013 Jardim Aeroporto II<\/span><\/p>\n<p><span style=\"font-weight: 400;\">\u2981 EMEI Prof\u00aa. Maria de Lourdes Lima Pelizaro &#8211; Jardim Aeroporto II<\/span><\/p>\n<p><span style=\"font-weight: 400;\">\u00a0<\/span><span style=\"font-weight: 400;\">Sede: EMEB Prof. Fausto Alexandre de Souza Teodoro\u00a0<\/span><\/p>\n<p><span style=\"font-weight: 400;\">\u00a0Rua Carlos Maranha, n\u00ba 2021 \u2013 Jardim Santa B\u00e1rbara<\/span><\/p>\n<p><span style=\"font-weight: 400;\">\u00a0<\/span><span style=\"font-weight: 400;\">Sede: EMEB Prof. Jos\u00e9 M\u00e1rio Faleiros\u00a0<\/span><\/p>\n<p><span style=\"font-weight: 400;\">\u00a0Rua Leonardo Fernandes Martins, n\u00ba 1971 \u2013 Jardim Aeroporto III<\/span><\/p>\n<p><span style=\"font-weight: 400;\">Sede: EMEB Prof\u00aa. Christianne Dezuani Dias de Oliveira<\/span><\/p>\n<p><span style=\"font-weight: 400;\">Rua Maria de Lourdes Magrin do Val, n\u00ba 6100 \u2013 Vila Real<\/span><\/p>\n<p><b>REGI\u00c3O LESTE<\/b><\/p>\n<p><span style=\"font-weight: 400;\">Sede: EMEB Prof. Marilourdes Figueiredo Iara<\/span><\/p>\n<p><span style=\"font-weight: 400;\">Rua Hor\u00e1cio Saturi, n\u00ba 350 \u2013 Jardim Panorama<\/span><\/p>\n<p><span style=\"font-weight: 400;\">\u2981 EMEB Prof\u00aa Milton Alves Gama \u2013 Jardim Paulistano<\/span><\/p>\n<p><span style=\"font-weight: 400;\">Sede: EMEB Frei Lauro de Carvalho Borges<\/span><\/p>\n<p><span style=\"font-weight: 400;\">Rua C\u00e2ndido Carlos de Mello, n\u00ba 2860 \u2013 Jardim do \u00c9den<\/span><\/p>\n<p><span style=\"font-weight: 400;\">\u00a0<\/span><span style=\"font-weight: 400;\">Sede: EMEB Prof\u00aa. Luzinete Cortez Balieiro<\/span><\/p>\n<p><span style=\"font-weight: 400;\">Rua Eunice Carmen Gon\u00e7alves Rodrigues, n\u00ba 2555 \u2013 Jardim Palestina<\/span><\/p>\n<p><span style=\"font-weight: 400;\">\u00a0<\/span><span style=\"font-weight: 400;\">Sede: EMEB Prof. Dr. Rubens Zumstein<\/span><\/p>\n<p><span style=\"font-weight: 400;\">\u00a0Rua Paulo Vieira da Silva, n\u00ba 2321 \u2013 Jardim Piratininga<\/span><\/p>\n<p><span style=\"font-weight: 400;\">\u2981 EMEI Prof\u00aa Maria Luzia de Andrade Barcellos &#8211; Jardim Paulista<\/span><\/p>\n<p><span style=\"font-weight: 400;\">\u00a0<\/span><span style=\"font-weight: 400;\">Sede: EMEB Prof. C\u00e9sar Augusto de Oliveira\u00a0<\/span><\/p>\n<p><span style=\"font-weight: 400;\">\u00a0Avenida Major Elias Motta, n\u00ba 1830 \u2013 Jardim Brasil\u00e2ndia<\/span><\/p>\n<p><span style=\"font-weight: 400;\">\u2981 EMEI Prof\u00aa Maria Avelar Meneghetti &#8211; Jardim Bueno<\/span><\/p>\n<p><b>REGI\u00c3O OESTE<\/b><\/p>\n<p><span style=\"font-weight: 400;\">Sede: EMEB Prof. Augusto Marques\u00a0<\/span><\/p>\n<p><span style=\"font-weight: 400;\">Rua \u00c1gua Santa, n\u00ba 500 \u2013 Vila Nova<\/span><\/p>\n<p><span style=\"font-weight: 400;\">\u2981 EMEI Prof\u00aa. Maria Helena Teixeira &#8211; Jardim Francano<\/span><\/p>\n<p><span style=\"font-weight: 400;\">Sede: EMEB Anor Ravagnani<\/span><\/p>\n<p><span style=\"font-weight: 400;\">Rua Geraldino Augusto Machado, n\u00ba 181 \u2013 Parque das Esmeraldas<\/span><\/p>\n<p><span style=\"font-weight: 400;\">\u2981 EMEI Prof\u00aa. Maria Tereza B\u00e1rtoli \u2013 Vila Santa Helena<\/span><\/p>\n<p><span style=\"font-weight: 400;\">\u00a0<\/span><span style=\"font-weight: 400;\">Sede: EMEB Prof\u00aa Dorotea Paulino Ferro<\/span><\/p>\n<p><span style=\"font-weight: 400;\">Rua Joaquim Machado, 580 \u2013 Jardim Paulo Archetti<\/span><\/p>\n<p><span style=\"font-weight: 400;\">Sede: EMEB Prof. e Escritor Nelson dos Santos Damasceno<\/span><\/p>\n<p><span style=\"font-weight: 400;\">Rua C\u00e2ndido Francisco Pires, n\u00ba 4000 \u2013 Jardim Bonsucesso<\/span><\/p>\n<p><span style=\"font-weight: 400;\">Sede: EMEB Prof. Dom\u00eanico Pugliesi<\/span><\/p>\n<p><span style=\"font-weight: 400;\">Rua Santa Luzia, n\u00ba 3421 \u2013 Santa Maria<\/span><\/p>\n<p><span style=\"font-weight: 400;\">Sede: EMEB Prof\u00aa. Etelgina de F\u00e1tima Viveiros<\/span><\/p>\n<p><span style=\"font-weight: 400;\">Rua Pedro Silveira, n\u00ba 2915 \u2013 Residencial J\u00falio D\u2019Elia<\/span><\/p>\n<p><span style=\"font-weight: 400;\">\u2981 EMEB Prof\u00aa Guiomar Ferreira Silva \u2013 Jardim Martins<\/span><\/p>\n<p><span style=\"font-weight: 400;\">Sede: EMEB Prof\u00aa. Rita de C\u00e1ssia Calixto Xavier<\/span><\/p>\n<p><span style=\"font-weight: 400;\">Rua Otaides Eur\u00edpedes Eleut\u00e9rio, n\u00ba 2505 \u2013 Jardim Pulicano<\/span><\/p>\n<p><b>REGI\u00c3O CENTRO<\/b><\/p>\n<p><span style=\"font-weight: 400;\">Sede: EMEB Prof\u00aa Em\u00edlia de Paula Tarantelli<\/span><\/p>\n<p><span style=\"font-weight: 400;\">Rua Prudente de Morais, n\u00ba 450 \u2013 Cidade Nova<\/span><\/p>\n<p><span style=\"font-weight: 400;\">\u2981 EMEI Prof\u00aa Maria Pia Silva Castro &#8211; Vila Nossa Senhora das Gra\u00e7as<\/span><\/p>\n<p><span style=\"font-weight: 400;\">\u2981 EMEI Prof. Ot\u00e1vio Martins de Souza J\u00fanior &#8211; Bairro S\u00e3o Jos\u00e9<\/span><\/p>\n<p><span style=\"font-weight: 400;\">\u2981 EMEI Prof\u00aa Izanild Paludetto Silva &#8211; Cubat\u00e3o\/Centro<\/span><\/p>\n<p>&nbsp;<\/p>\n","protected":false},"excerpt":{"rendered":"<p>Inscri\u00e7\u00f5es devem ser feitas nas pr\u00f3prias escolas municipais, das 8h \u00e0s 17h, para crian\u00e7as que completar\u00e3o seis anos Os pais ou respons\u00e1veis de crian\u00e7as que ir\u00e3o<span class=\"excerpt-hellip\"> [\u2026]<\/span><\/p>\n","protected":false},"author":10,"featured_media":0,"comment_status":"open","ping_status":"open","sticky":false,"template":"","format":"standard","meta":{"_jetpack_memberships_contains_paid_content":false,"footnotes":"","jetpack_publicize_message":"","jetpack_publicize_feature_enabled":true,"jetpack_social_post_already_shared":false,"jetpack_social_options":{"image_generator_settings":{"template":"highway","default_image_id":0,"enabled":false},"version":2}},"categories":[28,44],"tags":[],"class_list":["post-20536","post","type-post","status-publish","format-standard","hentry","category-cotidiano","category-noticias"],"yoast_head":"<!-- This site is optimized with the Yoast SEO plugin v25.6 - https:\/\/yoast.com\/wordpress\/plugins\/seo\/ -->\n<title>Educa\u00e7\u00e3o abre matr\u00edculas para 1\u00ba ano nesta segunda-feira - VerdadeOn<\/title>\n<meta name=\"robots\" content=\"index, follow, max-snippet:-1, max-image-preview:large, max-video-preview:-1\" \/>\n<link rel=\"canonical\" href=\"https:\/\/verdadeon.com.br\/portal\/2021\/10\/23\/educacao-abre-matriculas-para-1o-ano-nesta-segunda-feira\/\" \/>\n<meta property=\"og:locale\" content=\"pt_BR\" \/>\n<meta property=\"og:type\" content=\"article\" \/>\n<meta property=\"og:title\" content=\"Educa\u00e7\u00e3o abre matr\u00edculas para 1\u00ba ano nesta segunda-feira - VerdadeOn\" \/>\n<meta property=\"og:description\" content=\"Inscri\u00e7\u00f5es devem ser feitas nas pr\u00f3prias escolas municipais, das 8h \u00e0s 17h, para crian\u00e7as que completar\u00e3o seis anos Os pais ou respons\u00e1veis de crian\u00e7as que ir\u00e3o [\u2026]\" \/>\n<meta property=\"og:url\" content=\"https:\/\/verdadeon.com.br\/portal\/2021\/10\/23\/educacao-abre-matriculas-para-1o-ano-nesta-segunda-feira\/\" \/>\n<meta property=\"og:site_name\" content=\"VerdadeOn\" \/>\n<meta property=\"article:published_time\" content=\"2021-10-23T17:27:20+00:00\" \/>\n<meta property=\"og:image\" content=\"https:\/\/verdadeon.com.br\/portal\/wp-content\/uploads\/2021\/10\/ALUNOS-EM-ESCOLA-MUNICIPAL-DE-FRANCA-FOTO-DIVULGACAO-scaled.jpg\" \/>\n\t<meta property=\"og:image:width\" content=\"2560\" \/>\n\t<meta property=\"og:image:height\" content=\"1696\" \/>\n\t<meta property=\"og:image:type\" content=\"image\/jpeg\" \/>\n<meta name=\"author\" content=\"Redacao VerdadeOn\" \/>\n<meta name=\"twitter:card\" content=\"summary_large_image\" \/>\n<meta name=\"twitter:label1\" content=\"Escrito por\" \/>\n\t<meta name=\"twitter:data1\" content=\"Redacao VerdadeOn\" \/>\n\t<meta name=\"twitter:label2\" content=\"Est. tempo de leitura\" \/>\n\t<meta name=\"twitter:data2\" content=\"4 minutos\" \/>\n<script type=\"application\/ld+json\" class=\"yoast-schema-graph\">{\"@context\":\"https:\/\/schema.org\",\"@graph\":[{\"@type\":\"WebPage\",\"@id\":\"https:\/\/verdadeon.com.br\/portal\/2021\/10\/23\/educacao-abre-matriculas-para-1o-ano-nesta-segunda-feira\/\",\"url\":\"https:\/\/verdadeon.com.br\/portal\/2021\/10\/23\/educacao-abre-matriculas-para-1o-ano-nesta-segunda-feira\/\",\"name\":\"Educa\u00e7\u00e3o abre matr\u00edculas para 1\u00ba ano nesta segunda-feira - VerdadeOn\",\"isPartOf\":{\"@id\":\"https:\/\/verdadeon.com.br\/portal\/#website\"},\"datePublished\":\"2021-10-23T17:27:20+00:00\",\"author\":{\"@id\":\"https:\/\/verdadeon.com.br\/portal\/#\/schema\/person\/a5060ad1e9ea3df545188fc93ce43d2f\"},\"breadcrumb\":{\"@id\":\"https:\/\/verdadeon.com.br\/portal\/2021\/10\/23\/educacao-abre-matriculas-para-1o-ano-nesta-segunda-feira\/#breadcrumb\"},\"inLanguage\":\"pt-BR\",\"potentialAction\":[{\"@type\":\"ReadAction\",\"target\":[\"https:\/\/verdadeon.com.br\/portal\/2021\/10\/23\/educacao-abre-matriculas-para-1o-ano-nesta-segunda-feira\/\"]}]},{\"@type\":\"BreadcrumbList\",\"@id\":\"https:\/\/verdadeon.com.br\/portal\/2021\/10\/23\/educacao-abre-matriculas-para-1o-ano-nesta-segunda-feira\/#breadcrumb\",\"itemListElement\":[{\"@type\":\"ListItem\",\"position\":1,\"name\":\"In\u00edcio\",\"item\":\"https:\/\/verdadeon.com.br\/portal\/\"},{\"@type\":\"ListItem\",\"position\":2,\"name\":\"Educa\u00e7\u00e3o abre matr\u00edculas para 1\u00ba ano nesta segunda-feira\"}]},{\"@type\":\"WebSite\",\"@id\":\"https:\/\/verdadeon.com.br\/portal\/#website\",\"url\":\"https:\/\/verdadeon.com.br\/portal\/\",\"name\":\"VerdadeOn\",\"description\":\"Not\u00edcias di\u00e1rias sobre Franca, Regi\u00e3o, Esporte, Cultura, Cotidiano, Colunas. Cobertura nos principais eventos da cidade \u00e9 aqui - Verdadeon Franca\",\"potentialAction\":[{\"@type\":\"SearchAction\",\"target\":{\"@type\":\"EntryPoint\",\"urlTemplate\":\"https:\/\/verdadeon.com.br\/portal\/?s={search_term_string}\"},\"query-input\":{\"@type\":\"PropertyValueSpecification\",\"valueRequired\":true,\"valueName\":\"search_term_string\"}}],\"inLanguage\":\"pt-BR\"},{\"@type\":\"Person\",\"@id\":\"https:\/\/verdadeon.com.br\/portal\/#\/schema\/person\/a5060ad1e9ea3df545188fc93ce43d2f\",\"name\":\"Redacao VerdadeOn\",\"image\":{\"@type\":\"ImageObject\",\"inLanguage\":\"pt-BR\",\"@id\":\"https:\/\/verdadeon.com.br\/portal\/#\/schema\/person\/image\/\",\"url\":\"https:\/\/secure.gravatar.com\/avatar\/459a9613caaaf07f582c3d0841eea68bdd66f533e465e6ba8b9cb45619572cf4?s=96&d=mm&r=g\",\"contentUrl\":\"https:\/\/secure.gravatar.com\/avatar\/459a9613caaaf07f582c3d0841eea68bdd66f533e465e6ba8b9cb45619572cf4?s=96&d=mm&r=g\",\"caption\":\"Redacao VerdadeOn\"},\"url\":\"https:\/\/verdadeon.com.br\/portal\/author\/redacao\/\"}]}<\/script>\n<!-- \/ Yoast SEO plugin. -->","yoast_head_json":{"title":"Educa\u00e7\u00e3o abre matr\u00edculas para 1\u00ba ano nesta segunda-feira - VerdadeOn","robots":{"index":"index","follow":"follow","max-snippet":"max-snippet:-1","max-image-preview":"max-image-preview:large","max-video-preview":"max-video-preview:-1"},"canonical":"https:\/\/verdadeon.com.br\/portal\/2021\/10\/23\/educacao-abre-matriculas-para-1o-ano-nesta-segunda-feira\/","og_locale":"pt_BR","og_type":"article","og_title":"Educa\u00e7\u00e3o abre matr\u00edculas para 1\u00ba ano nesta segunda-feira - VerdadeOn","og_description":"Inscri\u00e7\u00f5es devem ser feitas nas pr\u00f3prias escolas municipais, das 8h \u00e0s 17h, para crian\u00e7as que completar\u00e3o seis anos Os pais ou respons\u00e1veis de crian\u00e7as que ir\u00e3o [\u2026]","og_url":"https:\/\/verdadeon.com.br\/portal\/2021\/10\/23\/educacao-abre-matriculas-para-1o-ano-nesta-segunda-feira\/","og_site_name":"VerdadeOn","article_published_time":"2021-10-23T17:27:20+00:00","og_image":[{"width":2560,"height":1696,"url":"https:\/\/verdadeon.com.br\/portal\/wp-content\/uploads\/2021\/10\/ALUNOS-EM-ESCOLA-MUNICIPAL-DE-FRANCA-FOTO-DIVULGACAO-scaled.jpg","type":"image\/jpeg"}],"author":"Redacao VerdadeOn","twitter_card":"summary_large_image","twitter_misc":{"Escrito por":"Redacao VerdadeOn","Est. tempo de leitura":"4 minutos"},"schema":{"@context":"https:\/\/schema.org","@graph":[{"@type":"WebPage","@id":"https:\/\/verdadeon.com.br\/portal\/2021\/10\/23\/educacao-abre-matriculas-para-1o-ano-nesta-segunda-feira\/","url":"https:\/\/verdadeon.com.br\/portal\/2021\/10\/23\/educacao-abre-matriculas-para-1o-ano-nesta-segunda-feira\/","name":"Educa\u00e7\u00e3o abre matr\u00edculas para 1\u00ba ano nesta segunda-feira - VerdadeOn","isPartOf":{"@id":"https:\/\/verdadeon.com.br\/portal\/#website"},"datePublished":"2021-10-23T17:27:20+00:00","author":{"@id":"https:\/\/verdadeon.com.br\/portal\/#\/schema\/person\/a5060ad1e9ea3df545188fc93ce43d2f"},"breadcrumb":{"@id":"https:\/\/verdadeon.com.br\/portal\/2021\/10\/23\/educacao-abre-matriculas-para-1o-ano-nesta-segunda-feira\/#breadcrumb"},"inLanguage":"pt-BR","potentialAction":[{"@type":"ReadAction","target":["https:\/\/verdadeon.com.br\/portal\/2021\/10\/23\/educacao-abre-matriculas-para-1o-ano-nesta-segunda-feira\/"]}]},{"@type":"BreadcrumbList","@id":"https:\/\/verdadeon.com.br\/portal\/2021\/10\/23\/educacao-abre-matriculas-para-1o-ano-nesta-segunda-feira\/#breadcrumb","itemListElement":[{"@type":"ListItem","position":1,"name":"In\u00edcio","item":"https:\/\/verdadeon.com.br\/portal\/"},{"@type":"ListItem","position":2,"name":"Educa\u00e7\u00e3o abre matr\u00edculas para 1\u00ba ano nesta segunda-feira"}]},{"@type":"WebSite","@id":"https:\/\/verdadeon.com.br\/portal\/#website","url":"https:\/\/verdadeon.com.br\/portal\/","name":"VerdadeOn","description":"Not\u00edcias di\u00e1rias sobre Franca, Regi\u00e3o, Esporte, Cultura, Cotidiano, Colunas. Cobertura nos principais eventos da cidade \u00e9 aqui - Verdadeon Franca","potentialAction":[{"@type":"SearchAction","target":{"@type":"EntryPoint","urlTemplate":"https:\/\/verdadeon.com.br\/portal\/?s={search_term_string}"},"query-input":{"@type":"PropertyValueSpecification","valueRequired":true,"valueName":"search_term_string"}}],"inLanguage":"pt-BR"},{"@type":"Person","@id":"https:\/\/verdadeon.com.br\/portal\/#\/schema\/person\/a5060ad1e9ea3df545188fc93ce43d2f","name":"Redacao VerdadeOn","image":{"@type":"ImageObject","inLanguage":"pt-BR","@id":"https:\/\/verdadeon.com.br\/portal\/#\/schema\/person\/image\/","url":"https:\/\/secure.gravatar.com\/avatar\/459a9613caaaf07f582c3d0841eea68bdd66f533e465e6ba8b9cb45619572cf4?s=96&d=mm&r=g","contentUrl":"https:\/\/secure.gravatar.com\/avatar\/459a9613caaaf07f582c3d0841eea68bdd66f533e465e6ba8b9cb45619572cf4?s=96&d=mm&r=g","caption":"Redacao VerdadeOn"},"url":"https:\/\/verdadeon.com.br\/portal\/author\/redacao\/"}]}},"jetpack_publicize_connections":[],"jetpack_featured_media_url":"","jetpack_sharing_enabled":true,"_links":{"self":[{"href":"https:\/\/verdadeon.com.br\/portal\/wp-json\/wp\/v2\/posts\/20536","targetHints":{"allow":["GET"]}}],"collection":[{"href":"https:\/\/verdadeon.com.br\/portal\/wp-json\/wp\/v2\/posts"}],"about":[{"href":"https:\/\/verdadeon.com.br\/portal\/wp-json\/wp\/v2\/types\/post"}],"author":[{"embeddable":true,"href":"https:\/\/verdadeon.com.br\/portal\/wp-json\/wp\/v2\/users\/10"}],"replies":[{"embeddable":true,"href":"https:\/\/verdadeon.com.br\/portal\/wp-json\/wp\/v2\/comments?post=20536"}],"version-history":[{"count":0,"href":"https:\/\/verdadeon.com.br\/portal\/wp-json\/wp\/v2\/posts\/20536\/revisions"}],"wp:attachment":[{"href":"https:\/\/verdadeon.com.br\/portal\/wp-json\/wp\/v2\/media?parent=20536"}],"wp:term":[{"taxonomy":"category","embeddable":true,"href":"https:\/\/verdadeon.com.br\/portal\/wp-json\/wp\/v2\/categories?post=20536"},{"taxonomy":"post_tag","embeddable":true,"href":"https:\/\/verdadeon.com.br\/portal\/wp-json\/wp\/v2\/tags?post=20536"}],"curies":[{"name":"wp","href":"https:\/\/api.w.org\/{rel}","templated":true}]}}