{"id":20530,"date":"2021-10-23T11:54:29","date_gmt":"2021-10-23T14:54:29","guid":{"rendered":"https:\/\/verdadeon.com.br\/portal\/?p=20530"},"modified":"2021-10-23T14:29:30","modified_gmt":"2021-10-23T17:29:30","slug":"feira-do-empreendedor-aborda-volta-pos-pandemia-produtividade-e-competitividade","status":"publish","type":"post","link":"https:\/\/verdadeon.com.br\/portal\/2021\/10\/23\/feira-do-empreendedor-aborda-volta-pos-pandemia-produtividade-e-competitividade\/","title":{"rendered":"Feira do Empreendedor aborda volta p\u00f3s-pandemia, produtividade e competitividade"},"content":{"rendered":"<h2>Gratuito, evento do Sebrae \u00e9 100% digital e oferece cinco dias com conte\u00fado, capacita\u00e7\u00e3o e oportunidade de neg\u00f3cios<\/h2>\n<p><span style=\"font-weight: 400;\">O Sebrae realiza a Feira do Empreendedor 2021, considerado o maior evento de empreendedorismo do pa\u00eds, a partir deste s\u00e1bado, 23, at\u00e9 dia 27. Al\u00e9m de totalmente online e gratuito, pela primeira vez, o evento vai contar com o envolvimento de todas as 27 unidades regionais do Sebrae. A expectativa \u00e9 que cerca de 100 mil pessoas participem das atividades da feira, gerando R$ 100 milh\u00f5es em neg\u00f3cios e 300 mil atendimentos.\u00a0\u00a0<\/span><\/p>\n<p><span style=\"font-weight: 400;\">Com o tema \u201cEmpreender \u00e9 para Todos\u201d, a edi\u00e7\u00e3o 2021 trar\u00e1 uma programa\u00e7\u00e3o marcada pela diversidade e inclus\u00e3o para mostrar que o empreendedorismo \u00e9 poss\u00edvel para todos os perfis de pessoas que desejam atuar nos diversos setores e segmentos de mercado.\u00a0<\/span><\/p>\n<p><span style=\"font-weight: 400;\">\u00a0<\/span><span style=\"font-weight: 400;\">\u201cA Feira do Empreendedor \u00e9 um momento muito esperado todos os anos e escolhemos atra\u00e7\u00f5es da melhor qualidade para o desenvolvimento dos pequenos neg\u00f3cios. Especialmente, neste ano, queremos que todos os empreendedores se sintam acolhidos para buscar conte\u00fados, solu\u00e7\u00f5es e servi\u00e7os diversos que os ajudem a recuperar os preju\u00edzos trazidos pela pandemia da Covid-19, mas tamb\u00e9m os estimulem a serem mais produtivos e competitivos no mercado\u201d, destacou o presidente do Sebrae Nacional,\u00a0 Carlos Melles.<\/span><\/p>\n<p><span style=\"font-weight: 400;\">A estrutura da Feira do Empreendedor foi montada virtualmente dentro da plataforma Sebrae Experience, que foi desenvolvida especialmente para proporcionar uma experi\u00eancia inovadora e tecnol\u00f3gica aos participantes. O ambiente virtual de realidade 3D conta com cinco arenas digitais: Conhecimento, Neg\u00f3cios, Expositores, Retomada e Atendimento Sebrae.\u00a0<\/span><\/p>\n<p><span style=\"font-weight: 400;\">Na Arena do Conhecimento, por exemplo, os empreendedores poder\u00e3o acompanhar pain\u00e9is de debates, palestras, aulas show e rodas de conversa programadas ao longo dos cinco dias da Feira. Ser\u00e3o quatros salas de transmiss\u00e3o com um total de mais de 140 horas de programa\u00e7\u00e3o dividida em 14 jornadas diferentes para atender os interesses dos mais variados perfis de empreendedores.\u00a0<\/span><\/p>\n<p><span style=\"font-weight: 400;\">Entre os grandes nomes confirmados para se apresentarem destacam-se o rapper, cantor, letrista e compositor Emicida, o ex-atleta profissional de nata\u00e7\u00e3o e empres\u00e1rio na \u00e1rea de desenvolvimento humano Joel Moraes, a fundadora da Sorridents &#8211; considerada a maior e mais premiada rede de cl\u00ednicas odontol\u00f3gicas da Am\u00e9rica Latina, Carla Sarni, o contador de hist\u00f3rias, futurista, empres\u00e1rio e palestrante Mic Mann, a Forbes Under 30 e fundadora da Wakanda Educa\u00e7\u00e3o Empreendedora, Karine Oliveira , o economista Ricardo Amorim, considerado uma das 100 pessoas mais influentes do pa\u00eds, de acordo com a Revista Forbes, entre outros. <\/span><\/p>\n<p><span style=\"font-weight: 400;\">J\u00e1 na Arena dos Expositores, mais de 500 empresas apresentar\u00e3o seus produtos e servi\u00e7os em uma grande vitrine virtual para visitantes do todo o Brasil. Al\u00e9m de oportunidade de neg\u00f3cios, o espa\u00e7o ser\u00e1 um local para fazer networking e conhecer solu\u00e7\u00f5es de grandes marcas parceiras, como Americanas.com, Amazon, Go Daddy, Nuvemshop e Banco Digital.\u00a0<\/span><\/p>\n<h4><span style=\"font-weight: 400;\">Servi\u00e7o:<\/span><\/h4>\n<p><span style=\"font-weight: 400;\">Feira do Empreendedor 2021 &#8211; Sebrae<\/span><\/p>\n<p><span style=\"font-weight: 400;\">P\u00fablico estimado: 100 mil participantes<\/span><\/p>\n<p><span style=\"font-weight: 400;\">Data: De 23 a 27 de outubro<\/span><\/p>\n<p><span style=\"font-weight: 400;\">Inscri\u00e7\u00f5es gratuitas: <\/span><a href=\"http:\/\/www.feiradoempreendedor21.com.br\/\"><span style=\"font-weight: 400;\">www.feiradoempreendedor21.com.br<\/span><\/a><\/p>\n<p>&nbsp;<\/p>\n","protected":false},"excerpt":{"rendered":"<p>Gratuito, evento do Sebrae \u00e9 100% digital e oferece cinco dias com conte\u00fado, capacita\u00e7\u00e3o e oportunidade de neg\u00f3cios O Sebrae realiza a Feira do Empreendedor 2021,<span class=\"excerpt-hellip\"> [\u2026]<\/span><\/p>\n","protected":false},"author":3,"featured_media":20531,"comment_status":"open","ping_status":"open","sticky":false,"template":"","format":"standard","meta":{"_jetpack_memberships_contains_paid_content":false,"footnotes":"","jetpack_publicize_message":"","jetpack_publicize_feature_enabled":true,"jetpack_social_post_already_shared":false,"jetpack_social_options":{"image_generator_settings":{"template":"highway","default_image_id":0,"enabled":false},"version":2}},"categories":[28,81],"tags":[],"class_list":["post-20530","post","type-post","status-publish","format-standard","has-post-thumbnail","hentry","category-cotidiano","category-manchete"],"yoast_head":"<!-- This site is optimized with the Yoast SEO plugin v25.6 - https:\/\/yoast.com\/wordpress\/plugins\/seo\/ -->\n<title>Feira do Empreendedor aborda volta p\u00f3s-pandemia, produtividade e competitividade - VerdadeOn<\/title>\n<meta name=\"robots\" content=\"index, follow, max-snippet:-1, max-image-preview:large, max-video-preview:-1\" \/>\n<link rel=\"canonical\" href=\"https:\/\/verdadeon.com.br\/portal\/2021\/10\/23\/feira-do-empreendedor-aborda-volta-pos-pandemia-produtividade-e-competitividade\/\" \/>\n<meta property=\"og:locale\" content=\"pt_BR\" \/>\n<meta property=\"og:type\" content=\"article\" \/>\n<meta property=\"og:title\" content=\"Feira do Empreendedor aborda volta p\u00f3s-pandemia, produtividade e competitividade - VerdadeOn\" \/>\n<meta property=\"og:description\" content=\"Gratuito, evento do Sebrae \u00e9 100% digital e oferece cinco dias com conte\u00fado, capacita\u00e7\u00e3o e oportunidade de neg\u00f3cios O Sebrae realiza a Feira do Empreendedor 2021, [\u2026]\" \/>\n<meta property=\"og:url\" content=\"https:\/\/verdadeon.com.br\/portal\/2021\/10\/23\/feira-do-empreendedor-aborda-volta-pos-pandemia-produtividade-e-competitividade\/\" \/>\n<meta property=\"og:site_name\" content=\"VerdadeOn\" \/>\n<meta property=\"article:published_time\" content=\"2021-10-23T14:54:29+00:00\" \/>\n<meta property=\"article:modified_time\" content=\"2021-10-23T17:29:30+00:00\" \/>\n<meta property=\"og:image\" content=\"https:\/\/verdadeon.com.br\/portal\/wp-content\/uploads\/2021\/10\/Projecao-do-Sebrae-Experience-ambiente-virtual-da-Feira-do-Empreendedor-e1635000647848.jpeg\" \/>\n\t<meta property=\"og:image:width\" content=\"1001\" \/>\n\t<meta property=\"og:image:height\" content=\"668\" \/>\n\t<meta property=\"og:image:type\" content=\"image\/jpeg\" \/>\n<meta name=\"author\" content=\"Admin\" \/>\n<meta name=\"twitter:card\" content=\"summary_large_image\" \/>\n<meta name=\"twitter:label1\" content=\"Escrito por\" \/>\n\t<meta name=\"twitter:data1\" content=\"Admin\" \/>\n\t<meta name=\"twitter:label2\" content=\"Est. tempo de leitura\" \/>\n\t<meta name=\"twitter:data2\" content=\"3 minutos\" \/>\n<script type=\"application\/ld+json\" class=\"yoast-schema-graph\">{\"@context\":\"https:\/\/schema.org\",\"@graph\":[{\"@type\":\"WebPage\",\"@id\":\"https:\/\/verdadeon.com.br\/portal\/2021\/10\/23\/feira-do-empreendedor-aborda-volta-pos-pandemia-produtividade-e-competitividade\/\",\"url\":\"https:\/\/verdadeon.com.br\/portal\/2021\/10\/23\/feira-do-empreendedor-aborda-volta-pos-pandemia-produtividade-e-competitividade\/\",\"name\":\"Feira do Empreendedor aborda volta p\u00f3s-pandemia, produtividade e competitividade - VerdadeOn\",\"isPartOf\":{\"@id\":\"https:\/\/verdadeon.com.br\/portal\/#website\"},\"primaryImageOfPage\":{\"@id\":\"https:\/\/verdadeon.com.br\/portal\/2021\/10\/23\/feira-do-empreendedor-aborda-volta-pos-pandemia-produtividade-e-competitividade\/#primaryimage\"},\"image\":{\"@id\":\"https:\/\/verdadeon.com.br\/portal\/2021\/10\/23\/feira-do-empreendedor-aborda-volta-pos-pandemia-produtividade-e-competitividade\/#primaryimage\"},\"thumbnailUrl\":\"https:\/\/i0.wp.com\/verdadeon.com.br\/portal\/wp-content\/uploads\/2021\/10\/Projecao-do-Sebrae-Experience-ambiente-virtual-da-Feira-do-Empreendedor-e1635000647848.jpeg?fit=1001%2C668&ssl=1\",\"datePublished\":\"2021-10-23T14:54:29+00:00\",\"dateModified\":\"2021-10-23T17:29:30+00:00\",\"author\":{\"@id\":\"https:\/\/verdadeon.com.br\/portal\/#\/schema\/person\/31b3f1eb559e4ce9d3c1dc1f2268a70c\"},\"breadcrumb\":{\"@id\":\"https:\/\/verdadeon.com.br\/portal\/2021\/10\/23\/feira-do-empreendedor-aborda-volta-pos-pandemia-produtividade-e-competitividade\/#breadcrumb\"},\"inLanguage\":\"pt-BR\",\"potentialAction\":[{\"@type\":\"ReadAction\",\"target\":[\"https:\/\/verdadeon.com.br\/portal\/2021\/10\/23\/feira-do-empreendedor-aborda-volta-pos-pandemia-produtividade-e-competitividade\/\"]}]},{\"@type\":\"ImageObject\",\"inLanguage\":\"pt-BR\",\"@id\":\"https:\/\/verdadeon.com.br\/portal\/2021\/10\/23\/feira-do-empreendedor-aborda-volta-pos-pandemia-produtividade-e-competitividade\/#primaryimage\",\"url\":\"https:\/\/i0.wp.com\/verdadeon.com.br\/portal\/wp-content\/uploads\/2021\/10\/Projecao-do-Sebrae-Experience-ambiente-virtual-da-Feira-do-Empreendedor-e1635000647848.jpeg?fit=1001%2C668&ssl=1\",\"contentUrl\":\"https:\/\/i0.wp.com\/verdadeon.com.br\/portal\/wp-content\/uploads\/2021\/10\/Projecao-do-Sebrae-Experience-ambiente-virtual-da-Feira-do-Empreendedor-e1635000647848.jpeg?fit=1001%2C668&ssl=1\",\"width\":1001,\"height\":668,\"caption\":\"Proje\u00e7\u00e3o do Sebrae Experience, ambiente virtual da Feira do Empreendedor 2021, que come\u00e7ou s\u00e1bado, 23, e segue at\u00e9 dia 27 de outubro | Imagem: Divulga\u00e7\u00e3o\"},{\"@type\":\"BreadcrumbList\",\"@id\":\"https:\/\/verdadeon.com.br\/portal\/2021\/10\/23\/feira-do-empreendedor-aborda-volta-pos-pandemia-produtividade-e-competitividade\/#breadcrumb\",\"itemListElement\":[{\"@type\":\"ListItem\",\"position\":1,\"name\":\"In\u00edcio\",\"item\":\"https:\/\/verdadeon.com.br\/portal\/\"},{\"@type\":\"ListItem\",\"position\":2,\"name\":\"Feira do Empreendedor aborda volta p\u00f3s-pandemia, produtividade e competitividade\"}]},{\"@type\":\"WebSite\",\"@id\":\"https:\/\/verdadeon.com.br\/portal\/#website\",\"url\":\"https:\/\/verdadeon.com.br\/portal\/\",\"name\":\"VerdadeOn\",\"description\":\"Not\u00edcias di\u00e1rias sobre Franca, Regi\u00e3o, Esporte, Cultura, Cotidiano, Colunas. Cobertura nos principais eventos da cidade \u00e9 aqui - Verdadeon Franca\",\"potentialAction\":[{\"@type\":\"SearchAction\",\"target\":{\"@type\":\"EntryPoint\",\"urlTemplate\":\"https:\/\/verdadeon.com.br\/portal\/?s={search_term_string}\"},\"query-input\":{\"@type\":\"PropertyValueSpecification\",\"valueRequired\":true,\"valueName\":\"search_term_string\"}}],\"inLanguage\":\"pt-BR\"},{\"@type\":\"Person\",\"@id\":\"https:\/\/verdadeon.com.br\/portal\/#\/schema\/person\/31b3f1eb559e4ce9d3c1dc1f2268a70c\",\"name\":\"Admin\",\"image\":{\"@type\":\"ImageObject\",\"inLanguage\":\"pt-BR\",\"@id\":\"https:\/\/verdadeon.com.br\/portal\/#\/schema\/person\/image\/\",\"url\":\"https:\/\/secure.gravatar.com\/avatar\/e550a5b4dab3efe8ca3a8bf0fb981073a921f9a24159040707270602980dd8af?s=96&d=mm&r=g\",\"contentUrl\":\"https:\/\/secure.gravatar.com\/avatar\/e550a5b4dab3efe8ca3a8bf0fb981073a921f9a24159040707270602980dd8af?s=96&d=mm&r=g\",\"caption\":\"Admin\"},\"url\":\"https:\/\/verdadeon.com.br\/portal\/author\/admin\/\"}]}<\/script>\n<!-- \/ Yoast SEO plugin. -->","yoast_head_json":{"title":"Feira do Empreendedor aborda volta p\u00f3s-pandemia, produtividade e competitividade - VerdadeOn","robots":{"index":"index","follow":"follow","max-snippet":"max-snippet:-1","max-image-preview":"max-image-preview:large","max-video-preview":"max-video-preview:-1"},"canonical":"https:\/\/verdadeon.com.br\/portal\/2021\/10\/23\/feira-do-empreendedor-aborda-volta-pos-pandemia-produtividade-e-competitividade\/","og_locale":"pt_BR","og_type":"article","og_title":"Feira do Empreendedor aborda volta p\u00f3s-pandemia, produtividade e competitividade - VerdadeOn","og_description":"Gratuito, evento do Sebrae \u00e9 100% digital e oferece cinco dias com conte\u00fado, capacita\u00e7\u00e3o e oportunidade de neg\u00f3cios O Sebrae realiza a Feira do Empreendedor 2021, [\u2026]","og_url":"https:\/\/verdadeon.com.br\/portal\/2021\/10\/23\/feira-do-empreendedor-aborda-volta-pos-pandemia-produtividade-e-competitividade\/","og_site_name":"VerdadeOn","article_published_time":"2021-10-23T14:54:29+00:00","article_modified_time":"2021-10-23T17:29:30+00:00","og_image":[{"width":1001,"height":668,"url":"https:\/\/verdadeon.com.br\/portal\/wp-content\/uploads\/2021\/10\/Projecao-do-Sebrae-Experience-ambiente-virtual-da-Feira-do-Empreendedor-e1635000647848.jpeg","type":"image\/jpeg"}],"author":"Admin","twitter_card":"summary_large_image","twitter_misc":{"Escrito por":"Admin","Est. tempo de leitura":"3 minutos"},"schema":{"@context":"https:\/\/schema.org","@graph":[{"@type":"WebPage","@id":"https:\/\/verdadeon.com.br\/portal\/2021\/10\/23\/feira-do-empreendedor-aborda-volta-pos-pandemia-produtividade-e-competitividade\/","url":"https:\/\/verdadeon.com.br\/portal\/2021\/10\/23\/feira-do-empreendedor-aborda-volta-pos-pandemia-produtividade-e-competitividade\/","name":"Feira do Empreendedor aborda volta p\u00f3s-pandemia, produtividade e competitividade - VerdadeOn","isPartOf":{"@id":"https:\/\/verdadeon.com.br\/portal\/#website"},"primaryImageOfPage":{"@id":"https:\/\/verdadeon.com.br\/portal\/2021\/10\/23\/feira-do-empreendedor-aborda-volta-pos-pandemia-produtividade-e-competitividade\/#primaryimage"},"image":{"@id":"https:\/\/verdadeon.com.br\/portal\/2021\/10\/23\/feira-do-empreendedor-aborda-volta-pos-pandemia-produtividade-e-competitividade\/#primaryimage"},"thumbnailUrl":"https:\/\/i0.wp.com\/verdadeon.com.br\/portal\/wp-content\/uploads\/2021\/10\/Projecao-do-Sebrae-Experience-ambiente-virtual-da-Feira-do-Empreendedor-e1635000647848.jpeg?fit=1001%2C668&ssl=1","datePublished":"2021-10-23T14:54:29+00:00","dateModified":"2021-10-23T17:29:30+00:00","author":{"@id":"https:\/\/verdadeon.com.br\/portal\/#\/schema\/person\/31b3f1eb559e4ce9d3c1dc1f2268a70c"},"breadcrumb":{"@id":"https:\/\/verdadeon.com.br\/portal\/2021\/10\/23\/feira-do-empreendedor-aborda-volta-pos-pandemia-produtividade-e-competitividade\/#breadcrumb"},"inLanguage":"pt-BR","potentialAction":[{"@type":"ReadAction","target":["https:\/\/verdadeon.com.br\/portal\/2021\/10\/23\/feira-do-empreendedor-aborda-volta-pos-pandemia-produtividade-e-competitividade\/"]}]},{"@type":"ImageObject","inLanguage":"pt-BR","@id":"https:\/\/verdadeon.com.br\/portal\/2021\/10\/23\/feira-do-empreendedor-aborda-volta-pos-pandemia-produtividade-e-competitividade\/#primaryimage","url":"https:\/\/i0.wp.com\/verdadeon.com.br\/portal\/wp-content\/uploads\/2021\/10\/Projecao-do-Sebrae-Experience-ambiente-virtual-da-Feira-do-Empreendedor-e1635000647848.jpeg?fit=1001%2C668&ssl=1","contentUrl":"https:\/\/i0.wp.com\/verdadeon.com.br\/portal\/wp-content\/uploads\/2021\/10\/Projecao-do-Sebrae-Experience-ambiente-virtual-da-Feira-do-Empreendedor-e1635000647848.jpeg?fit=1001%2C668&ssl=1","width":1001,"height":668,"caption":"Proje\u00e7\u00e3o do Sebrae Experience, ambiente virtual da Feira do Empreendedor 2021, que come\u00e7ou s\u00e1bado, 23, e segue at\u00e9 dia 27 de outubro | Imagem: Divulga\u00e7\u00e3o"},{"@type":"BreadcrumbList","@id":"https:\/\/verdadeon.com.br\/portal\/2021\/10\/23\/feira-do-empreendedor-aborda-volta-pos-pandemia-produtividade-e-competitividade\/#breadcrumb","itemListElement":[{"@type":"ListItem","position":1,"name":"In\u00edcio","item":"https:\/\/verdadeon.com.br\/portal\/"},{"@type":"ListItem","position":2,"name":"Feira do Empreendedor aborda volta p\u00f3s-pandemia, produtividade e competitividade"}]},{"@type":"WebSite","@id":"https:\/\/verdadeon.com.br\/portal\/#website","url":"https:\/\/verdadeon.com.br\/portal\/","name":"VerdadeOn","description":"Not\u00edcias di\u00e1rias sobre Franca, Regi\u00e3o, Esporte, Cultura, Cotidiano, Colunas. Cobertura nos principais eventos da cidade \u00e9 aqui - Verdadeon Franca","potentialAction":[{"@type":"SearchAction","target":{"@type":"EntryPoint","urlTemplate":"https:\/\/verdadeon.com.br\/portal\/?s={search_term_string}"},"query-input":{"@type":"PropertyValueSpecification","valueRequired":true,"valueName":"search_term_string"}}],"inLanguage":"pt-BR"},{"@type":"Person","@id":"https:\/\/verdadeon.com.br\/portal\/#\/schema\/person\/31b3f1eb559e4ce9d3c1dc1f2268a70c","name":"Admin","image":{"@type":"ImageObject","inLanguage":"pt-BR","@id":"https:\/\/verdadeon.com.br\/portal\/#\/schema\/person\/image\/","url":"https:\/\/secure.gravatar.com\/avatar\/e550a5b4dab3efe8ca3a8bf0fb981073a921f9a24159040707270602980dd8af?s=96&d=mm&r=g","contentUrl":"https:\/\/secure.gravatar.com\/avatar\/e550a5b4dab3efe8ca3a8bf0fb981073a921f9a24159040707270602980dd8af?s=96&d=mm&r=g","caption":"Admin"},"url":"https:\/\/verdadeon.com.br\/portal\/author\/admin\/"}]}},"jetpack_publicize_connections":[],"jetpack_featured_media_url":"https:\/\/i0.wp.com\/verdadeon.com.br\/portal\/wp-content\/uploads\/2021\/10\/Projecao-do-Sebrae-Experience-ambiente-virtual-da-Feira-do-Empreendedor-e1635000647848.jpeg?fit=1001%2C668&ssl=1","jetpack_sharing_enabled":true,"_links":{"self":[{"href":"https:\/\/verdadeon.com.br\/portal\/wp-json\/wp\/v2\/posts\/20530","targetHints":{"allow":["GET"]}}],"collection":[{"href":"https:\/\/verdadeon.com.br\/portal\/wp-json\/wp\/v2\/posts"}],"about":[{"href":"https:\/\/verdadeon.com.br\/portal\/wp-json\/wp\/v2\/types\/post"}],"author":[{"embeddable":true,"href":"https:\/\/verdadeon.com.br\/portal\/wp-json\/wp\/v2\/users\/3"}],"replies":[{"embeddable":true,"href":"https:\/\/verdadeon.com.br\/portal\/wp-json\/wp\/v2\/comments?post=20530"}],"version-history":[{"count":0,"href":"https:\/\/verdadeon.com.br\/portal\/wp-json\/wp\/v2\/posts\/20530\/revisions"}],"wp:featuredmedia":[{"embeddable":true,"href":"https:\/\/verdadeon.com.br\/portal\/wp-json\/wp\/v2\/media\/20531"}],"wp:attachment":[{"href":"https:\/\/verdadeon.com.br\/portal\/wp-json\/wp\/v2\/media?parent=20530"}],"wp:term":[{"taxonomy":"category","embeddable":true,"href":"https:\/\/verdadeon.com.br\/portal\/wp-json\/wp\/v2\/categories?post=20530"},{"taxonomy":"post_tag","embeddable":true,"href":"https:\/\/verdadeon.com.br\/portal\/wp-json\/wp\/v2\/tags?post=20530"}],"curies":[{"name":"wp","href":"https:\/\/api.w.org\/{rel}","templated":true}]}}