{"id":20420,"date":"2021-10-19T19:00:06","date_gmt":"2021-10-19T22:00:06","guid":{"rendered":"https:\/\/verdadeon.com.br\/portal\/?p=20420"},"modified":"2021-10-19T19:37:21","modified_gmt":"2021-10-19T22:37:21","slug":"dengue-em-franca-dispara-e-supera-200-casos-neste-ano","status":"publish","type":"post","link":"https:\/\/verdadeon.com.br\/portal\/2021\/10\/19\/dengue-em-franca-dispara-e-supera-200-casos-neste-ano\/","title":{"rendered":"Dengue em Franca dispara e supera 200 casos neste ano"},"content":{"rendered":"<h2><span style=\"font-weight: 400;\">Total registrado em 2021 \u00e9 379% que no ano passado; Prefeitura refor\u00e7a a\u00e7\u00f5es para eliminar criadouros, mas popula\u00e7\u00e3o precisa contribuir\u00a0<\/span><\/h2>\n<p>&nbsp;<\/p>\n<p><span style=\"font-weight: 400;\">Os casos de dengue em Franca dispararam neste ano. Segundo a Prefeitura, foram registradas na cidade 206 v\u00edtimas, o que representa um aumento de 379% em rela\u00e7\u00e3o a 2020, quando foram contabilizados 43 casos positivos da doen\u00e7a.<br \/>\nAs equipes da Vigil\u00e2ncia Epidemiol\u00f3gica Municipal, que controlam as notifica\u00e7\u00f5es, acreditam que a disparada \u00e9 reflexo\u00a0 da pandemia da Covid-19. &#8220;Os casos de dengue foram subnotidicados, uma vez que os sintomas s\u00e3o semelhantes, no entanto intensificamos as a\u00e7\u00f5es nesse ano de controle e notifica\u00e7\u00e3o da doen\u00e7a, o que fez com que os casos aumentassem e agora condiz com a realidade&#8221;, informou o \u00f3rg\u00e3o atrav\u00e9s da Assessoria de Comunica\u00e7\u00e3o da Prefeitura.<br \/>\n<\/span><\/p>\n<p><span style=\"font-weight: 400;\">Para tentar frear o avan\u00e7o ainda maior da dengue, a Secretaria de Sa\u00fade atua com o plano de retomada das a\u00e7\u00f5es de controle e preven\u00e7\u00e3o da dengue. No meio do ano, as visitas no interior dos im\u00f3veis voltou a ser feita; este trabalho estava suspenso por conta da pandemia da Covid-19. Al\u00e9m da orienta\u00e7\u00e3o aos moradores sobre como eliminar os criadouros do mosquito<em> Aedes aegypti<\/em>, transmissor da dengue, os agentes de sa\u00fade promovem o controle vetorial nos im\u00f3veis e pontos estrat\u00e9gicos; fazem avalia\u00e7\u00f5es peri\u00f3dicas da densidade larv\u00e1ria e bloqueio da transmiss\u00e3o em \u00e1reas de intensa circula\u00e7\u00e3o do v\u00edrus.\u00a0<\/span><\/p>\n<p><span style=\"font-weight: 400;\">O combate aos criadouros e a\u00e7\u00f5es educativas de comunica\u00e7\u00e3o e mobiliza\u00e7\u00e3o social tamb\u00e9m fazem parte dos trabalhos de preven\u00e7\u00e3o.<\/span><\/p>\n<p><span style=\"font-weight: 400;\">A popula\u00e7\u00e3o precisa aderir aos cuidados para evitar a dengue, que, na forma mais grave, pode at\u00e9 ser fatal. A principal medida \u00e9 eliminar os potenciais criadouros do mosquito transmissor da doen\u00e7a, que se reproduz em locais com \u00e1gua parada.<\/span><\/p>\n<p><span style=\"font-weight: 400;\">Com o retorno da temporada de chuvas, \u00e9 preciso manter baldes, latinhas, garrafas e outros recipientes com a boca virada para baixo e em locais cobertos; eliminar \u00e1gua parada em vasos de plantas, armazenar pneus em lugares com cobertura sem que estejam expostos ao tempo e manter a caixa d\u00b4\u00e1gua vedada.<\/span><\/p>\n<p><span style=\"font-weight: 400;\">Os principais sintomas da dengue s\u00e3o febre acima dos 39\u00ba, dor de cabe\u00e7a constante, <\/span><span style=\"font-weight: 400;\">dor no fundo dos olhos, manchas vermelhas na pele, em todo o corpo, e dor nas articula\u00e7\u00f5es e ossos.<\/span><\/p>\n<h4><span style=\"font-weight: 400;\">Refor\u00e7o<\/span><\/h4>\n<p><span style=\"font-weight: 400;\">Juntamente com o trabalho da Secretaria de Sa\u00fade, equipes da Secretaria de Meio Ambiente refor\u00e7aram as a\u00e7\u00f5es de limpeza de espa\u00e7o p\u00fablicos, como pra\u00e7as e canteiros centrais nas avenidas. O trabalho ajuda a eliminar criadouros de larvas do <em>Aedes aegypti<\/em>, uma vez que objetos que podem acumular \u00e1gua s\u00e3o recolhidos.<\/span><\/p>\n<p><span style=\"font-weight: 400;\">A Prefeitura disponibiliza um canal para den\u00fancias sobre o descarte irregular de lixo e materiais em \u00e1reas impr\u00f3prias atrav\u00e9s dos telefones da Guarda Civil Municipal\u00a0 153 ou 3724-1033.<\/span><\/p>\n","protected":false},"excerpt":{"rendered":"<p>Total registrado em 2021 \u00e9 379% que no ano passado; Prefeitura refor\u00e7a a\u00e7\u00f5es para eliminar criadouros, mas popula\u00e7\u00e3o precisa contribuir\u00a0 &nbsp; Os casos de dengue em<span class=\"excerpt-hellip\"> [\u2026]<\/span><\/p>\n","protected":false},"author":12,"featured_media":20421,"comment_status":"open","ping_status":"open","sticky":false,"template":"","format":"standard","meta":{"_jetpack_memberships_contains_paid_content":false,"footnotes":"","jetpack_publicize_message":"","jetpack_publicize_feature_enabled":true,"jetpack_social_post_already_shared":false,"jetpack_social_options":{"image_generator_settings":{"template":"highway","default_image_id":0,"enabled":false},"version":2}},"categories":[28,81],"tags":[],"class_list":["post-20420","post","type-post","status-publish","format-standard","has-post-thumbnail","hentry","category-cotidiano","category-manchete"],"yoast_head":"<!-- This site is optimized with the Yoast SEO plugin v25.6 - https:\/\/yoast.com\/wordpress\/plugins\/seo\/ -->\n<title>Dengue em Franca dispara e supera 200 casos neste ano - VerdadeOn<\/title>\n<meta name=\"robots\" content=\"index, follow, max-snippet:-1, max-image-preview:large, max-video-preview:-1\" \/>\n<link rel=\"canonical\" href=\"https:\/\/verdadeon.com.br\/portal\/2021\/10\/19\/dengue-em-franca-dispara-e-supera-200-casos-neste-ano\/\" \/>\n<meta property=\"og:locale\" content=\"pt_BR\" \/>\n<meta property=\"og:type\" content=\"article\" \/>\n<meta property=\"og:title\" content=\"Dengue em Franca dispara e supera 200 casos neste ano - VerdadeOn\" \/>\n<meta property=\"og:description\" content=\"Total registrado em 2021 \u00e9 379% que no ano passado; Prefeitura refor\u00e7a a\u00e7\u00f5es para eliminar criadouros, mas popula\u00e7\u00e3o precisa contribuir\u00a0 &nbsp; Os casos de dengue em [\u2026]\" \/>\n<meta property=\"og:url\" content=\"https:\/\/verdadeon.com.br\/portal\/2021\/10\/19\/dengue-em-franca-dispara-e-supera-200-casos-neste-ano\/\" \/>\n<meta property=\"og:site_name\" content=\"VerdadeOn\" \/>\n<meta property=\"article:published_time\" content=\"2021-10-19T22:00:06+00:00\" \/>\n<meta property=\"article:modified_time\" content=\"2021-10-19T22:37:21+00:00\" \/>\n<meta property=\"og:image\" content=\"https:\/\/verdadeon.com.br\/portal\/wp-content\/uploads\/2021\/10\/ACOES-DE-COMBATE-A-DENGUE-EM-FRANCA-FOTO-DIVULGACAO-e1634680559334.jpeg\" \/>\n\t<meta property=\"og:image:width\" content=\"1001\" \/>\n\t<meta property=\"og:image:height\" content=\"668\" \/>\n\t<meta property=\"og:image:type\" content=\"image\/jpeg\" \/>\n<meta name=\"author\" content=\"Nelise Luques\" \/>\n<meta name=\"twitter:card\" content=\"summary_large_image\" \/>\n<meta name=\"twitter:label1\" content=\"Escrito por\" \/>\n\t<meta name=\"twitter:data1\" content=\"Nelise Luques\" \/>\n\t<meta name=\"twitter:label2\" content=\"Est. tempo de leitura\" \/>\n\t<meta name=\"twitter:data2\" content=\"2 minutos\" \/>\n<script type=\"application\/ld+json\" class=\"yoast-schema-graph\">{\"@context\":\"https:\/\/schema.org\",\"@graph\":[{\"@type\":\"WebPage\",\"@id\":\"https:\/\/verdadeon.com.br\/portal\/2021\/10\/19\/dengue-em-franca-dispara-e-supera-200-casos-neste-ano\/\",\"url\":\"https:\/\/verdadeon.com.br\/portal\/2021\/10\/19\/dengue-em-franca-dispara-e-supera-200-casos-neste-ano\/\",\"name\":\"Dengue em Franca dispara e supera 200 casos neste ano - VerdadeOn\",\"isPartOf\":{\"@id\":\"https:\/\/verdadeon.com.br\/portal\/#website\"},\"primaryImageOfPage\":{\"@id\":\"https:\/\/verdadeon.com.br\/portal\/2021\/10\/19\/dengue-em-franca-dispara-e-supera-200-casos-neste-ano\/#primaryimage\"},\"image\":{\"@id\":\"https:\/\/verdadeon.com.br\/portal\/2021\/10\/19\/dengue-em-franca-dispara-e-supera-200-casos-neste-ano\/#primaryimage\"},\"thumbnailUrl\":\"https:\/\/i0.wp.com\/verdadeon.com.br\/portal\/wp-content\/uploads\/2021\/10\/ACOES-DE-COMBATE-A-DENGUE-EM-FRANCA-FOTO-DIVULGACAO-e1634680559334.jpeg?fit=1001%2C668&ssl=1\",\"datePublished\":\"2021-10-19T22:00:06+00:00\",\"dateModified\":\"2021-10-19T22:37:21+00:00\",\"author\":{\"@id\":\"https:\/\/verdadeon.com.br\/portal\/#\/schema\/person\/8248726d36015c1916636fabb175d972\"},\"breadcrumb\":{\"@id\":\"https:\/\/verdadeon.com.br\/portal\/2021\/10\/19\/dengue-em-franca-dispara-e-supera-200-casos-neste-ano\/#breadcrumb\"},\"inLanguage\":\"pt-BR\",\"potentialAction\":[{\"@type\":\"ReadAction\",\"target\":[\"https:\/\/verdadeon.com.br\/portal\/2021\/10\/19\/dengue-em-franca-dispara-e-supera-200-casos-neste-ano\/\"]}]},{\"@type\":\"ImageObject\",\"inLanguage\":\"pt-BR\",\"@id\":\"https:\/\/verdadeon.com.br\/portal\/2021\/10\/19\/dengue-em-franca-dispara-e-supera-200-casos-neste-ano\/#primaryimage\",\"url\":\"https:\/\/i0.wp.com\/verdadeon.com.br\/portal\/wp-content\/uploads\/2021\/10\/ACOES-DE-COMBATE-A-DENGUE-EM-FRANCA-FOTO-DIVULGACAO-e1634680559334.jpeg?fit=1001%2C668&ssl=1\",\"contentUrl\":\"https:\/\/i0.wp.com\/verdadeon.com.br\/portal\/wp-content\/uploads\/2021\/10\/ACOES-DE-COMBATE-A-DENGUE-EM-FRANCA-FOTO-DIVULGACAO-e1634680559334.jpeg?fit=1001%2C668&ssl=1\",\"width\":1001,\"height\":668,\"caption\":\"Agentes de Sa\u00fade vistoriam jardim em resid\u00eancia para eliminar criadouros do mosquito da dengue | Foto: Divulga\u00e7\u00e3o\"},{\"@type\":\"BreadcrumbList\",\"@id\":\"https:\/\/verdadeon.com.br\/portal\/2021\/10\/19\/dengue-em-franca-dispara-e-supera-200-casos-neste-ano\/#breadcrumb\",\"itemListElement\":[{\"@type\":\"ListItem\",\"position\":1,\"name\":\"In\u00edcio\",\"item\":\"https:\/\/verdadeon.com.br\/portal\/\"},{\"@type\":\"ListItem\",\"position\":2,\"name\":\"Dengue em Franca dispara e supera 200 casos neste ano\"}]},{\"@type\":\"WebSite\",\"@id\":\"https:\/\/verdadeon.com.br\/portal\/#website\",\"url\":\"https:\/\/verdadeon.com.br\/portal\/\",\"name\":\"VerdadeOn\",\"description\":\"Not\u00edcias di\u00e1rias sobre Franca, Regi\u00e3o, Esporte, Cultura, Cotidiano, Colunas. Cobertura nos principais eventos da cidade \u00e9 aqui - Verdadeon Franca\",\"potentialAction\":[{\"@type\":\"SearchAction\",\"target\":{\"@type\":\"EntryPoint\",\"urlTemplate\":\"https:\/\/verdadeon.com.br\/portal\/?s={search_term_string}\"},\"query-input\":{\"@type\":\"PropertyValueSpecification\",\"valueRequired\":true,\"valueName\":\"search_term_string\"}}],\"inLanguage\":\"pt-BR\"},{\"@type\":\"Person\",\"@id\":\"https:\/\/verdadeon.com.br\/portal\/#\/schema\/person\/8248726d36015c1916636fabb175d972\",\"name\":\"Nelise Luques\",\"image\":{\"@type\":\"ImageObject\",\"inLanguage\":\"pt-BR\",\"@id\":\"https:\/\/verdadeon.com.br\/portal\/#\/schema\/person\/image\/\",\"url\":\"https:\/\/secure.gravatar.com\/avatar\/29b2a17f5bcadeb827411b66f48ac13c3e0ecaf5906c0f5745ecc5d41c24eada?s=96&d=mm&r=g\",\"contentUrl\":\"https:\/\/secure.gravatar.com\/avatar\/29b2a17f5bcadeb827411b66f48ac13c3e0ecaf5906c0f5745ecc5d41c24eada?s=96&d=mm&r=g\",\"caption\":\"Nelise Luques\"},\"url\":\"https:\/\/verdadeon.com.br\/portal\/author\/verdade\/\"}]}<\/script>\n<!-- \/ Yoast SEO plugin. -->","yoast_head_json":{"title":"Dengue em Franca dispara e supera 200 casos neste ano - VerdadeOn","robots":{"index":"index","follow":"follow","max-snippet":"max-snippet:-1","max-image-preview":"max-image-preview:large","max-video-preview":"max-video-preview:-1"},"canonical":"https:\/\/verdadeon.com.br\/portal\/2021\/10\/19\/dengue-em-franca-dispara-e-supera-200-casos-neste-ano\/","og_locale":"pt_BR","og_type":"article","og_title":"Dengue em Franca dispara e supera 200 casos neste ano - VerdadeOn","og_description":"Total registrado em 2021 \u00e9 379% que no ano passado; Prefeitura refor\u00e7a a\u00e7\u00f5es para eliminar criadouros, mas popula\u00e7\u00e3o precisa contribuir\u00a0 &nbsp; Os casos de dengue em [\u2026]","og_url":"https:\/\/verdadeon.com.br\/portal\/2021\/10\/19\/dengue-em-franca-dispara-e-supera-200-casos-neste-ano\/","og_site_name":"VerdadeOn","article_published_time":"2021-10-19T22:00:06+00:00","article_modified_time":"2021-10-19T22:37:21+00:00","og_image":[{"width":1001,"height":668,"url":"https:\/\/verdadeon.com.br\/portal\/wp-content\/uploads\/2021\/10\/ACOES-DE-COMBATE-A-DENGUE-EM-FRANCA-FOTO-DIVULGACAO-e1634680559334.jpeg","type":"image\/jpeg"}],"author":"Nelise Luques","twitter_card":"summary_large_image","twitter_misc":{"Escrito por":"Nelise Luques","Est. tempo de leitura":"2 minutos"},"schema":{"@context":"https:\/\/schema.org","@graph":[{"@type":"WebPage","@id":"https:\/\/verdadeon.com.br\/portal\/2021\/10\/19\/dengue-em-franca-dispara-e-supera-200-casos-neste-ano\/","url":"https:\/\/verdadeon.com.br\/portal\/2021\/10\/19\/dengue-em-franca-dispara-e-supera-200-casos-neste-ano\/","name":"Dengue em Franca dispara e supera 200 casos neste ano - VerdadeOn","isPartOf":{"@id":"https:\/\/verdadeon.com.br\/portal\/#website"},"primaryImageOfPage":{"@id":"https:\/\/verdadeon.com.br\/portal\/2021\/10\/19\/dengue-em-franca-dispara-e-supera-200-casos-neste-ano\/#primaryimage"},"image":{"@id":"https:\/\/verdadeon.com.br\/portal\/2021\/10\/19\/dengue-em-franca-dispara-e-supera-200-casos-neste-ano\/#primaryimage"},"thumbnailUrl":"https:\/\/i0.wp.com\/verdadeon.com.br\/portal\/wp-content\/uploads\/2021\/10\/ACOES-DE-COMBATE-A-DENGUE-EM-FRANCA-FOTO-DIVULGACAO-e1634680559334.jpeg?fit=1001%2C668&ssl=1","datePublished":"2021-10-19T22:00:06+00:00","dateModified":"2021-10-19T22:37:21+00:00","author":{"@id":"https:\/\/verdadeon.com.br\/portal\/#\/schema\/person\/8248726d36015c1916636fabb175d972"},"breadcrumb":{"@id":"https:\/\/verdadeon.com.br\/portal\/2021\/10\/19\/dengue-em-franca-dispara-e-supera-200-casos-neste-ano\/#breadcrumb"},"inLanguage":"pt-BR","potentialAction":[{"@type":"ReadAction","target":["https:\/\/verdadeon.com.br\/portal\/2021\/10\/19\/dengue-em-franca-dispara-e-supera-200-casos-neste-ano\/"]}]},{"@type":"ImageObject","inLanguage":"pt-BR","@id":"https:\/\/verdadeon.com.br\/portal\/2021\/10\/19\/dengue-em-franca-dispara-e-supera-200-casos-neste-ano\/#primaryimage","url":"https:\/\/i0.wp.com\/verdadeon.com.br\/portal\/wp-content\/uploads\/2021\/10\/ACOES-DE-COMBATE-A-DENGUE-EM-FRANCA-FOTO-DIVULGACAO-e1634680559334.jpeg?fit=1001%2C668&ssl=1","contentUrl":"https:\/\/i0.wp.com\/verdadeon.com.br\/portal\/wp-content\/uploads\/2021\/10\/ACOES-DE-COMBATE-A-DENGUE-EM-FRANCA-FOTO-DIVULGACAO-e1634680559334.jpeg?fit=1001%2C668&ssl=1","width":1001,"height":668,"caption":"Agentes de Sa\u00fade vistoriam jardim em resid\u00eancia para eliminar criadouros do mosquito da dengue | Foto: Divulga\u00e7\u00e3o"},{"@type":"BreadcrumbList","@id":"https:\/\/verdadeon.com.br\/portal\/2021\/10\/19\/dengue-em-franca-dispara-e-supera-200-casos-neste-ano\/#breadcrumb","itemListElement":[{"@type":"ListItem","position":1,"name":"In\u00edcio","item":"https:\/\/verdadeon.com.br\/portal\/"},{"@type":"ListItem","position":2,"name":"Dengue em Franca dispara e supera 200 casos neste ano"}]},{"@type":"WebSite","@id":"https:\/\/verdadeon.com.br\/portal\/#website","url":"https:\/\/verdadeon.com.br\/portal\/","name":"VerdadeOn","description":"Not\u00edcias di\u00e1rias sobre Franca, Regi\u00e3o, Esporte, Cultura, Cotidiano, Colunas. Cobertura nos principais eventos da cidade \u00e9 aqui - Verdadeon Franca","potentialAction":[{"@type":"SearchAction","target":{"@type":"EntryPoint","urlTemplate":"https:\/\/verdadeon.com.br\/portal\/?s={search_term_string}"},"query-input":{"@type":"PropertyValueSpecification","valueRequired":true,"valueName":"search_term_string"}}],"inLanguage":"pt-BR"},{"@type":"Person","@id":"https:\/\/verdadeon.com.br\/portal\/#\/schema\/person\/8248726d36015c1916636fabb175d972","name":"Nelise Luques","image":{"@type":"ImageObject","inLanguage":"pt-BR","@id":"https:\/\/verdadeon.com.br\/portal\/#\/schema\/person\/image\/","url":"https:\/\/secure.gravatar.com\/avatar\/29b2a17f5bcadeb827411b66f48ac13c3e0ecaf5906c0f5745ecc5d41c24eada?s=96&d=mm&r=g","contentUrl":"https:\/\/secure.gravatar.com\/avatar\/29b2a17f5bcadeb827411b66f48ac13c3e0ecaf5906c0f5745ecc5d41c24eada?s=96&d=mm&r=g","caption":"Nelise Luques"},"url":"https:\/\/verdadeon.com.br\/portal\/author\/verdade\/"}]}},"jetpack_publicize_connections":[],"jetpack_featured_media_url":"https:\/\/i0.wp.com\/verdadeon.com.br\/portal\/wp-content\/uploads\/2021\/10\/ACOES-DE-COMBATE-A-DENGUE-EM-FRANCA-FOTO-DIVULGACAO-e1634680559334.jpeg?fit=1001%2C668&ssl=1","jetpack_sharing_enabled":true,"_links":{"self":[{"href":"https:\/\/verdadeon.com.br\/portal\/wp-json\/wp\/v2\/posts\/20420","targetHints":{"allow":["GET"]}}],"collection":[{"href":"https:\/\/verdadeon.com.br\/portal\/wp-json\/wp\/v2\/posts"}],"about":[{"href":"https:\/\/verdadeon.com.br\/portal\/wp-json\/wp\/v2\/types\/post"}],"author":[{"embeddable":true,"href":"https:\/\/verdadeon.com.br\/portal\/wp-json\/wp\/v2\/users\/12"}],"replies":[{"embeddable":true,"href":"https:\/\/verdadeon.com.br\/portal\/wp-json\/wp\/v2\/comments?post=20420"}],"version-history":[{"count":0,"href":"https:\/\/verdadeon.com.br\/portal\/wp-json\/wp\/v2\/posts\/20420\/revisions"}],"wp:featuredmedia":[{"embeddable":true,"href":"https:\/\/verdadeon.com.br\/portal\/wp-json\/wp\/v2\/media\/20421"}],"wp:attachment":[{"href":"https:\/\/verdadeon.com.br\/portal\/wp-json\/wp\/v2\/media?parent=20420"}],"wp:term":[{"taxonomy":"category","embeddable":true,"href":"https:\/\/verdadeon.com.br\/portal\/wp-json\/wp\/v2\/categories?post=20420"},{"taxonomy":"post_tag","embeddable":true,"href":"https:\/\/verdadeon.com.br\/portal\/wp-json\/wp\/v2\/tags?post=20420"}],"curies":[{"name":"wp","href":"https:\/\/api.w.org\/{rel}","templated":true}]}}