{"id":20363,"date":"2021-10-16T16:00:46","date_gmt":"2021-10-16T19:00:46","guid":{"rendered":"https:\/\/verdadeon.com.br\/portal\/?p=20363"},"modified":"2021-10-16T12:12:33","modified_gmt":"2021-10-16T15:12:33","slug":"o-clima-tenso-e-duvidoso-da-doenca-nao-pode-tirar-o-sorriso-e-a-esperanca-dos-pacientes","status":"publish","type":"post","link":"https:\/\/verdadeon.com.br\/portal\/2021\/10\/16\/o-clima-tenso-e-duvidoso-da-doenca-nao-pode-tirar-o-sorriso-e-a-esperanca-dos-pacientes\/","title":{"rendered":"\u2018O clima tenso e duvidoso da doen\u00e7a n\u00e3o pode tirar o sorriso e a esperan\u00e7a dos pacientes\u2019"},"content":{"rendered":"<h2>No Dia do M\u00e9dico, Laurence de Oliveira, diretor do Hospital do C\u00e2ncer e do Cora\u00e7\u00e3o de Franca, compartilha conquistas, desafios e sonhos para um atendimento mais humano e inovador<\/h2>\n<p><b>Nelise Luques<\/b><\/p>\n<p><span style=\"font-weight: 400;\">A liga\u00e7\u00e3o com os av\u00f3s despertou desde a inf\u00e2ncia o interesse pelo cuidar. Ainda crian\u00e7a, Laurence Dias de Oliveira, 40, j\u00e1 compartilhava com os professores o desejo de ser m\u00e9dico. A vontade se concretizou e o Doutor Laurence vem escrevendo uma hist\u00f3ria exemplar na Medicina.\u00a0<\/span><\/p>\n<p><span style=\"font-weight: 400;\">O lado humano e inovador se destacam. A busca pelo sorriso em momentos de dor, tamb\u00e9m. Ele \u00e9 o entrevistado do Jornal Verdade e uma forma de prestar homenagem aos profissionais da \u00e1rea no Dia do M\u00e9dico, comemorado em 18 de outubro.<\/span><\/p>\n<p><span style=\"font-weight: 400;\">Laurence \u00e9 ortopedista, especialista em m\u00e3o e microcirurgia do Grupo Santa Casa de Franca, com atua\u00e7\u00e3o no Hospital Geral e AME, al\u00e9m de ser diretor t\u00e9cnico do Hospital do Cora\u00e7\u00e3o e C\u00e2ncer e m\u00e9dico da Unimed.<\/span><\/p>\n<p>&nbsp;<\/p>\n<p><b>Como foi o despertar para a Medicina? O senhor costuma dizer que desde crian\u00e7a falava em ser m\u00e9dico. Como \u00e9 essa hist\u00f3ria?<\/b><\/p>\n<p><span style=\"font-weight: 400;\">Sempre fui muito ligado aos meus av\u00f3s e acho que isso pode ter despertado o sentimento do cuidar. Tive toda minha vida escolar no Pestalozzi, em Franca, e me lembro de desde pequeno comentar com os professores sobre ser m\u00e9dico.<\/span><\/p>\n<p><b>O que mais te chama a aten\u00e7\u00e3o na \u00e1rea da Medicina?<\/b><\/p>\n<p><span style=\"font-weight: 400;\">A possibilidade de diminuir o sofrimento e as ang\u00fastias dos pacientes.<\/span><\/p>\n<p><b>O senhor \u00e9 um m\u00e9dico jovem, mas j\u00e1 construiu um jeito pr\u00f3prio de atuar, com destaque para a humaniza\u00e7\u00e3o, afeto e inova\u00e7\u00f5es. Conte-nos um pouco sobre o \u2018Doutor Laurence\u2019?<\/b><\/p>\n<p><span style=\"font-weight: 400;\">Tento atender meus pacientes com empatia, sempre tentando fazer o melhor, acredito no poder das novas tecnologias e medica\u00e7\u00f5es, mas tamb\u00e9m que elas, sem o olhar, o toque, a aten\u00e7\u00e3o e as palavras dos profissionais da sa\u00fade n\u00e3o s\u00e3o capazes de resolver nada.<\/span><\/p>\n<p><b>Como surgiu a oportunidade de ser diretor no Hospital do C\u00e2ncer e Cora\u00e7\u00e3o?\u00a0<\/b><\/p>\n<p><span style=\"font-weight: 400;\">Sempre fui muito pr\u00f3ximo ao Servi\u00e7o de Resid\u00eancia M\u00e9dica e com isso comecei a frequentar as reuni\u00f5es da diretoria da Santa Casa e estas me fizeram voltar os olhos para a gest\u00e3o hospitalar. Fiz p\u00f3s-gradua\u00e7\u00e3o em Gest\u00e3o e Sa\u00fade pela FGV e da\u00ed veio a oportunidade de assumir a dire\u00e7\u00e3o t\u00e9cnica do Hospital do C\u00e2ncer e Cora\u00e7\u00e3o.<\/span><\/p>\n<p><b>O senhor realizou adapta\u00e7\u00f5es na estrutura do Hospital do C\u00e2ncer e deixou o ambiente mais acolhedor e alegre. Os pacientes comentam sobre o espa\u00e7o? \u00c9 poss\u00edvel perceber os ganhos que essas mudan\u00e7as geraram para os pacientes, \u00e9 claro, mas tamb\u00e9m para os profissionais e familiares?<\/b><\/p>\n<p><span style=\"font-weight: 400;\">A melhoria no acolhimento e humaniza\u00e7\u00e3o do paciente \u00e9 uma busca constante. Conseguimos grandes melhorias na ala de quimioterapia do C\u00e2ncer infanto-juvenil, uma grande expans\u00e3o da recep\u00e7\u00e3o central e, no final de novembro, iremos entregar novos consult\u00f3rios m\u00e9dicos e da equipe multidisciplinar, al\u00e9m de uma nova \u00e1rea de medica\u00e7\u00e3o e coleta de exames. Temos tido um \u00f3timo feedback dos pacientes e familiares. A melhoria nas instala\u00e7\u00f5es propicia um ambiente mais aconchegante, tranquilo e acolhedor n\u00e3o s\u00f3 para os pacientes, mas tamb\u00e9m para seus familiares.<\/span><\/p>\n<p><b>Al\u00e9m de inovar as salas e instala\u00e7\u00f5es do hospital, o senhor idealizou passeios e comemora\u00e7\u00f5es de datas especiais. Gostaria que comentasse sobre essas iniciativas.<\/b><\/p>\n<p><span style=\"font-weight: 400;\">Antes da pandemia, conseguimos realizar uma visita, junto com as crian\u00e7as do Hospital do C\u00e2ncer ao Zool\u00f3gico e ao Parque Goril\u00e3o em Ribeir\u00e3o Preto. Com a pandemia, as viagens ficaram suspensas, mas conseguimos, mantendo os protocolos de seguran\u00e7a, manter as comemora\u00e7\u00f5es do Dia das Crian\u00e7as, P\u00e1scoa, Natal, al\u00e9m da festa junina. O clima tenso e duvidoso da doen\u00e7a e do tratamento n\u00e3o pode tirar o sorriso e a esperan\u00e7a dos pacientes.<\/span><\/p>\n<p><b>Que a\u00e7\u00e3o est\u00e1 entre as mais marcantes para o senhor e por que? Sinta-se \u00e0 vontade para comentar o seu sentimento, a rea\u00e7\u00e3o de algum paciente e benef\u00edcios que p\u00f4de perceber com essas iniciativas.<\/b><\/p>\n<p><span style=\"font-weight: 400;\">Todas as a\u00e7\u00f5es s\u00e3o gratificantes e com hist\u00f3ria pr\u00f3pria. Contamos sempre com parceiros que \u2018compram as ideias\u2019 e nos ajudam a construir essas hist\u00f3rias. Uma hist\u00f3ria que me marcou muito foi a a\u00e7\u00e3o junto com irm\u00e3os que possibilitou o implante dent\u00e1rio em um paciente muito novo que tinha perdido a denti\u00e7\u00e3o em consequ\u00eancia do c\u00e2ncer. Acredito muito no poder do sorriso.<\/span><\/p>\n<p><b>Acredito que pelo seu perfil as ideias na sua cabe\u00e7a devem fervilhar. Pode compartilhar com a gente as pr\u00f3ximas novidades que os pacientes atendidos em Franca devem ganhar?\u00a0<\/b><\/p>\n<p><span style=\"font-weight: 400;\">Temos v\u00e1rios projetos em andamento, na estrutura f\u00edsica, na renova\u00e7\u00e3o do parque tecnol\u00f3gico e na humaniza\u00e7\u00e3o, mas n\u00e3o vamos estragar a surpresa (risos).\u00a0<\/span><\/p>\n<p><b>E sobre a Capelania, a assist\u00eancia religiosa-espiritual, tamb\u00e9m \u00e9 um servi\u00e7o que nasce no HC na sua gest\u00e3o, certo? O que motivou a implanta\u00e7\u00e3o?<\/b><\/p>\n<p><span style=\"font-weight: 400;\">Temos muito orgulho desse projeto, que como muitos outros, sem ajuda e trabalho incans\u00e1vel da gerente assistencial Wiviane Nogueira n\u00e3o teria sa\u00eddo do papel. Acreditar em uma for\u00e7a maior, independente das suas cren\u00e7as, traz palavras de conforto e amparo aos pacientes e familiares .<\/span><\/p>\n<p><b>Doutor, n\u00e3o temos como falar do Dia do M\u00e9dico sem relembrar o desafio do \u00faltimo um ano e meio frente \u00e0 pandemia da Covid-19. Qual foi o seu primeiro contato com um caso de coronav\u00edrus? O senhor se lembra da data e como foi esse momento e a sensa\u00e7\u00e3o?<\/b><\/p>\n<p><span style=\"font-weight: 400;\">Realmente est\u00e1 sendo um grande desafio, nossa primeira interna\u00e7\u00e3o de um caso de coronav\u00edrus foi no dia 21 de mar\u00e7o de 2020, foi uma mistura de medo, respeito e gana. Ainda n\u00e3o se tinha muitas informa\u00e7\u00f5es sobre seguran\u00e7a, transmiss\u00e3o e o medo de se contaminar era grande, mas a vontade e a gana de salvar o pr\u00f3ximo sempre foram maiores.<\/span><\/p>\n<p><b>Costumo dizer que uma palavra que bem define o coronav\u00edrus \u00e9 a incerteza. Especialmente no in\u00edcio, tudo era muito incerto: a capacidade real do v\u00edrus, as sequelas que poderia causar, a propor\u00e7\u00e3o que alcan\u00e7aria no mundo, no pa\u00eds e na cidade, a vacina, entre outras quest\u00f5es. Como foi &#8211; ou ainda \u00e9 &#8211; estar no comando de uma equipe diante desse cen\u00e1rio?<\/b><\/p>\n<p><span style=\"font-weight: 400;\">Come\u00e7amos do zero, criamos protocolos para tudo, de paramenta\u00e7\u00e3o de prote\u00e7\u00e3o individual, a entrada e sa\u00edda de pacientes, de isolamento de suspeitos at\u00e9 os protocolos de reabilita\u00e7\u00e3o motora. Foram longos meses de reuni\u00f5es di\u00e1rias buscando solu\u00e7\u00f5es para problemas ainda n\u00e3o vividos. Gra\u00e7as a uma equipe muito dedicada, conseguimos avan\u00e7ar.<\/span><\/p>\n<p><b>Qual foi o momento mais desafiador para o senhor e como superou?<\/b><\/p>\n<p><span style=\"font-weight: 400;\">Com certeza foi a superlota\u00e7\u00e3o e a falta de leitos. A diretoria administrativa e executiva, atrav\u00e9s de um trabalho \u00e1rduo, conseguiu levantar financiamento para amplia\u00e7\u00e3o dos mesmos e junto com a colabora\u00e7\u00e3o do corpo cl\u00ednico da institui\u00e7\u00e3o estes foram implantados.<\/span><\/p>\n<p><b>Sabemos do estresse e press\u00e3o que os profissionais da sa\u00fade vivenciam at\u00e9 hoje por conta da pandemia. Que mensagem o senhor pode deixar para eles?<\/b><\/p>\n<p><span style=\"font-weight: 400;\">Tenho muito orgulho de cada um deles, que enfrentaram tudo com disposi\u00e7\u00e3o. S\u00f3 tenho que agradecer, tenho muita sorte de ter uma equipe t\u00e3o comprometida.<\/span><\/p>\n<p><b>Doutor, n\u00e3o apenas com a pandemia, mas a \u00e1rea de oncologia em especial, traz muitas perdas de pacientes. Pela conviv\u00eancia t\u00e3o pr\u00f3xima, acredito que criam-se v\u00ednculos com esses pacientes e familiares. Como o senhor lida com a morte dos pacientes, \u00e0s vezes crian\u00e7as?<\/b><\/p>\n<p><span style=\"font-weight: 400;\">Esse \u00e9 um assunto que n\u00e3o lido muito bem, vivo cada paciente, cada doen\u00e7a e infelizmente cada perda. O respeito a cada familiar e sua perda \u00e9 enorme, mas o trabalho precisa continuar na tentativa de salvar outras vidas.<\/span><\/p>\n<p><b>O senhor \u00e9 casado com uma m\u00e9dica. Como \u00e9 ter na fam\u00edlia dois m\u00e9dicos? Tamb\u00e9m\u00a0 \u00e9 desafiador administrar a rotina de trabalho e fam\u00edlia?<\/b><\/p>\n<p><span style=\"font-weight: 400;\">Tenho uma grande parceira que me apoia em tudo e acho que isso facilita muito. Em muitas a\u00e7\u00f5es ela est\u00e1 envolvida diretamente. A fam\u00edlia \u00e9 o nosso alicerce, minhas filhas s\u00e3o maravilhosas, apesar do tempo curto que as vezes temos, espero que elas tenham orgulho e entendimento da aus\u00eancia do pai, mas com certeza n\u00e3o \u00e9 f\u00e1cil.<\/span><\/p>\n<p><b>Doutor, qual o senhor maior sonho ou projeto enquanto m\u00e9dico?<\/b><\/p>\n<p><span style=\"font-weight: 400;\">Melhorar o acesso \u00e0 sa\u00fade e que todos tenham a possibilidade de ter o melhor dela, independente da condi\u00e7\u00e3o financeira.<\/span><\/p>\n","protected":false},"excerpt":{"rendered":"<p>No Dia do M\u00e9dico, Laurence de Oliveira, diretor do Hospital do C\u00e2ncer e do Cora\u00e7\u00e3o de Franca, compartilha conquistas, desafios e sonhos para um atendimento mais<span class=\"excerpt-hellip\"> [\u2026]<\/span><\/p>\n","protected":false},"author":12,"featured_media":20365,"comment_status":"open","ping_status":"open","sticky":false,"template":"","format":"standard","meta":{"_jetpack_memberships_contains_paid_content":false,"footnotes":"","jetpack_publicize_message":"","jetpack_publicize_feature_enabled":true,"jetpack_social_post_already_shared":false,"jetpack_social_options":{"image_generator_settings":{"template":"highway","default_image_id":0,"enabled":false},"version":2}},"categories":[28,81],"tags":[],"class_list":["post-20363","post","type-post","status-publish","format-standard","has-post-thumbnail","hentry","category-cotidiano","category-manchete"],"yoast_head":"<!-- This site is optimized with the Yoast SEO plugin v25.6 - https:\/\/yoast.com\/wordpress\/plugins\/seo\/ -->\n<title>\u2018O clima tenso e duvidoso da doen\u00e7a n\u00e3o pode tirar o sorriso e a esperan\u00e7a dos pacientes\u2019 - VerdadeOn<\/title>\n<meta name=\"robots\" content=\"index, follow, max-snippet:-1, max-image-preview:large, max-video-preview:-1\" \/>\n<link rel=\"canonical\" href=\"https:\/\/verdadeon.com.br\/portal\/2021\/10\/16\/o-clima-tenso-e-duvidoso-da-doenca-nao-pode-tirar-o-sorriso-e-a-esperanca-dos-pacientes\/\" \/>\n<meta property=\"og:locale\" content=\"pt_BR\" \/>\n<meta property=\"og:type\" content=\"article\" \/>\n<meta property=\"og:title\" content=\"\u2018O clima tenso e duvidoso da doen\u00e7a n\u00e3o pode tirar o sorriso e a esperan\u00e7a dos pacientes\u2019 - VerdadeOn\" \/>\n<meta property=\"og:description\" content=\"No Dia do M\u00e9dico, Laurence de Oliveira, diretor do Hospital do C\u00e2ncer e do Cora\u00e7\u00e3o de Franca, compartilha conquistas, desafios e sonhos para um atendimento mais [\u2026]\" \/>\n<meta property=\"og:url\" content=\"https:\/\/verdadeon.com.br\/portal\/2021\/10\/16\/o-clima-tenso-e-duvidoso-da-doenca-nao-pode-tirar-o-sorriso-e-a-esperanca-dos-pacientes\/\" \/>\n<meta property=\"og:site_name\" content=\"VerdadeOn\" \/>\n<meta property=\"article:published_time\" content=\"2021-10-16T19:00:46+00:00\" \/>\n<meta property=\"og:image\" content=\"https:\/\/verdadeon.com.br\/portal\/wp-content\/uploads\/2021\/10\/Dr-Laurence_foto-2.jpg\" \/>\n\t<meta property=\"og:image:width\" content=\"1368\" \/>\n\t<meta property=\"og:image:height\" content=\"884\" \/>\n\t<meta property=\"og:image:type\" content=\"image\/jpeg\" \/>\n<meta name=\"author\" content=\"Nelise Luques\" \/>\n<meta name=\"twitter:card\" content=\"summary_large_image\" \/>\n<meta name=\"twitter:label1\" content=\"Escrito por\" \/>\n\t<meta name=\"twitter:data1\" content=\"Nelise Luques\" \/>\n\t<meta name=\"twitter:label2\" content=\"Est. tempo de leitura\" \/>\n\t<meta name=\"twitter:data2\" content=\"6 minutos\" \/>\n<script type=\"application\/ld+json\" class=\"yoast-schema-graph\">{\"@context\":\"https:\/\/schema.org\",\"@graph\":[{\"@type\":\"WebPage\",\"@id\":\"https:\/\/verdadeon.com.br\/portal\/2021\/10\/16\/o-clima-tenso-e-duvidoso-da-doenca-nao-pode-tirar-o-sorriso-e-a-esperanca-dos-pacientes\/\",\"url\":\"https:\/\/verdadeon.com.br\/portal\/2021\/10\/16\/o-clima-tenso-e-duvidoso-da-doenca-nao-pode-tirar-o-sorriso-e-a-esperanca-dos-pacientes\/\",\"name\":\"\u2018O clima tenso e duvidoso da doen\u00e7a n\u00e3o pode tirar o sorriso e a esperan\u00e7a dos pacientes\u2019 - VerdadeOn\",\"isPartOf\":{\"@id\":\"https:\/\/verdadeon.com.br\/portal\/#website\"},\"primaryImageOfPage\":{\"@id\":\"https:\/\/verdadeon.com.br\/portal\/2021\/10\/16\/o-clima-tenso-e-duvidoso-da-doenca-nao-pode-tirar-o-sorriso-e-a-esperanca-dos-pacientes\/#primaryimage\"},\"image\":{\"@id\":\"https:\/\/verdadeon.com.br\/portal\/2021\/10\/16\/o-clima-tenso-e-duvidoso-da-doenca-nao-pode-tirar-o-sorriso-e-a-esperanca-dos-pacientes\/#primaryimage\"},\"thumbnailUrl\":\"https:\/\/i0.wp.com\/verdadeon.com.br\/portal\/wp-content\/uploads\/2021\/10\/Dr-Laurence_foto-2.jpg?fit=1368%2C884&ssl=1\",\"datePublished\":\"2021-10-16T19:00:46+00:00\",\"author\":{\"@id\":\"https:\/\/verdadeon.com.br\/portal\/#\/schema\/person\/8248726d36015c1916636fabb175d972\"},\"breadcrumb\":{\"@id\":\"https:\/\/verdadeon.com.br\/portal\/2021\/10\/16\/o-clima-tenso-e-duvidoso-da-doenca-nao-pode-tirar-o-sorriso-e-a-esperanca-dos-pacientes\/#breadcrumb\"},\"inLanguage\":\"pt-BR\",\"potentialAction\":[{\"@type\":\"ReadAction\",\"target\":[\"https:\/\/verdadeon.com.br\/portal\/2021\/10\/16\/o-clima-tenso-e-duvidoso-da-doenca-nao-pode-tirar-o-sorriso-e-a-esperanca-dos-pacientes\/\"]}]},{\"@type\":\"ImageObject\",\"inLanguage\":\"pt-BR\",\"@id\":\"https:\/\/verdadeon.com.br\/portal\/2021\/10\/16\/o-clima-tenso-e-duvidoso-da-doenca-nao-pode-tirar-o-sorriso-e-a-esperanca-dos-pacientes\/#primaryimage\",\"url\":\"https:\/\/i0.wp.com\/verdadeon.com.br\/portal\/wp-content\/uploads\/2021\/10\/Dr-Laurence_foto-2.jpg?fit=1368%2C884&ssl=1\",\"contentUrl\":\"https:\/\/i0.wp.com\/verdadeon.com.br\/portal\/wp-content\/uploads\/2021\/10\/Dr-Laurence_foto-2.jpg?fit=1368%2C884&ssl=1\",\"width\":1368,\"height\":884,\"caption\":\"O m\u00e9dico ortopedista Laurence Dias de Oliveira sobre o falecimento de pacientes: \\\"Esse \u00e9 um assunto que n\u00e3o lido muito bem, vivo cada paciente, cada doen\u00e7a e infelizmente cada perda\\\" | Foto: Divulga\u00e7\u00e3o\"},{\"@type\":\"BreadcrumbList\",\"@id\":\"https:\/\/verdadeon.com.br\/portal\/2021\/10\/16\/o-clima-tenso-e-duvidoso-da-doenca-nao-pode-tirar-o-sorriso-e-a-esperanca-dos-pacientes\/#breadcrumb\",\"itemListElement\":[{\"@type\":\"ListItem\",\"position\":1,\"name\":\"In\u00edcio\",\"item\":\"https:\/\/verdadeon.com.br\/portal\/\"},{\"@type\":\"ListItem\",\"position\":2,\"name\":\"\u2018O clima tenso e duvidoso da doen\u00e7a n\u00e3o pode tirar o sorriso e a esperan\u00e7a dos pacientes\u2019\"}]},{\"@type\":\"WebSite\",\"@id\":\"https:\/\/verdadeon.com.br\/portal\/#website\",\"url\":\"https:\/\/verdadeon.com.br\/portal\/\",\"name\":\"VerdadeOn\",\"description\":\"Not\u00edcias di\u00e1rias sobre Franca, Regi\u00e3o, Esporte, Cultura, Cotidiano, Colunas. Cobertura nos principais eventos da cidade \u00e9 aqui - Verdadeon Franca\",\"potentialAction\":[{\"@type\":\"SearchAction\",\"target\":{\"@type\":\"EntryPoint\",\"urlTemplate\":\"https:\/\/verdadeon.com.br\/portal\/?s={search_term_string}\"},\"query-input\":{\"@type\":\"PropertyValueSpecification\",\"valueRequired\":true,\"valueName\":\"search_term_string\"}}],\"inLanguage\":\"pt-BR\"},{\"@type\":\"Person\",\"@id\":\"https:\/\/verdadeon.com.br\/portal\/#\/schema\/person\/8248726d36015c1916636fabb175d972\",\"name\":\"Nelise Luques\",\"image\":{\"@type\":\"ImageObject\",\"inLanguage\":\"pt-BR\",\"@id\":\"https:\/\/verdadeon.com.br\/portal\/#\/schema\/person\/image\/\",\"url\":\"https:\/\/secure.gravatar.com\/avatar\/29b2a17f5bcadeb827411b66f48ac13c3e0ecaf5906c0f5745ecc5d41c24eada?s=96&d=mm&r=g\",\"contentUrl\":\"https:\/\/secure.gravatar.com\/avatar\/29b2a17f5bcadeb827411b66f48ac13c3e0ecaf5906c0f5745ecc5d41c24eada?s=96&d=mm&r=g\",\"caption\":\"Nelise Luques\"},\"url\":\"https:\/\/verdadeon.com.br\/portal\/author\/verdade\/\"}]}<\/script>\n<!-- \/ Yoast SEO plugin. -->","yoast_head_json":{"title":"\u2018O clima tenso e duvidoso da doen\u00e7a n\u00e3o pode tirar o sorriso e a esperan\u00e7a dos pacientes\u2019 - VerdadeOn","robots":{"index":"index","follow":"follow","max-snippet":"max-snippet:-1","max-image-preview":"max-image-preview:large","max-video-preview":"max-video-preview:-1"},"canonical":"https:\/\/verdadeon.com.br\/portal\/2021\/10\/16\/o-clima-tenso-e-duvidoso-da-doenca-nao-pode-tirar-o-sorriso-e-a-esperanca-dos-pacientes\/","og_locale":"pt_BR","og_type":"article","og_title":"\u2018O clima tenso e duvidoso da doen\u00e7a n\u00e3o pode tirar o sorriso e a esperan\u00e7a dos pacientes\u2019 - VerdadeOn","og_description":"No Dia do M\u00e9dico, Laurence de Oliveira, diretor do Hospital do C\u00e2ncer e do Cora\u00e7\u00e3o de Franca, compartilha conquistas, desafios e sonhos para um atendimento mais [\u2026]","og_url":"https:\/\/verdadeon.com.br\/portal\/2021\/10\/16\/o-clima-tenso-e-duvidoso-da-doenca-nao-pode-tirar-o-sorriso-e-a-esperanca-dos-pacientes\/","og_site_name":"VerdadeOn","article_published_time":"2021-10-16T19:00:46+00:00","og_image":[{"width":1368,"height":884,"url":"https:\/\/verdadeon.com.br\/portal\/wp-content\/uploads\/2021\/10\/Dr-Laurence_foto-2.jpg","type":"image\/jpeg"}],"author":"Nelise Luques","twitter_card":"summary_large_image","twitter_misc":{"Escrito por":"Nelise Luques","Est. tempo de leitura":"6 minutos"},"schema":{"@context":"https:\/\/schema.org","@graph":[{"@type":"WebPage","@id":"https:\/\/verdadeon.com.br\/portal\/2021\/10\/16\/o-clima-tenso-e-duvidoso-da-doenca-nao-pode-tirar-o-sorriso-e-a-esperanca-dos-pacientes\/","url":"https:\/\/verdadeon.com.br\/portal\/2021\/10\/16\/o-clima-tenso-e-duvidoso-da-doenca-nao-pode-tirar-o-sorriso-e-a-esperanca-dos-pacientes\/","name":"\u2018O clima tenso e duvidoso da doen\u00e7a n\u00e3o pode tirar o sorriso e a esperan\u00e7a dos pacientes\u2019 - VerdadeOn","isPartOf":{"@id":"https:\/\/verdadeon.com.br\/portal\/#website"},"primaryImageOfPage":{"@id":"https:\/\/verdadeon.com.br\/portal\/2021\/10\/16\/o-clima-tenso-e-duvidoso-da-doenca-nao-pode-tirar-o-sorriso-e-a-esperanca-dos-pacientes\/#primaryimage"},"image":{"@id":"https:\/\/verdadeon.com.br\/portal\/2021\/10\/16\/o-clima-tenso-e-duvidoso-da-doenca-nao-pode-tirar-o-sorriso-e-a-esperanca-dos-pacientes\/#primaryimage"},"thumbnailUrl":"https:\/\/i0.wp.com\/verdadeon.com.br\/portal\/wp-content\/uploads\/2021\/10\/Dr-Laurence_foto-2.jpg?fit=1368%2C884&ssl=1","datePublished":"2021-10-16T19:00:46+00:00","author":{"@id":"https:\/\/verdadeon.com.br\/portal\/#\/schema\/person\/8248726d36015c1916636fabb175d972"},"breadcrumb":{"@id":"https:\/\/verdadeon.com.br\/portal\/2021\/10\/16\/o-clima-tenso-e-duvidoso-da-doenca-nao-pode-tirar-o-sorriso-e-a-esperanca-dos-pacientes\/#breadcrumb"},"inLanguage":"pt-BR","potentialAction":[{"@type":"ReadAction","target":["https:\/\/verdadeon.com.br\/portal\/2021\/10\/16\/o-clima-tenso-e-duvidoso-da-doenca-nao-pode-tirar-o-sorriso-e-a-esperanca-dos-pacientes\/"]}]},{"@type":"ImageObject","inLanguage":"pt-BR","@id":"https:\/\/verdadeon.com.br\/portal\/2021\/10\/16\/o-clima-tenso-e-duvidoso-da-doenca-nao-pode-tirar-o-sorriso-e-a-esperanca-dos-pacientes\/#primaryimage","url":"https:\/\/i0.wp.com\/verdadeon.com.br\/portal\/wp-content\/uploads\/2021\/10\/Dr-Laurence_foto-2.jpg?fit=1368%2C884&ssl=1","contentUrl":"https:\/\/i0.wp.com\/verdadeon.com.br\/portal\/wp-content\/uploads\/2021\/10\/Dr-Laurence_foto-2.jpg?fit=1368%2C884&ssl=1","width":1368,"height":884,"caption":"O m\u00e9dico ortopedista Laurence Dias de Oliveira sobre o falecimento de pacientes: \"Esse \u00e9 um assunto que n\u00e3o lido muito bem, vivo cada paciente, cada doen\u00e7a e infelizmente cada perda\" | Foto: Divulga\u00e7\u00e3o"},{"@type":"BreadcrumbList","@id":"https:\/\/verdadeon.com.br\/portal\/2021\/10\/16\/o-clima-tenso-e-duvidoso-da-doenca-nao-pode-tirar-o-sorriso-e-a-esperanca-dos-pacientes\/#breadcrumb","itemListElement":[{"@type":"ListItem","position":1,"name":"In\u00edcio","item":"https:\/\/verdadeon.com.br\/portal\/"},{"@type":"ListItem","position":2,"name":"\u2018O clima tenso e duvidoso da doen\u00e7a n\u00e3o pode tirar o sorriso e a esperan\u00e7a dos pacientes\u2019"}]},{"@type":"WebSite","@id":"https:\/\/verdadeon.com.br\/portal\/#website","url":"https:\/\/verdadeon.com.br\/portal\/","name":"VerdadeOn","description":"Not\u00edcias di\u00e1rias sobre Franca, Regi\u00e3o, Esporte, Cultura, Cotidiano, Colunas. Cobertura nos principais eventos da cidade \u00e9 aqui - Verdadeon Franca","potentialAction":[{"@type":"SearchAction","target":{"@type":"EntryPoint","urlTemplate":"https:\/\/verdadeon.com.br\/portal\/?s={search_term_string}"},"query-input":{"@type":"PropertyValueSpecification","valueRequired":true,"valueName":"search_term_string"}}],"inLanguage":"pt-BR"},{"@type":"Person","@id":"https:\/\/verdadeon.com.br\/portal\/#\/schema\/person\/8248726d36015c1916636fabb175d972","name":"Nelise Luques","image":{"@type":"ImageObject","inLanguage":"pt-BR","@id":"https:\/\/verdadeon.com.br\/portal\/#\/schema\/person\/image\/","url":"https:\/\/secure.gravatar.com\/avatar\/29b2a17f5bcadeb827411b66f48ac13c3e0ecaf5906c0f5745ecc5d41c24eada?s=96&d=mm&r=g","contentUrl":"https:\/\/secure.gravatar.com\/avatar\/29b2a17f5bcadeb827411b66f48ac13c3e0ecaf5906c0f5745ecc5d41c24eada?s=96&d=mm&r=g","caption":"Nelise Luques"},"url":"https:\/\/verdadeon.com.br\/portal\/author\/verdade\/"}]}},"jetpack_publicize_connections":[],"jetpack_featured_media_url":"https:\/\/i0.wp.com\/verdadeon.com.br\/portal\/wp-content\/uploads\/2021\/10\/Dr-Laurence_foto-2.jpg?fit=1368%2C884&ssl=1","jetpack_sharing_enabled":true,"_links":{"self":[{"href":"https:\/\/verdadeon.com.br\/portal\/wp-json\/wp\/v2\/posts\/20363","targetHints":{"allow":["GET"]}}],"collection":[{"href":"https:\/\/verdadeon.com.br\/portal\/wp-json\/wp\/v2\/posts"}],"about":[{"href":"https:\/\/verdadeon.com.br\/portal\/wp-json\/wp\/v2\/types\/post"}],"author":[{"embeddable":true,"href":"https:\/\/verdadeon.com.br\/portal\/wp-json\/wp\/v2\/users\/12"}],"replies":[{"embeddable":true,"href":"https:\/\/verdadeon.com.br\/portal\/wp-json\/wp\/v2\/comments?post=20363"}],"version-history":[{"count":0,"href":"https:\/\/verdadeon.com.br\/portal\/wp-json\/wp\/v2\/posts\/20363\/revisions"}],"wp:featuredmedia":[{"embeddable":true,"href":"https:\/\/verdadeon.com.br\/portal\/wp-json\/wp\/v2\/media\/20365"}],"wp:attachment":[{"href":"https:\/\/verdadeon.com.br\/portal\/wp-json\/wp\/v2\/media?parent=20363"}],"wp:term":[{"taxonomy":"category","embeddable":true,"href":"https:\/\/verdadeon.com.br\/portal\/wp-json\/wp\/v2\/categories?post=20363"},{"taxonomy":"post_tag","embeddable":true,"href":"https:\/\/verdadeon.com.br\/portal\/wp-json\/wp\/v2\/tags?post=20363"}],"curies":[{"name":"wp","href":"https:\/\/api.w.org\/{rel}","templated":true}]}}