{"id":20290,"date":"2021-10-13T18:18:04","date_gmt":"2021-10-13T21:18:04","guid":{"rendered":"https:\/\/verdadeon.com.br\/portal\/?p=20290"},"modified":"2021-10-13T19:09:54","modified_gmt":"2021-10-13T22:09:54","slug":"destaque-no-estado-de-sao-paulo-franca-vive-boom-imobiliario","status":"publish","type":"post","link":"https:\/\/verdadeon.com.br\/portal\/2021\/10\/13\/destaque-no-estado-de-sao-paulo-franca-vive-boom-imobiliario\/","title":{"rendered":"Destaque no Estado de S\u00e3o Paulo, Franca vive boom imobili\u00e1rio"},"content":{"rendered":"<h2>Segundo o Crecisp, vendas de casas e apartamentos usados cresceram 161% na regi\u00e3o entre julho e agosto deste ano<\/h2>\n<p><span style=\"font-weight: 400;\">Na contram\u00e3o de regi\u00f5es metropolitanas e outras cidades do interior do Estado de S\u00e3o Paulo, Franca e cidades da regi\u00e3o vivem um boom imobili\u00e1rio. Pesquisa recente realizada pelo Crecisp (Conselho Regional de Corretores de Im\u00f3veis do Estado de SP) confirma o aquecimento do setor e revela que entre julho e agosto deste ano a venda de casas e apartamentos usados cresceu 161% e a loca\u00e7\u00e3o de im\u00f3veis registrou alta, com eleva\u00e7\u00e3o de 29% dos contratos.<\/span><\/p>\n<p><span style=\"font-weight: 400;\">Para se ter ideia, em Ribeir\u00e3o Preto, a mesma pesquisa apontou queda de 23,4% nas transa\u00e7\u00f5es de venda e 29% de redu\u00e7\u00e3o nos alugu\u00e9is de im\u00f3veis. Em Bauru, cen\u00e1rio semelhante, com retra\u00e7\u00e3o de 15,71% nas vendas e queda de 60,29% nas loca\u00e7\u00f5es. Em S\u00e3o Paulo, a comercializa\u00e7\u00e3o de im\u00f3veis ficou 21,57% menor em agosto na compara\u00e7\u00e3o com julho e as loca\u00e7\u00f5es subiram apenas 1,1%.<\/span><\/p>\n<p><span style=\"font-weight: 400;\">A pesquisa consolida dados informados por Franca e outras quatro cidades da regi\u00e3o &#8211; Igarapava, Ituverava, Restinga e Rifaina. Para o presidente do Creci de SP, Jos\u00e9 Augusto Viana Neto, o bom momento registrado no setor imobili\u00e1rio francano surpreende. \u201cConstatamos que houve queda no n\u00famero de im\u00f3veis transacionados nos grandes centros e em Franca aumentou, e aumentou exponencialmente, acredito que pelo aquecimento da economia e melhora nos \u00edndices de gera\u00e7\u00e3o de emprego nas ind\u00fastrias\u201d, afirmou.<\/span><\/p>\n<p><span style=\"font-weight: 400;\">Viana ainda atribui a acelera\u00e7\u00e3o a um prov\u00e1vel movimento migrat\u00f3rio durante a pandemia da Covid-19 que mudou o modelo de trabalho. \u201cAs pessoas de S\u00e3o Paulo, Campinas e S\u00e3o Paulo passaram a trabalhar em home office, podendo estar fora das empresas onde atuam, e acredito que se mudaram de cidade, priorizando uma melhor qualidade de vida. Franca tem muitas caracter\u00edsticas positivas e tamb\u00e9m pre\u00e7o de im\u00f3veis mais acess\u00edveis, o que contribui para que seja escolhida para essas pessoas morarem\u201d, disse o presidente do Creci, que projeta a continuidade e at\u00e9 maior aquecimento no mercado imobili\u00e1rio.<\/span><\/p>\n<h4><span style=\"font-weight: 400;\">Raio-x da pesquisa<\/span><\/h4>\n<p><span style=\"font-weight: 400;\">Segundo a pesquisa realizada pelo Crecisp com 27 imobili\u00e1rias de Franca e munic\u00edpios vizinhos, 55,56% dos im\u00f3veis vendidos custaram at\u00e9 R$ 400 mil e foram comprados com financiamento banc\u00e1rio (53,33% do total). Os compradores preferiram casas localizadas em bairros de regi\u00f5es centrais (66,57%) e de padr\u00e3o construtivo m\u00e9dio (58,33%). As vendas distribu\u00edram-se igualmente entre casas e apartamentos, com 50% de participa\u00e7\u00e3o cada.<\/span><\/p>\n<p><span style=\"font-weight: 400;\">J\u00e1 os im\u00f3veis mais alugados em agosto nas cinco cidades t\u00eam aluguel mensal de at\u00e9 R$ 1.000 \u2013 50% do total \u2013 e 80% t\u00eam padr\u00e3o construtivo m\u00e9dio. Os novos inquilinos preferiram os apartamentos (60%) \u00e0s casas (40%) e dividiram-se quanto \u00e0 localiza\u00e7\u00e3o: 37,5% estavam em bairros da regi\u00e3o central, 37,5% em bairros nobres e 25% em bairros de periferia.<\/span><\/p>\n<p><span style=\"font-weight: 400;\">O presidente do Crescisp, Jos\u00e9 Augusto Viana Neto, disse que a pesquisa sobre venda e loca\u00e7\u00e3o de im\u00f3veis \u00e9 realizada h\u00e1 oito meses e, a partir de agora, ser\u00e1 disponibilizada no site do Conselho para consultas. \u201cA pesquisa nos traz um panorama do setor imobili\u00e1rio e auxilia as a\u00e7\u00f5es com os profissionais da \u00e1rea e tamb\u00e9m a atua\u00e7\u00e3o deles nas cidades\u201d, afirmou.<\/span><\/p>\n","protected":false},"excerpt":{"rendered":"<p>Segundo o Crecisp, vendas de casas e apartamentos usados cresceram 161% na regi\u00e3o entre julho e agosto deste ano Na contram\u00e3o de regi\u00f5es metropolitanas e outras<span class=\"excerpt-hellip\"> [\u2026]<\/span><\/p>\n","protected":false},"author":12,"featured_media":20292,"comment_status":"open","ping_status":"open","sticky":false,"template":"","format":"standard","meta":{"_jetpack_memberships_contains_paid_content":false,"footnotes":"","jetpack_publicize_message":"","jetpack_publicize_feature_enabled":true,"jetpack_social_post_already_shared":false,"jetpack_social_options":{"image_generator_settings":{"template":"highway","default_image_id":0,"enabled":false},"version":2}},"categories":[28,81],"tags":[],"class_list":["post-20290","post","type-post","status-publish","format-standard","has-post-thumbnail","hentry","category-cotidiano","category-manchete"],"yoast_head":"<!-- This site is optimized with the Yoast SEO plugin v25.6 - https:\/\/yoast.com\/wordpress\/plugins\/seo\/ -->\n<title>Destaque no Estado de S\u00e3o Paulo, Franca vive boom imobili\u00e1rio - VerdadeOn<\/title>\n<meta name=\"robots\" content=\"index, follow, max-snippet:-1, max-image-preview:large, max-video-preview:-1\" \/>\n<link rel=\"canonical\" href=\"https:\/\/verdadeon.com.br\/portal\/2021\/10\/13\/destaque-no-estado-de-sao-paulo-franca-vive-boom-imobiliario\/\" \/>\n<meta property=\"og:locale\" content=\"pt_BR\" \/>\n<meta property=\"og:type\" content=\"article\" \/>\n<meta property=\"og:title\" content=\"Destaque no Estado de S\u00e3o Paulo, Franca vive boom imobili\u00e1rio - VerdadeOn\" \/>\n<meta property=\"og:description\" content=\"Segundo o Crecisp, vendas de casas e apartamentos usados cresceram 161% na regi\u00e3o entre julho e agosto deste ano Na contram\u00e3o de regi\u00f5es metropolitanas e outras [\u2026]\" \/>\n<meta property=\"og:url\" content=\"https:\/\/verdadeon.com.br\/portal\/2021\/10\/13\/destaque-no-estado-de-sao-paulo-franca-vive-boom-imobiliario\/\" \/>\n<meta property=\"og:site_name\" content=\"VerdadeOn\" \/>\n<meta property=\"article:published_time\" content=\"2021-10-13T21:18:04+00:00\" \/>\n<meta property=\"article:modified_time\" content=\"2021-10-13T22:09:54+00:00\" \/>\n<meta property=\"og:image\" content=\"https:\/\/verdadeon.com.br\/portal\/wp-content\/uploads\/2021\/10\/PANORAMICA-DE-FRANCA-e1634159695681.jpeg\" \/>\n\t<meta property=\"og:image:width\" content=\"1001\" \/>\n\t<meta property=\"og:image:height\" content=\"620\" \/>\n\t<meta property=\"og:image:type\" content=\"image\/jpeg\" \/>\n<meta name=\"author\" content=\"Nelise Luques\" \/>\n<meta name=\"twitter:card\" content=\"summary_large_image\" \/>\n<meta name=\"twitter:label1\" content=\"Escrito por\" \/>\n\t<meta name=\"twitter:data1\" content=\"Nelise Luques\" \/>\n\t<meta name=\"twitter:label2\" content=\"Est. tempo de leitura\" \/>\n\t<meta name=\"twitter:data2\" content=\"3 minutos\" \/>\n<script type=\"application\/ld+json\" class=\"yoast-schema-graph\">{\"@context\":\"https:\/\/schema.org\",\"@graph\":[{\"@type\":\"WebPage\",\"@id\":\"https:\/\/verdadeon.com.br\/portal\/2021\/10\/13\/destaque-no-estado-de-sao-paulo-franca-vive-boom-imobiliario\/\",\"url\":\"https:\/\/verdadeon.com.br\/portal\/2021\/10\/13\/destaque-no-estado-de-sao-paulo-franca-vive-boom-imobiliario\/\",\"name\":\"Destaque no Estado de S\u00e3o Paulo, Franca vive boom imobili\u00e1rio - VerdadeOn\",\"isPartOf\":{\"@id\":\"https:\/\/verdadeon.com.br\/portal\/#website\"},\"primaryImageOfPage\":{\"@id\":\"https:\/\/verdadeon.com.br\/portal\/2021\/10\/13\/destaque-no-estado-de-sao-paulo-franca-vive-boom-imobiliario\/#primaryimage\"},\"image\":{\"@id\":\"https:\/\/verdadeon.com.br\/portal\/2021\/10\/13\/destaque-no-estado-de-sao-paulo-franca-vive-boom-imobiliario\/#primaryimage\"},\"thumbnailUrl\":\"https:\/\/i0.wp.com\/verdadeon.com.br\/portal\/wp-content\/uploads\/2021\/10\/PANORAMICA-DE-FRANCA-e1634159695681.jpeg?fit=1001%2C620&ssl=1\",\"datePublished\":\"2021-10-13T21:18:04+00:00\",\"dateModified\":\"2021-10-13T22:09:54+00:00\",\"author\":{\"@id\":\"https:\/\/verdadeon.com.br\/portal\/#\/schema\/person\/8248726d36015c1916636fabb175d972\"},\"breadcrumb\":{\"@id\":\"https:\/\/verdadeon.com.br\/portal\/2021\/10\/13\/destaque-no-estado-de-sao-paulo-franca-vive-boom-imobiliario\/#breadcrumb\"},\"inLanguage\":\"pt-BR\",\"potentialAction\":[{\"@type\":\"ReadAction\",\"target\":[\"https:\/\/verdadeon.com.br\/portal\/2021\/10\/13\/destaque-no-estado-de-sao-paulo-franca-vive-boom-imobiliario\/\"]}]},{\"@type\":\"ImageObject\",\"inLanguage\":\"pt-BR\",\"@id\":\"https:\/\/verdadeon.com.br\/portal\/2021\/10\/13\/destaque-no-estado-de-sao-paulo-franca-vive-boom-imobiliario\/#primaryimage\",\"url\":\"https:\/\/i0.wp.com\/verdadeon.com.br\/portal\/wp-content\/uploads\/2021\/10\/PANORAMICA-DE-FRANCA-e1634159695681.jpeg?fit=1001%2C620&ssl=1\",\"contentUrl\":\"https:\/\/i0.wp.com\/verdadeon.com.br\/portal\/wp-content\/uploads\/2021\/10\/PANORAMICA-DE-FRANCA-e1634159695681.jpeg?fit=1001%2C620&ssl=1\",\"width\":1001,\"height\":620,\"caption\":\"Vendas de im\u00f3veis em Franca e regi\u00e3o aumentaram 11% entre dezembro e janeiro; loca\u00e7\u00f5es sofreram queda de 25%, segundo pesquisa do CreciSP | Foto: Jornal Verdade\"},{\"@type\":\"BreadcrumbList\",\"@id\":\"https:\/\/verdadeon.com.br\/portal\/2021\/10\/13\/destaque-no-estado-de-sao-paulo-franca-vive-boom-imobiliario\/#breadcrumb\",\"itemListElement\":[{\"@type\":\"ListItem\",\"position\":1,\"name\":\"In\u00edcio\",\"item\":\"https:\/\/verdadeon.com.br\/portal\/\"},{\"@type\":\"ListItem\",\"position\":2,\"name\":\"Destaque no Estado de S\u00e3o Paulo, Franca vive boom imobili\u00e1rio\"}]},{\"@type\":\"WebSite\",\"@id\":\"https:\/\/verdadeon.com.br\/portal\/#website\",\"url\":\"https:\/\/verdadeon.com.br\/portal\/\",\"name\":\"VerdadeOn\",\"description\":\"Not\u00edcias di\u00e1rias sobre Franca, Regi\u00e3o, Esporte, Cultura, Cotidiano, Colunas. Cobertura nos principais eventos da cidade \u00e9 aqui - Verdadeon Franca\",\"potentialAction\":[{\"@type\":\"SearchAction\",\"target\":{\"@type\":\"EntryPoint\",\"urlTemplate\":\"https:\/\/verdadeon.com.br\/portal\/?s={search_term_string}\"},\"query-input\":{\"@type\":\"PropertyValueSpecification\",\"valueRequired\":true,\"valueName\":\"search_term_string\"}}],\"inLanguage\":\"pt-BR\"},{\"@type\":\"Person\",\"@id\":\"https:\/\/verdadeon.com.br\/portal\/#\/schema\/person\/8248726d36015c1916636fabb175d972\",\"name\":\"Nelise Luques\",\"image\":{\"@type\":\"ImageObject\",\"inLanguage\":\"pt-BR\",\"@id\":\"https:\/\/verdadeon.com.br\/portal\/#\/schema\/person\/image\/\",\"url\":\"https:\/\/secure.gravatar.com\/avatar\/29b2a17f5bcadeb827411b66f48ac13c3e0ecaf5906c0f5745ecc5d41c24eada?s=96&d=mm&r=g\",\"contentUrl\":\"https:\/\/secure.gravatar.com\/avatar\/29b2a17f5bcadeb827411b66f48ac13c3e0ecaf5906c0f5745ecc5d41c24eada?s=96&d=mm&r=g\",\"caption\":\"Nelise Luques\"},\"url\":\"https:\/\/verdadeon.com.br\/portal\/author\/verdade\/\"}]}<\/script>\n<!-- \/ Yoast SEO plugin. -->","yoast_head_json":{"title":"Destaque no Estado de S\u00e3o Paulo, Franca vive boom imobili\u00e1rio - VerdadeOn","robots":{"index":"index","follow":"follow","max-snippet":"max-snippet:-1","max-image-preview":"max-image-preview:large","max-video-preview":"max-video-preview:-1"},"canonical":"https:\/\/verdadeon.com.br\/portal\/2021\/10\/13\/destaque-no-estado-de-sao-paulo-franca-vive-boom-imobiliario\/","og_locale":"pt_BR","og_type":"article","og_title":"Destaque no Estado de S\u00e3o Paulo, Franca vive boom imobili\u00e1rio - VerdadeOn","og_description":"Segundo o Crecisp, vendas de casas e apartamentos usados cresceram 161% na regi\u00e3o entre julho e agosto deste ano Na contram\u00e3o de regi\u00f5es metropolitanas e outras [\u2026]","og_url":"https:\/\/verdadeon.com.br\/portal\/2021\/10\/13\/destaque-no-estado-de-sao-paulo-franca-vive-boom-imobiliario\/","og_site_name":"VerdadeOn","article_published_time":"2021-10-13T21:18:04+00:00","article_modified_time":"2021-10-13T22:09:54+00:00","og_image":[{"width":1001,"height":620,"url":"https:\/\/verdadeon.com.br\/portal\/wp-content\/uploads\/2021\/10\/PANORAMICA-DE-FRANCA-e1634159695681.jpeg","type":"image\/jpeg"}],"author":"Nelise Luques","twitter_card":"summary_large_image","twitter_misc":{"Escrito por":"Nelise Luques","Est. tempo de leitura":"3 minutos"},"schema":{"@context":"https:\/\/schema.org","@graph":[{"@type":"WebPage","@id":"https:\/\/verdadeon.com.br\/portal\/2021\/10\/13\/destaque-no-estado-de-sao-paulo-franca-vive-boom-imobiliario\/","url":"https:\/\/verdadeon.com.br\/portal\/2021\/10\/13\/destaque-no-estado-de-sao-paulo-franca-vive-boom-imobiliario\/","name":"Destaque no Estado de S\u00e3o Paulo, Franca vive boom imobili\u00e1rio - VerdadeOn","isPartOf":{"@id":"https:\/\/verdadeon.com.br\/portal\/#website"},"primaryImageOfPage":{"@id":"https:\/\/verdadeon.com.br\/portal\/2021\/10\/13\/destaque-no-estado-de-sao-paulo-franca-vive-boom-imobiliario\/#primaryimage"},"image":{"@id":"https:\/\/verdadeon.com.br\/portal\/2021\/10\/13\/destaque-no-estado-de-sao-paulo-franca-vive-boom-imobiliario\/#primaryimage"},"thumbnailUrl":"https:\/\/i0.wp.com\/verdadeon.com.br\/portal\/wp-content\/uploads\/2021\/10\/PANORAMICA-DE-FRANCA-e1634159695681.jpeg?fit=1001%2C620&ssl=1","datePublished":"2021-10-13T21:18:04+00:00","dateModified":"2021-10-13T22:09:54+00:00","author":{"@id":"https:\/\/verdadeon.com.br\/portal\/#\/schema\/person\/8248726d36015c1916636fabb175d972"},"breadcrumb":{"@id":"https:\/\/verdadeon.com.br\/portal\/2021\/10\/13\/destaque-no-estado-de-sao-paulo-franca-vive-boom-imobiliario\/#breadcrumb"},"inLanguage":"pt-BR","potentialAction":[{"@type":"ReadAction","target":["https:\/\/verdadeon.com.br\/portal\/2021\/10\/13\/destaque-no-estado-de-sao-paulo-franca-vive-boom-imobiliario\/"]}]},{"@type":"ImageObject","inLanguage":"pt-BR","@id":"https:\/\/verdadeon.com.br\/portal\/2021\/10\/13\/destaque-no-estado-de-sao-paulo-franca-vive-boom-imobiliario\/#primaryimage","url":"https:\/\/i0.wp.com\/verdadeon.com.br\/portal\/wp-content\/uploads\/2021\/10\/PANORAMICA-DE-FRANCA-e1634159695681.jpeg?fit=1001%2C620&ssl=1","contentUrl":"https:\/\/i0.wp.com\/verdadeon.com.br\/portal\/wp-content\/uploads\/2021\/10\/PANORAMICA-DE-FRANCA-e1634159695681.jpeg?fit=1001%2C620&ssl=1","width":1001,"height":620,"caption":"Vendas de im\u00f3veis em Franca e regi\u00e3o aumentaram 11% entre dezembro e janeiro; loca\u00e7\u00f5es sofreram queda de 25%, segundo pesquisa do CreciSP | Foto: Jornal Verdade"},{"@type":"BreadcrumbList","@id":"https:\/\/verdadeon.com.br\/portal\/2021\/10\/13\/destaque-no-estado-de-sao-paulo-franca-vive-boom-imobiliario\/#breadcrumb","itemListElement":[{"@type":"ListItem","position":1,"name":"In\u00edcio","item":"https:\/\/verdadeon.com.br\/portal\/"},{"@type":"ListItem","position":2,"name":"Destaque no Estado de S\u00e3o Paulo, Franca vive boom imobili\u00e1rio"}]},{"@type":"WebSite","@id":"https:\/\/verdadeon.com.br\/portal\/#website","url":"https:\/\/verdadeon.com.br\/portal\/","name":"VerdadeOn","description":"Not\u00edcias di\u00e1rias sobre Franca, Regi\u00e3o, Esporte, Cultura, Cotidiano, Colunas. Cobertura nos principais eventos da cidade \u00e9 aqui - Verdadeon Franca","potentialAction":[{"@type":"SearchAction","target":{"@type":"EntryPoint","urlTemplate":"https:\/\/verdadeon.com.br\/portal\/?s={search_term_string}"},"query-input":{"@type":"PropertyValueSpecification","valueRequired":true,"valueName":"search_term_string"}}],"inLanguage":"pt-BR"},{"@type":"Person","@id":"https:\/\/verdadeon.com.br\/portal\/#\/schema\/person\/8248726d36015c1916636fabb175d972","name":"Nelise Luques","image":{"@type":"ImageObject","inLanguage":"pt-BR","@id":"https:\/\/verdadeon.com.br\/portal\/#\/schema\/person\/image\/","url":"https:\/\/secure.gravatar.com\/avatar\/29b2a17f5bcadeb827411b66f48ac13c3e0ecaf5906c0f5745ecc5d41c24eada?s=96&d=mm&r=g","contentUrl":"https:\/\/secure.gravatar.com\/avatar\/29b2a17f5bcadeb827411b66f48ac13c3e0ecaf5906c0f5745ecc5d41c24eada?s=96&d=mm&r=g","caption":"Nelise Luques"},"url":"https:\/\/verdadeon.com.br\/portal\/author\/verdade\/"}]}},"jetpack_publicize_connections":[],"jetpack_featured_media_url":"https:\/\/i0.wp.com\/verdadeon.com.br\/portal\/wp-content\/uploads\/2021\/10\/PANORAMICA-DE-FRANCA-e1634159695681.jpeg?fit=1001%2C620&ssl=1","jetpack_sharing_enabled":true,"_links":{"self":[{"href":"https:\/\/verdadeon.com.br\/portal\/wp-json\/wp\/v2\/posts\/20290","targetHints":{"allow":["GET"]}}],"collection":[{"href":"https:\/\/verdadeon.com.br\/portal\/wp-json\/wp\/v2\/posts"}],"about":[{"href":"https:\/\/verdadeon.com.br\/portal\/wp-json\/wp\/v2\/types\/post"}],"author":[{"embeddable":true,"href":"https:\/\/verdadeon.com.br\/portal\/wp-json\/wp\/v2\/users\/12"}],"replies":[{"embeddable":true,"href":"https:\/\/verdadeon.com.br\/portal\/wp-json\/wp\/v2\/comments?post=20290"}],"version-history":[{"count":0,"href":"https:\/\/verdadeon.com.br\/portal\/wp-json\/wp\/v2\/posts\/20290\/revisions"}],"wp:featuredmedia":[{"embeddable":true,"href":"https:\/\/verdadeon.com.br\/portal\/wp-json\/wp\/v2\/media\/20292"}],"wp:attachment":[{"href":"https:\/\/verdadeon.com.br\/portal\/wp-json\/wp\/v2\/media?parent=20290"}],"wp:term":[{"taxonomy":"category","embeddable":true,"href":"https:\/\/verdadeon.com.br\/portal\/wp-json\/wp\/v2\/categories?post=20290"},{"taxonomy":"post_tag","embeddable":true,"href":"https:\/\/verdadeon.com.br\/portal\/wp-json\/wp\/v2\/tags?post=20290"}],"curies":[{"name":"wp","href":"https:\/\/api.w.org\/{rel}","templated":true}]}}