{"id":20272,"date":"2021-10-11T16:00:57","date_gmt":"2021-10-11T19:00:57","guid":{"rendered":"https:\/\/verdadeon.com.br\/portal\/?p=20272"},"modified":"2021-10-11T17:38:37","modified_gmt":"2021-10-11T20:38:37","slug":"doacoes-de-brinquedos-doces-e-teatro-marcam-festas-do-dia-das-criancas","status":"publish","type":"post","link":"https:\/\/verdadeon.com.br\/portal\/2021\/10\/11\/doacoes-de-brinquedos-doces-e-teatro-marcam-festas-do-dia-das-criancas\/","title":{"rendered":"Doa\u00e7\u00f5es de brinquedos, doces e teatro marcam festas do Dia das Crian\u00e7as"},"content":{"rendered":"<h2>Volunt\u00e1rios organizam programa\u00e7\u00e3o especial para comemorar a data. Lojas, bancos e Prefeitura ficam fechados neste feriado<\/h2>\n<p><span style=\"font-weight: 400;\">O Dia das Crian\u00e7as ser\u00e1 marcado por a\u00e7\u00f5es solid\u00e1rias organizadas por diversos grupos em Franca. Nas primeiras horas do feriado, a empreendedora Renata Duarte e uma equipe de volunt\u00e1rios percorrer\u00e3o bairros na extens\u00e3o entre o Jardim No\u00eamia e o Aeroporto para doar brinquedos, bolachas recheadas, balas e refrigerantes para a crian\u00e7ada.<\/span><\/p>\n<p><span style=\"font-weight: 400;\">Este ser\u00e1 o terceiro ano da a\u00e7\u00e3o, que, devido \u00e0 pandemia da Covid-19, n\u00e3o poder\u00e1 ser em local fechado. Renata\u00a0 contou que a inspira\u00e7\u00e3o para a iniciativa veio de familiares que faziam festa para comemorar a data com as crian\u00e7as e tamb\u00e9m de Nossa Senhora Aparecida. \u201cMeu pai e minha av\u00f3 realizavam festinhas para o Dia das Crian\u00e7as, mas eles faleceram e depois de um tempo, fui tocada por Nossa Senhora, e conseguimos resgatar a ideia\u201d.\u00a0<\/span><\/p>\n<p><span style=\"font-weight: 400;\">Renata acredita que 200 crian\u00e7as ser\u00e3o presenteadas neste ano. \u201c. Eu falo que juntos somos mais fortes e eu conto com muita ajuda e doa\u00e7\u00f5es de amigos e conhecidos. \u00c9 uma obra de Deus e Nossa Senhora porque \u00e9 um sentimento inexplic\u00e1vel ver o sorriso e o olhar das crian\u00e7as que presenteamos, vale muito a pena\u201d.<\/span><\/p>\n<p><span style=\"font-weight: 400;\">O grupo de volunt\u00e1rios \u201cQue bonita a sua roupa\u201d, famoso por levar alegria e ajudar fam\u00edlias carentes caracterizados de personagens do Chaves, far\u00e1 a despedida dos seus trabalhos neste Dia das Crian\u00e7as.\u00a0<\/span><\/p>\n<p><span style=\"font-weight: 400;\">O encerramento das atividades ap\u00f3s quatro anos de hist\u00f3ria ser\u00e1 com a participa\u00e7\u00e3o em eventos comemorativos da data. Desde as primeiras horas da manh\u00e3 at\u00e9 a noite, eles marcar\u00e3o presen\u00e7a nas festas no Conjunto Habitacional Copacabana, no Jardim Luiza (Claudinho Lanches), no Centro Comunit\u00e1rio do Jardim Palma e na Igreja Morada de Deus, na Vila Aparecida.<\/span><\/p>\n<p><span style=\"font-weight: 400;\">A proposta \u00e9 promover gincanas e apresenta\u00e7\u00f5es teatrais para o p\u00fablico, que deve somar mais de 750 crian\u00e7as. \u201cPreparamos uma programa\u00e7\u00e3o especial para as crian\u00e7as. Temos muita gratid\u00e3o por esse trabalho, pelo sorriso delas e apoio que levamos aos familiares. Criamos o grupo para ajudar fam\u00edlias carentes com doa\u00e7\u00e3o de cestas b\u00e1sicas e j\u00e1 teve vezes de entregarmos os alimentos e as pessoas n\u00e3o segurarem a emo\u00e7\u00e3o\u201d, afirmou o bombeiro Walker Sousa.<\/span><\/p>\n<h4>Abre e fecha<\/h4>\n<p><span style=\"font-weight: 400;\">O feriado nacional de Nossa Senhora Aparecida, padroeira do Brasil, data em que tamb\u00e9m se comemora o Dia das Crian\u00e7as, deve ser de paradeiro em Franca com boa parte do com\u00e9rcio fechada e servi\u00e7os suspensos. As lojas de rua, bancos, escolas, Prefeitura e outras reparti\u00e7\u00f5es p\u00fablicas retomar\u00e3o o atendimento apenas na quarta-feira.<\/span><\/p>\n<p><span style=\"font-weight: 400;\">Na cidade, o Franca Shopping estar\u00e1 aberto e seguir\u00e1 o hor\u00e1rio adotado aos domingos. As lojas e quiosques abrem das 14h \u00e0s 20h nesta ter\u00e7a-feira, e a pra\u00e7a de alimenta\u00e7\u00e3o, das 12h \u00e0s 22h. O Shopping do Cal\u00e7ado abrir\u00e1 neste feriado das 10h \u00e0s 17h.<\/span><\/p>\n<p><span style=\"font-weight: 400;\">O setor comercial atendeu em hor\u00e1rio ampliado no \u00faltimo s\u00e1bado e na segunda-feira, v\u00e9spera do Dia das Crian\u00e7as, e registrou boa movimenta\u00e7\u00e3o no Centro e lojas de bairro. Os lojistas, segundo pesquisa da Acif, projetam vendas entre 5% e 20% maiores neste per\u00edodo em rela\u00e7\u00e3o a 2020. <\/span>Lojas do segmento de brinquedos e produtos infantis programam abrir no feriado.<\/p>\n","protected":false},"excerpt":{"rendered":"<p>Volunt\u00e1rios organizam programa\u00e7\u00e3o especial para comemorar a data. Lojas, bancos e Prefeitura ficam fechados neste feriado O Dia das Crian\u00e7as ser\u00e1 marcado por a\u00e7\u00f5es solid\u00e1rias organizadas<span class=\"excerpt-hellip\"> [\u2026]<\/span><\/p>\n","protected":false},"author":12,"featured_media":20273,"comment_status":"open","ping_status":"open","sticky":false,"template":"","format":"standard","meta":{"_jetpack_memberships_contains_paid_content":false,"footnotes":"","jetpack_publicize_message":"","jetpack_publicize_feature_enabled":true,"jetpack_social_post_already_shared":false,"jetpack_social_options":{"image_generator_settings":{"template":"highway","default_image_id":0,"enabled":false},"version":2}},"categories":[28,81],"tags":[],"class_list":["post-20272","post","type-post","status-publish","format-standard","has-post-thumbnail","hentry","category-cotidiano","category-manchete"],"yoast_head":"<!-- This site is optimized with the Yoast SEO plugin v25.6 - https:\/\/yoast.com\/wordpress\/plugins\/seo\/ -->\n<title>Doa\u00e7\u00f5es de brinquedos, doces e teatro marcam festas do Dia das Crian\u00e7as - VerdadeOn<\/title>\n<meta name=\"robots\" content=\"index, follow, max-snippet:-1, max-image-preview:large, max-video-preview:-1\" \/>\n<link rel=\"canonical\" href=\"https:\/\/verdadeon.com.br\/portal\/2021\/10\/11\/doacoes-de-brinquedos-doces-e-teatro-marcam-festas-do-dia-das-criancas\/\" \/>\n<meta property=\"og:locale\" content=\"pt_BR\" \/>\n<meta property=\"og:type\" content=\"article\" \/>\n<meta property=\"og:title\" content=\"Doa\u00e7\u00f5es de brinquedos, doces e teatro marcam festas do Dia das Crian\u00e7as - VerdadeOn\" \/>\n<meta property=\"og:description\" content=\"Volunt\u00e1rios organizam programa\u00e7\u00e3o especial para comemorar a data. Lojas, bancos e Prefeitura ficam fechados neste feriado O Dia das Crian\u00e7as ser\u00e1 marcado por a\u00e7\u00f5es solid\u00e1rias organizadas [\u2026]\" \/>\n<meta property=\"og:url\" content=\"https:\/\/verdadeon.com.br\/portal\/2021\/10\/11\/doacoes-de-brinquedos-doces-e-teatro-marcam-festas-do-dia-das-criancas\/\" \/>\n<meta property=\"og:site_name\" content=\"VerdadeOn\" \/>\n<meta property=\"article:published_time\" content=\"2021-10-11T19:00:57+00:00\" \/>\n<meta property=\"article:modified_time\" content=\"2021-10-11T20:38:37+00:00\" \/>\n<meta property=\"og:image\" content=\"https:\/\/verdadeon.com.br\/portal\/wp-content\/uploads\/2021\/10\/GRUPO-QUE-BONITA-A-SUA-ROUPA-DIVULGACAO-e1633984409872.jpeg\" \/>\n\t<meta property=\"og:image:width\" content=\"999\" \/>\n\t<meta property=\"og:image:height\" content=\"670\" \/>\n\t<meta property=\"og:image:type\" content=\"image\/jpeg\" \/>\n<meta name=\"author\" content=\"Nelise Luques\" \/>\n<meta name=\"twitter:card\" content=\"summary_large_image\" \/>\n<meta name=\"twitter:label1\" content=\"Escrito por\" \/>\n\t<meta name=\"twitter:data1\" content=\"Nelise Luques\" \/>\n\t<meta name=\"twitter:label2\" content=\"Est. tempo de leitura\" \/>\n\t<meta name=\"twitter:data2\" content=\"3 minutos\" \/>\n<script type=\"application\/ld+json\" class=\"yoast-schema-graph\">{\"@context\":\"https:\/\/schema.org\",\"@graph\":[{\"@type\":\"WebPage\",\"@id\":\"https:\/\/verdadeon.com.br\/portal\/2021\/10\/11\/doacoes-de-brinquedos-doces-e-teatro-marcam-festas-do-dia-das-criancas\/\",\"url\":\"https:\/\/verdadeon.com.br\/portal\/2021\/10\/11\/doacoes-de-brinquedos-doces-e-teatro-marcam-festas-do-dia-das-criancas\/\",\"name\":\"Doa\u00e7\u00f5es de brinquedos, doces e teatro marcam festas do Dia das Crian\u00e7as - VerdadeOn\",\"isPartOf\":{\"@id\":\"https:\/\/verdadeon.com.br\/portal\/#website\"},\"primaryImageOfPage\":{\"@id\":\"https:\/\/verdadeon.com.br\/portal\/2021\/10\/11\/doacoes-de-brinquedos-doces-e-teatro-marcam-festas-do-dia-das-criancas\/#primaryimage\"},\"image\":{\"@id\":\"https:\/\/verdadeon.com.br\/portal\/2021\/10\/11\/doacoes-de-brinquedos-doces-e-teatro-marcam-festas-do-dia-das-criancas\/#primaryimage\"},\"thumbnailUrl\":\"https:\/\/i0.wp.com\/verdadeon.com.br\/portal\/wp-content\/uploads\/2021\/10\/GRUPO-QUE-BONITA-A-SUA-ROUPA-DIVULGACAO-e1633984409872.jpeg?fit=999%2C670&ssl=1\",\"datePublished\":\"2021-10-11T19:00:57+00:00\",\"dateModified\":\"2021-10-11T20:38:37+00:00\",\"author\":{\"@id\":\"https:\/\/verdadeon.com.br\/portal\/#\/schema\/person\/8248726d36015c1916636fabb175d972\"},\"breadcrumb\":{\"@id\":\"https:\/\/verdadeon.com.br\/portal\/2021\/10\/11\/doacoes-de-brinquedos-doces-e-teatro-marcam-festas-do-dia-das-criancas\/#breadcrumb\"},\"inLanguage\":\"pt-BR\",\"potentialAction\":[{\"@type\":\"ReadAction\",\"target\":[\"https:\/\/verdadeon.com.br\/portal\/2021\/10\/11\/doacoes-de-brinquedos-doces-e-teatro-marcam-festas-do-dia-das-criancas\/\"]}]},{\"@type\":\"ImageObject\",\"inLanguage\":\"pt-BR\",\"@id\":\"https:\/\/verdadeon.com.br\/portal\/2021\/10\/11\/doacoes-de-brinquedos-doces-e-teatro-marcam-festas-do-dia-das-criancas\/#primaryimage\",\"url\":\"https:\/\/i0.wp.com\/verdadeon.com.br\/portal\/wp-content\/uploads\/2021\/10\/GRUPO-QUE-BONITA-A-SUA-ROUPA-DIVULGACAO-e1633984409872.jpeg?fit=999%2C670&ssl=1\",\"contentUrl\":\"https:\/\/i0.wp.com\/verdadeon.com.br\/portal\/wp-content\/uploads\/2021\/10\/GRUPO-QUE-BONITA-A-SUA-ROUPA-DIVULGACAO-e1633984409872.jpeg?fit=999%2C670&ssl=1\",\"width\":999,\"height\":670,\"caption\":\"Grupo Que Bonita a Sua Roupa se apresentar\u00e1 em quatro eventos para as Crian\u00e7as nesta ter\u00e7a-feira, 12, em Franca | Foto: Divulga\u00e7\u00e3o\"},{\"@type\":\"BreadcrumbList\",\"@id\":\"https:\/\/verdadeon.com.br\/portal\/2021\/10\/11\/doacoes-de-brinquedos-doces-e-teatro-marcam-festas-do-dia-das-criancas\/#breadcrumb\",\"itemListElement\":[{\"@type\":\"ListItem\",\"position\":1,\"name\":\"In\u00edcio\",\"item\":\"https:\/\/verdadeon.com.br\/portal\/\"},{\"@type\":\"ListItem\",\"position\":2,\"name\":\"Doa\u00e7\u00f5es de brinquedos, doces e teatro marcam festas do Dia das Crian\u00e7as\"}]},{\"@type\":\"WebSite\",\"@id\":\"https:\/\/verdadeon.com.br\/portal\/#website\",\"url\":\"https:\/\/verdadeon.com.br\/portal\/\",\"name\":\"VerdadeOn\",\"description\":\"Not\u00edcias di\u00e1rias sobre Franca, Regi\u00e3o, Esporte, Cultura, Cotidiano, Colunas. Cobertura nos principais eventos da cidade \u00e9 aqui - Verdadeon Franca\",\"potentialAction\":[{\"@type\":\"SearchAction\",\"target\":{\"@type\":\"EntryPoint\",\"urlTemplate\":\"https:\/\/verdadeon.com.br\/portal\/?s={search_term_string}\"},\"query-input\":{\"@type\":\"PropertyValueSpecification\",\"valueRequired\":true,\"valueName\":\"search_term_string\"}}],\"inLanguage\":\"pt-BR\"},{\"@type\":\"Person\",\"@id\":\"https:\/\/verdadeon.com.br\/portal\/#\/schema\/person\/8248726d36015c1916636fabb175d972\",\"name\":\"Nelise Luques\",\"image\":{\"@type\":\"ImageObject\",\"inLanguage\":\"pt-BR\",\"@id\":\"https:\/\/verdadeon.com.br\/portal\/#\/schema\/person\/image\/\",\"url\":\"https:\/\/secure.gravatar.com\/avatar\/29b2a17f5bcadeb827411b66f48ac13c3e0ecaf5906c0f5745ecc5d41c24eada?s=96&d=mm&r=g\",\"contentUrl\":\"https:\/\/secure.gravatar.com\/avatar\/29b2a17f5bcadeb827411b66f48ac13c3e0ecaf5906c0f5745ecc5d41c24eada?s=96&d=mm&r=g\",\"caption\":\"Nelise Luques\"},\"url\":\"https:\/\/verdadeon.com.br\/portal\/author\/verdade\/\"}]}<\/script>\n<!-- \/ Yoast SEO plugin. -->","yoast_head_json":{"title":"Doa\u00e7\u00f5es de brinquedos, doces e teatro marcam festas do Dia das Crian\u00e7as - VerdadeOn","robots":{"index":"index","follow":"follow","max-snippet":"max-snippet:-1","max-image-preview":"max-image-preview:large","max-video-preview":"max-video-preview:-1"},"canonical":"https:\/\/verdadeon.com.br\/portal\/2021\/10\/11\/doacoes-de-brinquedos-doces-e-teatro-marcam-festas-do-dia-das-criancas\/","og_locale":"pt_BR","og_type":"article","og_title":"Doa\u00e7\u00f5es de brinquedos, doces e teatro marcam festas do Dia das Crian\u00e7as - VerdadeOn","og_description":"Volunt\u00e1rios organizam programa\u00e7\u00e3o especial para comemorar a data. Lojas, bancos e Prefeitura ficam fechados neste feriado O Dia das Crian\u00e7as ser\u00e1 marcado por a\u00e7\u00f5es solid\u00e1rias organizadas [\u2026]","og_url":"https:\/\/verdadeon.com.br\/portal\/2021\/10\/11\/doacoes-de-brinquedos-doces-e-teatro-marcam-festas-do-dia-das-criancas\/","og_site_name":"VerdadeOn","article_published_time":"2021-10-11T19:00:57+00:00","article_modified_time":"2021-10-11T20:38:37+00:00","og_image":[{"width":999,"height":670,"url":"https:\/\/verdadeon.com.br\/portal\/wp-content\/uploads\/2021\/10\/GRUPO-QUE-BONITA-A-SUA-ROUPA-DIVULGACAO-e1633984409872.jpeg","type":"image\/jpeg"}],"author":"Nelise Luques","twitter_card":"summary_large_image","twitter_misc":{"Escrito por":"Nelise Luques","Est. tempo de leitura":"3 minutos"},"schema":{"@context":"https:\/\/schema.org","@graph":[{"@type":"WebPage","@id":"https:\/\/verdadeon.com.br\/portal\/2021\/10\/11\/doacoes-de-brinquedos-doces-e-teatro-marcam-festas-do-dia-das-criancas\/","url":"https:\/\/verdadeon.com.br\/portal\/2021\/10\/11\/doacoes-de-brinquedos-doces-e-teatro-marcam-festas-do-dia-das-criancas\/","name":"Doa\u00e7\u00f5es de brinquedos, doces e teatro marcam festas do Dia das Crian\u00e7as - VerdadeOn","isPartOf":{"@id":"https:\/\/verdadeon.com.br\/portal\/#website"},"primaryImageOfPage":{"@id":"https:\/\/verdadeon.com.br\/portal\/2021\/10\/11\/doacoes-de-brinquedos-doces-e-teatro-marcam-festas-do-dia-das-criancas\/#primaryimage"},"image":{"@id":"https:\/\/verdadeon.com.br\/portal\/2021\/10\/11\/doacoes-de-brinquedos-doces-e-teatro-marcam-festas-do-dia-das-criancas\/#primaryimage"},"thumbnailUrl":"https:\/\/i0.wp.com\/verdadeon.com.br\/portal\/wp-content\/uploads\/2021\/10\/GRUPO-QUE-BONITA-A-SUA-ROUPA-DIVULGACAO-e1633984409872.jpeg?fit=999%2C670&ssl=1","datePublished":"2021-10-11T19:00:57+00:00","dateModified":"2021-10-11T20:38:37+00:00","author":{"@id":"https:\/\/verdadeon.com.br\/portal\/#\/schema\/person\/8248726d36015c1916636fabb175d972"},"breadcrumb":{"@id":"https:\/\/verdadeon.com.br\/portal\/2021\/10\/11\/doacoes-de-brinquedos-doces-e-teatro-marcam-festas-do-dia-das-criancas\/#breadcrumb"},"inLanguage":"pt-BR","potentialAction":[{"@type":"ReadAction","target":["https:\/\/verdadeon.com.br\/portal\/2021\/10\/11\/doacoes-de-brinquedos-doces-e-teatro-marcam-festas-do-dia-das-criancas\/"]}]},{"@type":"ImageObject","inLanguage":"pt-BR","@id":"https:\/\/verdadeon.com.br\/portal\/2021\/10\/11\/doacoes-de-brinquedos-doces-e-teatro-marcam-festas-do-dia-das-criancas\/#primaryimage","url":"https:\/\/i0.wp.com\/verdadeon.com.br\/portal\/wp-content\/uploads\/2021\/10\/GRUPO-QUE-BONITA-A-SUA-ROUPA-DIVULGACAO-e1633984409872.jpeg?fit=999%2C670&ssl=1","contentUrl":"https:\/\/i0.wp.com\/verdadeon.com.br\/portal\/wp-content\/uploads\/2021\/10\/GRUPO-QUE-BONITA-A-SUA-ROUPA-DIVULGACAO-e1633984409872.jpeg?fit=999%2C670&ssl=1","width":999,"height":670,"caption":"Grupo Que Bonita a Sua Roupa se apresentar\u00e1 em quatro eventos para as Crian\u00e7as nesta ter\u00e7a-feira, 12, em Franca | Foto: Divulga\u00e7\u00e3o"},{"@type":"BreadcrumbList","@id":"https:\/\/verdadeon.com.br\/portal\/2021\/10\/11\/doacoes-de-brinquedos-doces-e-teatro-marcam-festas-do-dia-das-criancas\/#breadcrumb","itemListElement":[{"@type":"ListItem","position":1,"name":"In\u00edcio","item":"https:\/\/verdadeon.com.br\/portal\/"},{"@type":"ListItem","position":2,"name":"Doa\u00e7\u00f5es de brinquedos, doces e teatro marcam festas do Dia das Crian\u00e7as"}]},{"@type":"WebSite","@id":"https:\/\/verdadeon.com.br\/portal\/#website","url":"https:\/\/verdadeon.com.br\/portal\/","name":"VerdadeOn","description":"Not\u00edcias di\u00e1rias sobre Franca, Regi\u00e3o, Esporte, Cultura, Cotidiano, Colunas. Cobertura nos principais eventos da cidade \u00e9 aqui - Verdadeon Franca","potentialAction":[{"@type":"SearchAction","target":{"@type":"EntryPoint","urlTemplate":"https:\/\/verdadeon.com.br\/portal\/?s={search_term_string}"},"query-input":{"@type":"PropertyValueSpecification","valueRequired":true,"valueName":"search_term_string"}}],"inLanguage":"pt-BR"},{"@type":"Person","@id":"https:\/\/verdadeon.com.br\/portal\/#\/schema\/person\/8248726d36015c1916636fabb175d972","name":"Nelise Luques","image":{"@type":"ImageObject","inLanguage":"pt-BR","@id":"https:\/\/verdadeon.com.br\/portal\/#\/schema\/person\/image\/","url":"https:\/\/secure.gravatar.com\/avatar\/29b2a17f5bcadeb827411b66f48ac13c3e0ecaf5906c0f5745ecc5d41c24eada?s=96&d=mm&r=g","contentUrl":"https:\/\/secure.gravatar.com\/avatar\/29b2a17f5bcadeb827411b66f48ac13c3e0ecaf5906c0f5745ecc5d41c24eada?s=96&d=mm&r=g","caption":"Nelise Luques"},"url":"https:\/\/verdadeon.com.br\/portal\/author\/verdade\/"}]}},"jetpack_publicize_connections":[],"jetpack_featured_media_url":"https:\/\/i0.wp.com\/verdadeon.com.br\/portal\/wp-content\/uploads\/2021\/10\/GRUPO-QUE-BONITA-A-SUA-ROUPA-DIVULGACAO-e1633984409872.jpeg?fit=999%2C670&ssl=1","jetpack_sharing_enabled":true,"_links":{"self":[{"href":"https:\/\/verdadeon.com.br\/portal\/wp-json\/wp\/v2\/posts\/20272","targetHints":{"allow":["GET"]}}],"collection":[{"href":"https:\/\/verdadeon.com.br\/portal\/wp-json\/wp\/v2\/posts"}],"about":[{"href":"https:\/\/verdadeon.com.br\/portal\/wp-json\/wp\/v2\/types\/post"}],"author":[{"embeddable":true,"href":"https:\/\/verdadeon.com.br\/portal\/wp-json\/wp\/v2\/users\/12"}],"replies":[{"embeddable":true,"href":"https:\/\/verdadeon.com.br\/portal\/wp-json\/wp\/v2\/comments?post=20272"}],"version-history":[{"count":0,"href":"https:\/\/verdadeon.com.br\/portal\/wp-json\/wp\/v2\/posts\/20272\/revisions"}],"wp:featuredmedia":[{"embeddable":true,"href":"https:\/\/verdadeon.com.br\/portal\/wp-json\/wp\/v2\/media\/20273"}],"wp:attachment":[{"href":"https:\/\/verdadeon.com.br\/portal\/wp-json\/wp\/v2\/media?parent=20272"}],"wp:term":[{"taxonomy":"category","embeddable":true,"href":"https:\/\/verdadeon.com.br\/portal\/wp-json\/wp\/v2\/categories?post=20272"},{"taxonomy":"post_tag","embeddable":true,"href":"https:\/\/verdadeon.com.br\/portal\/wp-json\/wp\/v2\/tags?post=20272"}],"curies":[{"name":"wp","href":"https:\/\/api.w.org\/{rel}","templated":true}]}}