{"id":20237,"date":"2021-10-09T14:00:36","date_gmt":"2021-10-09T17:00:36","guid":{"rendered":"https:\/\/verdadeon.com.br\/portal\/?p=20237"},"modified":"2021-10-09T11:38:50","modified_gmt":"2021-10-09T14:38:50","slug":"idosos-entre-60-e-69-anos-sao-as-maiores-vitimas-da-covid-19-em-franca","status":"publish","type":"post","link":"https:\/\/verdadeon.com.br\/portal\/2021\/10\/09\/idosos-entre-60-e-69-anos-sao-as-maiores-vitimas-da-covid-19-em-franca\/","title":{"rendered":"Idosos entre 60 e 69 anos, s\u00e3o as maiores v\u00edtimas da Covid-19 em Franca"},"content":{"rendered":"<h2>\u00cdndice refor\u00e7a a necessidade de doses de refor\u00e7o para estas faixas et\u00e1rias<\/h2>\n<p>Franca chegou nesta semana a 1004 mortes causadas pela Covid-19. Em um ano a cidade passou por altos e baixos, chegou a ter uma m\u00e9dia m\u00f3vel de mortes acima de 10. Aos poucos com o avan\u00e7o da vacina\u00e7\u00e3o principalmente, os falecimentos come\u00e7aram a cair, nas \u00faltimas semanas a m\u00e9dia m\u00f3vel chegou a ficar abaixo de uma por dia, esse \u00edndice voltou a subir, mas isso pode ser explicado pelo modelo da Prefeitura de n\u00e3o divulgar os dados aos finais de semana e feriados prolongados, causando um \u201ccongestionamento\u201d de dados, o que pode contribuir para que a m\u00e9dia di\u00e1ria suba muito em um per\u00edodo de 24h.<\/p>\n<p>Entre os 1004 \u00f3bitos causados pela doen\u00e7a em Franca, 221 tinham entre 60 e 69 anos o que corresponde a 22% do total. \u00c9 a faixa et\u00e1ria mais afetada com mortes na cidade.<\/p>\n<p>Em segundo lugar vem os idosos entre 70 e 79 anos, com 218 casos, o que corresponde a 21,7% dos \u00f3bitos. Em seguida com mais \u00f3bitos vem a faixa et\u00e1ria dos 50 aos 59 anos, com 190 casos, o que representa 18,9% do total. Com 15,9% das mortes, as pessoas que tinham entre 80 e 89 anos<\/p>\n<p>Os moradores de Franca entre 40 e 49 anos est\u00e3o na sequ\u00eancia, foram 123 mortes nesta faixa et\u00e1ria, representando 12,3% do total de mortes.<\/p>\n<p>As outras idades ficaram abaixo de 100 \u00f3bitos cada, representando um \u00edndice bem menor em compara\u00e7\u00e3o com os outros.<\/p>\n<h4>Confira:<\/h4>\n<p>* Mais de 90 anos- 35 mortes- 3,5% do total<\/p>\n<p>* Entre 30 e 39 anos- 39 mortes- 3,9% do total<\/p>\n<p>* Entre 20 e 29 anos- 16 mortes- 1,6% do total<\/p>\n<p>* Entre 0 e 9 anos- 2 mortes- 0,2% do total<\/p>\n<h4>Recuperados<\/h4>\n<p>Desde o come\u00e7o da pandemia Franca j\u00e1 registrou um total de 44.605 casos de Covid-19, destes a maioria felizmente est\u00e1 recuperada, s\u00e3o 42.164 pacientes que se curaram do v\u00edrus. A cidade tem ainda 79.601 casos negativos e 4.606 suspeitos.<\/p>\n","protected":false},"excerpt":{"rendered":"<p>\u00cdndice refor\u00e7a a necessidade de doses de refor\u00e7o para estas faixas et\u00e1rias Franca chegou nesta semana a 1004 mortes causadas pela Covid-19. Em um ano a<span class=\"excerpt-hellip\"> [\u2026]<\/span><\/p>\n","protected":false},"author":7,"featured_media":9999,"comment_status":"open","ping_status":"open","sticky":false,"template":"","format":"standard","meta":{"_jetpack_memberships_contains_paid_content":false,"footnotes":"","jetpack_publicize_message":"","jetpack_publicize_feature_enabled":true,"jetpack_social_post_already_shared":false,"jetpack_social_options":{"image_generator_settings":{"template":"highway","default_image_id":0,"enabled":false},"version":2}},"categories":[28,81],"tags":[],"class_list":["post-20237","post","type-post","status-publish","format-standard","has-post-thumbnail","hentry","category-cotidiano","category-manchete"],"yoast_head":"<!-- This site is optimized with the Yoast SEO plugin v25.6 - https:\/\/yoast.com\/wordpress\/plugins\/seo\/ -->\n<title>Idosos entre 60 e 69 anos, s\u00e3o as maiores v\u00edtimas da Covid-19 em Franca - VerdadeOn<\/title>\n<meta name=\"robots\" content=\"index, follow, max-snippet:-1, max-image-preview:large, max-video-preview:-1\" \/>\n<link rel=\"canonical\" href=\"https:\/\/verdadeon.com.br\/portal\/2021\/10\/09\/idosos-entre-60-e-69-anos-sao-as-maiores-vitimas-da-covid-19-em-franca\/\" \/>\n<meta property=\"og:locale\" content=\"pt_BR\" \/>\n<meta property=\"og:type\" content=\"article\" \/>\n<meta property=\"og:title\" content=\"Idosos entre 60 e 69 anos, s\u00e3o as maiores v\u00edtimas da Covid-19 em Franca - VerdadeOn\" \/>\n<meta property=\"og:description\" content=\"\u00cdndice refor\u00e7a a necessidade de doses de refor\u00e7o para estas faixas et\u00e1rias Franca chegou nesta semana a 1004 mortes causadas pela Covid-19. Em um ano a [\u2026]\" \/>\n<meta property=\"og:url\" content=\"https:\/\/verdadeon.com.br\/portal\/2021\/10\/09\/idosos-entre-60-e-69-anos-sao-as-maiores-vitimas-da-covid-19-em-franca\/\" \/>\n<meta property=\"og:site_name\" content=\"VerdadeOn\" \/>\n<meta property=\"article:published_time\" content=\"2021-10-09T17:00:36+00:00\" \/>\n<meta property=\"og:image\" content=\"https:\/\/verdadeon.com.br\/portal\/wp-content\/uploads\/2020\/08\/WhatsApp-Image-2020-08-26-at-09.12.36.jpeg\" \/>\n\t<meta property=\"og:image:width\" content=\"1000\" \/>\n\t<meta property=\"og:image:height\" content=\"670\" \/>\n\t<meta property=\"og:image:type\" content=\"image\/jpeg\" \/>\n<meta name=\"author\" content=\"Fernando Lima\" \/>\n<meta name=\"twitter:card\" content=\"summary_large_image\" \/>\n<meta name=\"twitter:label1\" content=\"Escrito por\" \/>\n\t<meta name=\"twitter:data1\" content=\"Fernando Lima\" \/>\n\t<meta name=\"twitter:label2\" content=\"Est. tempo de leitura\" \/>\n\t<meta name=\"twitter:data2\" content=\"2 minutos\" \/>\n<script type=\"application\/ld+json\" class=\"yoast-schema-graph\">{\"@context\":\"https:\/\/schema.org\",\"@graph\":[{\"@type\":\"WebPage\",\"@id\":\"https:\/\/verdadeon.com.br\/portal\/2021\/10\/09\/idosos-entre-60-e-69-anos-sao-as-maiores-vitimas-da-covid-19-em-franca\/\",\"url\":\"https:\/\/verdadeon.com.br\/portal\/2021\/10\/09\/idosos-entre-60-e-69-anos-sao-as-maiores-vitimas-da-covid-19-em-franca\/\",\"name\":\"Idosos entre 60 e 69 anos, s\u00e3o as maiores v\u00edtimas da Covid-19 em Franca - VerdadeOn\",\"isPartOf\":{\"@id\":\"https:\/\/verdadeon.com.br\/portal\/#website\"},\"primaryImageOfPage\":{\"@id\":\"https:\/\/verdadeon.com.br\/portal\/2021\/10\/09\/idosos-entre-60-e-69-anos-sao-as-maiores-vitimas-da-covid-19-em-franca\/#primaryimage\"},\"image\":{\"@id\":\"https:\/\/verdadeon.com.br\/portal\/2021\/10\/09\/idosos-entre-60-e-69-anos-sao-as-maiores-vitimas-da-covid-19-em-franca\/#primaryimage\"},\"thumbnailUrl\":\"https:\/\/i0.wp.com\/verdadeon.com.br\/portal\/wp-content\/uploads\/2020\/08\/WhatsApp-Image-2020-08-26-at-09.12.36.jpeg?fit=1000%2C670&ssl=1\",\"datePublished\":\"2021-10-09T17:00:36+00:00\",\"author\":{\"@id\":\"https:\/\/verdadeon.com.br\/portal\/#\/schema\/person\/cc32be22b8e8599387c480bc83e1d11a\"},\"breadcrumb\":{\"@id\":\"https:\/\/verdadeon.com.br\/portal\/2021\/10\/09\/idosos-entre-60-e-69-anos-sao-as-maiores-vitimas-da-covid-19-em-franca\/#breadcrumb\"},\"inLanguage\":\"pt-BR\",\"potentialAction\":[{\"@type\":\"ReadAction\",\"target\":[\"https:\/\/verdadeon.com.br\/portal\/2021\/10\/09\/idosos-entre-60-e-69-anos-sao-as-maiores-vitimas-da-covid-19-em-franca\/\"]}]},{\"@type\":\"ImageObject\",\"inLanguage\":\"pt-BR\",\"@id\":\"https:\/\/verdadeon.com.br\/portal\/2021\/10\/09\/idosos-entre-60-e-69-anos-sao-as-maiores-vitimas-da-covid-19-em-franca\/#primaryimage\",\"url\":\"https:\/\/i0.wp.com\/verdadeon.com.br\/portal\/wp-content\/uploads\/2020\/08\/WhatsApp-Image-2020-08-26-at-09.12.36.jpeg?fit=1000%2C670&ssl=1\",\"contentUrl\":\"https:\/\/i0.wp.com\/verdadeon.com.br\/portal\/wp-content\/uploads\/2020\/08\/WhatsApp-Image-2020-08-26-at-09.12.36.jpeg?fit=1000%2C670&ssl=1\",\"width\":1000,\"height\":670,\"caption\":\"A pandemia d\u00e1 sinais de retra\u00e7\u00e3o tamb\u00e9m em Franca, mas ainda assim os cuidados n\u00e3o devem ser deixados de lado | Foto: Ag\u00eancia Brasil\"},{\"@type\":\"BreadcrumbList\",\"@id\":\"https:\/\/verdadeon.com.br\/portal\/2021\/10\/09\/idosos-entre-60-e-69-anos-sao-as-maiores-vitimas-da-covid-19-em-franca\/#breadcrumb\",\"itemListElement\":[{\"@type\":\"ListItem\",\"position\":1,\"name\":\"In\u00edcio\",\"item\":\"https:\/\/verdadeon.com.br\/portal\/\"},{\"@type\":\"ListItem\",\"position\":2,\"name\":\"Idosos entre 60 e 69 anos, s\u00e3o as maiores v\u00edtimas da Covid-19 em Franca\"}]},{\"@type\":\"WebSite\",\"@id\":\"https:\/\/verdadeon.com.br\/portal\/#website\",\"url\":\"https:\/\/verdadeon.com.br\/portal\/\",\"name\":\"VerdadeOn\",\"description\":\"Not\u00edcias di\u00e1rias sobre Franca, Regi\u00e3o, Esporte, Cultura, Cotidiano, Colunas. Cobertura nos principais eventos da cidade \u00e9 aqui - Verdadeon Franca\",\"potentialAction\":[{\"@type\":\"SearchAction\",\"target\":{\"@type\":\"EntryPoint\",\"urlTemplate\":\"https:\/\/verdadeon.com.br\/portal\/?s={search_term_string}\"},\"query-input\":{\"@type\":\"PropertyValueSpecification\",\"valueRequired\":true,\"valueName\":\"search_term_string\"}}],\"inLanguage\":\"pt-BR\"},{\"@type\":\"Person\",\"@id\":\"https:\/\/verdadeon.com.br\/portal\/#\/schema\/person\/cc32be22b8e8599387c480bc83e1d11a\",\"name\":\"Fernando Lima\",\"image\":{\"@type\":\"ImageObject\",\"inLanguage\":\"pt-BR\",\"@id\":\"https:\/\/verdadeon.com.br\/portal\/#\/schema\/person\/image\/\",\"url\":\"https:\/\/secure.gravatar.com\/avatar\/df4c8e132080d2b3a4841d5d232045464e0eed11a1d6e43115ca0843d48768d3?s=96&d=mm&r=g\",\"contentUrl\":\"https:\/\/secure.gravatar.com\/avatar\/df4c8e132080d2b3a4841d5d232045464e0eed11a1d6e43115ca0843d48768d3?s=96&d=mm&r=g\",\"caption\":\"Fernando Lima\"},\"sameAs\":[\"http:\/\/verdadeon.com.br\/\"],\"url\":\"https:\/\/verdadeon.com.br\/portal\/author\/fernando-lima\/\"}]}<\/script>\n<!-- \/ Yoast SEO plugin. -->","yoast_head_json":{"title":"Idosos entre 60 e 69 anos, s\u00e3o as maiores v\u00edtimas da Covid-19 em Franca - VerdadeOn","robots":{"index":"index","follow":"follow","max-snippet":"max-snippet:-1","max-image-preview":"max-image-preview:large","max-video-preview":"max-video-preview:-1"},"canonical":"https:\/\/verdadeon.com.br\/portal\/2021\/10\/09\/idosos-entre-60-e-69-anos-sao-as-maiores-vitimas-da-covid-19-em-franca\/","og_locale":"pt_BR","og_type":"article","og_title":"Idosos entre 60 e 69 anos, s\u00e3o as maiores v\u00edtimas da Covid-19 em Franca - VerdadeOn","og_description":"\u00cdndice refor\u00e7a a necessidade de doses de refor\u00e7o para estas faixas et\u00e1rias Franca chegou nesta semana a 1004 mortes causadas pela Covid-19. Em um ano a [\u2026]","og_url":"https:\/\/verdadeon.com.br\/portal\/2021\/10\/09\/idosos-entre-60-e-69-anos-sao-as-maiores-vitimas-da-covid-19-em-franca\/","og_site_name":"VerdadeOn","article_published_time":"2021-10-09T17:00:36+00:00","og_image":[{"width":1000,"height":670,"url":"https:\/\/verdadeon.com.br\/portal\/wp-content\/uploads\/2020\/08\/WhatsApp-Image-2020-08-26-at-09.12.36.jpeg","type":"image\/jpeg"}],"author":"Fernando Lima","twitter_card":"summary_large_image","twitter_misc":{"Escrito por":"Fernando Lima","Est. tempo de leitura":"2 minutos"},"schema":{"@context":"https:\/\/schema.org","@graph":[{"@type":"WebPage","@id":"https:\/\/verdadeon.com.br\/portal\/2021\/10\/09\/idosos-entre-60-e-69-anos-sao-as-maiores-vitimas-da-covid-19-em-franca\/","url":"https:\/\/verdadeon.com.br\/portal\/2021\/10\/09\/idosos-entre-60-e-69-anos-sao-as-maiores-vitimas-da-covid-19-em-franca\/","name":"Idosos entre 60 e 69 anos, s\u00e3o as maiores v\u00edtimas da Covid-19 em Franca - VerdadeOn","isPartOf":{"@id":"https:\/\/verdadeon.com.br\/portal\/#website"},"primaryImageOfPage":{"@id":"https:\/\/verdadeon.com.br\/portal\/2021\/10\/09\/idosos-entre-60-e-69-anos-sao-as-maiores-vitimas-da-covid-19-em-franca\/#primaryimage"},"image":{"@id":"https:\/\/verdadeon.com.br\/portal\/2021\/10\/09\/idosos-entre-60-e-69-anos-sao-as-maiores-vitimas-da-covid-19-em-franca\/#primaryimage"},"thumbnailUrl":"https:\/\/i0.wp.com\/verdadeon.com.br\/portal\/wp-content\/uploads\/2020\/08\/WhatsApp-Image-2020-08-26-at-09.12.36.jpeg?fit=1000%2C670&ssl=1","datePublished":"2021-10-09T17:00:36+00:00","author":{"@id":"https:\/\/verdadeon.com.br\/portal\/#\/schema\/person\/cc32be22b8e8599387c480bc83e1d11a"},"breadcrumb":{"@id":"https:\/\/verdadeon.com.br\/portal\/2021\/10\/09\/idosos-entre-60-e-69-anos-sao-as-maiores-vitimas-da-covid-19-em-franca\/#breadcrumb"},"inLanguage":"pt-BR","potentialAction":[{"@type":"ReadAction","target":["https:\/\/verdadeon.com.br\/portal\/2021\/10\/09\/idosos-entre-60-e-69-anos-sao-as-maiores-vitimas-da-covid-19-em-franca\/"]}]},{"@type":"ImageObject","inLanguage":"pt-BR","@id":"https:\/\/verdadeon.com.br\/portal\/2021\/10\/09\/idosos-entre-60-e-69-anos-sao-as-maiores-vitimas-da-covid-19-em-franca\/#primaryimage","url":"https:\/\/i0.wp.com\/verdadeon.com.br\/portal\/wp-content\/uploads\/2020\/08\/WhatsApp-Image-2020-08-26-at-09.12.36.jpeg?fit=1000%2C670&ssl=1","contentUrl":"https:\/\/i0.wp.com\/verdadeon.com.br\/portal\/wp-content\/uploads\/2020\/08\/WhatsApp-Image-2020-08-26-at-09.12.36.jpeg?fit=1000%2C670&ssl=1","width":1000,"height":670,"caption":"A pandemia d\u00e1 sinais de retra\u00e7\u00e3o tamb\u00e9m em Franca, mas ainda assim os cuidados n\u00e3o devem ser deixados de lado | Foto: Ag\u00eancia Brasil"},{"@type":"BreadcrumbList","@id":"https:\/\/verdadeon.com.br\/portal\/2021\/10\/09\/idosos-entre-60-e-69-anos-sao-as-maiores-vitimas-da-covid-19-em-franca\/#breadcrumb","itemListElement":[{"@type":"ListItem","position":1,"name":"In\u00edcio","item":"https:\/\/verdadeon.com.br\/portal\/"},{"@type":"ListItem","position":2,"name":"Idosos entre 60 e 69 anos, s\u00e3o as maiores v\u00edtimas da Covid-19 em Franca"}]},{"@type":"WebSite","@id":"https:\/\/verdadeon.com.br\/portal\/#website","url":"https:\/\/verdadeon.com.br\/portal\/","name":"VerdadeOn","description":"Not\u00edcias di\u00e1rias sobre Franca, Regi\u00e3o, Esporte, Cultura, Cotidiano, Colunas. Cobertura nos principais eventos da cidade \u00e9 aqui - Verdadeon Franca","potentialAction":[{"@type":"SearchAction","target":{"@type":"EntryPoint","urlTemplate":"https:\/\/verdadeon.com.br\/portal\/?s={search_term_string}"},"query-input":{"@type":"PropertyValueSpecification","valueRequired":true,"valueName":"search_term_string"}}],"inLanguage":"pt-BR"},{"@type":"Person","@id":"https:\/\/verdadeon.com.br\/portal\/#\/schema\/person\/cc32be22b8e8599387c480bc83e1d11a","name":"Fernando Lima","image":{"@type":"ImageObject","inLanguage":"pt-BR","@id":"https:\/\/verdadeon.com.br\/portal\/#\/schema\/person\/image\/","url":"https:\/\/secure.gravatar.com\/avatar\/df4c8e132080d2b3a4841d5d232045464e0eed11a1d6e43115ca0843d48768d3?s=96&d=mm&r=g","contentUrl":"https:\/\/secure.gravatar.com\/avatar\/df4c8e132080d2b3a4841d5d232045464e0eed11a1d6e43115ca0843d48768d3?s=96&d=mm&r=g","caption":"Fernando Lima"},"sameAs":["http:\/\/verdadeon.com.br\/"],"url":"https:\/\/verdadeon.com.br\/portal\/author\/fernando-lima\/"}]}},"jetpack_publicize_connections":[],"jetpack_featured_media_url":"https:\/\/i0.wp.com\/verdadeon.com.br\/portal\/wp-content\/uploads\/2020\/08\/WhatsApp-Image-2020-08-26-at-09.12.36.jpeg?fit=1000%2C670&ssl=1","jetpack_sharing_enabled":true,"_links":{"self":[{"href":"https:\/\/verdadeon.com.br\/portal\/wp-json\/wp\/v2\/posts\/20237","targetHints":{"allow":["GET"]}}],"collection":[{"href":"https:\/\/verdadeon.com.br\/portal\/wp-json\/wp\/v2\/posts"}],"about":[{"href":"https:\/\/verdadeon.com.br\/portal\/wp-json\/wp\/v2\/types\/post"}],"author":[{"embeddable":true,"href":"https:\/\/verdadeon.com.br\/portal\/wp-json\/wp\/v2\/users\/7"}],"replies":[{"embeddable":true,"href":"https:\/\/verdadeon.com.br\/portal\/wp-json\/wp\/v2\/comments?post=20237"}],"version-history":[{"count":0,"href":"https:\/\/verdadeon.com.br\/portal\/wp-json\/wp\/v2\/posts\/20237\/revisions"}],"wp:featuredmedia":[{"embeddable":true,"href":"https:\/\/verdadeon.com.br\/portal\/wp-json\/wp\/v2\/media\/9999"}],"wp:attachment":[{"href":"https:\/\/verdadeon.com.br\/portal\/wp-json\/wp\/v2\/media?parent=20237"}],"wp:term":[{"taxonomy":"category","embeddable":true,"href":"https:\/\/verdadeon.com.br\/portal\/wp-json\/wp\/v2\/categories?post=20237"},{"taxonomy":"post_tag","embeddable":true,"href":"https:\/\/verdadeon.com.br\/portal\/wp-json\/wp\/v2\/tags?post=20237"}],"curies":[{"name":"wp","href":"https:\/\/api.w.org\/{rel}","templated":true}]}}