{"id":20221,"date":"2021-10-08T18:05:51","date_gmt":"2021-10-08T21:05:51","guid":{"rendered":"https:\/\/verdadeon.com.br\/portal\/?p=20221"},"modified":"2021-10-08T18:24:12","modified_gmt":"2021-10-08T21:24:12","slug":"com-ponte-no-feriado-saude-retoma-vacinacao-contra-covid-so-na-quarta","status":"publish","type":"post","link":"https:\/\/verdadeon.com.br\/portal\/2021\/10\/08\/com-ponte-no-feriado-saude-retoma-vacinacao-contra-covid-so-na-quarta\/","title":{"rendered":"Com &#8216;ponte&#8217; no feriado, Sa\u00fade retoma vacina\u00e7\u00e3o contra Covid s\u00f3 na quarta"},"content":{"rendered":"<h2>Prefeitura suspende expediente por quatro dias e retomar\u00e1 atendimento apenas quarta-feira<\/h2>\n<p>&nbsp;<\/p>\n<p><span style=\"font-weight: 400;\">A Secretaria de Sa\u00fade informa que, devido a suspens\u00e3o de expediente na pr\u00f3xima segunda-feira, 11, v\u00e9spera do feriado nacional de Nossa Senhora Aparecida, a Campanha de Vacina\u00e7\u00e3o contra a Covid-19 ser\u00e1 retomada na pr\u00f3xima quarta-feira, 13.\u00a0<\/span><\/p>\n<p><span style=\"font-weight: 400;\">Nesta dia, continuar\u00e3o sendo atendidas com a primeira dose da vacina contra a Covid-19 pessoas com 18 anos ou mais, na UBS Luiza, entre 7h30 e 16h. Para receber a vacina, \u00e9 preciso apresentar documento de identidade com foto e comprovante de endere\u00e7o.\u00a0<\/span><\/p>\n<p><span style=\"font-weight: 400;\">A orienta\u00e7\u00e3o aos interessados \u00e9 para que fa\u00e7am o pr\u00e9-cadastro pelo Whatsapp (11) 95220-2923 ou pelo site <\/span><a href=\"http:\/\/www.vacinaja.sp.gov.br\/\"><span style=\"font-weight: 400;\">www.vacinaja.sp.gov.br<\/span><\/a><span style=\"font-weight: 400;\">. O procedimento n\u00e3o \u00e9 obrigat\u00f3rio, mas agiliza o atendimento, que ser\u00e1 prestado mediante a distribui\u00e7\u00e3o de senhas e a disponibilidade de doses.\u00a0<\/span><\/p>\n<p><strong>1\u00aa e 2\u00aa Doses &#8211; Gestantes e Pu\u00e9rperas, 18 anos ou mais<\/strong><\/p>\n<p>Para as gestantes, em qualquer idade gestacional e pu\u00e9rperas (at\u00e9 45 dias p\u00f3s-parto), com idade de 18 anos ou mais, a aplica\u00e7\u00e3o da primeira e segunda doses continuar\u00e1 na pr\u00f3xima quarta-feira, 13, na UBS Paulistano, no per\u00edodo das 7h30 \u00e0s 12h e das 13 \u00e0s 16h. As mulheres dever\u00e3o apresentar o original e c\u00f3pias do cart\u00e3o de Pr\u00e9-Natal, receitas ou laudo m\u00e9dico para as gestantes. J\u00e1 as pu\u00e9rperas dever\u00e3o levar original e c\u00f3pia da certid\u00e3o de nascimento da crian\u00e7a, al\u00e9m de um documento de identidade com foto e o CPF, que s\u00e3o priorit\u00e1rios para todos os p\u00fablicos.<\/p>\n<p><strong>2\u00aa Dose- Astrazeneca\/ Oxford\/ Fiocruz<\/strong><\/p>\n<p><span style=\"font-weight: 400;\">A segunda dose da Astrazeneca estar\u00e1 dispon\u00edvel nas UBS Aeroporto 1 e Paulista, das 7h30 \u00e0s 16h.<\/span><\/p>\n<p><strong>2\u00aa Dose &#8211; Pfizer<\/strong><\/p>\n<p><span style=\"font-weight: 400;\">As pessoas que t\u00eam o agendamento no cart\u00e3o de vacina\u00e7\u00e3o at\u00e9 o dia 27 de outubro para o recebimento da segunda dose da Pfizer poder\u00e3o antecipar a data e comparecer na pr\u00f3xima quarta-feira nas UBSs Esta\u00e7\u00e3o, \u00c2ngela Rosa, Brasil\u00e2ndia e Horto, das 7h30 \u00e0s 16h, apresentando um documento de identidade com foto e o cart\u00e3o para a comprova\u00e7\u00e3o da primeira dose.\u00a0<\/span><\/p>\n<p><strong>2\u00aa Dose &#8211; Coronavac\/ Sinovac<\/strong><\/p>\n<p><span style=\"font-weight: 400;\">A segunda dose da vacina Coronavac estar\u00e1 dispon\u00edvel das 7h30 \u00e0s 12h e das 13 \u00e0s 16h, na UBS Paulistano.\u00a0<\/span><\/p>\n<p><b>3\u00aa Dose &#8211; Idosos 60 anos ou mais e Imunossoprimidos acima de 18 anos<\/b><\/p>\n<p><span style=\"font-weight: 400;\">Para a aplica\u00e7\u00e3o da terceira dose da vacina contra a Covid-19, idosos com 60 anos ou mais dever\u00e3o observar o intervalo superior a 6 meses do recebimento da segunda dose. J\u00e1 o refor\u00e7o da vacina\u00e7\u00e3o para as pessoas imunossuprimidas, com idade de 18 anos ou mais deve ser de pelo menos 28 dias ap\u00f3s a \u00faltima dose do esquema vacinal, seja segunda dose ou dose \u00fanica, independentemente do imunizante aplicado, considerando o calend\u00e1rio proposto.<\/span><\/p>\n<p><span style=\"font-weight: 400;\">O atendimento ser\u00e1 prestado na UBS Guanabara, das 7h30 \u00e0s 16h, mediante a distribui\u00e7\u00e3o de senhas.<\/span><\/p>\n<p><span style=\"font-weight: 400;\">As pessoas que estiverem aptas a receber a terceira dose dever\u00e3o apresentar o cart\u00e3o para comprova\u00e7\u00e3o das duas doses, documento de identidade com foto, al\u00e9m de comprovante m\u00e9dico ou receita, sendo original e c\u00f3pia para as pessoas imunossuprimidas.\u00a0<\/span><\/p>\n<p><b>3\u00aa Dose &#8211; Profissionais de Sa\u00fade<\/b><\/p>\n<p><span style=\"font-weight: 400;\">A aplica\u00e7\u00e3o da dose adicional da vacina contra a Covid-19 para os profissionais de sa\u00fade, que tomaram a segunda dose at\u00e9 o dia 03 de mar\u00e7o, h\u00e1 pelo menos seis meses da \u00faltima aplica\u00e7\u00e3o, est\u00e1 prevista para as UBS S\u00e3o Sebasti\u00e3o, Santa Terezinha e Progresso, das 7h30 \u00e0s 16h. Poder\u00e3o receber a dose extra os trabalhadores de servi\u00e7os p\u00fablicos e privados de sa\u00fade, como hospitais, cl\u00ednicas e ambulat\u00f3rios, que dever\u00e3o apresentar um documento de identidade com foto e o cart\u00e3o para comprovar o recebimento das duas doses.\u00a0<\/span><\/p>\n<p>&nbsp;<\/p>\n<p>&nbsp;<\/p>\n","protected":false},"excerpt":{"rendered":"<p>Prefeitura suspende expediente por quatro dias e retomar\u00e1 atendimento apenas quarta-feira &nbsp; A Secretaria de Sa\u00fade informa que, devido a suspens\u00e3o de expediente na pr\u00f3xima segunda-feira,<span class=\"excerpt-hellip\"> [\u2026]<\/span><\/p>\n","protected":false},"author":3,"featured_media":19812,"comment_status":"open","ping_status":"open","sticky":false,"template":"","format":"standard","meta":{"_jetpack_memberships_contains_paid_content":false,"footnotes":"","jetpack_publicize_message":"","jetpack_publicize_feature_enabled":true,"jetpack_social_post_already_shared":false,"jetpack_social_options":{"image_generator_settings":{"template":"highway","default_image_id":0,"enabled":false},"version":2}},"categories":[28,81],"tags":[],"class_list":["post-20221","post","type-post","status-publish","format-standard","has-post-thumbnail","hentry","category-cotidiano","category-manchete"],"yoast_head":"<!-- This site is optimized with the Yoast SEO plugin v25.6 - https:\/\/yoast.com\/wordpress\/plugins\/seo\/ -->\n<title>Com &#039;ponte&#039; no feriado, Sa\u00fade retoma vacina\u00e7\u00e3o contra Covid s\u00f3 na quarta - VerdadeOn<\/title>\n<meta name=\"robots\" content=\"index, follow, max-snippet:-1, max-image-preview:large, max-video-preview:-1\" \/>\n<link rel=\"canonical\" href=\"https:\/\/verdadeon.com.br\/portal\/2021\/10\/08\/com-ponte-no-feriado-saude-retoma-vacinacao-contra-covid-so-na-quarta\/\" \/>\n<meta property=\"og:locale\" content=\"pt_BR\" \/>\n<meta property=\"og:type\" content=\"article\" \/>\n<meta property=\"og:title\" content=\"Com &#039;ponte&#039; no feriado, Sa\u00fade retoma vacina\u00e7\u00e3o contra Covid s\u00f3 na quarta - VerdadeOn\" \/>\n<meta property=\"og:description\" content=\"Prefeitura suspende expediente por quatro dias e retomar\u00e1 atendimento apenas quarta-feira &nbsp; A Secretaria de Sa\u00fade informa que, devido a suspens\u00e3o de expediente na pr\u00f3xima segunda-feira, [\u2026]\" \/>\n<meta property=\"og:url\" content=\"https:\/\/verdadeon.com.br\/portal\/2021\/10\/08\/com-ponte-no-feriado-saude-retoma-vacinacao-contra-covid-so-na-quarta\/\" \/>\n<meta property=\"og:site_name\" content=\"VerdadeOn\" \/>\n<meta property=\"article:published_time\" content=\"2021-10-08T21:05:51+00:00\" \/>\n<meta property=\"article:modified_time\" content=\"2021-10-08T21:24:12+00:00\" \/>\n<meta property=\"og:image\" content=\"https:\/\/verdadeon.com.br\/portal\/wp-content\/uploads\/2021\/09\/VACINACAO-CONTRA-COVID-19-EM-FRANCA-FOTO-DIVULGACAO-2-e1632519269813.jpeg\" \/>\n\t<meta property=\"og:image:width\" content=\"1001\" \/>\n\t<meta property=\"og:image:height\" content=\"668\" \/>\n\t<meta property=\"og:image:type\" content=\"image\/jpeg\" \/>\n<meta name=\"author\" content=\"Admin\" \/>\n<meta name=\"twitter:card\" content=\"summary_large_image\" \/>\n<meta name=\"twitter:label1\" content=\"Escrito por\" \/>\n\t<meta name=\"twitter:data1\" content=\"Admin\" \/>\n\t<meta name=\"twitter:label2\" content=\"Est. tempo de leitura\" \/>\n\t<meta name=\"twitter:data2\" content=\"3 minutos\" \/>\n<script type=\"application\/ld+json\" class=\"yoast-schema-graph\">{\"@context\":\"https:\/\/schema.org\",\"@graph\":[{\"@type\":\"WebPage\",\"@id\":\"https:\/\/verdadeon.com.br\/portal\/2021\/10\/08\/com-ponte-no-feriado-saude-retoma-vacinacao-contra-covid-so-na-quarta\/\",\"url\":\"https:\/\/verdadeon.com.br\/portal\/2021\/10\/08\/com-ponte-no-feriado-saude-retoma-vacinacao-contra-covid-so-na-quarta\/\",\"name\":\"Com 'ponte' no feriado, Sa\u00fade retoma vacina\u00e7\u00e3o contra Covid s\u00f3 na quarta - VerdadeOn\",\"isPartOf\":{\"@id\":\"https:\/\/verdadeon.com.br\/portal\/#website\"},\"primaryImageOfPage\":{\"@id\":\"https:\/\/verdadeon.com.br\/portal\/2021\/10\/08\/com-ponte-no-feriado-saude-retoma-vacinacao-contra-covid-so-na-quarta\/#primaryimage\"},\"image\":{\"@id\":\"https:\/\/verdadeon.com.br\/portal\/2021\/10\/08\/com-ponte-no-feriado-saude-retoma-vacinacao-contra-covid-so-na-quarta\/#primaryimage\"},\"thumbnailUrl\":\"https:\/\/i0.wp.com\/verdadeon.com.br\/portal\/wp-content\/uploads\/2021\/09\/VACINACAO-CONTRA-COVID-19-EM-FRANCA-FOTO-DIVULGACAO-2-e1632519269813.jpeg?fit=1001%2C668&ssl=1\",\"datePublished\":\"2021-10-08T21:05:51+00:00\",\"dateModified\":\"2021-10-08T21:24:12+00:00\",\"author\":{\"@id\":\"https:\/\/verdadeon.com.br\/portal\/#\/schema\/person\/31b3f1eb559e4ce9d3c1dc1f2268a70c\"},\"breadcrumb\":{\"@id\":\"https:\/\/verdadeon.com.br\/portal\/2021\/10\/08\/com-ponte-no-feriado-saude-retoma-vacinacao-contra-covid-so-na-quarta\/#breadcrumb\"},\"inLanguage\":\"pt-BR\",\"potentialAction\":[{\"@type\":\"ReadAction\",\"target\":[\"https:\/\/verdadeon.com.br\/portal\/2021\/10\/08\/com-ponte-no-feriado-saude-retoma-vacinacao-contra-covid-so-na-quarta\/\"]}]},{\"@type\":\"ImageObject\",\"inLanguage\":\"pt-BR\",\"@id\":\"https:\/\/verdadeon.com.br\/portal\/2021\/10\/08\/com-ponte-no-feriado-saude-retoma-vacinacao-contra-covid-so-na-quarta\/#primaryimage\",\"url\":\"https:\/\/i0.wp.com\/verdadeon.com.br\/portal\/wp-content\/uploads\/2021\/09\/VACINACAO-CONTRA-COVID-19-EM-FRANCA-FOTO-DIVULGACAO-2-e1632519269813.jpeg?fit=1001%2C668&ssl=1\",\"contentUrl\":\"https:\/\/i0.wp.com\/verdadeon.com.br\/portal\/wp-content\/uploads\/2021\/09\/VACINACAO-CONTRA-COVID-19-EM-FRANCA-FOTO-DIVULGACAO-2-e1632519269813.jpeg?fit=1001%2C668&ssl=1\",\"width\":1001,\"height\":668,\"caption\":\"Com feriad\u00e3o de Tiradentes, a imuniza\u00e7\u00e3o contra Covid, Influenza e vacinas de rotinas voltam apenas na segunda-feira (25) | Foto: Divulga\u00e7\u00e3o\"},{\"@type\":\"BreadcrumbList\",\"@id\":\"https:\/\/verdadeon.com.br\/portal\/2021\/10\/08\/com-ponte-no-feriado-saude-retoma-vacinacao-contra-covid-so-na-quarta\/#breadcrumb\",\"itemListElement\":[{\"@type\":\"ListItem\",\"position\":1,\"name\":\"In\u00edcio\",\"item\":\"https:\/\/verdadeon.com.br\/portal\/\"},{\"@type\":\"ListItem\",\"position\":2,\"name\":\"Com &#8216;ponte&#8217; no feriado, Sa\u00fade retoma vacina\u00e7\u00e3o contra Covid s\u00f3 na quarta\"}]},{\"@type\":\"WebSite\",\"@id\":\"https:\/\/verdadeon.com.br\/portal\/#website\",\"url\":\"https:\/\/verdadeon.com.br\/portal\/\",\"name\":\"VerdadeOn\",\"description\":\"Not\u00edcias di\u00e1rias sobre Franca, Regi\u00e3o, Esporte, Cultura, Cotidiano, Colunas. Cobertura nos principais eventos da cidade \u00e9 aqui - Verdadeon Franca\",\"potentialAction\":[{\"@type\":\"SearchAction\",\"target\":{\"@type\":\"EntryPoint\",\"urlTemplate\":\"https:\/\/verdadeon.com.br\/portal\/?s={search_term_string}\"},\"query-input\":{\"@type\":\"PropertyValueSpecification\",\"valueRequired\":true,\"valueName\":\"search_term_string\"}}],\"inLanguage\":\"pt-BR\"},{\"@type\":\"Person\",\"@id\":\"https:\/\/verdadeon.com.br\/portal\/#\/schema\/person\/31b3f1eb559e4ce9d3c1dc1f2268a70c\",\"name\":\"Admin\",\"image\":{\"@type\":\"ImageObject\",\"inLanguage\":\"pt-BR\",\"@id\":\"https:\/\/verdadeon.com.br\/portal\/#\/schema\/person\/image\/\",\"url\":\"https:\/\/secure.gravatar.com\/avatar\/e550a5b4dab3efe8ca3a8bf0fb981073a921f9a24159040707270602980dd8af?s=96&d=mm&r=g\",\"contentUrl\":\"https:\/\/secure.gravatar.com\/avatar\/e550a5b4dab3efe8ca3a8bf0fb981073a921f9a24159040707270602980dd8af?s=96&d=mm&r=g\",\"caption\":\"Admin\"},\"url\":\"https:\/\/verdadeon.com.br\/portal\/author\/admin\/\"}]}<\/script>\n<!-- \/ Yoast SEO plugin. -->","yoast_head_json":{"title":"Com 'ponte' no feriado, Sa\u00fade retoma vacina\u00e7\u00e3o contra Covid s\u00f3 na quarta - VerdadeOn","robots":{"index":"index","follow":"follow","max-snippet":"max-snippet:-1","max-image-preview":"max-image-preview:large","max-video-preview":"max-video-preview:-1"},"canonical":"https:\/\/verdadeon.com.br\/portal\/2021\/10\/08\/com-ponte-no-feriado-saude-retoma-vacinacao-contra-covid-so-na-quarta\/","og_locale":"pt_BR","og_type":"article","og_title":"Com 'ponte' no feriado, Sa\u00fade retoma vacina\u00e7\u00e3o contra Covid s\u00f3 na quarta - VerdadeOn","og_description":"Prefeitura suspende expediente por quatro dias e retomar\u00e1 atendimento apenas quarta-feira &nbsp; A Secretaria de Sa\u00fade informa que, devido a suspens\u00e3o de expediente na pr\u00f3xima segunda-feira, [\u2026]","og_url":"https:\/\/verdadeon.com.br\/portal\/2021\/10\/08\/com-ponte-no-feriado-saude-retoma-vacinacao-contra-covid-so-na-quarta\/","og_site_name":"VerdadeOn","article_published_time":"2021-10-08T21:05:51+00:00","article_modified_time":"2021-10-08T21:24:12+00:00","og_image":[{"width":1001,"height":668,"url":"https:\/\/verdadeon.com.br\/portal\/wp-content\/uploads\/2021\/09\/VACINACAO-CONTRA-COVID-19-EM-FRANCA-FOTO-DIVULGACAO-2-e1632519269813.jpeg","type":"image\/jpeg"}],"author":"Admin","twitter_card":"summary_large_image","twitter_misc":{"Escrito por":"Admin","Est. tempo de leitura":"3 minutos"},"schema":{"@context":"https:\/\/schema.org","@graph":[{"@type":"WebPage","@id":"https:\/\/verdadeon.com.br\/portal\/2021\/10\/08\/com-ponte-no-feriado-saude-retoma-vacinacao-contra-covid-so-na-quarta\/","url":"https:\/\/verdadeon.com.br\/portal\/2021\/10\/08\/com-ponte-no-feriado-saude-retoma-vacinacao-contra-covid-so-na-quarta\/","name":"Com 'ponte' no feriado, Sa\u00fade retoma vacina\u00e7\u00e3o contra Covid s\u00f3 na quarta - VerdadeOn","isPartOf":{"@id":"https:\/\/verdadeon.com.br\/portal\/#website"},"primaryImageOfPage":{"@id":"https:\/\/verdadeon.com.br\/portal\/2021\/10\/08\/com-ponte-no-feriado-saude-retoma-vacinacao-contra-covid-so-na-quarta\/#primaryimage"},"image":{"@id":"https:\/\/verdadeon.com.br\/portal\/2021\/10\/08\/com-ponte-no-feriado-saude-retoma-vacinacao-contra-covid-so-na-quarta\/#primaryimage"},"thumbnailUrl":"https:\/\/i0.wp.com\/verdadeon.com.br\/portal\/wp-content\/uploads\/2021\/09\/VACINACAO-CONTRA-COVID-19-EM-FRANCA-FOTO-DIVULGACAO-2-e1632519269813.jpeg?fit=1001%2C668&ssl=1","datePublished":"2021-10-08T21:05:51+00:00","dateModified":"2021-10-08T21:24:12+00:00","author":{"@id":"https:\/\/verdadeon.com.br\/portal\/#\/schema\/person\/31b3f1eb559e4ce9d3c1dc1f2268a70c"},"breadcrumb":{"@id":"https:\/\/verdadeon.com.br\/portal\/2021\/10\/08\/com-ponte-no-feriado-saude-retoma-vacinacao-contra-covid-so-na-quarta\/#breadcrumb"},"inLanguage":"pt-BR","potentialAction":[{"@type":"ReadAction","target":["https:\/\/verdadeon.com.br\/portal\/2021\/10\/08\/com-ponte-no-feriado-saude-retoma-vacinacao-contra-covid-so-na-quarta\/"]}]},{"@type":"ImageObject","inLanguage":"pt-BR","@id":"https:\/\/verdadeon.com.br\/portal\/2021\/10\/08\/com-ponte-no-feriado-saude-retoma-vacinacao-contra-covid-so-na-quarta\/#primaryimage","url":"https:\/\/i0.wp.com\/verdadeon.com.br\/portal\/wp-content\/uploads\/2021\/09\/VACINACAO-CONTRA-COVID-19-EM-FRANCA-FOTO-DIVULGACAO-2-e1632519269813.jpeg?fit=1001%2C668&ssl=1","contentUrl":"https:\/\/i0.wp.com\/verdadeon.com.br\/portal\/wp-content\/uploads\/2021\/09\/VACINACAO-CONTRA-COVID-19-EM-FRANCA-FOTO-DIVULGACAO-2-e1632519269813.jpeg?fit=1001%2C668&ssl=1","width":1001,"height":668,"caption":"Com feriad\u00e3o de Tiradentes, a imuniza\u00e7\u00e3o contra Covid, Influenza e vacinas de rotinas voltam apenas na segunda-feira (25) | Foto: Divulga\u00e7\u00e3o"},{"@type":"BreadcrumbList","@id":"https:\/\/verdadeon.com.br\/portal\/2021\/10\/08\/com-ponte-no-feriado-saude-retoma-vacinacao-contra-covid-so-na-quarta\/#breadcrumb","itemListElement":[{"@type":"ListItem","position":1,"name":"In\u00edcio","item":"https:\/\/verdadeon.com.br\/portal\/"},{"@type":"ListItem","position":2,"name":"Com &#8216;ponte&#8217; no feriado, Sa\u00fade retoma vacina\u00e7\u00e3o contra Covid s\u00f3 na quarta"}]},{"@type":"WebSite","@id":"https:\/\/verdadeon.com.br\/portal\/#website","url":"https:\/\/verdadeon.com.br\/portal\/","name":"VerdadeOn","description":"Not\u00edcias di\u00e1rias sobre Franca, Regi\u00e3o, Esporte, Cultura, Cotidiano, Colunas. Cobertura nos principais eventos da cidade \u00e9 aqui - Verdadeon Franca","potentialAction":[{"@type":"SearchAction","target":{"@type":"EntryPoint","urlTemplate":"https:\/\/verdadeon.com.br\/portal\/?s={search_term_string}"},"query-input":{"@type":"PropertyValueSpecification","valueRequired":true,"valueName":"search_term_string"}}],"inLanguage":"pt-BR"},{"@type":"Person","@id":"https:\/\/verdadeon.com.br\/portal\/#\/schema\/person\/31b3f1eb559e4ce9d3c1dc1f2268a70c","name":"Admin","image":{"@type":"ImageObject","inLanguage":"pt-BR","@id":"https:\/\/verdadeon.com.br\/portal\/#\/schema\/person\/image\/","url":"https:\/\/secure.gravatar.com\/avatar\/e550a5b4dab3efe8ca3a8bf0fb981073a921f9a24159040707270602980dd8af?s=96&d=mm&r=g","contentUrl":"https:\/\/secure.gravatar.com\/avatar\/e550a5b4dab3efe8ca3a8bf0fb981073a921f9a24159040707270602980dd8af?s=96&d=mm&r=g","caption":"Admin"},"url":"https:\/\/verdadeon.com.br\/portal\/author\/admin\/"}]}},"jetpack_publicize_connections":[],"jetpack_featured_media_url":"https:\/\/i0.wp.com\/verdadeon.com.br\/portal\/wp-content\/uploads\/2021\/09\/VACINACAO-CONTRA-COVID-19-EM-FRANCA-FOTO-DIVULGACAO-2-e1632519269813.jpeg?fit=1001%2C668&ssl=1","jetpack_sharing_enabled":true,"_links":{"self":[{"href":"https:\/\/verdadeon.com.br\/portal\/wp-json\/wp\/v2\/posts\/20221","targetHints":{"allow":["GET"]}}],"collection":[{"href":"https:\/\/verdadeon.com.br\/portal\/wp-json\/wp\/v2\/posts"}],"about":[{"href":"https:\/\/verdadeon.com.br\/portal\/wp-json\/wp\/v2\/types\/post"}],"author":[{"embeddable":true,"href":"https:\/\/verdadeon.com.br\/portal\/wp-json\/wp\/v2\/users\/3"}],"replies":[{"embeddable":true,"href":"https:\/\/verdadeon.com.br\/portal\/wp-json\/wp\/v2\/comments?post=20221"}],"version-history":[{"count":0,"href":"https:\/\/verdadeon.com.br\/portal\/wp-json\/wp\/v2\/posts\/20221\/revisions"}],"wp:featuredmedia":[{"embeddable":true,"href":"https:\/\/verdadeon.com.br\/portal\/wp-json\/wp\/v2\/media\/19812"}],"wp:attachment":[{"href":"https:\/\/verdadeon.com.br\/portal\/wp-json\/wp\/v2\/media?parent=20221"}],"wp:term":[{"taxonomy":"category","embeddable":true,"href":"https:\/\/verdadeon.com.br\/portal\/wp-json\/wp\/v2\/categories?post=20221"},{"taxonomy":"post_tag","embeddable":true,"href":"https:\/\/verdadeon.com.br\/portal\/wp-json\/wp\/v2\/tags?post=20221"}],"curies":[{"name":"wp","href":"https:\/\/api.w.org\/{rel}","templated":true}]}}