{"id":20195,"date":"2021-10-07T17:18:37","date_gmt":"2021-10-07T20:18:37","guid":{"rendered":"https:\/\/verdadeon.com.br\/portal\/?p=20195"},"modified":"2021-10-07T17:18:37","modified_gmt":"2021-10-07T20:18:37","slug":"violencia-no-transito-de-franca-tres-mortes-em-dois-dias","status":"publish","type":"post","link":"https:\/\/verdadeon.com.br\/portal\/2021\/10\/07\/violencia-no-transito-de-franca-tres-mortes-em-dois-dias\/","title":{"rendered":"Viol\u00eancia no tr\u00e2nsito de Franca: tr\u00eas mortes em dois dias"},"content":{"rendered":"<h2>No \u00faltimo acidente uma idosa foi atingida na faixa de pedestres, ela foi sepultada no Jardim das Oliveiras<\/h2>\n<p>Foi enterrado na tarde desta quinta-feira (7), o corpo da idosa Ilsa Clara, de 77 anos. Ela foi atropelada por um \u00f4nibus na avenida Presidente Vargas, quando voltava do trabalho no fim da tarde de quarta-feira (6). Ela foi velada no Memorial Nova Franca e sepultada no Cemit\u00e9rio Jardim das Oliveiras.<\/p>\n<p>De acordo com o boletim, a v\u00edtima voltava do trabalho quando foi atingida por um \u00f4nibus que transportava trabalhadores. Uma c\u00e2mera de seguran\u00e7a flagrou o acidente. A mulher que usa a faixa de pedestres se surpreende com o \u00f4nibus, que acessa a Vargas. Ela \u00e9 atingida e cai, testemunhas acionaram o socorro. Os bombeiros ainda tentaram reanimar a mulher por cerca de 20 minutos, mas ela n\u00e3o resistiu a uma parada card\u00edaca.<\/p>\n<p>O corpo de Ilsa foi levado para o Instituto M\u00e9dico Legal (IML), de Franca, e ap\u00f3s liberado para os familiares. O caso ser\u00e1 investigado pela Pol\u00edcia Civil.<\/p>\n<h4>Viol\u00eancia<\/h4>\n<p>Foi uma semana violenta no tr\u00e2nsito de Franca, foram tr\u00eas mortes causas por acidentes em apenas dois dias. No domingo (3), Eliane Ara\u00fajo Costa, de 36 anos, sofreu um grave acidente na avenida Euclides Vieira, no Avia\u00e7\u00e3o na zona sul da cidade. A suspeita \u00e9 a de que ela tenha perdido o controle da motocicleta ao fazer uma ultrapassagem. Ela foi socorrida em estado grave at\u00e9 a Santa Casa de Franca, mas na ter\u00e7a-feira (5), n\u00e3o resistiu e faleceu.<\/p>\n<p>Ainda na ter\u00e7a, Luiz Felipe Martins morreu ap\u00f3s bater violentamente a motocicleta em que estava em um poste, na rua Hip\u00f3lito Jos\u00e9, na Vila Exposi\u00e7\u00e3o. Com o impacto o capacete dele partiu ao meio, o Samu chegou a ir at\u00e9 o local, mas ele j\u00e1 estava sem vida.<\/p>\n<p>O Jornal Verdade mostrou que no dia 25 de setembro, foi encerrada a Semana do Tr\u00e2nsito em Franca. O Tenente R\u00e9gis Mendes informou que de janeiro a setembro deste ano, foram 27 mortes no tr\u00e2nsito do munic\u00edpio, o n\u00famero \u00e9 menor do que no mesmo per\u00edodo do ano passado, quando haviam sido registradas 32.<\/p>\n<p>Essas mortes registradas em outubro ainda n\u00e3o entraram nas estat\u00edsticas oficiais, j\u00e1 que de acordo com o Tenente, os n\u00fameros s\u00e3o atualizados no dia 19 de cada m\u00eas, mas agora j\u00e1 s\u00e3o pelo menos 30 \u00f3bitos no tr\u00e2nsito de Franca em 2021.<\/p>\n","protected":false},"excerpt":{"rendered":"<p>No \u00faltimo acidente uma idosa foi atingida na faixa de pedestres, ela foi sepultada no Jardim das Oliveiras Foi enterrado na tarde desta quinta-feira (7), o<span class=\"excerpt-hellip\"> [\u2026]<\/span><\/p>\n","protected":false},"author":7,"featured_media":20190,"comment_status":"open","ping_status":"open","sticky":false,"template":"","format":"standard","meta":{"_jetpack_memberships_contains_paid_content":false,"footnotes":"","jetpack_publicize_message":"","jetpack_publicize_feature_enabled":true,"jetpack_social_post_already_shared":false,"jetpack_social_options":{"image_generator_settings":{"template":"highway","default_image_id":0,"enabled":false},"version":2}},"categories":[28,81],"tags":[],"class_list":["post-20195","post","type-post","status-publish","format-standard","has-post-thumbnail","hentry","category-cotidiano","category-manchete"],"yoast_head":"<!-- This site is optimized with the Yoast SEO plugin v25.6 - https:\/\/yoast.com\/wordpress\/plugins\/seo\/ -->\n<title>Viol\u00eancia no tr\u00e2nsito de Franca: tr\u00eas mortes em dois dias - VerdadeOn<\/title>\n<meta name=\"robots\" content=\"index, follow, max-snippet:-1, max-image-preview:large, max-video-preview:-1\" \/>\n<link rel=\"canonical\" href=\"https:\/\/verdadeon.com.br\/portal\/2021\/10\/07\/violencia-no-transito-de-franca-tres-mortes-em-dois-dias\/\" \/>\n<meta property=\"og:locale\" content=\"pt_BR\" \/>\n<meta property=\"og:type\" content=\"article\" \/>\n<meta property=\"og:title\" content=\"Viol\u00eancia no tr\u00e2nsito de Franca: tr\u00eas mortes em dois dias - VerdadeOn\" \/>\n<meta property=\"og:description\" content=\"No \u00faltimo acidente uma idosa foi atingida na faixa de pedestres, ela foi sepultada no Jardim das Oliveiras Foi enterrado na tarde desta quinta-feira (7), o [\u2026]\" \/>\n<meta property=\"og:url\" content=\"https:\/\/verdadeon.com.br\/portal\/2021\/10\/07\/violencia-no-transito-de-franca-tres-mortes-em-dois-dias\/\" \/>\n<meta property=\"og:site_name\" content=\"VerdadeOn\" \/>\n<meta property=\"article:published_time\" content=\"2021-10-07T20:18:37+00:00\" \/>\n<meta property=\"og:image\" content=\"https:\/\/verdadeon.com.br\/portal\/wp-content\/uploads\/2021\/10\/ATROPELAMENTO-e1633627757139.png\" \/>\n\t<meta property=\"og:image:width\" content=\"1001\" \/>\n\t<meta property=\"og:image:height\" content=\"670\" \/>\n\t<meta property=\"og:image:type\" content=\"image\/png\" \/>\n<meta name=\"author\" content=\"Fernando Lima\" \/>\n<meta name=\"twitter:card\" content=\"summary_large_image\" \/>\n<meta name=\"twitter:label1\" content=\"Escrito por\" \/>\n\t<meta name=\"twitter:data1\" content=\"Fernando Lima\" \/>\n\t<meta name=\"twitter:label2\" content=\"Est. tempo de leitura\" \/>\n\t<meta name=\"twitter:data2\" content=\"2 minutos\" \/>\n<script type=\"application\/ld+json\" class=\"yoast-schema-graph\">{\"@context\":\"https:\/\/schema.org\",\"@graph\":[{\"@type\":\"WebPage\",\"@id\":\"https:\/\/verdadeon.com.br\/portal\/2021\/10\/07\/violencia-no-transito-de-franca-tres-mortes-em-dois-dias\/\",\"url\":\"https:\/\/verdadeon.com.br\/portal\/2021\/10\/07\/violencia-no-transito-de-franca-tres-mortes-em-dois-dias\/\",\"name\":\"Viol\u00eancia no tr\u00e2nsito de Franca: tr\u00eas mortes em dois dias - VerdadeOn\",\"isPartOf\":{\"@id\":\"https:\/\/verdadeon.com.br\/portal\/#website\"},\"primaryImageOfPage\":{\"@id\":\"https:\/\/verdadeon.com.br\/portal\/2021\/10\/07\/violencia-no-transito-de-franca-tres-mortes-em-dois-dias\/#primaryimage\"},\"image\":{\"@id\":\"https:\/\/verdadeon.com.br\/portal\/2021\/10\/07\/violencia-no-transito-de-franca-tres-mortes-em-dois-dias\/#primaryimage\"},\"thumbnailUrl\":\"https:\/\/i0.wp.com\/verdadeon.com.br\/portal\/wp-content\/uploads\/2021\/10\/ATROPELAMENTO-e1633627757139.png?fit=1001%2C670&ssl=1\",\"datePublished\":\"2021-10-07T20:18:37+00:00\",\"author\":{\"@id\":\"https:\/\/verdadeon.com.br\/portal\/#\/schema\/person\/cc32be22b8e8599387c480bc83e1d11a\"},\"breadcrumb\":{\"@id\":\"https:\/\/verdadeon.com.br\/portal\/2021\/10\/07\/violencia-no-transito-de-franca-tres-mortes-em-dois-dias\/#breadcrumb\"},\"inLanguage\":\"pt-BR\",\"potentialAction\":[{\"@type\":\"ReadAction\",\"target\":[\"https:\/\/verdadeon.com.br\/portal\/2021\/10\/07\/violencia-no-transito-de-franca-tres-mortes-em-dois-dias\/\"]}]},{\"@type\":\"ImageObject\",\"inLanguage\":\"pt-BR\",\"@id\":\"https:\/\/verdadeon.com.br\/portal\/2021\/10\/07\/violencia-no-transito-de-franca-tres-mortes-em-dois-dias\/#primaryimage\",\"url\":\"https:\/\/i0.wp.com\/verdadeon.com.br\/portal\/wp-content\/uploads\/2021\/10\/ATROPELAMENTO-e1633627757139.png?fit=1001%2C670&ssl=1\",\"contentUrl\":\"https:\/\/i0.wp.com\/verdadeon.com.br\/portal\/wp-content\/uploads\/2021\/10\/ATROPELAMENTO-e1633627757139.png?fit=1001%2C670&ssl=1\",\"width\":1001,\"height\":670,\"caption\":\"V\u00edtima estava na faixa de pedestre quando foi atingida pelo \u00f4nibus que saia da rua Minas Gerais. Caso \u00e9 investigado | Foto: Reprodu\u00e7\u00e3o\"},{\"@type\":\"BreadcrumbList\",\"@id\":\"https:\/\/verdadeon.com.br\/portal\/2021\/10\/07\/violencia-no-transito-de-franca-tres-mortes-em-dois-dias\/#breadcrumb\",\"itemListElement\":[{\"@type\":\"ListItem\",\"position\":1,\"name\":\"In\u00edcio\",\"item\":\"https:\/\/verdadeon.com.br\/portal\/\"},{\"@type\":\"ListItem\",\"position\":2,\"name\":\"Viol\u00eancia no tr\u00e2nsito de Franca: tr\u00eas mortes em dois dias\"}]},{\"@type\":\"WebSite\",\"@id\":\"https:\/\/verdadeon.com.br\/portal\/#website\",\"url\":\"https:\/\/verdadeon.com.br\/portal\/\",\"name\":\"VerdadeOn\",\"description\":\"Not\u00edcias di\u00e1rias sobre Franca, Regi\u00e3o, Esporte, Cultura, Cotidiano, Colunas. Cobertura nos principais eventos da cidade \u00e9 aqui - Verdadeon Franca\",\"potentialAction\":[{\"@type\":\"SearchAction\",\"target\":{\"@type\":\"EntryPoint\",\"urlTemplate\":\"https:\/\/verdadeon.com.br\/portal\/?s={search_term_string}\"},\"query-input\":{\"@type\":\"PropertyValueSpecification\",\"valueRequired\":true,\"valueName\":\"search_term_string\"}}],\"inLanguage\":\"pt-BR\"},{\"@type\":\"Person\",\"@id\":\"https:\/\/verdadeon.com.br\/portal\/#\/schema\/person\/cc32be22b8e8599387c480bc83e1d11a\",\"name\":\"Fernando Lima\",\"image\":{\"@type\":\"ImageObject\",\"inLanguage\":\"pt-BR\",\"@id\":\"https:\/\/verdadeon.com.br\/portal\/#\/schema\/person\/image\/\",\"url\":\"https:\/\/secure.gravatar.com\/avatar\/df4c8e132080d2b3a4841d5d232045464e0eed11a1d6e43115ca0843d48768d3?s=96&d=mm&r=g\",\"contentUrl\":\"https:\/\/secure.gravatar.com\/avatar\/df4c8e132080d2b3a4841d5d232045464e0eed11a1d6e43115ca0843d48768d3?s=96&d=mm&r=g\",\"caption\":\"Fernando Lima\"},\"sameAs\":[\"http:\/\/verdadeon.com.br\/\"],\"url\":\"https:\/\/verdadeon.com.br\/portal\/author\/fernando-lima\/\"}]}<\/script>\n<!-- \/ Yoast SEO plugin. -->","yoast_head_json":{"title":"Viol\u00eancia no tr\u00e2nsito de Franca: tr\u00eas mortes em dois dias - VerdadeOn","robots":{"index":"index","follow":"follow","max-snippet":"max-snippet:-1","max-image-preview":"max-image-preview:large","max-video-preview":"max-video-preview:-1"},"canonical":"https:\/\/verdadeon.com.br\/portal\/2021\/10\/07\/violencia-no-transito-de-franca-tres-mortes-em-dois-dias\/","og_locale":"pt_BR","og_type":"article","og_title":"Viol\u00eancia no tr\u00e2nsito de Franca: tr\u00eas mortes em dois dias - VerdadeOn","og_description":"No \u00faltimo acidente uma idosa foi atingida na faixa de pedestres, ela foi sepultada no Jardim das Oliveiras Foi enterrado na tarde desta quinta-feira (7), o [\u2026]","og_url":"https:\/\/verdadeon.com.br\/portal\/2021\/10\/07\/violencia-no-transito-de-franca-tres-mortes-em-dois-dias\/","og_site_name":"VerdadeOn","article_published_time":"2021-10-07T20:18:37+00:00","og_image":[{"width":1001,"height":670,"url":"https:\/\/verdadeon.com.br\/portal\/wp-content\/uploads\/2021\/10\/ATROPELAMENTO-e1633627757139.png","type":"image\/png"}],"author":"Fernando Lima","twitter_card":"summary_large_image","twitter_misc":{"Escrito por":"Fernando Lima","Est. tempo de leitura":"2 minutos"},"schema":{"@context":"https:\/\/schema.org","@graph":[{"@type":"WebPage","@id":"https:\/\/verdadeon.com.br\/portal\/2021\/10\/07\/violencia-no-transito-de-franca-tres-mortes-em-dois-dias\/","url":"https:\/\/verdadeon.com.br\/portal\/2021\/10\/07\/violencia-no-transito-de-franca-tres-mortes-em-dois-dias\/","name":"Viol\u00eancia no tr\u00e2nsito de Franca: tr\u00eas mortes em dois dias - VerdadeOn","isPartOf":{"@id":"https:\/\/verdadeon.com.br\/portal\/#website"},"primaryImageOfPage":{"@id":"https:\/\/verdadeon.com.br\/portal\/2021\/10\/07\/violencia-no-transito-de-franca-tres-mortes-em-dois-dias\/#primaryimage"},"image":{"@id":"https:\/\/verdadeon.com.br\/portal\/2021\/10\/07\/violencia-no-transito-de-franca-tres-mortes-em-dois-dias\/#primaryimage"},"thumbnailUrl":"https:\/\/i0.wp.com\/verdadeon.com.br\/portal\/wp-content\/uploads\/2021\/10\/ATROPELAMENTO-e1633627757139.png?fit=1001%2C670&ssl=1","datePublished":"2021-10-07T20:18:37+00:00","author":{"@id":"https:\/\/verdadeon.com.br\/portal\/#\/schema\/person\/cc32be22b8e8599387c480bc83e1d11a"},"breadcrumb":{"@id":"https:\/\/verdadeon.com.br\/portal\/2021\/10\/07\/violencia-no-transito-de-franca-tres-mortes-em-dois-dias\/#breadcrumb"},"inLanguage":"pt-BR","potentialAction":[{"@type":"ReadAction","target":["https:\/\/verdadeon.com.br\/portal\/2021\/10\/07\/violencia-no-transito-de-franca-tres-mortes-em-dois-dias\/"]}]},{"@type":"ImageObject","inLanguage":"pt-BR","@id":"https:\/\/verdadeon.com.br\/portal\/2021\/10\/07\/violencia-no-transito-de-franca-tres-mortes-em-dois-dias\/#primaryimage","url":"https:\/\/i0.wp.com\/verdadeon.com.br\/portal\/wp-content\/uploads\/2021\/10\/ATROPELAMENTO-e1633627757139.png?fit=1001%2C670&ssl=1","contentUrl":"https:\/\/i0.wp.com\/verdadeon.com.br\/portal\/wp-content\/uploads\/2021\/10\/ATROPELAMENTO-e1633627757139.png?fit=1001%2C670&ssl=1","width":1001,"height":670,"caption":"V\u00edtima estava na faixa de pedestre quando foi atingida pelo \u00f4nibus que saia da rua Minas Gerais. Caso \u00e9 investigado | Foto: Reprodu\u00e7\u00e3o"},{"@type":"BreadcrumbList","@id":"https:\/\/verdadeon.com.br\/portal\/2021\/10\/07\/violencia-no-transito-de-franca-tres-mortes-em-dois-dias\/#breadcrumb","itemListElement":[{"@type":"ListItem","position":1,"name":"In\u00edcio","item":"https:\/\/verdadeon.com.br\/portal\/"},{"@type":"ListItem","position":2,"name":"Viol\u00eancia no tr\u00e2nsito de Franca: tr\u00eas mortes em dois dias"}]},{"@type":"WebSite","@id":"https:\/\/verdadeon.com.br\/portal\/#website","url":"https:\/\/verdadeon.com.br\/portal\/","name":"VerdadeOn","description":"Not\u00edcias di\u00e1rias sobre Franca, Regi\u00e3o, Esporte, Cultura, Cotidiano, Colunas. Cobertura nos principais eventos da cidade \u00e9 aqui - Verdadeon Franca","potentialAction":[{"@type":"SearchAction","target":{"@type":"EntryPoint","urlTemplate":"https:\/\/verdadeon.com.br\/portal\/?s={search_term_string}"},"query-input":{"@type":"PropertyValueSpecification","valueRequired":true,"valueName":"search_term_string"}}],"inLanguage":"pt-BR"},{"@type":"Person","@id":"https:\/\/verdadeon.com.br\/portal\/#\/schema\/person\/cc32be22b8e8599387c480bc83e1d11a","name":"Fernando Lima","image":{"@type":"ImageObject","inLanguage":"pt-BR","@id":"https:\/\/verdadeon.com.br\/portal\/#\/schema\/person\/image\/","url":"https:\/\/secure.gravatar.com\/avatar\/df4c8e132080d2b3a4841d5d232045464e0eed11a1d6e43115ca0843d48768d3?s=96&d=mm&r=g","contentUrl":"https:\/\/secure.gravatar.com\/avatar\/df4c8e132080d2b3a4841d5d232045464e0eed11a1d6e43115ca0843d48768d3?s=96&d=mm&r=g","caption":"Fernando Lima"},"sameAs":["http:\/\/verdadeon.com.br\/"],"url":"https:\/\/verdadeon.com.br\/portal\/author\/fernando-lima\/"}]}},"jetpack_publicize_connections":[],"jetpack_featured_media_url":"https:\/\/i0.wp.com\/verdadeon.com.br\/portal\/wp-content\/uploads\/2021\/10\/ATROPELAMENTO-e1633627757139.png?fit=1001%2C670&ssl=1","jetpack_sharing_enabled":true,"_links":{"self":[{"href":"https:\/\/verdadeon.com.br\/portal\/wp-json\/wp\/v2\/posts\/20195","targetHints":{"allow":["GET"]}}],"collection":[{"href":"https:\/\/verdadeon.com.br\/portal\/wp-json\/wp\/v2\/posts"}],"about":[{"href":"https:\/\/verdadeon.com.br\/portal\/wp-json\/wp\/v2\/types\/post"}],"author":[{"embeddable":true,"href":"https:\/\/verdadeon.com.br\/portal\/wp-json\/wp\/v2\/users\/7"}],"replies":[{"embeddable":true,"href":"https:\/\/verdadeon.com.br\/portal\/wp-json\/wp\/v2\/comments?post=20195"}],"version-history":[{"count":0,"href":"https:\/\/verdadeon.com.br\/portal\/wp-json\/wp\/v2\/posts\/20195\/revisions"}],"wp:featuredmedia":[{"embeddable":true,"href":"https:\/\/verdadeon.com.br\/portal\/wp-json\/wp\/v2\/media\/20190"}],"wp:attachment":[{"href":"https:\/\/verdadeon.com.br\/portal\/wp-json\/wp\/v2\/media?parent=20195"}],"wp:term":[{"taxonomy":"category","embeddable":true,"href":"https:\/\/verdadeon.com.br\/portal\/wp-json\/wp\/v2\/categories?post=20195"},{"taxonomy":"post_tag","embeddable":true,"href":"https:\/\/verdadeon.com.br\/portal\/wp-json\/wp\/v2\/tags?post=20195"}],"curies":[{"name":"wp","href":"https:\/\/api.w.org\/{rel}","templated":true}]}}