{"id":20188,"date":"2021-10-07T14:31:19","date_gmt":"2021-10-07T17:31:19","guid":{"rendered":"https:\/\/verdadeon.com.br\/portal\/?p=20188"},"modified":"2021-10-07T14:31:19","modified_gmt":"2021-10-07T17:31:19","slug":"assista-camera-flagra-acidente-que-terminou-com-morte-de-idosa-na-vargas","status":"publish","type":"post","link":"https:\/\/verdadeon.com.br\/portal\/2021\/10\/07\/assista-camera-flagra-acidente-que-terminou-com-morte-de-idosa-na-vargas\/","title":{"rendered":"Assista: C\u00e2mera flagra acidente que terminou com morte de idosa na Vargas"},"content":{"rendered":"<h2>A v\u00edtima voltava do trabalho quando foi atingida, caso ser\u00e1 investigado pela Pol\u00edcia Civil<\/h2>\n<p>Uma c\u00e2mera de seguran\u00e7a flagrou o atropelamento da idosa Ilsa Clara, na avenida Presidente Vargas, na altura da rua Minas Gerais. Nas imagens \u00e9 poss\u00edvel ver o momento em que o \u00f4nibus invade a faixa, a v\u00edtima j\u00e1 tinha come\u00e7ado a atravessar, mesmo recuando ela acaba sendo atingida.<\/p>\n<p>Segundo o boletim, a mulher de 77 anos teve uma parada card\u00edaca, os bombeiros tentaram reanim\u00e1-la por cerca de 20 minutos, mas ela n\u00e3o resistiu.<\/p>\n<p>O corpo de Ilsa ser\u00e1 enterrado \u00e0s 16h no cemit\u00e9rio Jardim das Oliveiras em Franca.<\/p>\n<p>Assista:<\/p>\n\n","protected":false},"excerpt":{"rendered":"<p>A v\u00edtima voltava do trabalho quando foi atingida, caso ser\u00e1 investigado pela Pol\u00edcia Civil Uma c\u00e2mera de seguran\u00e7a flagrou o atropelamento da idosa Ilsa Clara, na<span class=\"excerpt-hellip\"> [\u2026]<\/span><\/p>\n","protected":false},"author":7,"featured_media":20190,"comment_status":"open","ping_status":"open","sticky":false,"template":"","format":"standard","meta":{"_jetpack_memberships_contains_paid_content":false,"footnotes":"","jetpack_publicize_message":"","jetpack_publicize_feature_enabled":true,"jetpack_social_post_already_shared":false,"jetpack_social_options":{"image_generator_settings":{"template":"highway","default_image_id":0,"enabled":false},"version":2}},"categories":[28,81],"tags":[],"class_list":["post-20188","post","type-post","status-publish","format-standard","has-post-thumbnail","hentry","category-cotidiano","category-manchete"],"yoast_head":"<!-- This site is optimized with the Yoast SEO plugin v25.6 - https:\/\/yoast.com\/wordpress\/plugins\/seo\/ -->\n<title>Assista: C\u00e2mera flagra acidente que terminou com morte de idosa na Vargas - VerdadeOn<\/title>\n<meta name=\"robots\" content=\"index, follow, max-snippet:-1, max-image-preview:large, max-video-preview:-1\" \/>\n<link rel=\"canonical\" href=\"https:\/\/verdadeon.com.br\/portal\/2021\/10\/07\/assista-camera-flagra-acidente-que-terminou-com-morte-de-idosa-na-vargas\/\" \/>\n<meta property=\"og:locale\" content=\"pt_BR\" \/>\n<meta property=\"og:type\" content=\"article\" \/>\n<meta property=\"og:title\" content=\"Assista: C\u00e2mera flagra acidente que terminou com morte de idosa na Vargas - VerdadeOn\" \/>\n<meta property=\"og:description\" content=\"A v\u00edtima voltava do trabalho quando foi atingida, caso ser\u00e1 investigado pela Pol\u00edcia Civil Uma c\u00e2mera de seguran\u00e7a flagrou o atropelamento da idosa Ilsa Clara, na [\u2026]\" \/>\n<meta property=\"og:url\" content=\"https:\/\/verdadeon.com.br\/portal\/2021\/10\/07\/assista-camera-flagra-acidente-que-terminou-com-morte-de-idosa-na-vargas\/\" \/>\n<meta property=\"og:site_name\" content=\"VerdadeOn\" \/>\n<meta property=\"article:published_time\" content=\"2021-10-07T17:31:19+00:00\" \/>\n<meta property=\"og:image\" content=\"https:\/\/verdadeon.com.br\/portal\/wp-content\/uploads\/2021\/10\/ATROPELAMENTO-e1633627757139.png\" \/>\n\t<meta property=\"og:image:width\" content=\"1001\" \/>\n\t<meta property=\"og:image:height\" content=\"670\" \/>\n\t<meta property=\"og:image:type\" content=\"image\/png\" \/>\n<meta name=\"author\" content=\"Fernando Lima\" \/>\n<meta name=\"twitter:card\" content=\"summary_large_image\" \/>\n<meta name=\"twitter:label1\" content=\"Escrito por\" \/>\n\t<meta name=\"twitter:data1\" content=\"Fernando Lima\" \/>\n\t<meta name=\"twitter:label2\" content=\"Est. tempo de leitura\" \/>\n\t<meta name=\"twitter:data2\" content=\"1 minuto\" \/>\n<script type=\"application\/ld+json\" class=\"yoast-schema-graph\">{\"@context\":\"https:\/\/schema.org\",\"@graph\":[{\"@type\":\"WebPage\",\"@id\":\"https:\/\/verdadeon.com.br\/portal\/2021\/10\/07\/assista-camera-flagra-acidente-que-terminou-com-morte-de-idosa-na-vargas\/\",\"url\":\"https:\/\/verdadeon.com.br\/portal\/2021\/10\/07\/assista-camera-flagra-acidente-que-terminou-com-morte-de-idosa-na-vargas\/\",\"name\":\"Assista: C\u00e2mera flagra acidente que terminou com morte de idosa na Vargas - VerdadeOn\",\"isPartOf\":{\"@id\":\"https:\/\/verdadeon.com.br\/portal\/#website\"},\"primaryImageOfPage\":{\"@id\":\"https:\/\/verdadeon.com.br\/portal\/2021\/10\/07\/assista-camera-flagra-acidente-que-terminou-com-morte-de-idosa-na-vargas\/#primaryimage\"},\"image\":{\"@id\":\"https:\/\/verdadeon.com.br\/portal\/2021\/10\/07\/assista-camera-flagra-acidente-que-terminou-com-morte-de-idosa-na-vargas\/#primaryimage\"},\"thumbnailUrl\":\"https:\/\/i0.wp.com\/verdadeon.com.br\/portal\/wp-content\/uploads\/2021\/10\/ATROPELAMENTO-e1633627757139.png?fit=1001%2C670&ssl=1\",\"datePublished\":\"2021-10-07T17:31:19+00:00\",\"author\":{\"@id\":\"https:\/\/verdadeon.com.br\/portal\/#\/schema\/person\/cc32be22b8e8599387c480bc83e1d11a\"},\"breadcrumb\":{\"@id\":\"https:\/\/verdadeon.com.br\/portal\/2021\/10\/07\/assista-camera-flagra-acidente-que-terminou-com-morte-de-idosa-na-vargas\/#breadcrumb\"},\"inLanguage\":\"pt-BR\",\"potentialAction\":[{\"@type\":\"ReadAction\",\"target\":[\"https:\/\/verdadeon.com.br\/portal\/2021\/10\/07\/assista-camera-flagra-acidente-que-terminou-com-morte-de-idosa-na-vargas\/\"]}]},{\"@type\":\"ImageObject\",\"inLanguage\":\"pt-BR\",\"@id\":\"https:\/\/verdadeon.com.br\/portal\/2021\/10\/07\/assista-camera-flagra-acidente-que-terminou-com-morte-de-idosa-na-vargas\/#primaryimage\",\"url\":\"https:\/\/i0.wp.com\/verdadeon.com.br\/portal\/wp-content\/uploads\/2021\/10\/ATROPELAMENTO-e1633627757139.png?fit=1001%2C670&ssl=1\",\"contentUrl\":\"https:\/\/i0.wp.com\/verdadeon.com.br\/portal\/wp-content\/uploads\/2021\/10\/ATROPELAMENTO-e1633627757139.png?fit=1001%2C670&ssl=1\",\"width\":1001,\"height\":670,\"caption\":\"V\u00edtima estava na faixa de pedestre quando foi atingida pelo \u00f4nibus que saia da rua Minas Gerais. Caso \u00e9 investigado | Foto: Reprodu\u00e7\u00e3o\"},{\"@type\":\"BreadcrumbList\",\"@id\":\"https:\/\/verdadeon.com.br\/portal\/2021\/10\/07\/assista-camera-flagra-acidente-que-terminou-com-morte-de-idosa-na-vargas\/#breadcrumb\",\"itemListElement\":[{\"@type\":\"ListItem\",\"position\":1,\"name\":\"In\u00edcio\",\"item\":\"https:\/\/verdadeon.com.br\/portal\/\"},{\"@type\":\"ListItem\",\"position\":2,\"name\":\"Assista: C\u00e2mera flagra acidente que terminou com morte de idosa na Vargas\"}]},{\"@type\":\"WebSite\",\"@id\":\"https:\/\/verdadeon.com.br\/portal\/#website\",\"url\":\"https:\/\/verdadeon.com.br\/portal\/\",\"name\":\"VerdadeOn\",\"description\":\"Not\u00edcias di\u00e1rias sobre Franca, Regi\u00e3o, Esporte, Cultura, Cotidiano, Colunas. Cobertura nos principais eventos da cidade \u00e9 aqui - Verdadeon Franca\",\"potentialAction\":[{\"@type\":\"SearchAction\",\"target\":{\"@type\":\"EntryPoint\",\"urlTemplate\":\"https:\/\/verdadeon.com.br\/portal\/?s={search_term_string}\"},\"query-input\":{\"@type\":\"PropertyValueSpecification\",\"valueRequired\":true,\"valueName\":\"search_term_string\"}}],\"inLanguage\":\"pt-BR\"},{\"@type\":\"Person\",\"@id\":\"https:\/\/verdadeon.com.br\/portal\/#\/schema\/person\/cc32be22b8e8599387c480bc83e1d11a\",\"name\":\"Fernando Lima\",\"image\":{\"@type\":\"ImageObject\",\"inLanguage\":\"pt-BR\",\"@id\":\"https:\/\/verdadeon.com.br\/portal\/#\/schema\/person\/image\/\",\"url\":\"https:\/\/secure.gravatar.com\/avatar\/df4c8e132080d2b3a4841d5d232045464e0eed11a1d6e43115ca0843d48768d3?s=96&d=mm&r=g\",\"contentUrl\":\"https:\/\/secure.gravatar.com\/avatar\/df4c8e132080d2b3a4841d5d232045464e0eed11a1d6e43115ca0843d48768d3?s=96&d=mm&r=g\",\"caption\":\"Fernando Lima\"},\"sameAs\":[\"http:\/\/verdadeon.com.br\/\"],\"url\":\"https:\/\/verdadeon.com.br\/portal\/author\/fernando-lima\/\"}]}<\/script>\n<!-- \/ Yoast SEO plugin. -->","yoast_head_json":{"title":"Assista: C\u00e2mera flagra acidente que terminou com morte de idosa na Vargas - VerdadeOn","robots":{"index":"index","follow":"follow","max-snippet":"max-snippet:-1","max-image-preview":"max-image-preview:large","max-video-preview":"max-video-preview:-1"},"canonical":"https:\/\/verdadeon.com.br\/portal\/2021\/10\/07\/assista-camera-flagra-acidente-que-terminou-com-morte-de-idosa-na-vargas\/","og_locale":"pt_BR","og_type":"article","og_title":"Assista: C\u00e2mera flagra acidente que terminou com morte de idosa na Vargas - VerdadeOn","og_description":"A v\u00edtima voltava do trabalho quando foi atingida, caso ser\u00e1 investigado pela Pol\u00edcia Civil Uma c\u00e2mera de seguran\u00e7a flagrou o atropelamento da idosa Ilsa Clara, na [\u2026]","og_url":"https:\/\/verdadeon.com.br\/portal\/2021\/10\/07\/assista-camera-flagra-acidente-que-terminou-com-morte-de-idosa-na-vargas\/","og_site_name":"VerdadeOn","article_published_time":"2021-10-07T17:31:19+00:00","og_image":[{"width":1001,"height":670,"url":"https:\/\/verdadeon.com.br\/portal\/wp-content\/uploads\/2021\/10\/ATROPELAMENTO-e1633627757139.png","type":"image\/png"}],"author":"Fernando Lima","twitter_card":"summary_large_image","twitter_misc":{"Escrito por":"Fernando Lima","Est. tempo de leitura":"1 minuto"},"schema":{"@context":"https:\/\/schema.org","@graph":[{"@type":"WebPage","@id":"https:\/\/verdadeon.com.br\/portal\/2021\/10\/07\/assista-camera-flagra-acidente-que-terminou-com-morte-de-idosa-na-vargas\/","url":"https:\/\/verdadeon.com.br\/portal\/2021\/10\/07\/assista-camera-flagra-acidente-que-terminou-com-morte-de-idosa-na-vargas\/","name":"Assista: C\u00e2mera flagra acidente que terminou com morte de idosa na Vargas - VerdadeOn","isPartOf":{"@id":"https:\/\/verdadeon.com.br\/portal\/#website"},"primaryImageOfPage":{"@id":"https:\/\/verdadeon.com.br\/portal\/2021\/10\/07\/assista-camera-flagra-acidente-que-terminou-com-morte-de-idosa-na-vargas\/#primaryimage"},"image":{"@id":"https:\/\/verdadeon.com.br\/portal\/2021\/10\/07\/assista-camera-flagra-acidente-que-terminou-com-morte-de-idosa-na-vargas\/#primaryimage"},"thumbnailUrl":"https:\/\/i0.wp.com\/verdadeon.com.br\/portal\/wp-content\/uploads\/2021\/10\/ATROPELAMENTO-e1633627757139.png?fit=1001%2C670&ssl=1","datePublished":"2021-10-07T17:31:19+00:00","author":{"@id":"https:\/\/verdadeon.com.br\/portal\/#\/schema\/person\/cc32be22b8e8599387c480bc83e1d11a"},"breadcrumb":{"@id":"https:\/\/verdadeon.com.br\/portal\/2021\/10\/07\/assista-camera-flagra-acidente-que-terminou-com-morte-de-idosa-na-vargas\/#breadcrumb"},"inLanguage":"pt-BR","potentialAction":[{"@type":"ReadAction","target":["https:\/\/verdadeon.com.br\/portal\/2021\/10\/07\/assista-camera-flagra-acidente-que-terminou-com-morte-de-idosa-na-vargas\/"]}]},{"@type":"ImageObject","inLanguage":"pt-BR","@id":"https:\/\/verdadeon.com.br\/portal\/2021\/10\/07\/assista-camera-flagra-acidente-que-terminou-com-morte-de-idosa-na-vargas\/#primaryimage","url":"https:\/\/i0.wp.com\/verdadeon.com.br\/portal\/wp-content\/uploads\/2021\/10\/ATROPELAMENTO-e1633627757139.png?fit=1001%2C670&ssl=1","contentUrl":"https:\/\/i0.wp.com\/verdadeon.com.br\/portal\/wp-content\/uploads\/2021\/10\/ATROPELAMENTO-e1633627757139.png?fit=1001%2C670&ssl=1","width":1001,"height":670,"caption":"V\u00edtima estava na faixa de pedestre quando foi atingida pelo \u00f4nibus que saia da rua Minas Gerais. Caso \u00e9 investigado | Foto: Reprodu\u00e7\u00e3o"},{"@type":"BreadcrumbList","@id":"https:\/\/verdadeon.com.br\/portal\/2021\/10\/07\/assista-camera-flagra-acidente-que-terminou-com-morte-de-idosa-na-vargas\/#breadcrumb","itemListElement":[{"@type":"ListItem","position":1,"name":"In\u00edcio","item":"https:\/\/verdadeon.com.br\/portal\/"},{"@type":"ListItem","position":2,"name":"Assista: C\u00e2mera flagra acidente que terminou com morte de idosa na Vargas"}]},{"@type":"WebSite","@id":"https:\/\/verdadeon.com.br\/portal\/#website","url":"https:\/\/verdadeon.com.br\/portal\/","name":"VerdadeOn","description":"Not\u00edcias di\u00e1rias sobre Franca, Regi\u00e3o, Esporte, Cultura, Cotidiano, Colunas. Cobertura nos principais eventos da cidade \u00e9 aqui - Verdadeon Franca","potentialAction":[{"@type":"SearchAction","target":{"@type":"EntryPoint","urlTemplate":"https:\/\/verdadeon.com.br\/portal\/?s={search_term_string}"},"query-input":{"@type":"PropertyValueSpecification","valueRequired":true,"valueName":"search_term_string"}}],"inLanguage":"pt-BR"},{"@type":"Person","@id":"https:\/\/verdadeon.com.br\/portal\/#\/schema\/person\/cc32be22b8e8599387c480bc83e1d11a","name":"Fernando Lima","image":{"@type":"ImageObject","inLanguage":"pt-BR","@id":"https:\/\/verdadeon.com.br\/portal\/#\/schema\/person\/image\/","url":"https:\/\/secure.gravatar.com\/avatar\/df4c8e132080d2b3a4841d5d232045464e0eed11a1d6e43115ca0843d48768d3?s=96&d=mm&r=g","contentUrl":"https:\/\/secure.gravatar.com\/avatar\/df4c8e132080d2b3a4841d5d232045464e0eed11a1d6e43115ca0843d48768d3?s=96&d=mm&r=g","caption":"Fernando Lima"},"sameAs":["http:\/\/verdadeon.com.br\/"],"url":"https:\/\/verdadeon.com.br\/portal\/author\/fernando-lima\/"}]}},"jetpack_publicize_connections":[],"jetpack_featured_media_url":"https:\/\/i0.wp.com\/verdadeon.com.br\/portal\/wp-content\/uploads\/2021\/10\/ATROPELAMENTO-e1633627757139.png?fit=1001%2C670&ssl=1","jetpack_sharing_enabled":true,"_links":{"self":[{"href":"https:\/\/verdadeon.com.br\/portal\/wp-json\/wp\/v2\/posts\/20188","targetHints":{"allow":["GET"]}}],"collection":[{"href":"https:\/\/verdadeon.com.br\/portal\/wp-json\/wp\/v2\/posts"}],"about":[{"href":"https:\/\/verdadeon.com.br\/portal\/wp-json\/wp\/v2\/types\/post"}],"author":[{"embeddable":true,"href":"https:\/\/verdadeon.com.br\/portal\/wp-json\/wp\/v2\/users\/7"}],"replies":[{"embeddable":true,"href":"https:\/\/verdadeon.com.br\/portal\/wp-json\/wp\/v2\/comments?post=20188"}],"version-history":[{"count":0,"href":"https:\/\/verdadeon.com.br\/portal\/wp-json\/wp\/v2\/posts\/20188\/revisions"}],"wp:featuredmedia":[{"embeddable":true,"href":"https:\/\/verdadeon.com.br\/portal\/wp-json\/wp\/v2\/media\/20190"}],"wp:attachment":[{"href":"https:\/\/verdadeon.com.br\/portal\/wp-json\/wp\/v2\/media?parent=20188"}],"wp:term":[{"taxonomy":"category","embeddable":true,"href":"https:\/\/verdadeon.com.br\/portal\/wp-json\/wp\/v2\/categories?post=20188"},{"taxonomy":"post_tag","embeddable":true,"href":"https:\/\/verdadeon.com.br\/portal\/wp-json\/wp\/v2\/tags?post=20188"}],"curies":[{"name":"wp","href":"https:\/\/api.w.org\/{rel}","templated":true}]}}