{"id":20143,"date":"2021-10-06T17:29:26","date_gmt":"2021-10-06T20:29:26","guid":{"rendered":"https:\/\/verdadeon.com.br\/portal\/?p=20143"},"modified":"2021-10-06T17:29:26","modified_gmt":"2021-10-06T20:29:26","slug":"oportunidade-franca-tem-mais-de-300-vagas-de-emprego-abertas","status":"publish","type":"post","link":"https:\/\/verdadeon.com.br\/portal\/2021\/10\/06\/oportunidade-franca-tem-mais-de-300-vagas-de-emprego-abertas\/","title":{"rendered":"Oportunidade: Franca tem mais de 300 vagas de emprego abertas"},"content":{"rendered":"<h2>Ap\u00f3s o fim de algumas restri\u00e7\u00f5es impostas pela pandemia da Covid-19, economia d\u00e1 sinais de otimismo<\/h2>\n<p>Fernando Lima<\/p>\n<p>O otimismo para a retomada da economia gera grandes expectativas em Franca, isso tem se refletido diretamente nas contrata\u00e7\u00f5es que v\u00e3o al\u00e9m das vagas tempor\u00e1rias. Um levantamento feito pelo Jornal Verdade mostra que s\u00e3o mais de 300 oportunidades de emprego abertas, entre atendente de telemarketing, estagi\u00e1rios, \u00e1reas administrativas, entre outras.<\/p>\n<p>A Agiliza Solu\u00e7\u00f5es Empresariais tem atualmente 91 vagas abertas em Franca e tamb\u00e9m na regi\u00e3o, elas s\u00e3o nas \u00e1reas administrativa, comercial, operacional al\u00e9m de vagas de est\u00e1gio. A Agiliza est\u00e1 h\u00e1 26 anos no mercado e se tornou refer\u00eancia nas rela\u00e7\u00f5es entre quem contrata e quem procura um emprego. \u201cSomos refer\u00eancia em Franca e avan\u00e7amos nos \u00faltimos anos. Al\u00e9m de recebermos curr\u00edculos presencialmente, temos o nosso site, nossas redes sociais, como Linkedin, Facebook e Instagram. S\u00e3o canais importantes para chegarmos a mais pessoas\u201d, explicou a psic\u00f3loga da Agiliza, Ros\u00e2ngela Baldini.<\/p>\n<p>A Agiliza \u00e9 pioneira e atua em praticamente todos os setores de uma empresa, desde vagas para est\u00e1gio, tempor\u00e1rias e efetivas. O trabalho \u00e9 pautado em ideias vanguardistas acolhendo com esperan\u00e7a, renovando sonhos e integrando o candidato com o empregador, sempre orientando sua efetiva\u00e7\u00e3o na empresa. Com uma equipe de colaboradores comprometida, altamente capacitada e com especialistas em diversas \u00e1reas, possui um trabalho atualizado, din\u00e2mico e com resultados positivos e duradouros. Todos os dias voc\u00ea confere aqui no Jornal Verdade as vagas dispon\u00edveis na Agiliza.<\/p>\n<h4>Mais vagas<\/h4>\n<p>O Magalu abriu mais de 100 vagas de emprego em Franca, as oportunidades s\u00e3o para o cargos de agente de relacionamento no SAC (Servi\u00e7o de Atendimento ao Cliente) da companhia,\u00a0 para o Luiza Resolve,\u00a0 que dar\u00e3o sustenta\u00e7\u00e3o para o p\u00f3s-venda de fim de ano, per\u00edodo entre a Black Friday e o Natal.<\/p>\n<p>De acordo com a empresa, o agente de relacionamento busca solu\u00e7\u00f5es eficientes, com o intuito de atender \u00e0s solicita\u00e7\u00f5es e resolver qualquer tipo de dificuldade apresentada pelos clientes ap\u00f3s a compra. \u00c9 necess\u00e1rio ter facilidade com inform\u00e1tica para busca em sites, manuseio de sistemas internos e digita\u00e7\u00e3o. Para aplicar, o candidato deve ter no m\u00ednimo 18 anos, ensino m\u00e9dio completo e disponibilidade para trabalhar no m\u00ednimo 6 horas por dia, com flexibilidade de hor\u00e1rio.<\/p>\n<p>O processo seletivo acontecer\u00e1 totalmente online. A primeira etapa consiste na inscri\u00e7\u00e3o via site, com a realiza\u00e7\u00e3o de testes online de portugu\u00eas, matem\u00e1tica e fit cultural. A segunda etapa \u00e9 uma din\u00e2mica em grupo que visa apresentar ao candidato a vaga, o setor e a empresa. Caso tenha interesse e esteja de acordo com os requisitos, o candidato segue para a etapa final e eliminat\u00f3ria da sele\u00e7\u00e3o, participando de uma entrevista individual online.<\/p>\n<p>Estes profissionais ir\u00e3o trabalhar no escrit\u00f3rio da empresa em Franca.<\/p>\n<h4>PAT<\/h4>\n<p>O Posto de Atendimento ao Trabalhador (PAT), tamb\u00e9m oferece vagas de emprego, no total s\u00e3o 131. Para ter acesso o candidato pode entrar no site da Prefeitura de Franca, ao abrir o documento \u00e9 encaminhado para as vagas dispon\u00edveis. No alto da p\u00e1gina existe um link que vai direcionar o candidato para o preenchimento dos dados com o c\u00f3digo da vaga a qual tem interesse.<\/p>\n<p>S\u00e3o oportunidades que v\u00e3o de analista de sistemas \u00e0 manicure, algumas exigem experi\u00eancia e outras n\u00e3o, no campo &#8220;requisitos&#8221;, est\u00e3o todos os detalhes a respeito das vagas dispon\u00edveis.<\/p>\n<p>\u201cA flexibiliza\u00e7\u00e3o maior do com\u00e9rcio gera otimismo, ent\u00e3o esse deve ser o cen\u00e1rio para o natal de 2021, bastante pr\u00f3spero para o com\u00e9rcio e o que a gente espera \u00e9 que as fam\u00edlias voltem a consumir, justamente porque conseguiram um emprego e est\u00e3o mais otimistas que conseguir\u00e3o se manter neste trabalho devido a estabilidade da economia\u201d, avaliou o economista da Acif, Adnan Jebailey.<\/p>\n","protected":false},"excerpt":{"rendered":"<p>Ap\u00f3s o fim de algumas restri\u00e7\u00f5es impostas pela pandemia da Covid-19, economia d\u00e1 sinais de otimismo Fernando Lima O otimismo para a retomada da economia gera<span class=\"excerpt-hellip\"> [\u2026]<\/span><\/p>\n","protected":false},"author":7,"featured_media":20049,"comment_status":"open","ping_status":"open","sticky":false,"template":"","format":"standard","meta":{"_jetpack_memberships_contains_paid_content":false,"footnotes":"","jetpack_publicize_message":"","jetpack_publicize_feature_enabled":true,"jetpack_social_post_already_shared":false,"jetpack_social_options":{"image_generator_settings":{"template":"highway","default_image_id":0,"enabled":false},"version":2}},"categories":[28,81],"tags":[],"class_list":["post-20143","post","type-post","status-publish","format-standard","has-post-thumbnail","hentry","category-cotidiano","category-manchete"],"yoast_head":"<!-- This site is optimized with the Yoast SEO plugin v25.6 - https:\/\/yoast.com\/wordpress\/plugins\/seo\/ -->\n<title>Oportunidade: Franca tem mais de 300 vagas de emprego abertas - VerdadeOn<\/title>\n<meta name=\"robots\" content=\"index, follow, max-snippet:-1, max-image-preview:large, max-video-preview:-1\" \/>\n<link rel=\"canonical\" href=\"https:\/\/verdadeon.com.br\/portal\/2021\/10\/06\/oportunidade-franca-tem-mais-de-300-vagas-de-emprego-abertas\/\" \/>\n<meta property=\"og:locale\" content=\"pt_BR\" \/>\n<meta property=\"og:type\" content=\"article\" \/>\n<meta property=\"og:title\" content=\"Oportunidade: Franca tem mais de 300 vagas de emprego abertas - VerdadeOn\" \/>\n<meta property=\"og:description\" content=\"Ap\u00f3s o fim de algumas restri\u00e7\u00f5es impostas pela pandemia da Covid-19, economia d\u00e1 sinais de otimismo Fernando Lima O otimismo para a retomada da economia gera [\u2026]\" \/>\n<meta property=\"og:url\" content=\"https:\/\/verdadeon.com.br\/portal\/2021\/10\/06\/oportunidade-franca-tem-mais-de-300-vagas-de-emprego-abertas\/\" \/>\n<meta property=\"og:site_name\" content=\"VerdadeOn\" \/>\n<meta property=\"article:published_time\" content=\"2021-10-06T20:29:26+00:00\" \/>\n<meta property=\"og:image\" content=\"https:\/\/verdadeon.com.br\/portal\/wp-content\/uploads\/2021\/10\/MOVIMENTO-COMERCIO-EM-FRANCA-LOJAS-DO-CALCADAO-DA-VOLUNTARIOS-DA-FRANCA-FOTO-FERNANDO-CALIXTO-JORNAL-VERDADE-e1633118698447.jpeg\" \/>\n\t<meta property=\"og:image:width\" content=\"1001\" \/>\n\t<meta property=\"og:image:height\" content=\"668\" \/>\n\t<meta property=\"og:image:type\" content=\"image\/jpeg\" \/>\n<meta name=\"author\" content=\"Fernando Lima\" \/>\n<meta name=\"twitter:card\" content=\"summary_large_image\" \/>\n<meta name=\"twitter:label1\" content=\"Escrito por\" \/>\n\t<meta name=\"twitter:data1\" content=\"Fernando Lima\" \/>\n\t<meta name=\"twitter:label2\" content=\"Est. tempo de leitura\" \/>\n\t<meta name=\"twitter:data2\" content=\"3 minutos\" \/>\n<script type=\"application\/ld+json\" class=\"yoast-schema-graph\">{\"@context\":\"https:\/\/schema.org\",\"@graph\":[{\"@type\":\"WebPage\",\"@id\":\"https:\/\/verdadeon.com.br\/portal\/2021\/10\/06\/oportunidade-franca-tem-mais-de-300-vagas-de-emprego-abertas\/\",\"url\":\"https:\/\/verdadeon.com.br\/portal\/2021\/10\/06\/oportunidade-franca-tem-mais-de-300-vagas-de-emprego-abertas\/\",\"name\":\"Oportunidade: Franca tem mais de 300 vagas de emprego abertas - VerdadeOn\",\"isPartOf\":{\"@id\":\"https:\/\/verdadeon.com.br\/portal\/#website\"},\"primaryImageOfPage\":{\"@id\":\"https:\/\/verdadeon.com.br\/portal\/2021\/10\/06\/oportunidade-franca-tem-mais-de-300-vagas-de-emprego-abertas\/#primaryimage\"},\"image\":{\"@id\":\"https:\/\/verdadeon.com.br\/portal\/2021\/10\/06\/oportunidade-franca-tem-mais-de-300-vagas-de-emprego-abertas\/#primaryimage\"},\"thumbnailUrl\":\"https:\/\/i0.wp.com\/verdadeon.com.br\/portal\/wp-content\/uploads\/2021\/10\/MOVIMENTO-COMERCIO-EM-FRANCA-LOJAS-DO-CALCADAO-DA-VOLUNTARIOS-DA-FRANCA-FOTO-FERNANDO-CALIXTO-JORNAL-VERDADE-e1633118698447.jpeg?fit=1001%2C668&ssl=1\",\"datePublished\":\"2021-10-06T20:29:26+00:00\",\"author\":{\"@id\":\"https:\/\/verdadeon.com.br\/portal\/#\/schema\/person\/cc32be22b8e8599387c480bc83e1d11a\"},\"breadcrumb\":{\"@id\":\"https:\/\/verdadeon.com.br\/portal\/2021\/10\/06\/oportunidade-franca-tem-mais-de-300-vagas-de-emprego-abertas\/#breadcrumb\"},\"inLanguage\":\"pt-BR\",\"potentialAction\":[{\"@type\":\"ReadAction\",\"target\":[\"https:\/\/verdadeon.com.br\/portal\/2021\/10\/06\/oportunidade-franca-tem-mais-de-300-vagas-de-emprego-abertas\/\"]}]},{\"@type\":\"ImageObject\",\"inLanguage\":\"pt-BR\",\"@id\":\"https:\/\/verdadeon.com.br\/portal\/2021\/10\/06\/oportunidade-franca-tem-mais-de-300-vagas-de-emprego-abertas\/#primaryimage\",\"url\":\"https:\/\/i0.wp.com\/verdadeon.com.br\/portal\/wp-content\/uploads\/2021\/10\/MOVIMENTO-COMERCIO-EM-FRANCA-LOJAS-DO-CALCADAO-DA-VOLUNTARIOS-DA-FRANCA-FOTO-FERNANDO-CALIXTO-JORNAL-VERDADE-e1633118698447.jpeg?fit=1001%2C668&ssl=1\",\"contentUrl\":\"https:\/\/i0.wp.com\/verdadeon.com.br\/portal\/wp-content\/uploads\/2021\/10\/MOVIMENTO-COMERCIO-EM-FRANCA-LOJAS-DO-CALCADAO-DA-VOLUNTARIOS-DA-FRANCA-FOTO-FERNANDO-CALIXTO-JORNAL-VERDADE-e1633118698447.jpeg?fit=1001%2C668&ssl=1\",\"width\":1001,\"height\":668,\"caption\":\"A ACIF informou que as lojas adotar\u00e3o hor\u00e1rio especial de Natal, at\u00e9 22h durante a semana, a partir do dia 5 de dezembro | Foto: Fernando Calixto \/ Jornal Verdade\"},{\"@type\":\"BreadcrumbList\",\"@id\":\"https:\/\/verdadeon.com.br\/portal\/2021\/10\/06\/oportunidade-franca-tem-mais-de-300-vagas-de-emprego-abertas\/#breadcrumb\",\"itemListElement\":[{\"@type\":\"ListItem\",\"position\":1,\"name\":\"In\u00edcio\",\"item\":\"https:\/\/verdadeon.com.br\/portal\/\"},{\"@type\":\"ListItem\",\"position\":2,\"name\":\"Oportunidade: Franca tem mais de 300 vagas de emprego abertas\"}]},{\"@type\":\"WebSite\",\"@id\":\"https:\/\/verdadeon.com.br\/portal\/#website\",\"url\":\"https:\/\/verdadeon.com.br\/portal\/\",\"name\":\"VerdadeOn\",\"description\":\"Not\u00edcias di\u00e1rias sobre Franca, Regi\u00e3o, Esporte, Cultura, Cotidiano, Colunas. Cobertura nos principais eventos da cidade \u00e9 aqui - Verdadeon Franca\",\"potentialAction\":[{\"@type\":\"SearchAction\",\"target\":{\"@type\":\"EntryPoint\",\"urlTemplate\":\"https:\/\/verdadeon.com.br\/portal\/?s={search_term_string}\"},\"query-input\":{\"@type\":\"PropertyValueSpecification\",\"valueRequired\":true,\"valueName\":\"search_term_string\"}}],\"inLanguage\":\"pt-BR\"},{\"@type\":\"Person\",\"@id\":\"https:\/\/verdadeon.com.br\/portal\/#\/schema\/person\/cc32be22b8e8599387c480bc83e1d11a\",\"name\":\"Fernando Lima\",\"image\":{\"@type\":\"ImageObject\",\"inLanguage\":\"pt-BR\",\"@id\":\"https:\/\/verdadeon.com.br\/portal\/#\/schema\/person\/image\/\",\"url\":\"https:\/\/secure.gravatar.com\/avatar\/df4c8e132080d2b3a4841d5d232045464e0eed11a1d6e43115ca0843d48768d3?s=96&d=mm&r=g\",\"contentUrl\":\"https:\/\/secure.gravatar.com\/avatar\/df4c8e132080d2b3a4841d5d232045464e0eed11a1d6e43115ca0843d48768d3?s=96&d=mm&r=g\",\"caption\":\"Fernando Lima\"},\"sameAs\":[\"http:\/\/verdadeon.com.br\/\"],\"url\":\"https:\/\/verdadeon.com.br\/portal\/author\/fernando-lima\/\"}]}<\/script>\n<!-- \/ Yoast SEO plugin. -->","yoast_head_json":{"title":"Oportunidade: Franca tem mais de 300 vagas de emprego abertas - VerdadeOn","robots":{"index":"index","follow":"follow","max-snippet":"max-snippet:-1","max-image-preview":"max-image-preview:large","max-video-preview":"max-video-preview:-1"},"canonical":"https:\/\/verdadeon.com.br\/portal\/2021\/10\/06\/oportunidade-franca-tem-mais-de-300-vagas-de-emprego-abertas\/","og_locale":"pt_BR","og_type":"article","og_title":"Oportunidade: Franca tem mais de 300 vagas de emprego abertas - VerdadeOn","og_description":"Ap\u00f3s o fim de algumas restri\u00e7\u00f5es impostas pela pandemia da Covid-19, economia d\u00e1 sinais de otimismo Fernando Lima O otimismo para a retomada da economia gera [\u2026]","og_url":"https:\/\/verdadeon.com.br\/portal\/2021\/10\/06\/oportunidade-franca-tem-mais-de-300-vagas-de-emprego-abertas\/","og_site_name":"VerdadeOn","article_published_time":"2021-10-06T20:29:26+00:00","og_image":[{"width":1001,"height":668,"url":"https:\/\/verdadeon.com.br\/portal\/wp-content\/uploads\/2021\/10\/MOVIMENTO-COMERCIO-EM-FRANCA-LOJAS-DO-CALCADAO-DA-VOLUNTARIOS-DA-FRANCA-FOTO-FERNANDO-CALIXTO-JORNAL-VERDADE-e1633118698447.jpeg","type":"image\/jpeg"}],"author":"Fernando Lima","twitter_card":"summary_large_image","twitter_misc":{"Escrito por":"Fernando Lima","Est. tempo de leitura":"3 minutos"},"schema":{"@context":"https:\/\/schema.org","@graph":[{"@type":"WebPage","@id":"https:\/\/verdadeon.com.br\/portal\/2021\/10\/06\/oportunidade-franca-tem-mais-de-300-vagas-de-emprego-abertas\/","url":"https:\/\/verdadeon.com.br\/portal\/2021\/10\/06\/oportunidade-franca-tem-mais-de-300-vagas-de-emprego-abertas\/","name":"Oportunidade: Franca tem mais de 300 vagas de emprego abertas - VerdadeOn","isPartOf":{"@id":"https:\/\/verdadeon.com.br\/portal\/#website"},"primaryImageOfPage":{"@id":"https:\/\/verdadeon.com.br\/portal\/2021\/10\/06\/oportunidade-franca-tem-mais-de-300-vagas-de-emprego-abertas\/#primaryimage"},"image":{"@id":"https:\/\/verdadeon.com.br\/portal\/2021\/10\/06\/oportunidade-franca-tem-mais-de-300-vagas-de-emprego-abertas\/#primaryimage"},"thumbnailUrl":"https:\/\/i0.wp.com\/verdadeon.com.br\/portal\/wp-content\/uploads\/2021\/10\/MOVIMENTO-COMERCIO-EM-FRANCA-LOJAS-DO-CALCADAO-DA-VOLUNTARIOS-DA-FRANCA-FOTO-FERNANDO-CALIXTO-JORNAL-VERDADE-e1633118698447.jpeg?fit=1001%2C668&ssl=1","datePublished":"2021-10-06T20:29:26+00:00","author":{"@id":"https:\/\/verdadeon.com.br\/portal\/#\/schema\/person\/cc32be22b8e8599387c480bc83e1d11a"},"breadcrumb":{"@id":"https:\/\/verdadeon.com.br\/portal\/2021\/10\/06\/oportunidade-franca-tem-mais-de-300-vagas-de-emprego-abertas\/#breadcrumb"},"inLanguage":"pt-BR","potentialAction":[{"@type":"ReadAction","target":["https:\/\/verdadeon.com.br\/portal\/2021\/10\/06\/oportunidade-franca-tem-mais-de-300-vagas-de-emprego-abertas\/"]}]},{"@type":"ImageObject","inLanguage":"pt-BR","@id":"https:\/\/verdadeon.com.br\/portal\/2021\/10\/06\/oportunidade-franca-tem-mais-de-300-vagas-de-emprego-abertas\/#primaryimage","url":"https:\/\/i0.wp.com\/verdadeon.com.br\/portal\/wp-content\/uploads\/2021\/10\/MOVIMENTO-COMERCIO-EM-FRANCA-LOJAS-DO-CALCADAO-DA-VOLUNTARIOS-DA-FRANCA-FOTO-FERNANDO-CALIXTO-JORNAL-VERDADE-e1633118698447.jpeg?fit=1001%2C668&ssl=1","contentUrl":"https:\/\/i0.wp.com\/verdadeon.com.br\/portal\/wp-content\/uploads\/2021\/10\/MOVIMENTO-COMERCIO-EM-FRANCA-LOJAS-DO-CALCADAO-DA-VOLUNTARIOS-DA-FRANCA-FOTO-FERNANDO-CALIXTO-JORNAL-VERDADE-e1633118698447.jpeg?fit=1001%2C668&ssl=1","width":1001,"height":668,"caption":"A ACIF informou que as lojas adotar\u00e3o hor\u00e1rio especial de Natal, at\u00e9 22h durante a semana, a partir do dia 5 de dezembro | Foto: Fernando Calixto \/ Jornal Verdade"},{"@type":"BreadcrumbList","@id":"https:\/\/verdadeon.com.br\/portal\/2021\/10\/06\/oportunidade-franca-tem-mais-de-300-vagas-de-emprego-abertas\/#breadcrumb","itemListElement":[{"@type":"ListItem","position":1,"name":"In\u00edcio","item":"https:\/\/verdadeon.com.br\/portal\/"},{"@type":"ListItem","position":2,"name":"Oportunidade: Franca tem mais de 300 vagas de emprego abertas"}]},{"@type":"WebSite","@id":"https:\/\/verdadeon.com.br\/portal\/#website","url":"https:\/\/verdadeon.com.br\/portal\/","name":"VerdadeOn","description":"Not\u00edcias di\u00e1rias sobre Franca, Regi\u00e3o, Esporte, Cultura, Cotidiano, Colunas. Cobertura nos principais eventos da cidade \u00e9 aqui - Verdadeon Franca","potentialAction":[{"@type":"SearchAction","target":{"@type":"EntryPoint","urlTemplate":"https:\/\/verdadeon.com.br\/portal\/?s={search_term_string}"},"query-input":{"@type":"PropertyValueSpecification","valueRequired":true,"valueName":"search_term_string"}}],"inLanguage":"pt-BR"},{"@type":"Person","@id":"https:\/\/verdadeon.com.br\/portal\/#\/schema\/person\/cc32be22b8e8599387c480bc83e1d11a","name":"Fernando Lima","image":{"@type":"ImageObject","inLanguage":"pt-BR","@id":"https:\/\/verdadeon.com.br\/portal\/#\/schema\/person\/image\/","url":"https:\/\/secure.gravatar.com\/avatar\/df4c8e132080d2b3a4841d5d232045464e0eed11a1d6e43115ca0843d48768d3?s=96&d=mm&r=g","contentUrl":"https:\/\/secure.gravatar.com\/avatar\/df4c8e132080d2b3a4841d5d232045464e0eed11a1d6e43115ca0843d48768d3?s=96&d=mm&r=g","caption":"Fernando Lima"},"sameAs":["http:\/\/verdadeon.com.br\/"],"url":"https:\/\/verdadeon.com.br\/portal\/author\/fernando-lima\/"}]}},"jetpack_publicize_connections":[],"jetpack_featured_media_url":"https:\/\/i0.wp.com\/verdadeon.com.br\/portal\/wp-content\/uploads\/2021\/10\/MOVIMENTO-COMERCIO-EM-FRANCA-LOJAS-DO-CALCADAO-DA-VOLUNTARIOS-DA-FRANCA-FOTO-FERNANDO-CALIXTO-JORNAL-VERDADE-e1633118698447.jpeg?fit=1001%2C668&ssl=1","jetpack_sharing_enabled":true,"_links":{"self":[{"href":"https:\/\/verdadeon.com.br\/portal\/wp-json\/wp\/v2\/posts\/20143","targetHints":{"allow":["GET"]}}],"collection":[{"href":"https:\/\/verdadeon.com.br\/portal\/wp-json\/wp\/v2\/posts"}],"about":[{"href":"https:\/\/verdadeon.com.br\/portal\/wp-json\/wp\/v2\/types\/post"}],"author":[{"embeddable":true,"href":"https:\/\/verdadeon.com.br\/portal\/wp-json\/wp\/v2\/users\/7"}],"replies":[{"embeddable":true,"href":"https:\/\/verdadeon.com.br\/portal\/wp-json\/wp\/v2\/comments?post=20143"}],"version-history":[{"count":0,"href":"https:\/\/verdadeon.com.br\/portal\/wp-json\/wp\/v2\/posts\/20143\/revisions"}],"wp:featuredmedia":[{"embeddable":true,"href":"https:\/\/verdadeon.com.br\/portal\/wp-json\/wp\/v2\/media\/20049"}],"wp:attachment":[{"href":"https:\/\/verdadeon.com.br\/portal\/wp-json\/wp\/v2\/media?parent=20143"}],"wp:term":[{"taxonomy":"category","embeddable":true,"href":"https:\/\/verdadeon.com.br\/portal\/wp-json\/wp\/v2\/categories?post=20143"},{"taxonomy":"post_tag","embeddable":true,"href":"https:\/\/verdadeon.com.br\/portal\/wp-json\/wp\/v2\/tags?post=20143"}],"curies":[{"name":"wp","href":"https:\/\/api.w.org\/{rel}","templated":true}]}}