{"id":20089,"date":"2021-10-04T18:34:12","date_gmt":"2021-10-04T21:34:12","guid":{"rendered":"https:\/\/verdadeon.com.br\/portal\/?p=20089"},"modified":"2021-10-04T18:34:12","modified_gmt":"2021-10-04T21:34:12","slug":"franca-entra-no-alerta-de-perigo-do-inmet-para-tempestades","status":"publish","type":"post","link":"https:\/\/verdadeon.com.br\/portal\/2021\/10\/04\/franca-entra-no-alerta-de-perigo-do-inmet-para-tempestades\/","title":{"rendered":"Franca entra no alerta de perigo do INMET para tempestades"},"content":{"rendered":"<h2>Aviso \u00e9 v\u00e1lido at\u00e9 esta ter\u00e7a-feira, Defesa Civil enviou SMS para alertar sobre os riscos<\/h2>\n<p>Franca e regi\u00e3o entraram no alerta de perigo do Instituto Nacional de Meteorologia (INMET), por conta do risco de tempestades nas pr\u00f3ximas horas. O alerta \u00e9 v\u00e1lido at\u00e9 esta ter\u00e7a-feira (5). Entre os principais riscos o INMET destacou chuvas entre 30 e 60 mm\/h ou 50 e 100 mm\/dia, al\u00e9m de ventos intensos de 60 a 100 km\/h, e queda de granizo. Isso implica ainda em risco de corte de energia el\u00e9trica, estragos em planta\u00e7\u00f5es, queda de \u00e1rvores e de alagamentos.<\/p>\n<p>A Defesa Civil Estadual inclusive emitiu alerta atrav\u00e9s de SMS para quem \u00e9 cadastrado. Para receber os avisos do servi\u00e7o que \u00e9 gratuito, \u00e9 s\u00f3 enviar um SMS\u00a0com o CEP da sua regi\u00e3o para o n\u00famero\u00a040199. A Defesa Civil responde com mensagem de confirma\u00e7\u00e3o do seu cadastro e a partir disso voc\u00ea passa a receber alertas peri\u00f3dicos sobre a situa\u00e7\u00e3o de maior gravidade na sua regi\u00e3o.<\/p>\n<h4>Instru\u00e7\u00f5es do INMET:<\/h4>\n<p>Em caso de rajadas de vento: n\u00e3o se abrigue debaixo de \u00e1rvores, pois h\u00e1 risco de queda e descargas el\u00e9tricas e n\u00e3o estacione ve\u00edculos pr\u00f3ximos a torres de transmiss\u00e3o e placas de propaganda.<\/p>\n<p>Se poss\u00edvel, desligue aparelhos el\u00e9tricos e quadro geral de energia<\/p>\n<p>Obtenha mais informa\u00e7\u00f5es junto \u00e0 Defesa Civil (telefone 199) e ao Corpo de Bombeiros (telefone 193).<\/p>\n<h4>Pr\u00f3ximos dias<\/h4>\n<p>Ao que tudo indica Franca vai viver nessa semana dias diferentes daqueles que viveu em setembro, com temperaturas altas e recorde de calor, al\u00e9m de seguidos alertas de baixa umidade relativa do ar.<\/p>\n<p>De acordo com o INMET, a ter\u00e7a-feira por exemplo, ser\u00e1 de muitas nuvens com pancadas de chuva e trovoadas isoladas. As temperaturas variam entre 21\u00b0 e 33\u00b0, j\u00e1 a umidade relativa do ar pode chegar a 80%.<\/p>\n<p>Na quarta-feira o cen\u00e1rio \u00e9 bem parecido, com temperaturas entre 22\u00b0 e 33\u00b0, o tempo fica nublado e acontecem pancadas de chuva isolada, com umidade do ar na casa dos 80%.<\/p>\n<p>O cen\u00e1rio com chuvas isoladas deve se estender pelo menos at\u00e9 a pr\u00f3xima sexta-feira (8).<\/p>\n","protected":false},"excerpt":{"rendered":"<p>Aviso \u00e9 v\u00e1lido at\u00e9 esta ter\u00e7a-feira, Defesa Civil enviou SMS para alertar sobre os riscos Franca e regi\u00e3o entraram no alerta de perigo do Instituto Nacional<span class=\"excerpt-hellip\"> [\u2026]<\/span><\/p>\n","protected":false},"author":7,"featured_media":20093,"comment_status":"open","ping_status":"open","sticky":false,"template":"","format":"standard","meta":{"_jetpack_memberships_contains_paid_content":false,"footnotes":"","jetpack_publicize_message":"","jetpack_publicize_feature_enabled":true,"jetpack_social_post_already_shared":false,"jetpack_social_options":{"image_generator_settings":{"template":"highway","default_image_id":0,"enabled":false},"version":2}},"categories":[28,81],"tags":[],"class_list":["post-20089","post","type-post","status-publish","format-standard","has-post-thumbnail","hentry","category-cotidiano","category-manchete"],"yoast_head":"<!-- This site is optimized with the Yoast SEO plugin v25.6 - https:\/\/yoast.com\/wordpress\/plugins\/seo\/ -->\n<title>Franca entra no alerta de perigo do INMET para tempestades - VerdadeOn<\/title>\n<meta name=\"robots\" content=\"index, follow, max-snippet:-1, max-image-preview:large, max-video-preview:-1\" \/>\n<link rel=\"canonical\" href=\"https:\/\/verdadeon.com.br\/portal\/2021\/10\/04\/franca-entra-no-alerta-de-perigo-do-inmet-para-tempestades\/\" \/>\n<meta property=\"og:locale\" content=\"pt_BR\" \/>\n<meta property=\"og:type\" content=\"article\" \/>\n<meta property=\"og:title\" content=\"Franca entra no alerta de perigo do INMET para tempestades - VerdadeOn\" \/>\n<meta property=\"og:description\" content=\"Aviso \u00e9 v\u00e1lido at\u00e9 esta ter\u00e7a-feira, Defesa Civil enviou SMS para alertar sobre os riscos Franca e regi\u00e3o entraram no alerta de perigo do Instituto Nacional [\u2026]\" \/>\n<meta property=\"og:url\" content=\"https:\/\/verdadeon.com.br\/portal\/2021\/10\/04\/franca-entra-no-alerta-de-perigo-do-inmet-para-tempestades\/\" \/>\n<meta property=\"og:site_name\" content=\"VerdadeOn\" \/>\n<meta property=\"article:published_time\" content=\"2021-10-04T21:34:12+00:00\" \/>\n<meta property=\"og:image\" content=\"https:\/\/verdadeon.com.br\/portal\/wp-content\/uploads\/2021\/10\/VALE-ESTE-e1633383184424.png\" \/>\n\t<meta property=\"og:image:width\" content=\"997\" \/>\n\t<meta property=\"og:image:height\" content=\"670\" \/>\n\t<meta property=\"og:image:type\" content=\"image\/png\" \/>\n<meta name=\"author\" content=\"Fernando Lima\" \/>\n<meta name=\"twitter:card\" content=\"summary_large_image\" \/>\n<meta name=\"twitter:label1\" content=\"Escrito por\" \/>\n\t<meta name=\"twitter:data1\" content=\"Fernando Lima\" \/>\n\t<meta name=\"twitter:label2\" content=\"Est. tempo de leitura\" \/>\n\t<meta name=\"twitter:data2\" content=\"2 minutos\" \/>\n<script type=\"application\/ld+json\" class=\"yoast-schema-graph\">{\"@context\":\"https:\/\/schema.org\",\"@graph\":[{\"@type\":\"WebPage\",\"@id\":\"https:\/\/verdadeon.com.br\/portal\/2021\/10\/04\/franca-entra-no-alerta-de-perigo-do-inmet-para-tempestades\/\",\"url\":\"https:\/\/verdadeon.com.br\/portal\/2021\/10\/04\/franca-entra-no-alerta-de-perigo-do-inmet-para-tempestades\/\",\"name\":\"Franca entra no alerta de perigo do INMET para tempestades - VerdadeOn\",\"isPartOf\":{\"@id\":\"https:\/\/verdadeon.com.br\/portal\/#website\"},\"primaryImageOfPage\":{\"@id\":\"https:\/\/verdadeon.com.br\/portal\/2021\/10\/04\/franca-entra-no-alerta-de-perigo-do-inmet-para-tempestades\/#primaryimage\"},\"image\":{\"@id\":\"https:\/\/verdadeon.com.br\/portal\/2021\/10\/04\/franca-entra-no-alerta-de-perigo-do-inmet-para-tempestades\/#primaryimage\"},\"thumbnailUrl\":\"https:\/\/i0.wp.com\/verdadeon.com.br\/portal\/wp-content\/uploads\/2021\/10\/VALE-ESTE-e1633383184424.png?fit=997%2C670&ssl=1\",\"datePublished\":\"2021-10-04T21:34:12+00:00\",\"author\":{\"@id\":\"https:\/\/verdadeon.com.br\/portal\/#\/schema\/person\/cc32be22b8e8599387c480bc83e1d11a\"},\"breadcrumb\":{\"@id\":\"https:\/\/verdadeon.com.br\/portal\/2021\/10\/04\/franca-entra-no-alerta-de-perigo-do-inmet-para-tempestades\/#breadcrumb\"},\"inLanguage\":\"pt-BR\",\"potentialAction\":[{\"@type\":\"ReadAction\",\"target\":[\"https:\/\/verdadeon.com.br\/portal\/2021\/10\/04\/franca-entra-no-alerta-de-perigo-do-inmet-para-tempestades\/\"]}]},{\"@type\":\"ImageObject\",\"inLanguage\":\"pt-BR\",\"@id\":\"https:\/\/verdadeon.com.br\/portal\/2021\/10\/04\/franca-entra-no-alerta-de-perigo-do-inmet-para-tempestades\/#primaryimage\",\"url\":\"https:\/\/i0.wp.com\/verdadeon.com.br\/portal\/wp-content\/uploads\/2021\/10\/VALE-ESTE-e1633383184424.png?fit=997%2C670&ssl=1\",\"contentUrl\":\"https:\/\/i0.wp.com\/verdadeon.com.br\/portal\/wp-content\/uploads\/2021\/10\/VALE-ESTE-e1633383184424.png?fit=997%2C670&ssl=1\",\"width\":997,\"height\":670,\"caption\":\"No final de semana choveu abaixo do esperado em Franca, mas segundo INMET o cen\u00e1rio pode mudar nos pr\u00f3ximos dias | Foto: Fernando Lima\"},{\"@type\":\"BreadcrumbList\",\"@id\":\"https:\/\/verdadeon.com.br\/portal\/2021\/10\/04\/franca-entra-no-alerta-de-perigo-do-inmet-para-tempestades\/#breadcrumb\",\"itemListElement\":[{\"@type\":\"ListItem\",\"position\":1,\"name\":\"In\u00edcio\",\"item\":\"https:\/\/verdadeon.com.br\/portal\/\"},{\"@type\":\"ListItem\",\"position\":2,\"name\":\"Franca entra no alerta de perigo do INMET para tempestades\"}]},{\"@type\":\"WebSite\",\"@id\":\"https:\/\/verdadeon.com.br\/portal\/#website\",\"url\":\"https:\/\/verdadeon.com.br\/portal\/\",\"name\":\"VerdadeOn\",\"description\":\"Not\u00edcias di\u00e1rias sobre Franca, Regi\u00e3o, Esporte, Cultura, Cotidiano, Colunas. Cobertura nos principais eventos da cidade \u00e9 aqui - Verdadeon Franca\",\"potentialAction\":[{\"@type\":\"SearchAction\",\"target\":{\"@type\":\"EntryPoint\",\"urlTemplate\":\"https:\/\/verdadeon.com.br\/portal\/?s={search_term_string}\"},\"query-input\":{\"@type\":\"PropertyValueSpecification\",\"valueRequired\":true,\"valueName\":\"search_term_string\"}}],\"inLanguage\":\"pt-BR\"},{\"@type\":\"Person\",\"@id\":\"https:\/\/verdadeon.com.br\/portal\/#\/schema\/person\/cc32be22b8e8599387c480bc83e1d11a\",\"name\":\"Fernando Lima\",\"image\":{\"@type\":\"ImageObject\",\"inLanguage\":\"pt-BR\",\"@id\":\"https:\/\/verdadeon.com.br\/portal\/#\/schema\/person\/image\/\",\"url\":\"https:\/\/secure.gravatar.com\/avatar\/df4c8e132080d2b3a4841d5d232045464e0eed11a1d6e43115ca0843d48768d3?s=96&d=mm&r=g\",\"contentUrl\":\"https:\/\/secure.gravatar.com\/avatar\/df4c8e132080d2b3a4841d5d232045464e0eed11a1d6e43115ca0843d48768d3?s=96&d=mm&r=g\",\"caption\":\"Fernando Lima\"},\"sameAs\":[\"http:\/\/verdadeon.com.br\/\"],\"url\":\"https:\/\/verdadeon.com.br\/portal\/author\/fernando-lima\/\"}]}<\/script>\n<!-- \/ Yoast SEO plugin. -->","yoast_head_json":{"title":"Franca entra no alerta de perigo do INMET para tempestades - VerdadeOn","robots":{"index":"index","follow":"follow","max-snippet":"max-snippet:-1","max-image-preview":"max-image-preview:large","max-video-preview":"max-video-preview:-1"},"canonical":"https:\/\/verdadeon.com.br\/portal\/2021\/10\/04\/franca-entra-no-alerta-de-perigo-do-inmet-para-tempestades\/","og_locale":"pt_BR","og_type":"article","og_title":"Franca entra no alerta de perigo do INMET para tempestades - VerdadeOn","og_description":"Aviso \u00e9 v\u00e1lido at\u00e9 esta ter\u00e7a-feira, Defesa Civil enviou SMS para alertar sobre os riscos Franca e regi\u00e3o entraram no alerta de perigo do Instituto Nacional [\u2026]","og_url":"https:\/\/verdadeon.com.br\/portal\/2021\/10\/04\/franca-entra-no-alerta-de-perigo-do-inmet-para-tempestades\/","og_site_name":"VerdadeOn","article_published_time":"2021-10-04T21:34:12+00:00","og_image":[{"width":997,"height":670,"url":"https:\/\/verdadeon.com.br\/portal\/wp-content\/uploads\/2021\/10\/VALE-ESTE-e1633383184424.png","type":"image\/png"}],"author":"Fernando Lima","twitter_card":"summary_large_image","twitter_misc":{"Escrito por":"Fernando Lima","Est. tempo de leitura":"2 minutos"},"schema":{"@context":"https:\/\/schema.org","@graph":[{"@type":"WebPage","@id":"https:\/\/verdadeon.com.br\/portal\/2021\/10\/04\/franca-entra-no-alerta-de-perigo-do-inmet-para-tempestades\/","url":"https:\/\/verdadeon.com.br\/portal\/2021\/10\/04\/franca-entra-no-alerta-de-perigo-do-inmet-para-tempestades\/","name":"Franca entra no alerta de perigo do INMET para tempestades - VerdadeOn","isPartOf":{"@id":"https:\/\/verdadeon.com.br\/portal\/#website"},"primaryImageOfPage":{"@id":"https:\/\/verdadeon.com.br\/portal\/2021\/10\/04\/franca-entra-no-alerta-de-perigo-do-inmet-para-tempestades\/#primaryimage"},"image":{"@id":"https:\/\/verdadeon.com.br\/portal\/2021\/10\/04\/franca-entra-no-alerta-de-perigo-do-inmet-para-tempestades\/#primaryimage"},"thumbnailUrl":"https:\/\/i0.wp.com\/verdadeon.com.br\/portal\/wp-content\/uploads\/2021\/10\/VALE-ESTE-e1633383184424.png?fit=997%2C670&ssl=1","datePublished":"2021-10-04T21:34:12+00:00","author":{"@id":"https:\/\/verdadeon.com.br\/portal\/#\/schema\/person\/cc32be22b8e8599387c480bc83e1d11a"},"breadcrumb":{"@id":"https:\/\/verdadeon.com.br\/portal\/2021\/10\/04\/franca-entra-no-alerta-de-perigo-do-inmet-para-tempestades\/#breadcrumb"},"inLanguage":"pt-BR","potentialAction":[{"@type":"ReadAction","target":["https:\/\/verdadeon.com.br\/portal\/2021\/10\/04\/franca-entra-no-alerta-de-perigo-do-inmet-para-tempestades\/"]}]},{"@type":"ImageObject","inLanguage":"pt-BR","@id":"https:\/\/verdadeon.com.br\/portal\/2021\/10\/04\/franca-entra-no-alerta-de-perigo-do-inmet-para-tempestades\/#primaryimage","url":"https:\/\/i0.wp.com\/verdadeon.com.br\/portal\/wp-content\/uploads\/2021\/10\/VALE-ESTE-e1633383184424.png?fit=997%2C670&ssl=1","contentUrl":"https:\/\/i0.wp.com\/verdadeon.com.br\/portal\/wp-content\/uploads\/2021\/10\/VALE-ESTE-e1633383184424.png?fit=997%2C670&ssl=1","width":997,"height":670,"caption":"No final de semana choveu abaixo do esperado em Franca, mas segundo INMET o cen\u00e1rio pode mudar nos pr\u00f3ximos dias | Foto: Fernando Lima"},{"@type":"BreadcrumbList","@id":"https:\/\/verdadeon.com.br\/portal\/2021\/10\/04\/franca-entra-no-alerta-de-perigo-do-inmet-para-tempestades\/#breadcrumb","itemListElement":[{"@type":"ListItem","position":1,"name":"In\u00edcio","item":"https:\/\/verdadeon.com.br\/portal\/"},{"@type":"ListItem","position":2,"name":"Franca entra no alerta de perigo do INMET para tempestades"}]},{"@type":"WebSite","@id":"https:\/\/verdadeon.com.br\/portal\/#website","url":"https:\/\/verdadeon.com.br\/portal\/","name":"VerdadeOn","description":"Not\u00edcias di\u00e1rias sobre Franca, Regi\u00e3o, Esporte, Cultura, Cotidiano, Colunas. Cobertura nos principais eventos da cidade \u00e9 aqui - Verdadeon Franca","potentialAction":[{"@type":"SearchAction","target":{"@type":"EntryPoint","urlTemplate":"https:\/\/verdadeon.com.br\/portal\/?s={search_term_string}"},"query-input":{"@type":"PropertyValueSpecification","valueRequired":true,"valueName":"search_term_string"}}],"inLanguage":"pt-BR"},{"@type":"Person","@id":"https:\/\/verdadeon.com.br\/portal\/#\/schema\/person\/cc32be22b8e8599387c480bc83e1d11a","name":"Fernando Lima","image":{"@type":"ImageObject","inLanguage":"pt-BR","@id":"https:\/\/verdadeon.com.br\/portal\/#\/schema\/person\/image\/","url":"https:\/\/secure.gravatar.com\/avatar\/df4c8e132080d2b3a4841d5d232045464e0eed11a1d6e43115ca0843d48768d3?s=96&d=mm&r=g","contentUrl":"https:\/\/secure.gravatar.com\/avatar\/df4c8e132080d2b3a4841d5d232045464e0eed11a1d6e43115ca0843d48768d3?s=96&d=mm&r=g","caption":"Fernando Lima"},"sameAs":["http:\/\/verdadeon.com.br\/"],"url":"https:\/\/verdadeon.com.br\/portal\/author\/fernando-lima\/"}]}},"jetpack_publicize_connections":[],"jetpack_featured_media_url":"https:\/\/i0.wp.com\/verdadeon.com.br\/portal\/wp-content\/uploads\/2021\/10\/VALE-ESTE-e1633383184424.png?fit=997%2C670&ssl=1","jetpack_sharing_enabled":true,"_links":{"self":[{"href":"https:\/\/verdadeon.com.br\/portal\/wp-json\/wp\/v2\/posts\/20089","targetHints":{"allow":["GET"]}}],"collection":[{"href":"https:\/\/verdadeon.com.br\/portal\/wp-json\/wp\/v2\/posts"}],"about":[{"href":"https:\/\/verdadeon.com.br\/portal\/wp-json\/wp\/v2\/types\/post"}],"author":[{"embeddable":true,"href":"https:\/\/verdadeon.com.br\/portal\/wp-json\/wp\/v2\/users\/7"}],"replies":[{"embeddable":true,"href":"https:\/\/verdadeon.com.br\/portal\/wp-json\/wp\/v2\/comments?post=20089"}],"version-history":[{"count":0,"href":"https:\/\/verdadeon.com.br\/portal\/wp-json\/wp\/v2\/posts\/20089\/revisions"}],"wp:featuredmedia":[{"embeddable":true,"href":"https:\/\/verdadeon.com.br\/portal\/wp-json\/wp\/v2\/media\/20093"}],"wp:attachment":[{"href":"https:\/\/verdadeon.com.br\/portal\/wp-json\/wp\/v2\/media?parent=20089"}],"wp:term":[{"taxonomy":"category","embeddable":true,"href":"https:\/\/verdadeon.com.br\/portal\/wp-json\/wp\/v2\/categories?post=20089"},{"taxonomy":"post_tag","embeddable":true,"href":"https:\/\/verdadeon.com.br\/portal\/wp-json\/wp\/v2\/tags?post=20089"}],"curies":[{"name":"wp","href":"https:\/\/api.w.org\/{rel}","templated":true}]}}