{"id":20078,"date":"2021-10-04T15:54:09","date_gmt":"2021-10-04T18:54:09","guid":{"rendered":"https:\/\/verdadeon.com.br\/portal\/?p=20078"},"modified":"2021-10-04T19:19:19","modified_gmt":"2021-10-04T22:19:19","slug":"sabesp-deve-prorrogar-rodizio-mas-sinaliza-flexibilizacao","status":"publish","type":"post","link":"https:\/\/verdadeon.com.br\/portal\/2021\/10\/04\/sabesp-deve-prorrogar-rodizio-mas-sinaliza-flexibilizacao\/","title":{"rendered":"Sabesp deve prorrogar rod\u00edzio, mas sinaliza flexibiliza\u00e7\u00e3o"},"content":{"rendered":"<h2>Companhia avalia volume de chuva e m\u00e9dia de consumo para tentar racionamento menos restritivo<\/h2>\n<p>&nbsp;<\/p>\n<p><span style=\"font-weight: 400;\">A Sabesp tinha expectativa de um fim de semana chuvoso, mas as precipita\u00e7\u00f5es em Franca foram mais pontuais que o esperado. O racionamento que est\u00e1 em vigor atualmente expira nesta quarta-feira, 6, e a companhia avalia a continuidade e se ser\u00e1 poss\u00edvel alguma flexibiliza\u00e7\u00e3o. Pelo cronograma, os francanos permanecem 36 horas sem fornecimento de \u00e1gua e 36 horas com abastecimento.<\/span><\/p>\n<p><span style=\"font-weight: 400;\">Alex Veronez, gerente distrital da Sabesp em Franca, disse que a previs\u00e3o de chuva para esta segunda-feira e os pr\u00f3ximos dias somada ao menor consumo nos \u00faltimos dias podem favorecer n\u00e3o a suspens\u00e3o do racionamento, mas ao menos a flexibiliza\u00e7\u00e3o.<\/span><\/p>\n<p><span style=\"font-weight: 400;\">\u201cEstamos nos reunindo para avaliar todas as condi\u00e7\u00f5es. Devemos ter mais chuva e tamb\u00e9m percebemos que o consumo equilibrou, com base na nossa produ\u00e7\u00e3o. Para recuperar a vaz\u00e3o nos mananciais e n\u00edvel dos reservat\u00f3rios, precisamos de um volume expressivo de chuva, mas talvez a gente consiga alguma flexibiliza\u00e7\u00e3o. Vamos avaliar e acredito que at\u00e9 a tarde desta ter\u00e7a-feira teremos uma posi\u00e7\u00e3o definida\u201d, disse Veronez.<\/span><\/p>\n<p><span style=\"font-weight: 400;\">Pelos dados da esta\u00e7\u00e3o convencional do Inmet (Instituto Nacional de Meteorologia) choveu em Franca, no fim de semana 3 mil\u00edmetros apenas; a previs\u00e3o era de 16 mil\u00edmetros de precipita\u00e7\u00e3o, mas a partir da tarde de segunda-feira as chuvas se intensificaram em Franca e a cidade entrou inclusive nos alertas de tempestade do Inmet.<\/span><\/p>\n<h4><span style=\"font-weight: 400;\">Racionamento<\/span><\/h4>\n<p><span style=\"font-weight: 400;\">O Plano de Rod\u00edzio da Sabesp divide a cidade em tr\u00eas blocos, A, B e C. Nesta ter\u00e7a-feira, os moradores do bloco C enfrentam o corte de \u00e1gua iniciado ao meio dia de segunda-feira, 4, at\u00e9 meia noite de ter\u00e7a-feira, 5. Os bairros do bloco A ter\u00e3o a interrup\u00e7\u00e3o ao meio dia de ter\u00e7a-feira e seguem sem fornecimento at\u00e9 meia noite de quarta-feira, 6.\u00a0<\/span><\/p>\n<p><span style=\"font-weight: 400;\">Consulte os bairros que comp\u00f5em cada bloco do racionamento:<\/span><\/p>\n<p><span style=\"font-weight: 400;\">BLOCO A<\/span><\/p>\n<p><span style=\"font-weight: 400;\">Adelinha, Allan Kardec, Alvorada, Ana Terra, Bom Jardim, Calif\u00f3rnia, Campestre Ouro Verde, Campestre Real, Ch\u00e1c. Ouro Verde, Chico J\u00falio, Concei\u00e7\u00e3o Leite, Condom\u00ednio Vill\u00e1gio Felicit\u00e1, Copacabana, Copacabana, Dist. Ind. Abdala Hajel, Dr. Carr\u00e3o, Esmeraldas, Europa, Exposi\u00e7\u00e3o, Florestal, Fl\u00f3rida, Guanabara, Imperador, Independ\u00eancia, Integra\u00e7\u00e3o, Jd. Bar\u00e3o, Jd. Boa Esperan\u00e7a, Jd. Maria, Jo\u00e3o Leite, Leporace 2, Luiza 1, Luiza 2, Maria Gabriela, Maria Rosa, Morada do Sol, Moreira Jr., N. Sra. F\u00e1tima, N. Sra. Gra\u00e7as, NATAL, N\u00facleo Alpha, Olivito, Onofre Jacometti, Para\u00edso, parte Aeroporto 2, parte Aeroporto 3, parte Aeroporto 4, parte alta Tropical, parte B. S\u00e3o Jos\u00e9, parte Boa Vista, parte Centro, parte Ch\u00e1c. Sto. Antonio, parte Chico J\u00falio, parte Distrito Industrial, parte Distrito Industrial, Parte do Franville, Parte do Primo Menegheti, parte Esta\u00e7\u00e3o, parte Formosa, parte Francal, parte Francano, parte Itapu\u00e3, parte Jd. Guanabara, parte Leporace 1, parte Lima, parte Maria Rosa, parte Nic\u00e1cio, parte Rec. Itamb\u00e9, parte Res. Amazonas, parte S\u00e3o Joaquim, parte Sta. Helena, parte Texeira, parte Vila Champagnat, parte Vila Flores, Peres Elias, Piemonte I, Piemonte II, Piratininga I, Piratininga II, Polo Ind. S\u00e3o Bernardo, Pq. Tr\u00eas Colinas, Progresso, Raycos, Regina Helena, Samello III, San Diego, S\u00e3o Jo\u00e3o Batista, S\u00e3o Jorge, S\u00e3o Thomaz, Sim\u00f5es, Sta. Ad\u00e9lia, Sta. Eug\u00eania, Sta. Georgina, Sta. Luzia, Sta. Maria Carmo, Sta. Tereza, Toscana, Universit\u00e1rio, Vera Cruz 1 e 2, Veredas de Franca, Vila Cel. Ant\u00f4nio Sobrinho, Vila Duque Caxias, Vila Guilherme, Vila Marta, Vila Monteiro, Vila Nova, Vila Santos Dumont, Vila T\u00f3toli, Vilage S\u00e3o Victor, Villaggio de Firenze, Villagio da Collina, Zelinda.<\/span><\/p>\n<p><span style=\"font-weight: 400;\">BLOCO B<\/span><\/p>\n<p><span style=\"font-weight: 400;\">Ab\u00edlio Nogueira, Aeroporto II, \u00c2ngela Rosa, Anita, Avia\u00e7\u00e3o, Bonsucesso, Bosque dos Angicos, Brasil\u00e2ndia, Castelo Soberano, Ch\u00e1c. Engenho Queimado, Ch\u00e1c. S\u00e3o Paulo, Ch\u00e1caras Espariado, Continental, Derm\u00ednio, Eldorado, Elimar I, Elimar II, Elisa, Engenho Queimado, Flamboyant, Franca Garden, Gramados I, Gramados II, Irineu Zanette, Jacintho Nery, Jd. S\u00e3o Paulo Hemrique, Jos\u00e9 de Carlos, Jovita de Melo, Leporace 3, L\u00edbano, Mar\u00edlia, Martins, No\u00eamia, Palermo, Palermo City, Palma, Palmeiras, Pandolfo, Panorama, parte Beth\u00e2nia, parte Bueno, parte Colina do Espraiado, Parte do Aeroporto I, parte Itapu\u00e3, parte Jd. S\u00e3o Luiz, parte Jo\u00e3o Liporoni, parte Leporace 1, parte No\u00eamia, parte Primo Meneghetti I, Parte Primo Meneghetti II, parte S\u00e3o Joaquim, parte Semin\u00e1rio, parte Sta. Helena, parte Sta. L\u00facia, parte Sta. Rita, parte Sto. Agostinho, parte Vila Izabel, Paulista, Paulistano, Paulo Archetti, Pedigoni, Pinheiro 1, Pinheiro 2, Piratininga, Polo Clube, Polo Ind. Amazonas, Portinari, Pq. Alvorada, prol Fl\u00f3rida, Prol. \u00c2ngela Rosa, prol. \u00c9den, prol. Elimar, Pulicano, Quinta D&#8217;Oeste, Rec. Felicidade, Res. J\u00falio D\u2019\u00c9lia, Res. S\u00e3o Paulo, Residencial Dourados, Rezende, Riviera, Samello IV, Santa Barb\u00e1ra, Santa Clara, S\u00e3o Francisco, S\u00e3o Gabriel, S\u00e3o Sebasti\u00e3o, S\u00e3o Vicente, Scarabucci, Sinsa\u00fade, Sta. Efig\u00eania, Sta. Em\u00edlia, Sta. Hilda, Sta. Maria, Sumar\u00e9, Tangar\u00e1, Tr\u00eas Colinas., Vera Cruz 3, Vila Aparecida, Vila Conquista, Vila H\u00edpica, Vila Real, Vila Sta. Cruz, Vit\u00f3ria R\u00e9gia, Zanette.<\/span><\/p>\n<p><span style=\"font-weight: 400;\">BLOCO C<\/span><\/p>\n<p><span style=\"font-weight: 400;\">Antonio Petr\u00e1glia, Bernardino Pucci, Boa Vista, C.H. Ot\u00e1vio Cilurzo, Campo Belo, Candeias I, Candeias II, Capim Mimoso, CDHU Pq. dos Mutantes, CDP, Cel. Antonio Jacinto Sobrinho, Centro M\u00e9dico, Chac. Vale Belo, Chacaras Belvedere Bandeirantes, Chico Neca, Cidade Nova, Conj. Hab. Imperador, Consola\u00e7\u00e3o, Dom Bosco, Dom Pedro I, Dora Maria, \u00c9dem, Esplanada Primo Meneghetti II, ETE, Flores, Formosa, Franca Shopping, Fund. Casa, Hosp Cora\u00e7\u00e3o, Ipanema, Jardim Bot\u00e2nico, Jd. Am\u00e9rica, Jd. Bet\u00e2nia, Jd. Boa Esperan\u00e7a, Jd. Bueno, Jd. Maria, Jd. Nsa. das Gra\u00e7as, Jd. Semin\u00e1rio, Jd. Sta Eug\u00eania, Marambaia, Milena, Miramontes, Miron, Moema, Monte Carlo, Monte Verde, Nic\u00e1cio, Nosso Lar, Nova Franca, Paineiras, Parati, parte alta Cambu\u00ed, parte Amazonas, parte baixa Cambu\u00ed, parte baixa Tropical 1, parte Champagnat, parte City Petr\u00f3polis, parte do Centro, parte Esta\u00e7\u00e3o, parte Francal, parte Francano, parte Francano, parte Higien\u00f3polis, parte Higien\u00f3polis, parte Lima, parte Sta. Terezinha, parte Vila Isabel, parte Vila. Totoli, Pedreira, Pinhais, Planalto, Policia Rodovi\u00e1ria, Pq. das Ac\u00e1cias, Pq. das \u00c1guas, Pq. Horto, Pq. Mirante, Prol. Antonio Petr\u00e1glia II, Rec. Cap. Heliodoro, Rec. Fortuna, Rec. Itamb\u00e9, Redentor, Regina Helena, Res. Baldassari, Res. Olavo Pinheiro, Residencial Ana Dorothea, Rodrigo Sallum, Rosel\u00e2ndia, Samel Park, Samello, Samello V (Sta. M\u00f4nica), S\u00e3o Domingos, S\u00e3o Jer\u00f4nimo, S\u00e3o Jos\u00e9, S\u00e3o Vicente, S\u00e3o Vicente de Paula, Sta. Maria do Carmo, Sta. Terezinha, Sto. Agostinho, Vila Aparecida, Vila Benelli, Vila Gosuem, Vila Molina, Vila Sto Antonio, Vila Teixeira.<\/span><\/p>\n<p>&nbsp;<\/p>\n","protected":false},"excerpt":{"rendered":"<p>Companhia avalia volume de chuva e m\u00e9dia de consumo para tentar racionamento menos restritivo &nbsp; A Sabesp tinha expectativa de um fim de semana chuvoso, mas<span class=\"excerpt-hellip\"> [\u2026]<\/span><\/p>\n","protected":false},"author":12,"featured_media":18046,"comment_status":"open","ping_status":"open","sticky":false,"template":"","format":"standard","meta":{"_jetpack_memberships_contains_paid_content":false,"footnotes":"","jetpack_publicize_message":"","jetpack_publicize_feature_enabled":true,"jetpack_social_post_already_shared":false,"jetpack_social_options":{"image_generator_settings":{"template":"highway","default_image_id":0,"enabled":false},"version":2}},"categories":[28,81],"tags":[],"class_list":["post-20078","post","type-post","status-publish","format-standard","has-post-thumbnail","hentry","category-cotidiano","category-manchete"],"yoast_head":"<!-- This site is optimized with the Yoast SEO plugin v25.6 - https:\/\/yoast.com\/wordpress\/plugins\/seo\/ -->\n<title>Sabesp deve prorrogar rod\u00edzio, mas sinaliza flexibiliza\u00e7\u00e3o - VerdadeOn<\/title>\n<meta name=\"robots\" content=\"index, follow, max-snippet:-1, max-image-preview:large, max-video-preview:-1\" \/>\n<link rel=\"canonical\" href=\"https:\/\/verdadeon.com.br\/portal\/2021\/10\/04\/sabesp-deve-prorrogar-rodizio-mas-sinaliza-flexibilizacao\/\" \/>\n<meta property=\"og:locale\" content=\"pt_BR\" \/>\n<meta property=\"og:type\" content=\"article\" \/>\n<meta property=\"og:title\" content=\"Sabesp deve prorrogar rod\u00edzio, mas sinaliza flexibiliza\u00e7\u00e3o - VerdadeOn\" \/>\n<meta property=\"og:description\" content=\"Companhia avalia volume de chuva e m\u00e9dia de consumo para tentar racionamento menos restritivo &nbsp; A Sabesp tinha expectativa de um fim de semana chuvoso, mas [\u2026]\" \/>\n<meta property=\"og:url\" content=\"https:\/\/verdadeon.com.br\/portal\/2021\/10\/04\/sabesp-deve-prorrogar-rodizio-mas-sinaliza-flexibilizacao\/\" \/>\n<meta property=\"og:site_name\" content=\"VerdadeOn\" \/>\n<meta property=\"article:published_time\" content=\"2021-10-04T18:54:09+00:00\" \/>\n<meta property=\"article:modified_time\" content=\"2021-10-04T22:19:19+00:00\" \/>\n<meta property=\"og:image\" content=\"https:\/\/verdadeon.com.br\/portal\/wp-content\/uploads\/2021\/07\/ALEX-VERONEZ-GERENTE-DISTRITAL-SABESP-FRANCA-FOTO-JORNAL-VERDADE.jpeg\" \/>\n\t<meta property=\"og:image:width\" content=\"1000\" \/>\n\t<meta property=\"og:image:height\" content=\"670\" \/>\n\t<meta property=\"og:image:type\" content=\"image\/jpeg\" \/>\n<meta name=\"author\" content=\"Nelise Luques\" \/>\n<meta name=\"twitter:card\" content=\"summary_large_image\" \/>\n<meta name=\"twitter:label1\" content=\"Escrito por\" \/>\n\t<meta name=\"twitter:data1\" content=\"Nelise Luques\" \/>\n\t<meta name=\"twitter:label2\" content=\"Est. tempo de leitura\" \/>\n\t<meta name=\"twitter:data2\" content=\"5 minutos\" \/>\n<script type=\"application\/ld+json\" class=\"yoast-schema-graph\">{\"@context\":\"https:\/\/schema.org\",\"@graph\":[{\"@type\":\"WebPage\",\"@id\":\"https:\/\/verdadeon.com.br\/portal\/2021\/10\/04\/sabesp-deve-prorrogar-rodizio-mas-sinaliza-flexibilizacao\/\",\"url\":\"https:\/\/verdadeon.com.br\/portal\/2021\/10\/04\/sabesp-deve-prorrogar-rodizio-mas-sinaliza-flexibilizacao\/\",\"name\":\"Sabesp deve prorrogar rod\u00edzio, mas sinaliza flexibiliza\u00e7\u00e3o - VerdadeOn\",\"isPartOf\":{\"@id\":\"https:\/\/verdadeon.com.br\/portal\/#website\"},\"primaryImageOfPage\":{\"@id\":\"https:\/\/verdadeon.com.br\/portal\/2021\/10\/04\/sabesp-deve-prorrogar-rodizio-mas-sinaliza-flexibilizacao\/#primaryimage\"},\"image\":{\"@id\":\"https:\/\/verdadeon.com.br\/portal\/2021\/10\/04\/sabesp-deve-prorrogar-rodizio-mas-sinaliza-flexibilizacao\/#primaryimage\"},\"thumbnailUrl\":\"https:\/\/i0.wp.com\/verdadeon.com.br\/portal\/wp-content\/uploads\/2021\/07\/ALEX-VERONEZ-GERENTE-DISTRITAL-SABESP-FRANCA-FOTO-JORNAL-VERDADE.jpeg?fit=1000%2C670&ssl=1\",\"datePublished\":\"2021-10-04T18:54:09+00:00\",\"dateModified\":\"2021-10-04T22:19:19+00:00\",\"author\":{\"@id\":\"https:\/\/verdadeon.com.br\/portal\/#\/schema\/person\/8248726d36015c1916636fabb175d972\"},\"breadcrumb\":{\"@id\":\"https:\/\/verdadeon.com.br\/portal\/2021\/10\/04\/sabesp-deve-prorrogar-rodizio-mas-sinaliza-flexibilizacao\/#breadcrumb\"},\"inLanguage\":\"pt-BR\",\"potentialAction\":[{\"@type\":\"ReadAction\",\"target\":[\"https:\/\/verdadeon.com.br\/portal\/2021\/10\/04\/sabesp-deve-prorrogar-rodizio-mas-sinaliza-flexibilizacao\/\"]}]},{\"@type\":\"ImageObject\",\"inLanguage\":\"pt-BR\",\"@id\":\"https:\/\/verdadeon.com.br\/portal\/2021\/10\/04\/sabesp-deve-prorrogar-rodizio-mas-sinaliza-flexibilizacao\/#primaryimage\",\"url\":\"https:\/\/i0.wp.com\/verdadeon.com.br\/portal\/wp-content\/uploads\/2021\/07\/ALEX-VERONEZ-GERENTE-DISTRITAL-SABESP-FRANCA-FOTO-JORNAL-VERDADE.jpeg?fit=1000%2C670&ssl=1\",\"contentUrl\":\"https:\/\/i0.wp.com\/verdadeon.com.br\/portal\/wp-content\/uploads\/2021\/07\/ALEX-VERONEZ-GERENTE-DISTRITAL-SABESP-FRANCA-FOTO-JORNAL-VERDADE.jpeg?fit=1000%2C670&ssl=1\",\"width\":1000,\"height\":670,\"caption\":\"Alex Veronez, gerente distrital da Sabesp Franca, afirma que equipes analisam volume de chuva e redu\u00e7\u00e3o no consumo para tentar altera\u00e7\u00f5es no racionamento | Foto: Nelise Luques \/ Jornal Verdade\"},{\"@type\":\"BreadcrumbList\",\"@id\":\"https:\/\/verdadeon.com.br\/portal\/2021\/10\/04\/sabesp-deve-prorrogar-rodizio-mas-sinaliza-flexibilizacao\/#breadcrumb\",\"itemListElement\":[{\"@type\":\"ListItem\",\"position\":1,\"name\":\"In\u00edcio\",\"item\":\"https:\/\/verdadeon.com.br\/portal\/\"},{\"@type\":\"ListItem\",\"position\":2,\"name\":\"Sabesp deve prorrogar rod\u00edzio, mas sinaliza flexibiliza\u00e7\u00e3o\"}]},{\"@type\":\"WebSite\",\"@id\":\"https:\/\/verdadeon.com.br\/portal\/#website\",\"url\":\"https:\/\/verdadeon.com.br\/portal\/\",\"name\":\"VerdadeOn\",\"description\":\"Not\u00edcias di\u00e1rias sobre Franca, Regi\u00e3o, Esporte, Cultura, Cotidiano, Colunas. Cobertura nos principais eventos da cidade \u00e9 aqui - Verdadeon Franca\",\"potentialAction\":[{\"@type\":\"SearchAction\",\"target\":{\"@type\":\"EntryPoint\",\"urlTemplate\":\"https:\/\/verdadeon.com.br\/portal\/?s={search_term_string}\"},\"query-input\":{\"@type\":\"PropertyValueSpecification\",\"valueRequired\":true,\"valueName\":\"search_term_string\"}}],\"inLanguage\":\"pt-BR\"},{\"@type\":\"Person\",\"@id\":\"https:\/\/verdadeon.com.br\/portal\/#\/schema\/person\/8248726d36015c1916636fabb175d972\",\"name\":\"Nelise Luques\",\"image\":{\"@type\":\"ImageObject\",\"inLanguage\":\"pt-BR\",\"@id\":\"https:\/\/verdadeon.com.br\/portal\/#\/schema\/person\/image\/\",\"url\":\"https:\/\/secure.gravatar.com\/avatar\/29b2a17f5bcadeb827411b66f48ac13c3e0ecaf5906c0f5745ecc5d41c24eada?s=96&d=mm&r=g\",\"contentUrl\":\"https:\/\/secure.gravatar.com\/avatar\/29b2a17f5bcadeb827411b66f48ac13c3e0ecaf5906c0f5745ecc5d41c24eada?s=96&d=mm&r=g\",\"caption\":\"Nelise Luques\"},\"url\":\"https:\/\/verdadeon.com.br\/portal\/author\/verdade\/\"}]}<\/script>\n<!-- \/ Yoast SEO plugin. -->","yoast_head_json":{"title":"Sabesp deve prorrogar rod\u00edzio, mas sinaliza flexibiliza\u00e7\u00e3o - VerdadeOn","robots":{"index":"index","follow":"follow","max-snippet":"max-snippet:-1","max-image-preview":"max-image-preview:large","max-video-preview":"max-video-preview:-1"},"canonical":"https:\/\/verdadeon.com.br\/portal\/2021\/10\/04\/sabesp-deve-prorrogar-rodizio-mas-sinaliza-flexibilizacao\/","og_locale":"pt_BR","og_type":"article","og_title":"Sabesp deve prorrogar rod\u00edzio, mas sinaliza flexibiliza\u00e7\u00e3o - VerdadeOn","og_description":"Companhia avalia volume de chuva e m\u00e9dia de consumo para tentar racionamento menos restritivo &nbsp; A Sabesp tinha expectativa de um fim de semana chuvoso, mas [\u2026]","og_url":"https:\/\/verdadeon.com.br\/portal\/2021\/10\/04\/sabesp-deve-prorrogar-rodizio-mas-sinaliza-flexibilizacao\/","og_site_name":"VerdadeOn","article_published_time":"2021-10-04T18:54:09+00:00","article_modified_time":"2021-10-04T22:19:19+00:00","og_image":[{"width":1000,"height":670,"url":"https:\/\/verdadeon.com.br\/portal\/wp-content\/uploads\/2021\/07\/ALEX-VERONEZ-GERENTE-DISTRITAL-SABESP-FRANCA-FOTO-JORNAL-VERDADE.jpeg","type":"image\/jpeg"}],"author":"Nelise Luques","twitter_card":"summary_large_image","twitter_misc":{"Escrito por":"Nelise Luques","Est. tempo de leitura":"5 minutos"},"schema":{"@context":"https:\/\/schema.org","@graph":[{"@type":"WebPage","@id":"https:\/\/verdadeon.com.br\/portal\/2021\/10\/04\/sabesp-deve-prorrogar-rodizio-mas-sinaliza-flexibilizacao\/","url":"https:\/\/verdadeon.com.br\/portal\/2021\/10\/04\/sabesp-deve-prorrogar-rodizio-mas-sinaliza-flexibilizacao\/","name":"Sabesp deve prorrogar rod\u00edzio, mas sinaliza flexibiliza\u00e7\u00e3o - VerdadeOn","isPartOf":{"@id":"https:\/\/verdadeon.com.br\/portal\/#website"},"primaryImageOfPage":{"@id":"https:\/\/verdadeon.com.br\/portal\/2021\/10\/04\/sabesp-deve-prorrogar-rodizio-mas-sinaliza-flexibilizacao\/#primaryimage"},"image":{"@id":"https:\/\/verdadeon.com.br\/portal\/2021\/10\/04\/sabesp-deve-prorrogar-rodizio-mas-sinaliza-flexibilizacao\/#primaryimage"},"thumbnailUrl":"https:\/\/i0.wp.com\/verdadeon.com.br\/portal\/wp-content\/uploads\/2021\/07\/ALEX-VERONEZ-GERENTE-DISTRITAL-SABESP-FRANCA-FOTO-JORNAL-VERDADE.jpeg?fit=1000%2C670&ssl=1","datePublished":"2021-10-04T18:54:09+00:00","dateModified":"2021-10-04T22:19:19+00:00","author":{"@id":"https:\/\/verdadeon.com.br\/portal\/#\/schema\/person\/8248726d36015c1916636fabb175d972"},"breadcrumb":{"@id":"https:\/\/verdadeon.com.br\/portal\/2021\/10\/04\/sabesp-deve-prorrogar-rodizio-mas-sinaliza-flexibilizacao\/#breadcrumb"},"inLanguage":"pt-BR","potentialAction":[{"@type":"ReadAction","target":["https:\/\/verdadeon.com.br\/portal\/2021\/10\/04\/sabesp-deve-prorrogar-rodizio-mas-sinaliza-flexibilizacao\/"]}]},{"@type":"ImageObject","inLanguage":"pt-BR","@id":"https:\/\/verdadeon.com.br\/portal\/2021\/10\/04\/sabesp-deve-prorrogar-rodizio-mas-sinaliza-flexibilizacao\/#primaryimage","url":"https:\/\/i0.wp.com\/verdadeon.com.br\/portal\/wp-content\/uploads\/2021\/07\/ALEX-VERONEZ-GERENTE-DISTRITAL-SABESP-FRANCA-FOTO-JORNAL-VERDADE.jpeg?fit=1000%2C670&ssl=1","contentUrl":"https:\/\/i0.wp.com\/verdadeon.com.br\/portal\/wp-content\/uploads\/2021\/07\/ALEX-VERONEZ-GERENTE-DISTRITAL-SABESP-FRANCA-FOTO-JORNAL-VERDADE.jpeg?fit=1000%2C670&ssl=1","width":1000,"height":670,"caption":"Alex Veronez, gerente distrital da Sabesp Franca, afirma que equipes analisam volume de chuva e redu\u00e7\u00e3o no consumo para tentar altera\u00e7\u00f5es no racionamento | Foto: Nelise Luques \/ Jornal Verdade"},{"@type":"BreadcrumbList","@id":"https:\/\/verdadeon.com.br\/portal\/2021\/10\/04\/sabesp-deve-prorrogar-rodizio-mas-sinaliza-flexibilizacao\/#breadcrumb","itemListElement":[{"@type":"ListItem","position":1,"name":"In\u00edcio","item":"https:\/\/verdadeon.com.br\/portal\/"},{"@type":"ListItem","position":2,"name":"Sabesp deve prorrogar rod\u00edzio, mas sinaliza flexibiliza\u00e7\u00e3o"}]},{"@type":"WebSite","@id":"https:\/\/verdadeon.com.br\/portal\/#website","url":"https:\/\/verdadeon.com.br\/portal\/","name":"VerdadeOn","description":"Not\u00edcias di\u00e1rias sobre Franca, Regi\u00e3o, Esporte, Cultura, Cotidiano, Colunas. Cobertura nos principais eventos da cidade \u00e9 aqui - Verdadeon Franca","potentialAction":[{"@type":"SearchAction","target":{"@type":"EntryPoint","urlTemplate":"https:\/\/verdadeon.com.br\/portal\/?s={search_term_string}"},"query-input":{"@type":"PropertyValueSpecification","valueRequired":true,"valueName":"search_term_string"}}],"inLanguage":"pt-BR"},{"@type":"Person","@id":"https:\/\/verdadeon.com.br\/portal\/#\/schema\/person\/8248726d36015c1916636fabb175d972","name":"Nelise Luques","image":{"@type":"ImageObject","inLanguage":"pt-BR","@id":"https:\/\/verdadeon.com.br\/portal\/#\/schema\/person\/image\/","url":"https:\/\/secure.gravatar.com\/avatar\/29b2a17f5bcadeb827411b66f48ac13c3e0ecaf5906c0f5745ecc5d41c24eada?s=96&d=mm&r=g","contentUrl":"https:\/\/secure.gravatar.com\/avatar\/29b2a17f5bcadeb827411b66f48ac13c3e0ecaf5906c0f5745ecc5d41c24eada?s=96&d=mm&r=g","caption":"Nelise Luques"},"url":"https:\/\/verdadeon.com.br\/portal\/author\/verdade\/"}]}},"jetpack_publicize_connections":[],"jetpack_featured_media_url":"https:\/\/i0.wp.com\/verdadeon.com.br\/portal\/wp-content\/uploads\/2021\/07\/ALEX-VERONEZ-GERENTE-DISTRITAL-SABESP-FRANCA-FOTO-JORNAL-VERDADE.jpeg?fit=1000%2C670&ssl=1","jetpack_sharing_enabled":true,"_links":{"self":[{"href":"https:\/\/verdadeon.com.br\/portal\/wp-json\/wp\/v2\/posts\/20078","targetHints":{"allow":["GET"]}}],"collection":[{"href":"https:\/\/verdadeon.com.br\/portal\/wp-json\/wp\/v2\/posts"}],"about":[{"href":"https:\/\/verdadeon.com.br\/portal\/wp-json\/wp\/v2\/types\/post"}],"author":[{"embeddable":true,"href":"https:\/\/verdadeon.com.br\/portal\/wp-json\/wp\/v2\/users\/12"}],"replies":[{"embeddable":true,"href":"https:\/\/verdadeon.com.br\/portal\/wp-json\/wp\/v2\/comments?post=20078"}],"version-history":[{"count":0,"href":"https:\/\/verdadeon.com.br\/portal\/wp-json\/wp\/v2\/posts\/20078\/revisions"}],"wp:featuredmedia":[{"embeddable":true,"href":"https:\/\/verdadeon.com.br\/portal\/wp-json\/wp\/v2\/media\/18046"}],"wp:attachment":[{"href":"https:\/\/verdadeon.com.br\/portal\/wp-json\/wp\/v2\/media?parent=20078"}],"wp:term":[{"taxonomy":"category","embeddable":true,"href":"https:\/\/verdadeon.com.br\/portal\/wp-json\/wp\/v2\/categories?post=20078"},{"taxonomy":"post_tag","embeddable":true,"href":"https:\/\/verdadeon.com.br\/portal\/wp-json\/wp\/v2\/tags?post=20078"}],"curies":[{"name":"wp","href":"https:\/\/api.w.org\/{rel}","templated":true}]}}