{"id":20059,"date":"2021-10-02T01:00:29","date_gmt":"2021-10-02T04:00:29","guid":{"rendered":"https:\/\/verdadeon.com.br\/portal\/?p=20059"},"modified":"2021-10-01T19:22:21","modified_gmt":"2021-10-01T22:22:21","slug":"voce-conhece-alguem-que-para-cada-solucao-traz-um-problema","status":"publish","type":"post","link":"https:\/\/verdadeon.com.br\/portal\/2021\/10\/02\/voce-conhece-alguem-que-para-cada-solucao-traz-um-problema\/","title":{"rendered":"Voc\u00ea conhece algu\u00e9m que para cada solu\u00e7\u00e3o traz um problema?"},"content":{"rendered":"<p>Talvez voc\u00ea me aponte facilmente alguns nomes, mas pare um pouco para pensar em voc\u00ea: como pensa e como age no seu dia a dia e em suas rela\u00e7\u00f5es.<br \/>\n\u00c9 comum rotularmos as pessoas pela sua forma de agir, mas precisamos lembrar que n\u00f3s somos a soma de nossas atitudes, cren\u00e7as e a\u00e7\u00f5es e, quando falamos especificamente em cren\u00e7as, alguns pontos importantes podem ser destacados.<br \/>\nSabemos tamb\u00e9m que as empresas s\u00e3o formadas por pessoas e, como n\u00e3o poderia ser diferente, no mundo corporativo temos muitas cren\u00e7as pairando no ar, ou porque n\u00e3o dizer, poluindo o ar.<br \/>\nDurante aproximadamente oito anos morei no estado de Minas Gerais. Passei por algumas cidades e tive a oportunidade de liderar equipes comerciais em um segmento altamente competitivo: o da telefonia. Durante este per\u00edodo conheci profissionais incr\u00edveis e muito competentes, mas culturalmente usavam uma express\u00e3o que me incomodava absurdamente: \u201cdou conta n\u00e3o\u201d. Claro que n\u00e3o \u00e9 apenas l\u00e1 que isso acontece, mas o termo ficou marcado em minha mem\u00f3ria.<br \/>\nOra, se algu\u00e9m determina de imediato que \u00e9 incapaz de fazer algo, esta se torna sua realidade. As startups, em sua maioria, s\u00e3o criadas a partir de um problema a ser resolvido, ent\u00e3o fico imaginando se elas agissem desta forma, quantas oportunidades teriam passado.<br \/>\nSe voc\u00ea, alguma vez j\u00e1 se pegou pensando que n\u00e3o consegue fazer algo, pare e cuide disso. Albert Einstein disse: \u201calgo s\u00f3 \u00e9 imposs\u00edvel at\u00e9 que algu\u00e9m v\u00e1 l\u00e1 e prove o contr\u00e1rio\u201d. Existe uma cita\u00e7\u00e3o pr\u00f3xima disso, atribu\u00edda a Nelson Mandela: \u201ctudo parece imposs\u00edvel at\u00e9 que seja feito\u201d. E, particularmente, gosto muito dessa linha de pensamento, sou do time dos que fazem acontecer.<br \/>\nUma vez me contaram a seguinte hist\u00f3ria:<br \/>\n\u201cDuas crian\u00e7as estavam patinando durante toda a manh\u00e3 em um lago congelado quando, de repente, o gelo se rompeu e um deles caiu na \u00e1gua.<br \/>\nA corrente interna o deslocou alguns metros abaixo da parte congelada, ent\u00e3o, para salv\u00e1-lo, a \u00fanica op\u00e7\u00e3o era quebrar a camada que o cobria.<br \/>\nSeu amigo come\u00e7ou a gritar por ajuda, mas ao ver que ningu\u00e9m vinha, rapidamente procurou uma pedra e come\u00e7ou a bater no gelo com toda a sua for\u00e7a.<br \/>\nBateu, bateu e bateu, at\u00e9 que conseguiu abrir uma fenda atrav\u00e9s da qual colocou o bra\u00e7o para agarrar seu amigo e salv\u00e1-lo. Alguns minutos depois, informados pelos vizinhos que ouviram os pedidos de ajuda, os bombeiros chegaram. Quando contaram o que havia acontecido, n\u00e3o conseguiam parar de pensar em como aquele menino t\u00e3o pequeno conseguiu quebrar uma camada t\u00e3o espessa de gelo.<br \/>\n\u2013 \u00c9 imposs\u00edvel que com essas m\u00e3os ele tenha conseguido isso, \u00e9 imposs\u00edvel, ele n\u00e3o tem for\u00e7a suficiente, como pode ter conseguido? \u2013 comentaram entre si.<br \/>\nUm senhor que estava por perto, ao ouvir a conversa, aproximou-se dos bombeiros.<br \/>\n\u2013 Eu sei como ele fez isso \u2013 disse.<br \/>\n\u2013 Como? \u2013 perguntaram surpresos.<br \/>\n\u2013 N\u00e3o havia ningu\u00e9m ao redor para dizer ao menino que ele n\u00e3o ia conseguir.\u201d<br \/>\nEmpreender pode parecer assustador para muitos, dar o primeiro passo n\u00e3o \u00e9 tarefa f\u00e1cil e, para isso, \u00e9 preciso saber driblar o medo. Mente quem diz que n\u00e3o sente medo, inclusive com o tempo esse frio na barriga se torna viciante. A cada passo dado, a cada etapa vencida, subimos um n\u00edvel de dificuldade e o medo sempre nos acompanha, super\u00e1-lo \u00e9 parte da nossa jornada.<br \/>\nSempre digo aos empreendedores que somos protagonistas das nossas hist\u00f3rias. Estamos onde estamos, \u00fanica e exclusivamente por resultados das nossas a\u00e7\u00f5es e, por isso, temos a obriga\u00e7\u00e3o de fazer acontecer.<\/p>\n<p>O sucesso \u00e9 resultado de muito trabalho, \u00e1rduo e exaustivo, ouvimos muito \u201cn\u00e3o\u201d. Claro que, diante das adversidades, podemos nos encontrar em momentos de baixa energia, \u00e0s vezes desmotivados, ap\u00e1ticos e isso \u00e9 natural, o que n\u00e3o \u00e9 natural \u00e9 permanecer neste estado. Cada um tem seu tempo para digerir certas situa\u00e7\u00f5es, mas o mercado n\u00e3o vai ficar esperando que voc\u00ea se sinta melhor, portanto, tenha as suas cartas na manga para passar rapidamente por esses per\u00edodos.<br \/>\nUma pr\u00e1tica energizante \u00e9 tirar pequenas f\u00e9rias durante o ano. Eu tenho o h\u00e1bito de fazer quatro pausas e, cada uma, de uma semana. Esta pr\u00e1tica me faz desligar e recarregar as energias, al\u00e9m disso, ter essa programa\u00e7\u00e3o definida tem um efeito psicol\u00f3gico incr\u00edvel.<br \/>\nAcreditar no seu pr\u00f3prio taco tamb\u00e9m ajuda muito, e existe uma linha muito t\u00eanue entre a autoconfian\u00e7a e a arrog\u00e2ncia, tome cuidado com isso. N\u00e3o conhe\u00e7o nenhum empreendedor de sucesso que tenha baixa autoestima, mas conhe\u00e7o muitos outros que se acham melhores em tudo e est\u00e3o no mesmo lugar h\u00e1 anos, estagnados e espantando talentos que se aproximam.<\/p>\n<p>Para finalizar, quero falar de um comportamento t\u00e3o ruim quanto o da turma do \u201cdou conta n\u00e3o\u201d: s\u00e3o os empreendedores que sofrem da s\u00edndrome do vira-lata, nada dele \u00e9 ou est\u00e1 bom. Sabe aquele cara que acha a grama do vizinho mais verde, sempre? \u00c9 dele que estamos falando. Todos \u00e0 sua volta acreditam nele, confiam em seu trabalho, menos ele. Em contato com empreendedores deste perfil \u00e9 n\u00edtido que n\u00e3o se sentem merecedores do sucesso.<\/p>\n<p>Alguns chamam estes comportamentos de cren\u00e7a limitante, mas eu chamo de autossabotagem mesmo e voc\u00ea pode chamar do que achar melhor, o que importa de verdade \u00e9 que se voc\u00ea est\u00e1 ou j\u00e1 se viu em alguma dessas situa\u00e7\u00f5es a melhor sa\u00edda \u00e9 se movimentar. Busque ajuda se necess\u00e1rio, o importante \u00e9 se mexer!<\/p>\n<p>Jean Dunkl<br \/>\n@jeandunkl<br \/>\nCEO da CPD Consultoria e da Espacio de Color, mentor em Gest\u00e3o Estrat\u00e9gica de Neg\u00f3cios, gestor da Impera e volunt\u00e1rio da Singularity University<\/p>\n","protected":false},"excerpt":{"rendered":"<p>Talvez voc\u00ea me aponte facilmente alguns nomes, mas pare um pouco para pensar em voc\u00ea: como pensa e como age no seu dia a dia e<span class=\"excerpt-hellip\"> [\u2026]<\/span><\/p>\n","protected":false},"author":4,"featured_media":0,"comment_status":"open","ping_status":"open","sticky":false,"template":"","format":"standard","meta":{"_jetpack_memberships_contains_paid_content":false,"footnotes":"","jetpack_publicize_message":"","jetpack_publicize_feature_enabled":true,"jetpack_social_post_already_shared":false,"jetpack_social_options":{"image_generator_settings":{"template":"highway","default_image_id":0,"enabled":false},"version":2}},"categories":[132],"tags":[],"class_list":["post-20059","post","type-post","status-publish","format-standard","hentry","category-artigos"],"yoast_head":"<!-- This site is optimized with the Yoast SEO plugin v25.6 - https:\/\/yoast.com\/wordpress\/plugins\/seo\/ -->\n<title>Voc\u00ea conhece algu\u00e9m que para cada solu\u00e7\u00e3o traz um problema? - VerdadeOn<\/title>\n<meta name=\"robots\" content=\"index, follow, max-snippet:-1, max-image-preview:large, max-video-preview:-1\" \/>\n<link rel=\"canonical\" href=\"https:\/\/verdadeon.com.br\/portal\/2021\/10\/02\/voce-conhece-alguem-que-para-cada-solucao-traz-um-problema\/\" \/>\n<meta property=\"og:locale\" content=\"pt_BR\" \/>\n<meta property=\"og:type\" content=\"article\" \/>\n<meta property=\"og:title\" content=\"Voc\u00ea conhece algu\u00e9m que para cada solu\u00e7\u00e3o traz um problema? - VerdadeOn\" \/>\n<meta property=\"og:description\" content=\"Talvez voc\u00ea me aponte facilmente alguns nomes, mas pare um pouco para pensar em voc\u00ea: como pensa e como age no seu dia a dia e [\u2026]\" \/>\n<meta property=\"og:url\" content=\"https:\/\/verdadeon.com.br\/portal\/2021\/10\/02\/voce-conhece-alguem-que-para-cada-solucao-traz-um-problema\/\" \/>\n<meta property=\"og:site_name\" content=\"VerdadeOn\" \/>\n<meta property=\"article:published_time\" content=\"2021-10-02T04:00:29+00:00\" \/>\n<meta name=\"author\" content=\"Fernando Calixto\" \/>\n<meta name=\"twitter:card\" content=\"summary_large_image\" \/>\n<meta name=\"twitter:label1\" content=\"Escrito por\" \/>\n\t<meta name=\"twitter:data1\" content=\"Fernando Calixto\" \/>\n\t<meta name=\"twitter:label2\" content=\"Est. tempo de leitura\" \/>\n\t<meta name=\"twitter:data2\" content=\"4 minutos\" \/>\n<script type=\"application\/ld+json\" class=\"yoast-schema-graph\">{\"@context\":\"https:\/\/schema.org\",\"@graph\":[{\"@type\":\"WebPage\",\"@id\":\"https:\/\/verdadeon.com.br\/portal\/2021\/10\/02\/voce-conhece-alguem-que-para-cada-solucao-traz-um-problema\/\",\"url\":\"https:\/\/verdadeon.com.br\/portal\/2021\/10\/02\/voce-conhece-alguem-que-para-cada-solucao-traz-um-problema\/\",\"name\":\"Voc\u00ea conhece algu\u00e9m que para cada solu\u00e7\u00e3o traz um problema? - VerdadeOn\",\"isPartOf\":{\"@id\":\"https:\/\/verdadeon.com.br\/portal\/#website\"},\"datePublished\":\"2021-10-02T04:00:29+00:00\",\"author\":{\"@id\":\"https:\/\/verdadeon.com.br\/portal\/#\/schema\/person\/8994718f49ee62ba5610471e29ca1f62\"},\"breadcrumb\":{\"@id\":\"https:\/\/verdadeon.com.br\/portal\/2021\/10\/02\/voce-conhece-alguem-que-para-cada-solucao-traz-um-problema\/#breadcrumb\"},\"inLanguage\":\"pt-BR\",\"potentialAction\":[{\"@type\":\"ReadAction\",\"target\":[\"https:\/\/verdadeon.com.br\/portal\/2021\/10\/02\/voce-conhece-alguem-que-para-cada-solucao-traz-um-problema\/\"]}]},{\"@type\":\"BreadcrumbList\",\"@id\":\"https:\/\/verdadeon.com.br\/portal\/2021\/10\/02\/voce-conhece-alguem-que-para-cada-solucao-traz-um-problema\/#breadcrumb\",\"itemListElement\":[{\"@type\":\"ListItem\",\"position\":1,\"name\":\"In\u00edcio\",\"item\":\"https:\/\/verdadeon.com.br\/portal\/\"},{\"@type\":\"ListItem\",\"position\":2,\"name\":\"Voc\u00ea conhece algu\u00e9m que para cada solu\u00e7\u00e3o traz um problema?\"}]},{\"@type\":\"WebSite\",\"@id\":\"https:\/\/verdadeon.com.br\/portal\/#website\",\"url\":\"https:\/\/verdadeon.com.br\/portal\/\",\"name\":\"VerdadeOn\",\"description\":\"Not\u00edcias di\u00e1rias sobre Franca, Regi\u00e3o, Esporte, Cultura, Cotidiano, Colunas. Cobertura nos principais eventos da cidade \u00e9 aqui - Verdadeon Franca\",\"potentialAction\":[{\"@type\":\"SearchAction\",\"target\":{\"@type\":\"EntryPoint\",\"urlTemplate\":\"https:\/\/verdadeon.com.br\/portal\/?s={search_term_string}\"},\"query-input\":{\"@type\":\"PropertyValueSpecification\",\"valueRequired\":true,\"valueName\":\"search_term_string\"}}],\"inLanguage\":\"pt-BR\"},{\"@type\":\"Person\",\"@id\":\"https:\/\/verdadeon.com.br\/portal\/#\/schema\/person\/8994718f49ee62ba5610471e29ca1f62\",\"name\":\"Fernando Calixto\",\"image\":{\"@type\":\"ImageObject\",\"inLanguage\":\"pt-BR\",\"@id\":\"https:\/\/verdadeon.com.br\/portal\/#\/schema\/person\/image\/\",\"url\":\"https:\/\/secure.gravatar.com\/avatar\/7578910c24966c0316c340f9dbd601e93ee9f9212e1033968b367af9306bd9fb?s=96&d=mm&r=g\",\"contentUrl\":\"https:\/\/secure.gravatar.com\/avatar\/7578910c24966c0316c340f9dbd601e93ee9f9212e1033968b367af9306bd9fb?s=96&d=mm&r=g\",\"caption\":\"Fernando Calixto\"},\"url\":\"https:\/\/verdadeon.com.br\/portal\/author\/fernando-calixto\/\"}]}<\/script>\n<!-- \/ Yoast SEO plugin. -->","yoast_head_json":{"title":"Voc\u00ea conhece algu\u00e9m que para cada solu\u00e7\u00e3o traz um problema? - VerdadeOn","robots":{"index":"index","follow":"follow","max-snippet":"max-snippet:-1","max-image-preview":"max-image-preview:large","max-video-preview":"max-video-preview:-1"},"canonical":"https:\/\/verdadeon.com.br\/portal\/2021\/10\/02\/voce-conhece-alguem-que-para-cada-solucao-traz-um-problema\/","og_locale":"pt_BR","og_type":"article","og_title":"Voc\u00ea conhece algu\u00e9m que para cada solu\u00e7\u00e3o traz um problema? - VerdadeOn","og_description":"Talvez voc\u00ea me aponte facilmente alguns nomes, mas pare um pouco para pensar em voc\u00ea: como pensa e como age no seu dia a dia e [\u2026]","og_url":"https:\/\/verdadeon.com.br\/portal\/2021\/10\/02\/voce-conhece-alguem-que-para-cada-solucao-traz-um-problema\/","og_site_name":"VerdadeOn","article_published_time":"2021-10-02T04:00:29+00:00","author":"Fernando Calixto","twitter_card":"summary_large_image","twitter_misc":{"Escrito por":"Fernando Calixto","Est. tempo de leitura":"4 minutos"},"schema":{"@context":"https:\/\/schema.org","@graph":[{"@type":"WebPage","@id":"https:\/\/verdadeon.com.br\/portal\/2021\/10\/02\/voce-conhece-alguem-que-para-cada-solucao-traz-um-problema\/","url":"https:\/\/verdadeon.com.br\/portal\/2021\/10\/02\/voce-conhece-alguem-que-para-cada-solucao-traz-um-problema\/","name":"Voc\u00ea conhece algu\u00e9m que para cada solu\u00e7\u00e3o traz um problema? - VerdadeOn","isPartOf":{"@id":"https:\/\/verdadeon.com.br\/portal\/#website"},"datePublished":"2021-10-02T04:00:29+00:00","author":{"@id":"https:\/\/verdadeon.com.br\/portal\/#\/schema\/person\/8994718f49ee62ba5610471e29ca1f62"},"breadcrumb":{"@id":"https:\/\/verdadeon.com.br\/portal\/2021\/10\/02\/voce-conhece-alguem-que-para-cada-solucao-traz-um-problema\/#breadcrumb"},"inLanguage":"pt-BR","potentialAction":[{"@type":"ReadAction","target":["https:\/\/verdadeon.com.br\/portal\/2021\/10\/02\/voce-conhece-alguem-que-para-cada-solucao-traz-um-problema\/"]}]},{"@type":"BreadcrumbList","@id":"https:\/\/verdadeon.com.br\/portal\/2021\/10\/02\/voce-conhece-alguem-que-para-cada-solucao-traz-um-problema\/#breadcrumb","itemListElement":[{"@type":"ListItem","position":1,"name":"In\u00edcio","item":"https:\/\/verdadeon.com.br\/portal\/"},{"@type":"ListItem","position":2,"name":"Voc\u00ea conhece algu\u00e9m que para cada solu\u00e7\u00e3o traz um problema?"}]},{"@type":"WebSite","@id":"https:\/\/verdadeon.com.br\/portal\/#website","url":"https:\/\/verdadeon.com.br\/portal\/","name":"VerdadeOn","description":"Not\u00edcias di\u00e1rias sobre Franca, Regi\u00e3o, Esporte, Cultura, Cotidiano, Colunas. Cobertura nos principais eventos da cidade \u00e9 aqui - Verdadeon Franca","potentialAction":[{"@type":"SearchAction","target":{"@type":"EntryPoint","urlTemplate":"https:\/\/verdadeon.com.br\/portal\/?s={search_term_string}"},"query-input":{"@type":"PropertyValueSpecification","valueRequired":true,"valueName":"search_term_string"}}],"inLanguage":"pt-BR"},{"@type":"Person","@id":"https:\/\/verdadeon.com.br\/portal\/#\/schema\/person\/8994718f49ee62ba5610471e29ca1f62","name":"Fernando Calixto","image":{"@type":"ImageObject","inLanguage":"pt-BR","@id":"https:\/\/verdadeon.com.br\/portal\/#\/schema\/person\/image\/","url":"https:\/\/secure.gravatar.com\/avatar\/7578910c24966c0316c340f9dbd601e93ee9f9212e1033968b367af9306bd9fb?s=96&d=mm&r=g","contentUrl":"https:\/\/secure.gravatar.com\/avatar\/7578910c24966c0316c340f9dbd601e93ee9f9212e1033968b367af9306bd9fb?s=96&d=mm&r=g","caption":"Fernando Calixto"},"url":"https:\/\/verdadeon.com.br\/portal\/author\/fernando-calixto\/"}]}},"jetpack_publicize_connections":[],"jetpack_featured_media_url":"","jetpack_sharing_enabled":true,"_links":{"self":[{"href":"https:\/\/verdadeon.com.br\/portal\/wp-json\/wp\/v2\/posts\/20059","targetHints":{"allow":["GET"]}}],"collection":[{"href":"https:\/\/verdadeon.com.br\/portal\/wp-json\/wp\/v2\/posts"}],"about":[{"href":"https:\/\/verdadeon.com.br\/portal\/wp-json\/wp\/v2\/types\/post"}],"author":[{"embeddable":true,"href":"https:\/\/verdadeon.com.br\/portal\/wp-json\/wp\/v2\/users\/4"}],"replies":[{"embeddable":true,"href":"https:\/\/verdadeon.com.br\/portal\/wp-json\/wp\/v2\/comments?post=20059"}],"version-history":[{"count":0,"href":"https:\/\/verdadeon.com.br\/portal\/wp-json\/wp\/v2\/posts\/20059\/revisions"}],"wp:attachment":[{"href":"https:\/\/verdadeon.com.br\/portal\/wp-json\/wp\/v2\/media?parent=20059"}],"wp:term":[{"taxonomy":"category","embeddable":true,"href":"https:\/\/verdadeon.com.br\/portal\/wp-json\/wp\/v2\/categories?post=20059"},{"taxonomy":"post_tag","embeddable":true,"href":"https:\/\/verdadeon.com.br\/portal\/wp-json\/wp\/v2\/tags?post=20059"}],"curies":[{"name":"wp","href":"https:\/\/api.w.org\/{rel}","templated":true}]}}