{"id":20048,"date":"2021-10-01T15:40:56","date_gmt":"2021-10-01T18:40:56","guid":{"rendered":"https:\/\/verdadeon.com.br\/portal\/?p=20048"},"modified":"2021-10-01T17:11:27","modified_gmt":"2021-10-01T20:11:27","slug":"dia-das-criancas-comerciantes-esperam-vender-ate-20-mais-neste-ano","status":"publish","type":"post","link":"https:\/\/verdadeon.com.br\/portal\/2021\/10\/01\/dia-das-criancas-comerciantes-esperam-vender-ate-20-mais-neste-ano\/","title":{"rendered":"Dia das Crian\u00e7as: comerciantes esperam vender at\u00e9 20% mais neste ano"},"content":{"rendered":"<h2>Pesquisa da Acif mostra otimismo do setor para a data. Lojistas entrevistados acreditam em investimento de at\u00e9 R$ 150 por parte dos consumidores<\/h2>\n<p><span style=\"font-weight: 400;\">O IE-Acif (Instituto de Economia da Associa\u00e7\u00e3o do Com\u00e9rcio e Ind\u00fastria de Franca) realizou, entre os dias 28 de setembro e 1\u00ba de outubro, uma pesquisa junto ao com\u00e9rcio francano para verificar a expectativa de venda para o Dia das Crian\u00e7as, comemorado no pr\u00f3ximo dia 12. Para a an\u00e1lise, foram abordadas empresas ligadas aos setores de presentes\/brinquedos, vestu\u00e1rio e cal\u00e7ados.<\/span><\/p>\n<p><span style=\"font-weight: 400;\">De acordo com a apura\u00e7\u00e3o, 94% dos entrevistados se disse otimista em rela\u00e7\u00e3o \u00e0 data, enquanto 6% alegou indiferen\u00e7a. Em rela\u00e7\u00e3o ao ano anterior, 28% espera um crescimento de at\u00e9 5% nas vendas; outros 39% acredita em um aumento entre 5% e 10%; 28% entre 10% e 20% e, por fim, 6% acredita crescer mais de 20%. Ainda de acordo com a pesquisa, a maioria projeta um investimento de at\u00e9 R$ 150 por parte dos consumidores.<\/span><\/p>\n<p><span style=\"font-weight: 400;\">\u201cO setor de Com\u00e9rcio tem se mostrado otimista, de um modo geral\u201d, afirma o economista do IE-Acif, Adnan Jebailey. \u201cPara se ter uma ideia, entre julho e agosto, foram abertas, em m\u00e9dia, 493 vagas de emprego na cidade, s\u00f3 no setor de Com\u00e9rcio. O n\u00famero \u00e9 160% maior do que o verificado na m\u00e9dia do per\u00edodo janeiro agosto, quando o saldo de empregos foi de 189 vagas\u201d, completa.<\/span><\/p>\n<p><span style=\"font-weight: 400;\">O economista acredita que o avan\u00e7o da vacina\u00e7\u00e3o contra a Covid-19 e a consequente queda na ocupa\u00e7\u00e3o dos leitos e estabilidade na abertura do com\u00e9rcio tenham contribu\u00eddo para o otimismo verificado.<\/span><\/p>\n<h2>Hor\u00e1rio especial<\/h2>\n<p><span style=\"font-weight: 400;\">O com\u00e9rcio francano ir\u00e1 funcionar em hor\u00e1rios especiais no s\u00e1bado que antecede o Dia das Crian\u00e7as e na v\u00e9spera do feriado de Nossa Senhora Aparecida, celebrado no dia 12 de outubro.<\/span><\/p>\n<p><span style=\"font-weight: 400;\">No s\u00e1bado, dia 9, as lojas ficar\u00e3o abertas at\u00e9 as 18h. Na segunda, dia 11, at\u00e9 as 20 horas. As portas estar\u00e3o fechadas na ter\u00e7a-feira do dia 12.<\/span><\/p>\n<h2>Shopping<\/h2>\n<p><span style=\"font-weight: 400;\">O Franca Shopping deu a largada para a campanha promocional do Dia das Crian\u00e7as nesta sexta-feira, dia 1\u00ba de outubro. A a\u00e7\u00e3o segue at\u00e9 dia 15 deste m\u00eas ou enquanto durarem os estoques e vai presentear o p\u00fablico com almofadas da turma dos Bolofofos.<\/span><\/p>\n<p><span style=\"font-weight: 400;\">Famosos na internet com hits como \u201cFunk do P\u00e3o de Queijo\u201d, os Bolofofos s\u00e3o em cinco personagens: Buny, a coelhinha; Rick, o le\u00e3ozinho; Sophie, a gatinha; Pow, o polvinho; e Pipi, o beb\u00ea coruja. Todos t\u00eam sua vers\u00e3o na almofada.\u00a0<\/span><\/p>\n<p><span style=\"font-weight: 400;\">Para garantir uma, basta trocar os cupons fiscais, a partir de R$ 250 em compras, no posto de troca, localizado em frente \u00e0 Kopenhagen. S\u00e3o limitadas duas unidades por CPF.\u00a0<\/span><\/p>\n<p><span style=\"font-weight: 400;\">\u00a0<\/span><\/p>\n","protected":false},"excerpt":{"rendered":"<p>Pesquisa da Acif mostra otimismo do setor para a data. Lojistas entrevistados acreditam em investimento de at\u00e9 R$ 150 por parte dos consumidores O IE-Acif (Instituto<span class=\"excerpt-hellip\"> [\u2026]<\/span><\/p>\n","protected":false},"author":3,"featured_media":20049,"comment_status":"open","ping_status":"open","sticky":false,"template":"","format":"standard","meta":{"_jetpack_memberships_contains_paid_content":false,"footnotes":"","jetpack_publicize_message":"","jetpack_publicize_feature_enabled":true,"jetpack_social_post_already_shared":false,"jetpack_social_options":{"image_generator_settings":{"template":"highway","default_image_id":0,"enabled":false},"version":2}},"categories":[28,81],"tags":[],"class_list":["post-20048","post","type-post","status-publish","format-standard","has-post-thumbnail","hentry","category-cotidiano","category-manchete"],"yoast_head":"<!-- This site is optimized with the Yoast SEO plugin v25.6 - https:\/\/yoast.com\/wordpress\/plugins\/seo\/ -->\n<title>Dia das Crian\u00e7as: comerciantes esperam vender at\u00e9 20% mais neste ano - VerdadeOn<\/title>\n<meta name=\"robots\" content=\"index, follow, max-snippet:-1, max-image-preview:large, max-video-preview:-1\" \/>\n<link rel=\"canonical\" href=\"https:\/\/verdadeon.com.br\/portal\/2021\/10\/01\/dia-das-criancas-comerciantes-esperam-vender-ate-20-mais-neste-ano\/\" \/>\n<meta property=\"og:locale\" content=\"pt_BR\" \/>\n<meta property=\"og:type\" content=\"article\" \/>\n<meta property=\"og:title\" content=\"Dia das Crian\u00e7as: comerciantes esperam vender at\u00e9 20% mais neste ano - VerdadeOn\" \/>\n<meta property=\"og:description\" content=\"Pesquisa da Acif mostra otimismo do setor para a data. Lojistas entrevistados acreditam em investimento de at\u00e9 R$ 150 por parte dos consumidores O IE-Acif (Instituto [\u2026]\" \/>\n<meta property=\"og:url\" content=\"https:\/\/verdadeon.com.br\/portal\/2021\/10\/01\/dia-das-criancas-comerciantes-esperam-vender-ate-20-mais-neste-ano\/\" \/>\n<meta property=\"og:site_name\" content=\"VerdadeOn\" \/>\n<meta property=\"article:published_time\" content=\"2021-10-01T18:40:56+00:00\" \/>\n<meta property=\"article:modified_time\" content=\"2021-10-01T20:11:27+00:00\" \/>\n<meta property=\"og:image\" content=\"https:\/\/verdadeon.com.br\/portal\/wp-content\/uploads\/2021\/10\/MOVIMENTO-COMERCIO-EM-FRANCA-LOJAS-DO-CALCADAO-DA-VOLUNTARIOS-DA-FRANCA-FOTO-FERNANDO-CALIXTO-JORNAL-VERDADE-e1633118698447.jpeg\" \/>\n\t<meta property=\"og:image:width\" content=\"1001\" \/>\n\t<meta property=\"og:image:height\" content=\"668\" \/>\n\t<meta property=\"og:image:type\" content=\"image\/jpeg\" \/>\n<meta name=\"author\" content=\"Admin\" \/>\n<meta name=\"twitter:card\" content=\"summary_large_image\" \/>\n<meta name=\"twitter:label1\" content=\"Escrito por\" \/>\n\t<meta name=\"twitter:data1\" content=\"Admin\" \/>\n\t<meta name=\"twitter:label2\" content=\"Est. tempo de leitura\" \/>\n\t<meta name=\"twitter:data2\" content=\"2 minutos\" \/>\n<script type=\"application\/ld+json\" class=\"yoast-schema-graph\">{\"@context\":\"https:\/\/schema.org\",\"@graph\":[{\"@type\":\"WebPage\",\"@id\":\"https:\/\/verdadeon.com.br\/portal\/2021\/10\/01\/dia-das-criancas-comerciantes-esperam-vender-ate-20-mais-neste-ano\/\",\"url\":\"https:\/\/verdadeon.com.br\/portal\/2021\/10\/01\/dia-das-criancas-comerciantes-esperam-vender-ate-20-mais-neste-ano\/\",\"name\":\"Dia das Crian\u00e7as: comerciantes esperam vender at\u00e9 20% mais neste ano - VerdadeOn\",\"isPartOf\":{\"@id\":\"https:\/\/verdadeon.com.br\/portal\/#website\"},\"primaryImageOfPage\":{\"@id\":\"https:\/\/verdadeon.com.br\/portal\/2021\/10\/01\/dia-das-criancas-comerciantes-esperam-vender-ate-20-mais-neste-ano\/#primaryimage\"},\"image\":{\"@id\":\"https:\/\/verdadeon.com.br\/portal\/2021\/10\/01\/dia-das-criancas-comerciantes-esperam-vender-ate-20-mais-neste-ano\/#primaryimage\"},\"thumbnailUrl\":\"https:\/\/i0.wp.com\/verdadeon.com.br\/portal\/wp-content\/uploads\/2021\/10\/MOVIMENTO-COMERCIO-EM-FRANCA-LOJAS-DO-CALCADAO-DA-VOLUNTARIOS-DA-FRANCA-FOTO-FERNANDO-CALIXTO-JORNAL-VERDADE-e1633118698447.jpeg?fit=1001%2C668&ssl=1\",\"datePublished\":\"2021-10-01T18:40:56+00:00\",\"dateModified\":\"2021-10-01T20:11:27+00:00\",\"author\":{\"@id\":\"https:\/\/verdadeon.com.br\/portal\/#\/schema\/person\/31b3f1eb559e4ce9d3c1dc1f2268a70c\"},\"breadcrumb\":{\"@id\":\"https:\/\/verdadeon.com.br\/portal\/2021\/10\/01\/dia-das-criancas-comerciantes-esperam-vender-ate-20-mais-neste-ano\/#breadcrumb\"},\"inLanguage\":\"pt-BR\",\"potentialAction\":[{\"@type\":\"ReadAction\",\"target\":[\"https:\/\/verdadeon.com.br\/portal\/2021\/10\/01\/dia-das-criancas-comerciantes-esperam-vender-ate-20-mais-neste-ano\/\"]}]},{\"@type\":\"ImageObject\",\"inLanguage\":\"pt-BR\",\"@id\":\"https:\/\/verdadeon.com.br\/portal\/2021\/10\/01\/dia-das-criancas-comerciantes-esperam-vender-ate-20-mais-neste-ano\/#primaryimage\",\"url\":\"https:\/\/i0.wp.com\/verdadeon.com.br\/portal\/wp-content\/uploads\/2021\/10\/MOVIMENTO-COMERCIO-EM-FRANCA-LOJAS-DO-CALCADAO-DA-VOLUNTARIOS-DA-FRANCA-FOTO-FERNANDO-CALIXTO-JORNAL-VERDADE-e1633118698447.jpeg?fit=1001%2C668&ssl=1\",\"contentUrl\":\"https:\/\/i0.wp.com\/verdadeon.com.br\/portal\/wp-content\/uploads\/2021\/10\/MOVIMENTO-COMERCIO-EM-FRANCA-LOJAS-DO-CALCADAO-DA-VOLUNTARIOS-DA-FRANCA-FOTO-FERNANDO-CALIXTO-JORNAL-VERDADE-e1633118698447.jpeg?fit=1001%2C668&ssl=1\",\"width\":1001,\"height\":668,\"caption\":\"A ACIF informou que as lojas adotar\u00e3o hor\u00e1rio especial de Natal, at\u00e9 22h durante a semana, a partir do dia 5 de dezembro | Foto: Fernando Calixto \/ Jornal Verdade\"},{\"@type\":\"BreadcrumbList\",\"@id\":\"https:\/\/verdadeon.com.br\/portal\/2021\/10\/01\/dia-das-criancas-comerciantes-esperam-vender-ate-20-mais-neste-ano\/#breadcrumb\",\"itemListElement\":[{\"@type\":\"ListItem\",\"position\":1,\"name\":\"In\u00edcio\",\"item\":\"https:\/\/verdadeon.com.br\/portal\/\"},{\"@type\":\"ListItem\",\"position\":2,\"name\":\"Dia das Crian\u00e7as: comerciantes esperam vender at\u00e9 20% mais neste ano\"}]},{\"@type\":\"WebSite\",\"@id\":\"https:\/\/verdadeon.com.br\/portal\/#website\",\"url\":\"https:\/\/verdadeon.com.br\/portal\/\",\"name\":\"VerdadeOn\",\"description\":\"Not\u00edcias di\u00e1rias sobre Franca, Regi\u00e3o, Esporte, Cultura, Cotidiano, Colunas. Cobertura nos principais eventos da cidade \u00e9 aqui - Verdadeon Franca\",\"potentialAction\":[{\"@type\":\"SearchAction\",\"target\":{\"@type\":\"EntryPoint\",\"urlTemplate\":\"https:\/\/verdadeon.com.br\/portal\/?s={search_term_string}\"},\"query-input\":{\"@type\":\"PropertyValueSpecification\",\"valueRequired\":true,\"valueName\":\"search_term_string\"}}],\"inLanguage\":\"pt-BR\"},{\"@type\":\"Person\",\"@id\":\"https:\/\/verdadeon.com.br\/portal\/#\/schema\/person\/31b3f1eb559e4ce9d3c1dc1f2268a70c\",\"name\":\"Admin\",\"image\":{\"@type\":\"ImageObject\",\"inLanguage\":\"pt-BR\",\"@id\":\"https:\/\/verdadeon.com.br\/portal\/#\/schema\/person\/image\/\",\"url\":\"https:\/\/secure.gravatar.com\/avatar\/e550a5b4dab3efe8ca3a8bf0fb981073a921f9a24159040707270602980dd8af?s=96&d=mm&r=g\",\"contentUrl\":\"https:\/\/secure.gravatar.com\/avatar\/e550a5b4dab3efe8ca3a8bf0fb981073a921f9a24159040707270602980dd8af?s=96&d=mm&r=g\",\"caption\":\"Admin\"},\"url\":\"https:\/\/verdadeon.com.br\/portal\/author\/admin\/\"}]}<\/script>\n<!-- \/ Yoast SEO plugin. -->","yoast_head_json":{"title":"Dia das Crian\u00e7as: comerciantes esperam vender at\u00e9 20% mais neste ano - VerdadeOn","robots":{"index":"index","follow":"follow","max-snippet":"max-snippet:-1","max-image-preview":"max-image-preview:large","max-video-preview":"max-video-preview:-1"},"canonical":"https:\/\/verdadeon.com.br\/portal\/2021\/10\/01\/dia-das-criancas-comerciantes-esperam-vender-ate-20-mais-neste-ano\/","og_locale":"pt_BR","og_type":"article","og_title":"Dia das Crian\u00e7as: comerciantes esperam vender at\u00e9 20% mais neste ano - VerdadeOn","og_description":"Pesquisa da Acif mostra otimismo do setor para a data. Lojistas entrevistados acreditam em investimento de at\u00e9 R$ 150 por parte dos consumidores O IE-Acif (Instituto [\u2026]","og_url":"https:\/\/verdadeon.com.br\/portal\/2021\/10\/01\/dia-das-criancas-comerciantes-esperam-vender-ate-20-mais-neste-ano\/","og_site_name":"VerdadeOn","article_published_time":"2021-10-01T18:40:56+00:00","article_modified_time":"2021-10-01T20:11:27+00:00","og_image":[{"width":1001,"height":668,"url":"https:\/\/verdadeon.com.br\/portal\/wp-content\/uploads\/2021\/10\/MOVIMENTO-COMERCIO-EM-FRANCA-LOJAS-DO-CALCADAO-DA-VOLUNTARIOS-DA-FRANCA-FOTO-FERNANDO-CALIXTO-JORNAL-VERDADE-e1633118698447.jpeg","type":"image\/jpeg"}],"author":"Admin","twitter_card":"summary_large_image","twitter_misc":{"Escrito por":"Admin","Est. tempo de leitura":"2 minutos"},"schema":{"@context":"https:\/\/schema.org","@graph":[{"@type":"WebPage","@id":"https:\/\/verdadeon.com.br\/portal\/2021\/10\/01\/dia-das-criancas-comerciantes-esperam-vender-ate-20-mais-neste-ano\/","url":"https:\/\/verdadeon.com.br\/portal\/2021\/10\/01\/dia-das-criancas-comerciantes-esperam-vender-ate-20-mais-neste-ano\/","name":"Dia das Crian\u00e7as: comerciantes esperam vender at\u00e9 20% mais neste ano - VerdadeOn","isPartOf":{"@id":"https:\/\/verdadeon.com.br\/portal\/#website"},"primaryImageOfPage":{"@id":"https:\/\/verdadeon.com.br\/portal\/2021\/10\/01\/dia-das-criancas-comerciantes-esperam-vender-ate-20-mais-neste-ano\/#primaryimage"},"image":{"@id":"https:\/\/verdadeon.com.br\/portal\/2021\/10\/01\/dia-das-criancas-comerciantes-esperam-vender-ate-20-mais-neste-ano\/#primaryimage"},"thumbnailUrl":"https:\/\/i0.wp.com\/verdadeon.com.br\/portal\/wp-content\/uploads\/2021\/10\/MOVIMENTO-COMERCIO-EM-FRANCA-LOJAS-DO-CALCADAO-DA-VOLUNTARIOS-DA-FRANCA-FOTO-FERNANDO-CALIXTO-JORNAL-VERDADE-e1633118698447.jpeg?fit=1001%2C668&ssl=1","datePublished":"2021-10-01T18:40:56+00:00","dateModified":"2021-10-01T20:11:27+00:00","author":{"@id":"https:\/\/verdadeon.com.br\/portal\/#\/schema\/person\/31b3f1eb559e4ce9d3c1dc1f2268a70c"},"breadcrumb":{"@id":"https:\/\/verdadeon.com.br\/portal\/2021\/10\/01\/dia-das-criancas-comerciantes-esperam-vender-ate-20-mais-neste-ano\/#breadcrumb"},"inLanguage":"pt-BR","potentialAction":[{"@type":"ReadAction","target":["https:\/\/verdadeon.com.br\/portal\/2021\/10\/01\/dia-das-criancas-comerciantes-esperam-vender-ate-20-mais-neste-ano\/"]}]},{"@type":"ImageObject","inLanguage":"pt-BR","@id":"https:\/\/verdadeon.com.br\/portal\/2021\/10\/01\/dia-das-criancas-comerciantes-esperam-vender-ate-20-mais-neste-ano\/#primaryimage","url":"https:\/\/i0.wp.com\/verdadeon.com.br\/portal\/wp-content\/uploads\/2021\/10\/MOVIMENTO-COMERCIO-EM-FRANCA-LOJAS-DO-CALCADAO-DA-VOLUNTARIOS-DA-FRANCA-FOTO-FERNANDO-CALIXTO-JORNAL-VERDADE-e1633118698447.jpeg?fit=1001%2C668&ssl=1","contentUrl":"https:\/\/i0.wp.com\/verdadeon.com.br\/portal\/wp-content\/uploads\/2021\/10\/MOVIMENTO-COMERCIO-EM-FRANCA-LOJAS-DO-CALCADAO-DA-VOLUNTARIOS-DA-FRANCA-FOTO-FERNANDO-CALIXTO-JORNAL-VERDADE-e1633118698447.jpeg?fit=1001%2C668&ssl=1","width":1001,"height":668,"caption":"A ACIF informou que as lojas adotar\u00e3o hor\u00e1rio especial de Natal, at\u00e9 22h durante a semana, a partir do dia 5 de dezembro | Foto: Fernando Calixto \/ Jornal Verdade"},{"@type":"BreadcrumbList","@id":"https:\/\/verdadeon.com.br\/portal\/2021\/10\/01\/dia-das-criancas-comerciantes-esperam-vender-ate-20-mais-neste-ano\/#breadcrumb","itemListElement":[{"@type":"ListItem","position":1,"name":"In\u00edcio","item":"https:\/\/verdadeon.com.br\/portal\/"},{"@type":"ListItem","position":2,"name":"Dia das Crian\u00e7as: comerciantes esperam vender at\u00e9 20% mais neste ano"}]},{"@type":"WebSite","@id":"https:\/\/verdadeon.com.br\/portal\/#website","url":"https:\/\/verdadeon.com.br\/portal\/","name":"VerdadeOn","description":"Not\u00edcias di\u00e1rias sobre Franca, Regi\u00e3o, Esporte, Cultura, Cotidiano, Colunas. Cobertura nos principais eventos da cidade \u00e9 aqui - Verdadeon Franca","potentialAction":[{"@type":"SearchAction","target":{"@type":"EntryPoint","urlTemplate":"https:\/\/verdadeon.com.br\/portal\/?s={search_term_string}"},"query-input":{"@type":"PropertyValueSpecification","valueRequired":true,"valueName":"search_term_string"}}],"inLanguage":"pt-BR"},{"@type":"Person","@id":"https:\/\/verdadeon.com.br\/portal\/#\/schema\/person\/31b3f1eb559e4ce9d3c1dc1f2268a70c","name":"Admin","image":{"@type":"ImageObject","inLanguage":"pt-BR","@id":"https:\/\/verdadeon.com.br\/portal\/#\/schema\/person\/image\/","url":"https:\/\/secure.gravatar.com\/avatar\/e550a5b4dab3efe8ca3a8bf0fb981073a921f9a24159040707270602980dd8af?s=96&d=mm&r=g","contentUrl":"https:\/\/secure.gravatar.com\/avatar\/e550a5b4dab3efe8ca3a8bf0fb981073a921f9a24159040707270602980dd8af?s=96&d=mm&r=g","caption":"Admin"},"url":"https:\/\/verdadeon.com.br\/portal\/author\/admin\/"}]}},"jetpack_publicize_connections":[],"jetpack_featured_media_url":"https:\/\/i0.wp.com\/verdadeon.com.br\/portal\/wp-content\/uploads\/2021\/10\/MOVIMENTO-COMERCIO-EM-FRANCA-LOJAS-DO-CALCADAO-DA-VOLUNTARIOS-DA-FRANCA-FOTO-FERNANDO-CALIXTO-JORNAL-VERDADE-e1633118698447.jpeg?fit=1001%2C668&ssl=1","jetpack_sharing_enabled":true,"_links":{"self":[{"href":"https:\/\/verdadeon.com.br\/portal\/wp-json\/wp\/v2\/posts\/20048","targetHints":{"allow":["GET"]}}],"collection":[{"href":"https:\/\/verdadeon.com.br\/portal\/wp-json\/wp\/v2\/posts"}],"about":[{"href":"https:\/\/verdadeon.com.br\/portal\/wp-json\/wp\/v2\/types\/post"}],"author":[{"embeddable":true,"href":"https:\/\/verdadeon.com.br\/portal\/wp-json\/wp\/v2\/users\/3"}],"replies":[{"embeddable":true,"href":"https:\/\/verdadeon.com.br\/portal\/wp-json\/wp\/v2\/comments?post=20048"}],"version-history":[{"count":0,"href":"https:\/\/verdadeon.com.br\/portal\/wp-json\/wp\/v2\/posts\/20048\/revisions"}],"wp:featuredmedia":[{"embeddable":true,"href":"https:\/\/verdadeon.com.br\/portal\/wp-json\/wp\/v2\/media\/20049"}],"wp:attachment":[{"href":"https:\/\/verdadeon.com.br\/portal\/wp-json\/wp\/v2\/media?parent=20048"}],"wp:term":[{"taxonomy":"category","embeddable":true,"href":"https:\/\/verdadeon.com.br\/portal\/wp-json\/wp\/v2\/categories?post=20048"},{"taxonomy":"post_tag","embeddable":true,"href":"https:\/\/verdadeon.com.br\/portal\/wp-json\/wp\/v2\/tags?post=20048"}],"curies":[{"name":"wp","href":"https:\/\/api.w.org\/{rel}","templated":true}]}}