{"id":20038,"date":"2021-09-30T18:00:23","date_gmt":"2021-09-30T21:00:23","guid":{"rendered":"https:\/\/verdadeon.com.br\/portal\/?p=20038"},"modified":"2021-09-30T19:31:50","modified_gmt":"2021-09-30T22:31:50","slug":"iansa-promove-palestras-arrecada-cabelo-para-perucas-e-faz-carreata-no-outubro-rosa","status":"publish","type":"post","link":"https:\/\/verdadeon.com.br\/portal\/2021\/09\/30\/iansa-promove-palestras-arrecada-cabelo-para-perucas-e-faz-carreata-no-outubro-rosa\/","title":{"rendered":"Iansa promove palestras, arrecada cabelo para perucas e faz carreata no Outubro Rosa"},"content":{"rendered":"<h2>Entidade oferece atendimento a pacientes com c\u00e2ncer e familiares em Franca, desde que a fundadora enfrentou o c\u00e2ncer de mama<\/h2>\n<p><strong>Nelise Luques<\/strong><\/p>\n<p><span style=\"font-weight: 400;\">A Iansa (Institui\u00e7\u00e3o de Apoio Nossa Senhora Aparecida) prepara, mais uma vez, uma programa\u00e7\u00e3o especial do Outubro Rosa, m\u00eas dedicado \u00e0 conscientiza\u00e7\u00e3o, preven\u00e7\u00e3o e detec\u00e7\u00e3o precoce do c\u00e2ncer de mama. A entidade promover\u00e1 palestras com especialistas, desfile de moda com pacientes e uma carreata.<\/span><\/p>\n<p><span style=\"font-weight: 400;\">\u201cTodo m\u00eas de outubro, a gente trabalha a\u00e7\u00f5es para falar sobre preven\u00e7\u00e3o, autoestima, sa\u00fade e beleza. Eu j\u00e1 tive c\u00e2ncer de mama, fiz tratamento de quimio e radioterapia e sei da import\u00e2ncia de encontrar esse apoio\u201d, disse Eliane Aparecida Bonine de Melo, fundadora da Iansa.<\/span><\/p>\n<p><span style=\"font-weight: 400;\">A programa\u00e7\u00e3o ser\u00e1 aberta com a 6\u00aa edi\u00e7\u00e3o do Ch\u00e1 Fraterno e Desfile Rosa com as pacientes em tratamento contra o c\u00e2ncer, dia 4 de outubro, \u00e0s 17 horas. O convite custa R$ 50.\u00a0<\/span><\/p>\n<p><span style=\"font-weight: 400;\">Ao longo do m\u00eas, haver\u00e1 tamb\u00e9m palestras presenciais. A primeira delas abordar\u00e1 o tema \u201cSolid\u00e3o: estado ou sentimento?, no dia 14, \u00e0s 19h30.<\/span><\/p>\n<p><span style=\"font-weight: 400;\">No dia 18, das 9h \u00e0s 17h, a institui\u00e7\u00e3o vai promover o Dia da Beleza, evento gratuito para doa\u00e7\u00e3o de cabelos para a oficina de confec\u00e7\u00e3o de perucas para serem doadas \u00e0s pacientes com c\u00e2ncer. A pessoa que fizer a doa\u00e7\u00e3o ter\u00e1 direito ao corte de cabelo.<\/span><\/p>\n<p><span style=\"font-weight: 400;\">A segunda palestra do Outubro Rosa da Iansa ser\u00e1 sobre \u201cO que podemos fazer para melhorar a qualidade de vida de pacientes com cuidados paliativos ou at\u00e9 mesmo cur\u00e1-los?\u201d, \u00e0s 19h30, O tema ser\u00e1 abordado pela m\u00e9dica Huang Wei Ling.<\/span><\/p>\n<p><span style=\"font-weight: 400;\">No dia 28, \u00e0s 19h30, o ciclo de palestras ser\u00e1 encerrado com um encontro para falar sobre \u201cOs 7 pilares da sa\u00fade\u201d, com Joana Ribeiro e Eduardo T\u00e3o. Todos os eventos acontecer\u00e3o na unidade II da Iansa, que fica Rua Jo\u00e3o de G\u00f3es Conrado, n\u00ba 2570, no Bairro S\u00e3o Jos\u00e9. As palestras ser\u00e3o transmitidas pelo Facebook e Instagram.<\/span><\/p>\n<p><span style=\"font-weight: 400;\">A programa\u00e7\u00e3o terminar\u00e1 com a Carreata Outubro Rosa, com sa\u00edda do Hospital do C\u00e2ncer, no dia 30, \u00e0s 9 horas. Esta a\u00e7\u00e3o contar\u00e1 com o apoio do Grupo Mulheres do Brasil e CME (Conselho da Mulher Empreendedora)\/Acif. \u201cEm 2020, por causa da pandemia, realizamos as palestras atrav\u00e9s de lives e tivemos um bom resultado, mas \u00e9 muito importante voltar ao presencial, porque permite uma intera\u00e7\u00e3o maior. Voltaremos com toda precau\u00e7\u00e3o contra a Covid-19\u201d, afirmou Eliane.<\/span><\/p>\n<h4><span style=\"font-weight: 400;\">Miss\u00e3o de vida<\/span><\/h4>\n<p><span style=\"font-weight: 400;\">A assistente social Eliane Bonine de Melo, 54, criou a Iansa, casa de apoio para pacientes com c\u00e2ncer e seus familiares, durante um dos momentos mais desafiadores de sua vida. Ela estava em tratamento contra um c\u00e2ncer de mama e precisou passar por cirurgia e sess\u00f5es de radioterapia e quimioterapia.<\/span><\/p>\n<p><span style=\"font-weight: 400;\">Eliane descobriu o tumor aos 43 anos durante consulta de rotina. Ela comentou com a m\u00e9dica que havia perdido uma tia com c\u00e2ncer de mama e a ginecologista considerou mais seguro fazer uma mamografia. O exame detectou o c\u00e2ncer no seio. \u201cNo come\u00e7o foi bem complicado, um turbilh\u00e3o de emo\u00e7\u00f5es, mas a f\u00e9 nos fortalece e Deus me mostrou que tinha um prop\u00f3sito na minha vida. Tive inspira\u00e7\u00e3o para criar a Iansa, que estava pronta exatamente quando terminei o tratamento, que durou um ano\u201d. A casa de apoio foi criada em fevereiro de 2010.<\/span><\/p>\n<p><span style=\"font-weight: 400;\">Atualmente, a entidade mant\u00e9m, com doa\u00e7\u00f5es, duas unidades em Franca e realiza em m\u00e9dia 1.500 atendimentos por m\u00eas a pessoas da pr\u00f3pria cidade e outros 30 munic\u00edpios.<\/span><\/p>\n<p><span style=\"font-weight: 400;\">Para moradores de Franca, s\u00e3o oferecidos atendimentos com psic\u00f3logo, assistente social, doados suplementos e realizados empr\u00e9stimos de camas hospitalares e cadeiras de rodas. J\u00e1 para quem vem de outras cidades, h\u00e1 hospedagem na casa (24 leitos) e s\u00e3o servidas refei\u00e7\u00f5es di\u00e1rias.<\/span><\/p>\n<p>&nbsp;<\/p>\n","protected":false},"excerpt":{"rendered":"<p>Entidade oferece atendimento a pacientes com c\u00e2ncer e familiares em Franca, desde que a fundadora enfrentou o c\u00e2ncer de mama Nelise Luques A Iansa (Institui\u00e7\u00e3o de<span class=\"excerpt-hellip\"> [\u2026]<\/span><\/p>\n","protected":false},"author":12,"featured_media":3265,"comment_status":"open","ping_status":"open","sticky":false,"template":"","format":"standard","meta":{"_jetpack_memberships_contains_paid_content":false,"footnotes":"","jetpack_publicize_message":"","jetpack_publicize_feature_enabled":true,"jetpack_social_post_already_shared":false,"jetpack_social_options":{"image_generator_settings":{"template":"highway","default_image_id":0,"enabled":false},"version":2}},"categories":[28,81],"tags":[],"class_list":["post-20038","post","type-post","status-publish","format-standard","has-post-thumbnail","hentry","category-cotidiano","category-manchete"],"yoast_head":"<!-- This site is optimized with the Yoast SEO plugin v25.6 - https:\/\/yoast.com\/wordpress\/plugins\/seo\/ -->\n<title>Iansa promove palestras, arrecada cabelo para perucas e faz carreata no Outubro Rosa - VerdadeOn<\/title>\n<meta name=\"robots\" content=\"index, follow, max-snippet:-1, max-image-preview:large, max-video-preview:-1\" \/>\n<link rel=\"canonical\" href=\"https:\/\/verdadeon.com.br\/portal\/2021\/09\/30\/iansa-promove-palestras-arrecada-cabelo-para-perucas-e-faz-carreata-no-outubro-rosa\/\" \/>\n<meta property=\"og:locale\" content=\"pt_BR\" \/>\n<meta property=\"og:type\" content=\"article\" \/>\n<meta property=\"og:title\" content=\"Iansa promove palestras, arrecada cabelo para perucas e faz carreata no Outubro Rosa - VerdadeOn\" \/>\n<meta property=\"og:description\" content=\"Entidade oferece atendimento a pacientes com c\u00e2ncer e familiares em Franca, desde que a fundadora enfrentou o c\u00e2ncer de mama Nelise Luques A Iansa (Institui\u00e7\u00e3o de [\u2026]\" \/>\n<meta property=\"og:url\" content=\"https:\/\/verdadeon.com.br\/portal\/2021\/09\/30\/iansa-promove-palestras-arrecada-cabelo-para-perucas-e-faz-carreata-no-outubro-rosa\/\" \/>\n<meta property=\"og:site_name\" content=\"VerdadeOn\" \/>\n<meta property=\"article:published_time\" content=\"2021-09-30T21:00:23+00:00\" \/>\n<meta property=\"article:modified_time\" content=\"2021-09-30T22:31:50+00:00\" \/>\n<meta property=\"og:image\" content=\"https:\/\/verdadeon.com.br\/portal\/wp-content\/uploads\/2020\/02\/Eliane-Bonini-Iansa-bate-papo-de-domingo-Foto-Lindomar-Cailton-8.jpg\" \/>\n\t<meta property=\"og:image:width\" content=\"1000\" \/>\n\t<meta property=\"og:image:height\" content=\"668\" \/>\n\t<meta property=\"og:image:type\" content=\"image\/jpeg\" \/>\n<meta name=\"author\" content=\"Nelise Luques\" \/>\n<meta name=\"twitter:card\" content=\"summary_large_image\" \/>\n<meta name=\"twitter:label1\" content=\"Escrito por\" \/>\n\t<meta name=\"twitter:data1\" content=\"Nelise Luques\" \/>\n\t<meta name=\"twitter:label2\" content=\"Est. tempo de leitura\" \/>\n\t<meta name=\"twitter:data2\" content=\"3 minutos\" \/>\n<script type=\"application\/ld+json\" class=\"yoast-schema-graph\">{\"@context\":\"https:\/\/schema.org\",\"@graph\":[{\"@type\":\"WebPage\",\"@id\":\"https:\/\/verdadeon.com.br\/portal\/2021\/09\/30\/iansa-promove-palestras-arrecada-cabelo-para-perucas-e-faz-carreata-no-outubro-rosa\/\",\"url\":\"https:\/\/verdadeon.com.br\/portal\/2021\/09\/30\/iansa-promove-palestras-arrecada-cabelo-para-perucas-e-faz-carreata-no-outubro-rosa\/\",\"name\":\"Iansa promove palestras, arrecada cabelo para perucas e faz carreata no Outubro Rosa - VerdadeOn\",\"isPartOf\":{\"@id\":\"https:\/\/verdadeon.com.br\/portal\/#website\"},\"primaryImageOfPage\":{\"@id\":\"https:\/\/verdadeon.com.br\/portal\/2021\/09\/30\/iansa-promove-palestras-arrecada-cabelo-para-perucas-e-faz-carreata-no-outubro-rosa\/#primaryimage\"},\"image\":{\"@id\":\"https:\/\/verdadeon.com.br\/portal\/2021\/09\/30\/iansa-promove-palestras-arrecada-cabelo-para-perucas-e-faz-carreata-no-outubro-rosa\/#primaryimage\"},\"thumbnailUrl\":\"https:\/\/i0.wp.com\/verdadeon.com.br\/portal\/wp-content\/uploads\/2020\/02\/Eliane-Bonini-Iansa-bate-papo-de-domingo-Foto-Lindomar-Cailton-8.jpg?fit=1000%2C668&ssl=1\",\"datePublished\":\"2021-09-30T21:00:23+00:00\",\"dateModified\":\"2021-09-30T22:31:50+00:00\",\"author\":{\"@id\":\"https:\/\/verdadeon.com.br\/portal\/#\/schema\/person\/8248726d36015c1916636fabb175d972\"},\"breadcrumb\":{\"@id\":\"https:\/\/verdadeon.com.br\/portal\/2021\/09\/30\/iansa-promove-palestras-arrecada-cabelo-para-perucas-e-faz-carreata-no-outubro-rosa\/#breadcrumb\"},\"inLanguage\":\"pt-BR\",\"potentialAction\":[{\"@type\":\"ReadAction\",\"target\":[\"https:\/\/verdadeon.com.br\/portal\/2021\/09\/30\/iansa-promove-palestras-arrecada-cabelo-para-perucas-e-faz-carreata-no-outubro-rosa\/\"]}]},{\"@type\":\"ImageObject\",\"inLanguage\":\"pt-BR\",\"@id\":\"https:\/\/verdadeon.com.br\/portal\/2021\/09\/30\/iansa-promove-palestras-arrecada-cabelo-para-perucas-e-faz-carreata-no-outubro-rosa\/#primaryimage\",\"url\":\"https:\/\/i0.wp.com\/verdadeon.com.br\/portal\/wp-content\/uploads\/2020\/02\/Eliane-Bonini-Iansa-bate-papo-de-domingo-Foto-Lindomar-Cailton-8.jpg?fit=1000%2C668&ssl=1\",\"contentUrl\":\"https:\/\/i0.wp.com\/verdadeon.com.br\/portal\/wp-content\/uploads\/2020\/02\/Eliane-Bonini-Iansa-bate-papo-de-domingo-Foto-Lindomar-Cailton-8.jpg?fit=1000%2C668&ssl=1\",\"width\":1000,\"height\":668,\"caption\":\"Eliane Bonine, fundadora da casa de apoio Iansa, convida a popula\u00e7\u00e3o para prestigiar a Festa das Na\u00e7\u00f5es | Foto: Jornal Verdade\"},{\"@type\":\"BreadcrumbList\",\"@id\":\"https:\/\/verdadeon.com.br\/portal\/2021\/09\/30\/iansa-promove-palestras-arrecada-cabelo-para-perucas-e-faz-carreata-no-outubro-rosa\/#breadcrumb\",\"itemListElement\":[{\"@type\":\"ListItem\",\"position\":1,\"name\":\"In\u00edcio\",\"item\":\"https:\/\/verdadeon.com.br\/portal\/\"},{\"@type\":\"ListItem\",\"position\":2,\"name\":\"Iansa promove palestras, arrecada cabelo para perucas e faz carreata no Outubro Rosa\"}]},{\"@type\":\"WebSite\",\"@id\":\"https:\/\/verdadeon.com.br\/portal\/#website\",\"url\":\"https:\/\/verdadeon.com.br\/portal\/\",\"name\":\"VerdadeOn\",\"description\":\"Not\u00edcias di\u00e1rias sobre Franca, Regi\u00e3o, Esporte, Cultura, Cotidiano, Colunas. Cobertura nos principais eventos da cidade \u00e9 aqui - Verdadeon Franca\",\"potentialAction\":[{\"@type\":\"SearchAction\",\"target\":{\"@type\":\"EntryPoint\",\"urlTemplate\":\"https:\/\/verdadeon.com.br\/portal\/?s={search_term_string}\"},\"query-input\":{\"@type\":\"PropertyValueSpecification\",\"valueRequired\":true,\"valueName\":\"search_term_string\"}}],\"inLanguage\":\"pt-BR\"},{\"@type\":\"Person\",\"@id\":\"https:\/\/verdadeon.com.br\/portal\/#\/schema\/person\/8248726d36015c1916636fabb175d972\",\"name\":\"Nelise Luques\",\"image\":{\"@type\":\"ImageObject\",\"inLanguage\":\"pt-BR\",\"@id\":\"https:\/\/verdadeon.com.br\/portal\/#\/schema\/person\/image\/\",\"url\":\"https:\/\/secure.gravatar.com\/avatar\/29b2a17f5bcadeb827411b66f48ac13c3e0ecaf5906c0f5745ecc5d41c24eada?s=96&d=mm&r=g\",\"contentUrl\":\"https:\/\/secure.gravatar.com\/avatar\/29b2a17f5bcadeb827411b66f48ac13c3e0ecaf5906c0f5745ecc5d41c24eada?s=96&d=mm&r=g\",\"caption\":\"Nelise Luques\"},\"url\":\"https:\/\/verdadeon.com.br\/portal\/author\/verdade\/\"}]}<\/script>\n<!-- \/ Yoast SEO plugin. -->","yoast_head_json":{"title":"Iansa promove palestras, arrecada cabelo para perucas e faz carreata no Outubro Rosa - VerdadeOn","robots":{"index":"index","follow":"follow","max-snippet":"max-snippet:-1","max-image-preview":"max-image-preview:large","max-video-preview":"max-video-preview:-1"},"canonical":"https:\/\/verdadeon.com.br\/portal\/2021\/09\/30\/iansa-promove-palestras-arrecada-cabelo-para-perucas-e-faz-carreata-no-outubro-rosa\/","og_locale":"pt_BR","og_type":"article","og_title":"Iansa promove palestras, arrecada cabelo para perucas e faz carreata no Outubro Rosa - VerdadeOn","og_description":"Entidade oferece atendimento a pacientes com c\u00e2ncer e familiares em Franca, desde que a fundadora enfrentou o c\u00e2ncer de mama Nelise Luques A Iansa (Institui\u00e7\u00e3o de [\u2026]","og_url":"https:\/\/verdadeon.com.br\/portal\/2021\/09\/30\/iansa-promove-palestras-arrecada-cabelo-para-perucas-e-faz-carreata-no-outubro-rosa\/","og_site_name":"VerdadeOn","article_published_time":"2021-09-30T21:00:23+00:00","article_modified_time":"2021-09-30T22:31:50+00:00","og_image":[{"width":1000,"height":668,"url":"https:\/\/verdadeon.com.br\/portal\/wp-content\/uploads\/2020\/02\/Eliane-Bonini-Iansa-bate-papo-de-domingo-Foto-Lindomar-Cailton-8.jpg","type":"image\/jpeg"}],"author":"Nelise Luques","twitter_card":"summary_large_image","twitter_misc":{"Escrito por":"Nelise Luques","Est. tempo de leitura":"3 minutos"},"schema":{"@context":"https:\/\/schema.org","@graph":[{"@type":"WebPage","@id":"https:\/\/verdadeon.com.br\/portal\/2021\/09\/30\/iansa-promove-palestras-arrecada-cabelo-para-perucas-e-faz-carreata-no-outubro-rosa\/","url":"https:\/\/verdadeon.com.br\/portal\/2021\/09\/30\/iansa-promove-palestras-arrecada-cabelo-para-perucas-e-faz-carreata-no-outubro-rosa\/","name":"Iansa promove palestras, arrecada cabelo para perucas e faz carreata no Outubro Rosa - VerdadeOn","isPartOf":{"@id":"https:\/\/verdadeon.com.br\/portal\/#website"},"primaryImageOfPage":{"@id":"https:\/\/verdadeon.com.br\/portal\/2021\/09\/30\/iansa-promove-palestras-arrecada-cabelo-para-perucas-e-faz-carreata-no-outubro-rosa\/#primaryimage"},"image":{"@id":"https:\/\/verdadeon.com.br\/portal\/2021\/09\/30\/iansa-promove-palestras-arrecada-cabelo-para-perucas-e-faz-carreata-no-outubro-rosa\/#primaryimage"},"thumbnailUrl":"https:\/\/i0.wp.com\/verdadeon.com.br\/portal\/wp-content\/uploads\/2020\/02\/Eliane-Bonini-Iansa-bate-papo-de-domingo-Foto-Lindomar-Cailton-8.jpg?fit=1000%2C668&ssl=1","datePublished":"2021-09-30T21:00:23+00:00","dateModified":"2021-09-30T22:31:50+00:00","author":{"@id":"https:\/\/verdadeon.com.br\/portal\/#\/schema\/person\/8248726d36015c1916636fabb175d972"},"breadcrumb":{"@id":"https:\/\/verdadeon.com.br\/portal\/2021\/09\/30\/iansa-promove-palestras-arrecada-cabelo-para-perucas-e-faz-carreata-no-outubro-rosa\/#breadcrumb"},"inLanguage":"pt-BR","potentialAction":[{"@type":"ReadAction","target":["https:\/\/verdadeon.com.br\/portal\/2021\/09\/30\/iansa-promove-palestras-arrecada-cabelo-para-perucas-e-faz-carreata-no-outubro-rosa\/"]}]},{"@type":"ImageObject","inLanguage":"pt-BR","@id":"https:\/\/verdadeon.com.br\/portal\/2021\/09\/30\/iansa-promove-palestras-arrecada-cabelo-para-perucas-e-faz-carreata-no-outubro-rosa\/#primaryimage","url":"https:\/\/i0.wp.com\/verdadeon.com.br\/portal\/wp-content\/uploads\/2020\/02\/Eliane-Bonini-Iansa-bate-papo-de-domingo-Foto-Lindomar-Cailton-8.jpg?fit=1000%2C668&ssl=1","contentUrl":"https:\/\/i0.wp.com\/verdadeon.com.br\/portal\/wp-content\/uploads\/2020\/02\/Eliane-Bonini-Iansa-bate-papo-de-domingo-Foto-Lindomar-Cailton-8.jpg?fit=1000%2C668&ssl=1","width":1000,"height":668,"caption":"Eliane Bonine, fundadora da casa de apoio Iansa, convida a popula\u00e7\u00e3o para prestigiar a Festa das Na\u00e7\u00f5es | Foto: Jornal Verdade"},{"@type":"BreadcrumbList","@id":"https:\/\/verdadeon.com.br\/portal\/2021\/09\/30\/iansa-promove-palestras-arrecada-cabelo-para-perucas-e-faz-carreata-no-outubro-rosa\/#breadcrumb","itemListElement":[{"@type":"ListItem","position":1,"name":"In\u00edcio","item":"https:\/\/verdadeon.com.br\/portal\/"},{"@type":"ListItem","position":2,"name":"Iansa promove palestras, arrecada cabelo para perucas e faz carreata no Outubro Rosa"}]},{"@type":"WebSite","@id":"https:\/\/verdadeon.com.br\/portal\/#website","url":"https:\/\/verdadeon.com.br\/portal\/","name":"VerdadeOn","description":"Not\u00edcias di\u00e1rias sobre Franca, Regi\u00e3o, Esporte, Cultura, Cotidiano, Colunas. Cobertura nos principais eventos da cidade \u00e9 aqui - Verdadeon Franca","potentialAction":[{"@type":"SearchAction","target":{"@type":"EntryPoint","urlTemplate":"https:\/\/verdadeon.com.br\/portal\/?s={search_term_string}"},"query-input":{"@type":"PropertyValueSpecification","valueRequired":true,"valueName":"search_term_string"}}],"inLanguage":"pt-BR"},{"@type":"Person","@id":"https:\/\/verdadeon.com.br\/portal\/#\/schema\/person\/8248726d36015c1916636fabb175d972","name":"Nelise Luques","image":{"@type":"ImageObject","inLanguage":"pt-BR","@id":"https:\/\/verdadeon.com.br\/portal\/#\/schema\/person\/image\/","url":"https:\/\/secure.gravatar.com\/avatar\/29b2a17f5bcadeb827411b66f48ac13c3e0ecaf5906c0f5745ecc5d41c24eada?s=96&d=mm&r=g","contentUrl":"https:\/\/secure.gravatar.com\/avatar\/29b2a17f5bcadeb827411b66f48ac13c3e0ecaf5906c0f5745ecc5d41c24eada?s=96&d=mm&r=g","caption":"Nelise Luques"},"url":"https:\/\/verdadeon.com.br\/portal\/author\/verdade\/"}]}},"jetpack_publicize_connections":[],"jetpack_featured_media_url":"https:\/\/i0.wp.com\/verdadeon.com.br\/portal\/wp-content\/uploads\/2020\/02\/Eliane-Bonini-Iansa-bate-papo-de-domingo-Foto-Lindomar-Cailton-8.jpg?fit=1000%2C668&ssl=1","jetpack_sharing_enabled":true,"_links":{"self":[{"href":"https:\/\/verdadeon.com.br\/portal\/wp-json\/wp\/v2\/posts\/20038","targetHints":{"allow":["GET"]}}],"collection":[{"href":"https:\/\/verdadeon.com.br\/portal\/wp-json\/wp\/v2\/posts"}],"about":[{"href":"https:\/\/verdadeon.com.br\/portal\/wp-json\/wp\/v2\/types\/post"}],"author":[{"embeddable":true,"href":"https:\/\/verdadeon.com.br\/portal\/wp-json\/wp\/v2\/users\/12"}],"replies":[{"embeddable":true,"href":"https:\/\/verdadeon.com.br\/portal\/wp-json\/wp\/v2\/comments?post=20038"}],"version-history":[{"count":0,"href":"https:\/\/verdadeon.com.br\/portal\/wp-json\/wp\/v2\/posts\/20038\/revisions"}],"wp:featuredmedia":[{"embeddable":true,"href":"https:\/\/verdadeon.com.br\/portal\/wp-json\/wp\/v2\/media\/3265"}],"wp:attachment":[{"href":"https:\/\/verdadeon.com.br\/portal\/wp-json\/wp\/v2\/media?parent=20038"}],"wp:term":[{"taxonomy":"category","embeddable":true,"href":"https:\/\/verdadeon.com.br\/portal\/wp-json\/wp\/v2\/categories?post=20038"},{"taxonomy":"post_tag","embeddable":true,"href":"https:\/\/verdadeon.com.br\/portal\/wp-json\/wp\/v2\/tags?post=20038"}],"curies":[{"name":"wp","href":"https:\/\/api.w.org\/{rel}","templated":true}]}}