{"id":19999,"date":"2021-09-29T17:11:11","date_gmt":"2021-09-29T20:11:11","guid":{"rendered":"https:\/\/verdadeon.com.br\/portal\/?p=19999"},"modified":"2021-09-29T17:11:11","modified_gmt":"2021-09-29T20:11:11","slug":"racionamento-continua-ate-dia-6-e-franca-segue-mais-uma-semana-sem-agua","status":"publish","type":"post","link":"https:\/\/verdadeon.com.br\/portal\/2021\/09\/29\/racionamento-continua-ate-dia-6-e-franca-segue-mais-uma-semana-sem-agua\/","title":{"rendered":"Racionamento continua at\u00e9 dia 6 e Franca segue mais uma semana sem \u00e1gua"},"content":{"rendered":"<h2>Sabesp afirma que vaz\u00e3o dos mananciais continua baixa e o consumo alto. Bairros ficam 36h sem \u00e1gua e 36h abastecidos<\/h2>\n<p><span style=\"font-weight: 400;\">A Sabesp prorrogou por mais uma semana o racionamento de \u00e1gua em Franca. Esta \u00e9 a quarta fase do plano de racionamento implantado na cidade desde o come\u00e7o deste m\u00eas e seguir\u00e1 de 30 de setembro at\u00e9 6 de outubro.<\/span><\/p>\n<p><span style=\"font-weight: 400;\">A Companhia tem afirmado que a intensa estiagem enfrentada em v\u00e1rias regi\u00f5es do Brasil, a baixa vaz\u00e3o dos mananciais e alto consumo &#8211; gerado principalmente pelo calor, fuligem e poeira.<\/span><\/p>\n<p><span style=\"font-weight: 400;\">O revezamento no abastecimento seguir\u00e1 o mesmo formato atual e cada bloco ficar\u00e1 sem \u00e1gua por 36 horas e com fornecimento por 36 horas. Segundo a Sabesp, a interrup\u00e7\u00e3o e o abastecimento acontecer\u00e3o de forma gradativa.<\/span><\/p>\n<p><span style=\"font-weight: 400;\">A Sabeps informou que todas as a\u00e7\u00f5es emergenciais permanecer\u00e3o ativas e ser\u00e3o diariamente avaliadas at\u00e9 que as condi\u00e7\u00f5es dos mananciais melhorem e n\u00e3o ofere\u00e7am risco ao sistema de abastecimento de \u00e1gua do munic\u00edpio. Por outro lado, no caso de maior criticidade, um novo arranjo poder\u00e1 ser definido.\u00a0<\/span><\/p>\n<p><span style=\"font-weight: 400;\">A Sabesp admite problemas para restabelecer o fornecimento de \u00e1gua dentro do cronograma tra\u00e7ado e coloca canais de comunica\u00e7\u00e3o \u00e0 disposi\u00e7\u00e3o dos moradores. Quem enfrentar problemas, pode acionar a Companhia pelo 0800-055-0195 ou pela Ag\u00eancia Virtual no site www.sabesp.com.br.<\/span><\/p>\n<p>&nbsp;<\/p>\n<h4><span style=\"font-weight: 400;\">Confira abaixo os bairros que comp\u00f5em os tr\u00eas blocos A, B e C e que dias haver\u00e1 a interrup\u00e7\u00e3o do fornecimento de \u00e1gua.<\/span><\/h4>\n<p><span style=\"font-weight: 400;\">BLOCO A<\/span><\/p>\n<p><span style=\"font-weight: 400;\">Adelinha, Allan Kardec, Alvorada, Ana Terra, Bom Jardim, Calif\u00f3rnia, Campestre Ouro Verde, Campestre Real, Ch\u00e1c. Ouro Verde, Chico J\u00falio, Concei\u00e7\u00e3o Leite, Condom\u00ednio Vill\u00e1gio Felicit\u00e1, Copacabana, Copacabana, Dist. Ind. Abdala Hajel, Dr. Carr\u00e3o, Esmeraldas, Europa, Exposi\u00e7\u00e3o, Florestal, Fl\u00f3rida, Guanabara, Imperador, Independ\u00eancia, Integra\u00e7\u00e3o, Jd. Bar\u00e3o, Jd. Boa Esperan\u00e7a, Jd. Maria, Jo\u00e3o Leite, Leporace 2, Luiza 1, Luiza 2, Maria Gabriela, Maria Rosa, Morada do Sol, Moreira Jr., N. Sra. F\u00e1tima, N. Sra. Gra\u00e7as, NATAL, N\u00facleo Alpha, Olivito, Onofre Jacometti, Para\u00edso, parte Aeroporto 2, parte Aeroporto 3, parte Aeroporto 4, parte alta Tropical, parte B. S\u00e3o Jos\u00e9, parte Boa Vista, parte Centro, parte Ch\u00e1c. Sto. Antonio, parte Chico J\u00falio, parte Distrito Industrial, parte Distrito Industrial, Parte do Franville, Parte do Primo Menegheti, parte Esta\u00e7\u00e3o, parte Formosa, parte Francal, parte Francano, parte Itapu\u00e3, parte Jd. Guanabara, parte Leporace 1, parte Lima, parte Maria Rosa, parte Nic\u00e1cio, parte Rec. Itamb\u00e9, parte Res. Amazonas, parte S\u00e3o Joaquim, parte Sta. Helena, parte Texeira, parte Vila Champagnat, parte Vila Flores, Peres Elias, Piemonte I, Piemonte II, Piratininga I, Piratininga II, Polo Ind. S\u00e3o Bernardo, Pq. Tr\u00eas Colinas, Progresso, Raycos, Regina Helena, Samello III, San Diego, S\u00e3o Jo\u00e3o Batista, S\u00e3o Jorge, S\u00e3o Thomaz, Sim\u00f5es, Sta. Ad\u00e9lia, Sta. Eug\u00eania, Sta. Georgina, Sta. Luzia, Sta. Maria Carmo, Sta. Tereza, Toscana, Universit\u00e1rio, Vera Cruz 1 e 2, Veredas de Franca, Vila Cel. Ant\u00f4nio Sobrinho, Vila Duque Caxias, Vila Guilherme, Vila Marta, Vila Monteiro, Vila Nova, Vila Santos Dumont, Vila T\u00f3toli, Vilage S\u00e3o Victor, Villaggio de Firenze, Villagio da Collina, Zelinda.<\/span><\/p>\n<p>&nbsp;<\/p>\n<p><span style=\"font-weight: 400;\">BLOCO B<\/span><\/p>\n<p><span style=\"font-weight: 400;\">Ab\u00edlio Nogueira, Aeroporto II, \u00c2ngela Rosa, Anita, Avia\u00e7\u00e3o, Bonsucesso, Bosque dos Angicos, Brasil\u00e2ndia, Castelo Soberano, Ch\u00e1c. Engenho Queimado, Ch\u00e1c. S\u00e3o Paulo, Ch\u00e1caras Espariado, Continental, Derm\u00ednio, Eldorado, Elimar I, Elimar II, Elisa, Engenho Queimado, Flamboyant, Franca Garden, Gramados I, Gramados II, Irineu Zanette, Jacintho Nery, Jd. S\u00e3o Paulo Hemrique, Jos\u00e9 de Carlos, Jovita de Melo, Leporace 3, L\u00edbano, Mar\u00edlia, Martins, No\u00eamia, Palermo, Palermo City, Palma, Palmeiras, Pandolfo, Panorama, parte Beth\u00e2nia, parte Bueno, parte Colina do Espraiado, Parte do Aeroporto I, parte Itapu\u00e3, parte Jd. S\u00e3o Luiz, parte Jo\u00e3o Liporoni, parte Leporace 1, parte No\u00eamia, parte Primo Meneghetti I, Parte Primo Meneghetti II, parte S\u00e3o Joaquim, parte Semin\u00e1rio, parte Sta. Helena, parte Sta. L\u00facia, parte Sta. Rita, parte Sto. Agostinho, parte Vila Izabel, Paulista, Paulistano, Paulo Archetti, Pedigoni, Pinheiro 1, Pinheiro 2, Piratininga, Polo Clube, Polo Ind. Amazonas, Portinari, Pq. Alvorada, prol Fl\u00f3rida, Prol. \u00c2ngela Rosa, prol. \u00c9den, prol. Elimar, Pulicano, Quinta D&#8217;Oeste, Rec. Felicidade, Res. J\u00falio D\u2019\u00c9lia, Res. S\u00e3o Paulo, Residencial Dourados, Rezende, Riviera, Samello IV, Santa Barb\u00e1ra, Santa Clara, S\u00e3o Francisco, S\u00e3o Gabriel, S\u00e3o Sebasti\u00e3o, S\u00e3o Vicente, Scarabucci, Sinsa\u00fade, Sta. Efig\u00eania, Sta. Em\u00edlia, Sta. Hilda, Sta. Maria, Sumar\u00e9, Tangar\u00e1, Tr\u00eas Colinas., Vera Cruz 3, Vila Aparecida, Vila Conquista, Vila H\u00edpica, Vila Real, Vila Sta. Cruz, Vit\u00f3ria R\u00e9gia, Zanette.<\/span><\/p>\n<p>&nbsp;<\/p>\n<p><span style=\"font-weight: 400;\">BLOCO C<\/span><\/p>\n<p><span style=\"font-weight: 400;\">Antonio Petr\u00e1glia, Bernardino Pucci, Boa Vista, C.H. Ot\u00e1vio Cilurzo, Campo Belo, Candeias I, Candeias II, Capim Mimoso, CDHU Pq. dos Mutantes, CDP, Cel. Antonio Jacinto Sobrinho, Centro M\u00e9dico, Chac. Vale Belo, Chacaras Belvedere Bandeirantes, Chico Neca, Cidade Nova, Conj. Hab. Imperador, Consola\u00e7\u00e3o, Dom Bosco, Dom Pedro I, Dora Maria, \u00c9dem, Esplanada Primo Meneghetti II, ETE, Flores, Formosa, Franca Shopping, Fund. Casa, Hosp Cora\u00e7\u00e3o, Ipanema, Jardim Bot\u00e2nico, Jd. Am\u00e9rica, Jd. Bet\u00e2nia, Jd. Boa Esperan\u00e7a, Jd. Bueno, Jd. Maria, Jd. Nsa. das Gra\u00e7as, Jd. Semin\u00e1rio, Jd. Sta Eug\u00eania, Marambaia, Milena, Miramontes, Miron, Moema, Monte Carlo, Monte Verde, Nic\u00e1cio, Nosso Lar, Nova Franca, Paineiras, Parati, parte alta Cambu\u00ed, parte Amazonas, parte baixa Cambu\u00ed, parte baixa Tropical 1, parte Champagnat, parte City Petr\u00f3polis, parte do Centro, parte Esta\u00e7\u00e3o, parte Francal, parte Francano, parte Francano, parte Higien\u00f3polis, parte Higien\u00f3polis, parte Lima, parte Sta. Terezinha, parte Vila Isabel, parte Vila. Totoli, Pedreira, Pinhais, Planalto, Policia Rodovi\u00e1ria, Pq. das Ac\u00e1cias, Pq. das \u00c1guas, Pq. Horto, Pq. Mirante, Prol. Antonio Petr\u00e1glia II, Rec. Cap. Heliodoro, Rec. Fortuna, Rec. Itamb\u00e9, Redentor, Regina Helena, Res. Baldassari, Res. Olavo Pinheiro, Residencial Ana Dorothea, Rodrigo Sallum, Rosel\u00e2ndia, Samel Park, Samello, Samello V (Sta. M\u00f4nica), S\u00e3o Domingos, S\u00e3o Jer\u00f4nimo, S\u00e3o Jos\u00e9, S\u00e3o Vicente, S\u00e3o Vicente de Paula, Sta. Maria do Carmo, Sta. Terezinha, Sto. Agostinho, Vila Aparecida, Vila Benelli, Vila Gosuem, Vila Molina, Vila Sto Antonio, Vila Teixeira.<\/span><\/p>\n<p>&nbsp;<\/p>\n<p><img data-recalc-dims=\"1\" loading=\"lazy\" decoding=\"async\" class=\"alignnone wp-image-20001 size-full\" src=\"https:\/\/i0.wp.com\/verdadeon.com.br\/portal\/wp-content\/uploads\/2021\/09\/WhatsApp-Image-2021-09-29-at-16.20.17.jpeg?resize=1220%2C229&#038;ssl=1\" alt=\"\" width=\"1220\" height=\"229\" srcset=\"https:\/\/i0.wp.com\/verdadeon.com.br\/portal\/wp-content\/uploads\/2021\/09\/WhatsApp-Image-2021-09-29-at-16.20.17.jpeg?w=1280&amp;ssl=1 1280w, https:\/\/i0.wp.com\/verdadeon.com.br\/portal\/wp-content\/uploads\/2021\/09\/WhatsApp-Image-2021-09-29-at-16.20.17.jpeg?resize=300%2C56&amp;ssl=1 300w, https:\/\/i0.wp.com\/verdadeon.com.br\/portal\/wp-content\/uploads\/2021\/09\/WhatsApp-Image-2021-09-29-at-16.20.17.jpeg?resize=1024%2C192&amp;ssl=1 1024w, https:\/\/i0.wp.com\/verdadeon.com.br\/portal\/wp-content\/uploads\/2021\/09\/WhatsApp-Image-2021-09-29-at-16.20.17.jpeg?resize=768%2C144&amp;ssl=1 768w, https:\/\/i0.wp.com\/verdadeon.com.br\/portal\/wp-content\/uploads\/2021\/09\/WhatsApp-Image-2021-09-29-at-16.20.17.jpeg?resize=260%2C49&amp;ssl=1 260w, https:\/\/i0.wp.com\/verdadeon.com.br\/portal\/wp-content\/uploads\/2021\/09\/WhatsApp-Image-2021-09-29-at-16.20.17.jpeg?resize=50%2C9&amp;ssl=1 50w, https:\/\/i0.wp.com\/verdadeon.com.br\/portal\/wp-content\/uploads\/2021\/09\/WhatsApp-Image-2021-09-29-at-16.20.17.jpeg?resize=150%2C28&amp;ssl=1 150w\" sizes=\"auto, (max-width: 1220px) 100vw, 1220px\" \/><\/p>\n<p>&nbsp;<\/p>\n<p><img data-recalc-dims=\"1\" loading=\"lazy\" decoding=\"async\" class=\"alignnone wp-image-20000 size-full\" src=\"https:\/\/i0.wp.com\/verdadeon.com.br\/portal\/wp-content\/uploads\/2021\/09\/WhatsApp-Image-2021-09-29-at-16.20.16.jpeg?resize=1220%2C1179&#038;ssl=1\" alt=\"\" width=\"1220\" height=\"1179\" srcset=\"https:\/\/i0.wp.com\/verdadeon.com.br\/portal\/wp-content\/uploads\/2021\/09\/WhatsApp-Image-2021-09-29-at-16.20.16.jpeg?w=1280&amp;ssl=1 1280w, https:\/\/i0.wp.com\/verdadeon.com.br\/portal\/wp-content\/uploads\/2021\/09\/WhatsApp-Image-2021-09-29-at-16.20.16.jpeg?resize=300%2C290&amp;ssl=1 300w, https:\/\/i0.wp.com\/verdadeon.com.br\/portal\/wp-content\/uploads\/2021\/09\/WhatsApp-Image-2021-09-29-at-16.20.16.jpeg?resize=1024%2C990&amp;ssl=1 1024w, https:\/\/i0.wp.com\/verdadeon.com.br\/portal\/wp-content\/uploads\/2021\/09\/WhatsApp-Image-2021-09-29-at-16.20.16.jpeg?resize=768%2C742&amp;ssl=1 768w, https:\/\/i0.wp.com\/verdadeon.com.br\/portal\/wp-content\/uploads\/2021\/09\/WhatsApp-Image-2021-09-29-at-16.20.16.jpeg?resize=151%2C146&amp;ssl=1 151w, https:\/\/i0.wp.com\/verdadeon.com.br\/portal\/wp-content\/uploads\/2021\/09\/WhatsApp-Image-2021-09-29-at-16.20.16.jpeg?resize=50%2C48&amp;ssl=1 50w, https:\/\/i0.wp.com\/verdadeon.com.br\/portal\/wp-content\/uploads\/2021\/09\/WhatsApp-Image-2021-09-29-at-16.20.16.jpeg?resize=78%2C75&amp;ssl=1 78w\" sizes=\"auto, (max-width: 1220px) 100vw, 1220px\" \/><\/p>\n","protected":false},"excerpt":{"rendered":"<p>Sabesp afirma que vaz\u00e3o dos mananciais continua baixa e o consumo alto. Bairros ficam 36h sem \u00e1gua e 36h abastecidos A Sabesp prorrogou por mais uma<span class=\"excerpt-hellip\"> [\u2026]<\/span><\/p>\n","protected":false},"author":12,"featured_media":20003,"comment_status":"open","ping_status":"open","sticky":false,"template":"","format":"standard","meta":{"_jetpack_memberships_contains_paid_content":false,"footnotes":"","jetpack_publicize_message":"","jetpack_publicize_feature_enabled":true,"jetpack_social_post_already_shared":false,"jetpack_social_options":{"image_generator_settings":{"template":"highway","default_image_id":0,"enabled":false},"version":2}},"categories":[28,81],"tags":[],"class_list":["post-19999","post","type-post","status-publish","format-standard","has-post-thumbnail","hentry","category-cotidiano","category-manchete"],"yoast_head":"<!-- This site is optimized with the Yoast SEO plugin v25.6 - https:\/\/yoast.com\/wordpress\/plugins\/seo\/ -->\n<title>Racionamento continua at\u00e9 dia 6 e Franca segue mais uma semana sem \u00e1gua - VerdadeOn<\/title>\n<meta name=\"robots\" content=\"index, follow, max-snippet:-1, max-image-preview:large, max-video-preview:-1\" \/>\n<link rel=\"canonical\" href=\"https:\/\/verdadeon.com.br\/portal\/2021\/09\/29\/racionamento-continua-ate-dia-6-e-franca-segue-mais-uma-semana-sem-agua\/\" \/>\n<meta property=\"og:locale\" content=\"pt_BR\" \/>\n<meta property=\"og:type\" content=\"article\" \/>\n<meta property=\"og:title\" content=\"Racionamento continua at\u00e9 dia 6 e Franca segue mais uma semana sem \u00e1gua - VerdadeOn\" \/>\n<meta property=\"og:description\" content=\"Sabesp afirma que vaz\u00e3o dos mananciais continua baixa e o consumo alto. Bairros ficam 36h sem \u00e1gua e 36h abastecidos A Sabesp prorrogou por mais uma [\u2026]\" \/>\n<meta property=\"og:url\" content=\"https:\/\/verdadeon.com.br\/portal\/2021\/09\/29\/racionamento-continua-ate-dia-6-e-franca-segue-mais-uma-semana-sem-agua\/\" \/>\n<meta property=\"og:site_name\" content=\"VerdadeOn\" \/>\n<meta property=\"article:published_time\" content=\"2021-09-29T20:11:11+00:00\" \/>\n<meta property=\"og:image\" content=\"https:\/\/verdadeon.com.br\/portal\/wp-content\/uploads\/2021\/09\/torneira-pinga-agua.jpg\" \/>\n\t<meta property=\"og:image:width\" content=\"1000\" \/>\n\t<meta property=\"og:image:height\" content=\"670\" \/>\n\t<meta property=\"og:image:type\" content=\"image\/jpeg\" \/>\n<meta name=\"author\" content=\"Nelise Luques\" \/>\n<meta name=\"twitter:card\" content=\"summary_large_image\" \/>\n<meta name=\"twitter:label1\" content=\"Escrito por\" \/>\n\t<meta name=\"twitter:data1\" content=\"Nelise Luques\" \/>\n\t<meta name=\"twitter:label2\" content=\"Est. tempo de leitura\" \/>\n\t<meta name=\"twitter:data2\" content=\"5 minutos\" \/>\n<script type=\"application\/ld+json\" class=\"yoast-schema-graph\">{\"@context\":\"https:\/\/schema.org\",\"@graph\":[{\"@type\":\"WebPage\",\"@id\":\"https:\/\/verdadeon.com.br\/portal\/2021\/09\/29\/racionamento-continua-ate-dia-6-e-franca-segue-mais-uma-semana-sem-agua\/\",\"url\":\"https:\/\/verdadeon.com.br\/portal\/2021\/09\/29\/racionamento-continua-ate-dia-6-e-franca-segue-mais-uma-semana-sem-agua\/\",\"name\":\"Racionamento continua at\u00e9 dia 6 e Franca segue mais uma semana sem \u00e1gua - VerdadeOn\",\"isPartOf\":{\"@id\":\"https:\/\/verdadeon.com.br\/portal\/#website\"},\"primaryImageOfPage\":{\"@id\":\"https:\/\/verdadeon.com.br\/portal\/2021\/09\/29\/racionamento-continua-ate-dia-6-e-franca-segue-mais-uma-semana-sem-agua\/#primaryimage\"},\"image\":{\"@id\":\"https:\/\/verdadeon.com.br\/portal\/2021\/09\/29\/racionamento-continua-ate-dia-6-e-franca-segue-mais-uma-semana-sem-agua\/#primaryimage\"},\"thumbnailUrl\":\"https:\/\/i0.wp.com\/verdadeon.com.br\/portal\/wp-content\/uploads\/2021\/09\/torneira-pinga-agua.jpg?fit=1000%2C670&ssl=1\",\"datePublished\":\"2021-09-29T20:11:11+00:00\",\"author\":{\"@id\":\"https:\/\/verdadeon.com.br\/portal\/#\/schema\/person\/8248726d36015c1916636fabb175d972\"},\"breadcrumb\":{\"@id\":\"https:\/\/verdadeon.com.br\/portal\/2021\/09\/29\/racionamento-continua-ate-dia-6-e-franca-segue-mais-uma-semana-sem-agua\/#breadcrumb\"},\"inLanguage\":\"pt-BR\",\"potentialAction\":[{\"@type\":\"ReadAction\",\"target\":[\"https:\/\/verdadeon.com.br\/portal\/2021\/09\/29\/racionamento-continua-ate-dia-6-e-franca-segue-mais-uma-semana-sem-agua\/\"]}]},{\"@type\":\"ImageObject\",\"inLanguage\":\"pt-BR\",\"@id\":\"https:\/\/verdadeon.com.br\/portal\/2021\/09\/29\/racionamento-continua-ate-dia-6-e-franca-segue-mais-uma-semana-sem-agua\/#primaryimage\",\"url\":\"https:\/\/i0.wp.com\/verdadeon.com.br\/portal\/wp-content\/uploads\/2021\/09\/torneira-pinga-agua.jpg?fit=1000%2C670&ssl=1\",\"contentUrl\":\"https:\/\/i0.wp.com\/verdadeon.com.br\/portal\/wp-content\/uploads\/2021\/09\/torneira-pinga-agua.jpg?fit=1000%2C670&ssl=1\",\"width\":1000,\"height\":670,\"caption\":\"Palestra sobre \u201cManeiras Acess\u00edveis de Tratamento de \u00c1gua\u201d marca abertura da Semana Ambiental em Franca\"},{\"@type\":\"BreadcrumbList\",\"@id\":\"https:\/\/verdadeon.com.br\/portal\/2021\/09\/29\/racionamento-continua-ate-dia-6-e-franca-segue-mais-uma-semana-sem-agua\/#breadcrumb\",\"itemListElement\":[{\"@type\":\"ListItem\",\"position\":1,\"name\":\"In\u00edcio\",\"item\":\"https:\/\/verdadeon.com.br\/portal\/\"},{\"@type\":\"ListItem\",\"position\":2,\"name\":\"Racionamento continua at\u00e9 dia 6 e Franca segue mais uma semana sem \u00e1gua\"}]},{\"@type\":\"WebSite\",\"@id\":\"https:\/\/verdadeon.com.br\/portal\/#website\",\"url\":\"https:\/\/verdadeon.com.br\/portal\/\",\"name\":\"VerdadeOn\",\"description\":\"Not\u00edcias di\u00e1rias sobre Franca, Regi\u00e3o, Esporte, Cultura, Cotidiano, Colunas. Cobertura nos principais eventos da cidade \u00e9 aqui - Verdadeon Franca\",\"potentialAction\":[{\"@type\":\"SearchAction\",\"target\":{\"@type\":\"EntryPoint\",\"urlTemplate\":\"https:\/\/verdadeon.com.br\/portal\/?s={search_term_string}\"},\"query-input\":{\"@type\":\"PropertyValueSpecification\",\"valueRequired\":true,\"valueName\":\"search_term_string\"}}],\"inLanguage\":\"pt-BR\"},{\"@type\":\"Person\",\"@id\":\"https:\/\/verdadeon.com.br\/portal\/#\/schema\/person\/8248726d36015c1916636fabb175d972\",\"name\":\"Nelise Luques\",\"image\":{\"@type\":\"ImageObject\",\"inLanguage\":\"pt-BR\",\"@id\":\"https:\/\/verdadeon.com.br\/portal\/#\/schema\/person\/image\/\",\"url\":\"https:\/\/secure.gravatar.com\/avatar\/29b2a17f5bcadeb827411b66f48ac13c3e0ecaf5906c0f5745ecc5d41c24eada?s=96&d=mm&r=g\",\"contentUrl\":\"https:\/\/secure.gravatar.com\/avatar\/29b2a17f5bcadeb827411b66f48ac13c3e0ecaf5906c0f5745ecc5d41c24eada?s=96&d=mm&r=g\",\"caption\":\"Nelise Luques\"},\"url\":\"https:\/\/verdadeon.com.br\/portal\/author\/verdade\/\"}]}<\/script>\n<!-- \/ Yoast SEO plugin. -->","yoast_head_json":{"title":"Racionamento continua at\u00e9 dia 6 e Franca segue mais uma semana sem \u00e1gua - VerdadeOn","robots":{"index":"index","follow":"follow","max-snippet":"max-snippet:-1","max-image-preview":"max-image-preview:large","max-video-preview":"max-video-preview:-1"},"canonical":"https:\/\/verdadeon.com.br\/portal\/2021\/09\/29\/racionamento-continua-ate-dia-6-e-franca-segue-mais-uma-semana-sem-agua\/","og_locale":"pt_BR","og_type":"article","og_title":"Racionamento continua at\u00e9 dia 6 e Franca segue mais uma semana sem \u00e1gua - VerdadeOn","og_description":"Sabesp afirma que vaz\u00e3o dos mananciais continua baixa e o consumo alto. Bairros ficam 36h sem \u00e1gua e 36h abastecidos A Sabesp prorrogou por mais uma [\u2026]","og_url":"https:\/\/verdadeon.com.br\/portal\/2021\/09\/29\/racionamento-continua-ate-dia-6-e-franca-segue-mais-uma-semana-sem-agua\/","og_site_name":"VerdadeOn","article_published_time":"2021-09-29T20:11:11+00:00","og_image":[{"width":1000,"height":670,"url":"https:\/\/verdadeon.com.br\/portal\/wp-content\/uploads\/2021\/09\/torneira-pinga-agua.jpg","type":"image\/jpeg"}],"author":"Nelise Luques","twitter_card":"summary_large_image","twitter_misc":{"Escrito por":"Nelise Luques","Est. tempo de leitura":"5 minutos"},"schema":{"@context":"https:\/\/schema.org","@graph":[{"@type":"WebPage","@id":"https:\/\/verdadeon.com.br\/portal\/2021\/09\/29\/racionamento-continua-ate-dia-6-e-franca-segue-mais-uma-semana-sem-agua\/","url":"https:\/\/verdadeon.com.br\/portal\/2021\/09\/29\/racionamento-continua-ate-dia-6-e-franca-segue-mais-uma-semana-sem-agua\/","name":"Racionamento continua at\u00e9 dia 6 e Franca segue mais uma semana sem \u00e1gua - VerdadeOn","isPartOf":{"@id":"https:\/\/verdadeon.com.br\/portal\/#website"},"primaryImageOfPage":{"@id":"https:\/\/verdadeon.com.br\/portal\/2021\/09\/29\/racionamento-continua-ate-dia-6-e-franca-segue-mais-uma-semana-sem-agua\/#primaryimage"},"image":{"@id":"https:\/\/verdadeon.com.br\/portal\/2021\/09\/29\/racionamento-continua-ate-dia-6-e-franca-segue-mais-uma-semana-sem-agua\/#primaryimage"},"thumbnailUrl":"https:\/\/i0.wp.com\/verdadeon.com.br\/portal\/wp-content\/uploads\/2021\/09\/torneira-pinga-agua.jpg?fit=1000%2C670&ssl=1","datePublished":"2021-09-29T20:11:11+00:00","author":{"@id":"https:\/\/verdadeon.com.br\/portal\/#\/schema\/person\/8248726d36015c1916636fabb175d972"},"breadcrumb":{"@id":"https:\/\/verdadeon.com.br\/portal\/2021\/09\/29\/racionamento-continua-ate-dia-6-e-franca-segue-mais-uma-semana-sem-agua\/#breadcrumb"},"inLanguage":"pt-BR","potentialAction":[{"@type":"ReadAction","target":["https:\/\/verdadeon.com.br\/portal\/2021\/09\/29\/racionamento-continua-ate-dia-6-e-franca-segue-mais-uma-semana-sem-agua\/"]}]},{"@type":"ImageObject","inLanguage":"pt-BR","@id":"https:\/\/verdadeon.com.br\/portal\/2021\/09\/29\/racionamento-continua-ate-dia-6-e-franca-segue-mais-uma-semana-sem-agua\/#primaryimage","url":"https:\/\/i0.wp.com\/verdadeon.com.br\/portal\/wp-content\/uploads\/2021\/09\/torneira-pinga-agua.jpg?fit=1000%2C670&ssl=1","contentUrl":"https:\/\/i0.wp.com\/verdadeon.com.br\/portal\/wp-content\/uploads\/2021\/09\/torneira-pinga-agua.jpg?fit=1000%2C670&ssl=1","width":1000,"height":670,"caption":"Palestra sobre \u201cManeiras Acess\u00edveis de Tratamento de \u00c1gua\u201d marca abertura da Semana Ambiental em Franca"},{"@type":"BreadcrumbList","@id":"https:\/\/verdadeon.com.br\/portal\/2021\/09\/29\/racionamento-continua-ate-dia-6-e-franca-segue-mais-uma-semana-sem-agua\/#breadcrumb","itemListElement":[{"@type":"ListItem","position":1,"name":"In\u00edcio","item":"https:\/\/verdadeon.com.br\/portal\/"},{"@type":"ListItem","position":2,"name":"Racionamento continua at\u00e9 dia 6 e Franca segue mais uma semana sem \u00e1gua"}]},{"@type":"WebSite","@id":"https:\/\/verdadeon.com.br\/portal\/#website","url":"https:\/\/verdadeon.com.br\/portal\/","name":"VerdadeOn","description":"Not\u00edcias di\u00e1rias sobre Franca, Regi\u00e3o, Esporte, Cultura, Cotidiano, Colunas. Cobertura nos principais eventos da cidade \u00e9 aqui - Verdadeon Franca","potentialAction":[{"@type":"SearchAction","target":{"@type":"EntryPoint","urlTemplate":"https:\/\/verdadeon.com.br\/portal\/?s={search_term_string}"},"query-input":{"@type":"PropertyValueSpecification","valueRequired":true,"valueName":"search_term_string"}}],"inLanguage":"pt-BR"},{"@type":"Person","@id":"https:\/\/verdadeon.com.br\/portal\/#\/schema\/person\/8248726d36015c1916636fabb175d972","name":"Nelise Luques","image":{"@type":"ImageObject","inLanguage":"pt-BR","@id":"https:\/\/verdadeon.com.br\/portal\/#\/schema\/person\/image\/","url":"https:\/\/secure.gravatar.com\/avatar\/29b2a17f5bcadeb827411b66f48ac13c3e0ecaf5906c0f5745ecc5d41c24eada?s=96&d=mm&r=g","contentUrl":"https:\/\/secure.gravatar.com\/avatar\/29b2a17f5bcadeb827411b66f48ac13c3e0ecaf5906c0f5745ecc5d41c24eada?s=96&d=mm&r=g","caption":"Nelise Luques"},"url":"https:\/\/verdadeon.com.br\/portal\/author\/verdade\/"}]}},"jetpack_publicize_connections":[],"jetpack_featured_media_url":"https:\/\/i0.wp.com\/verdadeon.com.br\/portal\/wp-content\/uploads\/2021\/09\/torneira-pinga-agua.jpg?fit=1000%2C670&ssl=1","jetpack_sharing_enabled":true,"_links":{"self":[{"href":"https:\/\/verdadeon.com.br\/portal\/wp-json\/wp\/v2\/posts\/19999","targetHints":{"allow":["GET"]}}],"collection":[{"href":"https:\/\/verdadeon.com.br\/portal\/wp-json\/wp\/v2\/posts"}],"about":[{"href":"https:\/\/verdadeon.com.br\/portal\/wp-json\/wp\/v2\/types\/post"}],"author":[{"embeddable":true,"href":"https:\/\/verdadeon.com.br\/portal\/wp-json\/wp\/v2\/users\/12"}],"replies":[{"embeddable":true,"href":"https:\/\/verdadeon.com.br\/portal\/wp-json\/wp\/v2\/comments?post=19999"}],"version-history":[{"count":0,"href":"https:\/\/verdadeon.com.br\/portal\/wp-json\/wp\/v2\/posts\/19999\/revisions"}],"wp:featuredmedia":[{"embeddable":true,"href":"https:\/\/verdadeon.com.br\/portal\/wp-json\/wp\/v2\/media\/20003"}],"wp:attachment":[{"href":"https:\/\/verdadeon.com.br\/portal\/wp-json\/wp\/v2\/media?parent=19999"}],"wp:term":[{"taxonomy":"category","embeddable":true,"href":"https:\/\/verdadeon.com.br\/portal\/wp-json\/wp\/v2\/categories?post=19999"},{"taxonomy":"post_tag","embeddable":true,"href":"https:\/\/verdadeon.com.br\/portal\/wp-json\/wp\/v2\/tags?post=19999"}],"curies":[{"name":"wp","href":"https:\/\/api.w.org\/{rel}","templated":true}]}}