{"id":19964,"date":"2021-09-28T17:19:36","date_gmt":"2021-09-28T20:19:36","guid":{"rendered":"https:\/\/verdadeon.com.br\/portal\/?p=19964"},"modified":"2021-09-28T17:18:12","modified_gmt":"2021-09-28T20:18:12","slug":"passeio-ciclistico-tera-trajeto-de-21km-nesta-quarta-feira","status":"publish","type":"post","link":"https:\/\/verdadeon.com.br\/portal\/2021\/09\/28\/passeio-ciclistico-tera-trajeto-de-21km-nesta-quarta-feira\/","title":{"rendered":"Passeio Cicl\u00edstico ter\u00e1 trajeto de 21km nesta quarta-feira"},"content":{"rendered":"<h2>Evento come\u00e7a 19h no P\u00f3li e \u00e9 aberto para todas as idades. Participantes devem usar m\u00e1scaras e equipamentos de seguran\u00e7a<\/h2>\n<p><span style=\"font-weight: 400;\">A noite desta quarta-feira, 29, ser\u00e1 de pedal nas principais avenidas de Franca. A Prefeitura e a Feac (Funda\u00e7\u00e3o para o Esporte, Arte e Cultura) promovem mais uma edi\u00e7\u00e3o do Passeio Cicl\u00edstico Noturno, que acontece toda semana, mas com trajetos diferentes.<\/span><\/p>\n<p><span style=\"font-weight: 400;\">Desta vez, os participantes ter\u00e3o como ponto de partida o Complexo Poliesportivo, a partir das 19h, e seguir\u00e3o pela rua Alfredo Tosi, passar\u00e1 ao lado da Unifran, em frente a Morada do Verde,\u00a0 Jardim Aeroporto I e passar\u00e1 pelas avenidas Em\u00edlio Paludetto, S\u00e3o Vicente e Jaime Tellini at\u00e9 a rodovia na sa\u00edda de Franca para Ibiraci, entre os Jardins Palestina e Dorotheia.<\/span><\/p>\n<p><span style=\"font-weight: 400;\">A Feac informa que, depois de passarem pela rotat\u00f3ria na sa\u00edda para Ibiraci, os participantes descer\u00e3o pela avenida Adhemar de Barros e ter\u00e3o uma parada para descanso, no cruzamento com a avenida Brasil, partindo para o percurso de retorno. O trajeto total ter\u00e1 21 quil\u00f4metros.<\/span><\/p>\n<p><span style=\"font-weight: 400;\">O evento \u00e9 aberto para qualquer idade, sendo obrigat\u00f3ria a utiliza\u00e7\u00e3o de m\u00e1scaras de prote\u00e7\u00e3o e equipamentos apropriados para garantir a seguran\u00e7a dos ciclistas.<\/span><\/p>\n<p><span style=\"font-weight: 400;\">Como nas edi\u00e7\u00f5es anteriores, o passeio, que tem reunido entre 150 e 180 pessoas por semana, contar\u00e1 com o acompanhamento da Guarda Civil Municipal e Pol\u00edcia Militar, orientando o tr\u00e2nsito em todo o percurso.\u00a0<\/span><\/p>\n<p>&nbsp;<\/p>\n","protected":false},"excerpt":{"rendered":"<p>Evento come\u00e7a 19h no P\u00f3li e \u00e9 aberto para todas as idades. Participantes devem usar m\u00e1scaras e equipamentos de seguran\u00e7a A noite desta quarta-feira, 29, ser\u00e1<span class=\"excerpt-hellip\"> [\u2026]<\/span><\/p>\n","protected":false},"author":3,"featured_media":19967,"comment_status":"open","ping_status":"open","sticky":false,"template":"","format":"standard","meta":{"_jetpack_memberships_contains_paid_content":false,"footnotes":"","jetpack_publicize_message":"","jetpack_publicize_feature_enabled":true,"jetpack_social_post_already_shared":false,"jetpack_social_options":{"image_generator_settings":{"template":"highway","default_image_id":0,"enabled":false},"version":2}},"categories":[28,44],"tags":[],"class_list":["post-19964","post","type-post","status-publish","format-standard","has-post-thumbnail","hentry","category-cotidiano","category-noticias"],"yoast_head":"<!-- This site is optimized with the Yoast SEO plugin v25.6 - https:\/\/yoast.com\/wordpress\/plugins\/seo\/ -->\n<title>Passeio Cicl\u00edstico ter\u00e1 trajeto de 21km nesta quarta-feira - VerdadeOn<\/title>\n<meta name=\"robots\" content=\"index, follow, max-snippet:-1, max-image-preview:large, max-video-preview:-1\" \/>\n<link rel=\"canonical\" href=\"https:\/\/verdadeon.com.br\/portal\/2021\/09\/28\/passeio-ciclistico-tera-trajeto-de-21km-nesta-quarta-feira\/\" \/>\n<meta property=\"og:locale\" content=\"pt_BR\" \/>\n<meta property=\"og:type\" content=\"article\" \/>\n<meta property=\"og:title\" content=\"Passeio Cicl\u00edstico ter\u00e1 trajeto de 21km nesta quarta-feira - VerdadeOn\" \/>\n<meta property=\"og:description\" content=\"Evento come\u00e7a 19h no P\u00f3li e \u00e9 aberto para todas as idades. Participantes devem usar m\u00e1scaras e equipamentos de seguran\u00e7a A noite desta quarta-feira, 29, ser\u00e1 [\u2026]\" \/>\n<meta property=\"og:url\" content=\"https:\/\/verdadeon.com.br\/portal\/2021\/09\/28\/passeio-ciclistico-tera-trajeto-de-21km-nesta-quarta-feira\/\" \/>\n<meta property=\"og:site_name\" content=\"VerdadeOn\" \/>\n<meta property=\"article:published_time\" content=\"2021-09-28T20:19:36+00:00\" \/>\n<meta property=\"og:image\" content=\"https:\/\/verdadeon.com.br\/portal\/wp-content\/uploads\/2021\/09\/PASSEIO-CICLISTICO-REALIZADO-PELA-PREFEITURA-E-FEAC-FOTO-DIVULGACAO-e1632860099752.jpeg\" \/>\n\t<meta property=\"og:image:width\" content=\"999\" \/>\n\t<meta property=\"og:image:height\" content=\"669\" \/>\n\t<meta property=\"og:image:type\" content=\"image\/jpeg\" \/>\n<meta name=\"author\" content=\"Admin\" \/>\n<meta name=\"twitter:card\" content=\"summary_large_image\" \/>\n<meta name=\"twitter:label1\" content=\"Escrito por\" \/>\n\t<meta name=\"twitter:data1\" content=\"Admin\" \/>\n\t<meta name=\"twitter:label2\" content=\"Est. tempo de leitura\" \/>\n\t<meta name=\"twitter:data2\" content=\"1 minuto\" \/>\n<script type=\"application\/ld+json\" class=\"yoast-schema-graph\">{\"@context\":\"https:\/\/schema.org\",\"@graph\":[{\"@type\":\"WebPage\",\"@id\":\"https:\/\/verdadeon.com.br\/portal\/2021\/09\/28\/passeio-ciclistico-tera-trajeto-de-21km-nesta-quarta-feira\/\",\"url\":\"https:\/\/verdadeon.com.br\/portal\/2021\/09\/28\/passeio-ciclistico-tera-trajeto-de-21km-nesta-quarta-feira\/\",\"name\":\"Passeio Cicl\u00edstico ter\u00e1 trajeto de 21km nesta quarta-feira - VerdadeOn\",\"isPartOf\":{\"@id\":\"https:\/\/verdadeon.com.br\/portal\/#website\"},\"primaryImageOfPage\":{\"@id\":\"https:\/\/verdadeon.com.br\/portal\/2021\/09\/28\/passeio-ciclistico-tera-trajeto-de-21km-nesta-quarta-feira\/#primaryimage\"},\"image\":{\"@id\":\"https:\/\/verdadeon.com.br\/portal\/2021\/09\/28\/passeio-ciclistico-tera-trajeto-de-21km-nesta-quarta-feira\/#primaryimage\"},\"thumbnailUrl\":\"https:\/\/i0.wp.com\/verdadeon.com.br\/portal\/wp-content\/uploads\/2021\/09\/PASSEIO-CICLISTICO-REALIZADO-PELA-PREFEITURA-E-FEAC-FOTO-DIVULGACAO-e1632860099752.jpeg?fit=999%2C669&ssl=1\",\"datePublished\":\"2021-09-28T20:19:36+00:00\",\"author\":{\"@id\":\"https:\/\/verdadeon.com.br\/portal\/#\/schema\/person\/31b3f1eb559e4ce9d3c1dc1f2268a70c\"},\"breadcrumb\":{\"@id\":\"https:\/\/verdadeon.com.br\/portal\/2021\/09\/28\/passeio-ciclistico-tera-trajeto-de-21km-nesta-quarta-feira\/#breadcrumb\"},\"inLanguage\":\"pt-BR\",\"potentialAction\":[{\"@type\":\"ReadAction\",\"target\":[\"https:\/\/verdadeon.com.br\/portal\/2021\/09\/28\/passeio-ciclistico-tera-trajeto-de-21km-nesta-quarta-feira\/\"]}]},{\"@type\":\"ImageObject\",\"inLanguage\":\"pt-BR\",\"@id\":\"https:\/\/verdadeon.com.br\/portal\/2021\/09\/28\/passeio-ciclistico-tera-trajeto-de-21km-nesta-quarta-feira\/#primaryimage\",\"url\":\"https:\/\/i0.wp.com\/verdadeon.com.br\/portal\/wp-content\/uploads\/2021\/09\/PASSEIO-CICLISTICO-REALIZADO-PELA-PREFEITURA-E-FEAC-FOTO-DIVULGACAO-e1632860099752.jpeg?fit=999%2C669&ssl=1\",\"contentUrl\":\"https:\/\/i0.wp.com\/verdadeon.com.br\/portal\/wp-content\/uploads\/2021\/09\/PASSEIO-CICLISTICO-REALIZADO-PELA-PREFEITURA-E-FEAC-FOTO-DIVULGACAO-e1632860099752.jpeg?fit=999%2C669&ssl=1\",\"width\":999,\"height\":669,\"caption\":\"Passeio Cicl\u00edstico Noturno volta \u00e0s ruas de Franca nesta quarta-feira, com participa\u00e7\u00e3o livre, inclusive para crian\u00e7as | Foto: Divulga\u00e7\u00e3o\"},{\"@type\":\"BreadcrumbList\",\"@id\":\"https:\/\/verdadeon.com.br\/portal\/2021\/09\/28\/passeio-ciclistico-tera-trajeto-de-21km-nesta-quarta-feira\/#breadcrumb\",\"itemListElement\":[{\"@type\":\"ListItem\",\"position\":1,\"name\":\"In\u00edcio\",\"item\":\"https:\/\/verdadeon.com.br\/portal\/\"},{\"@type\":\"ListItem\",\"position\":2,\"name\":\"Passeio Cicl\u00edstico ter\u00e1 trajeto de 21km nesta quarta-feira\"}]},{\"@type\":\"WebSite\",\"@id\":\"https:\/\/verdadeon.com.br\/portal\/#website\",\"url\":\"https:\/\/verdadeon.com.br\/portal\/\",\"name\":\"VerdadeOn\",\"description\":\"Not\u00edcias di\u00e1rias sobre Franca, Regi\u00e3o, Esporte, Cultura, Cotidiano, Colunas. Cobertura nos principais eventos da cidade \u00e9 aqui - Verdadeon Franca\",\"potentialAction\":[{\"@type\":\"SearchAction\",\"target\":{\"@type\":\"EntryPoint\",\"urlTemplate\":\"https:\/\/verdadeon.com.br\/portal\/?s={search_term_string}\"},\"query-input\":{\"@type\":\"PropertyValueSpecification\",\"valueRequired\":true,\"valueName\":\"search_term_string\"}}],\"inLanguage\":\"pt-BR\"},{\"@type\":\"Person\",\"@id\":\"https:\/\/verdadeon.com.br\/portal\/#\/schema\/person\/31b3f1eb559e4ce9d3c1dc1f2268a70c\",\"name\":\"Admin\",\"image\":{\"@type\":\"ImageObject\",\"inLanguage\":\"pt-BR\",\"@id\":\"https:\/\/verdadeon.com.br\/portal\/#\/schema\/person\/image\/\",\"url\":\"https:\/\/secure.gravatar.com\/avatar\/e550a5b4dab3efe8ca3a8bf0fb981073a921f9a24159040707270602980dd8af?s=96&d=mm&r=g\",\"contentUrl\":\"https:\/\/secure.gravatar.com\/avatar\/e550a5b4dab3efe8ca3a8bf0fb981073a921f9a24159040707270602980dd8af?s=96&d=mm&r=g\",\"caption\":\"Admin\"},\"url\":\"https:\/\/verdadeon.com.br\/portal\/author\/admin\/\"}]}<\/script>\n<!-- \/ Yoast SEO plugin. -->","yoast_head_json":{"title":"Passeio Cicl\u00edstico ter\u00e1 trajeto de 21km nesta quarta-feira - VerdadeOn","robots":{"index":"index","follow":"follow","max-snippet":"max-snippet:-1","max-image-preview":"max-image-preview:large","max-video-preview":"max-video-preview:-1"},"canonical":"https:\/\/verdadeon.com.br\/portal\/2021\/09\/28\/passeio-ciclistico-tera-trajeto-de-21km-nesta-quarta-feira\/","og_locale":"pt_BR","og_type":"article","og_title":"Passeio Cicl\u00edstico ter\u00e1 trajeto de 21km nesta quarta-feira - VerdadeOn","og_description":"Evento come\u00e7a 19h no P\u00f3li e \u00e9 aberto para todas as idades. Participantes devem usar m\u00e1scaras e equipamentos de seguran\u00e7a A noite desta quarta-feira, 29, ser\u00e1 [\u2026]","og_url":"https:\/\/verdadeon.com.br\/portal\/2021\/09\/28\/passeio-ciclistico-tera-trajeto-de-21km-nesta-quarta-feira\/","og_site_name":"VerdadeOn","article_published_time":"2021-09-28T20:19:36+00:00","og_image":[{"width":999,"height":669,"url":"https:\/\/verdadeon.com.br\/portal\/wp-content\/uploads\/2021\/09\/PASSEIO-CICLISTICO-REALIZADO-PELA-PREFEITURA-E-FEAC-FOTO-DIVULGACAO-e1632860099752.jpeg","type":"image\/jpeg"}],"author":"Admin","twitter_card":"summary_large_image","twitter_misc":{"Escrito por":"Admin","Est. tempo de leitura":"1 minuto"},"schema":{"@context":"https:\/\/schema.org","@graph":[{"@type":"WebPage","@id":"https:\/\/verdadeon.com.br\/portal\/2021\/09\/28\/passeio-ciclistico-tera-trajeto-de-21km-nesta-quarta-feira\/","url":"https:\/\/verdadeon.com.br\/portal\/2021\/09\/28\/passeio-ciclistico-tera-trajeto-de-21km-nesta-quarta-feira\/","name":"Passeio Cicl\u00edstico ter\u00e1 trajeto de 21km nesta quarta-feira - VerdadeOn","isPartOf":{"@id":"https:\/\/verdadeon.com.br\/portal\/#website"},"primaryImageOfPage":{"@id":"https:\/\/verdadeon.com.br\/portal\/2021\/09\/28\/passeio-ciclistico-tera-trajeto-de-21km-nesta-quarta-feira\/#primaryimage"},"image":{"@id":"https:\/\/verdadeon.com.br\/portal\/2021\/09\/28\/passeio-ciclistico-tera-trajeto-de-21km-nesta-quarta-feira\/#primaryimage"},"thumbnailUrl":"https:\/\/i0.wp.com\/verdadeon.com.br\/portal\/wp-content\/uploads\/2021\/09\/PASSEIO-CICLISTICO-REALIZADO-PELA-PREFEITURA-E-FEAC-FOTO-DIVULGACAO-e1632860099752.jpeg?fit=999%2C669&ssl=1","datePublished":"2021-09-28T20:19:36+00:00","author":{"@id":"https:\/\/verdadeon.com.br\/portal\/#\/schema\/person\/31b3f1eb559e4ce9d3c1dc1f2268a70c"},"breadcrumb":{"@id":"https:\/\/verdadeon.com.br\/portal\/2021\/09\/28\/passeio-ciclistico-tera-trajeto-de-21km-nesta-quarta-feira\/#breadcrumb"},"inLanguage":"pt-BR","potentialAction":[{"@type":"ReadAction","target":["https:\/\/verdadeon.com.br\/portal\/2021\/09\/28\/passeio-ciclistico-tera-trajeto-de-21km-nesta-quarta-feira\/"]}]},{"@type":"ImageObject","inLanguage":"pt-BR","@id":"https:\/\/verdadeon.com.br\/portal\/2021\/09\/28\/passeio-ciclistico-tera-trajeto-de-21km-nesta-quarta-feira\/#primaryimage","url":"https:\/\/i0.wp.com\/verdadeon.com.br\/portal\/wp-content\/uploads\/2021\/09\/PASSEIO-CICLISTICO-REALIZADO-PELA-PREFEITURA-E-FEAC-FOTO-DIVULGACAO-e1632860099752.jpeg?fit=999%2C669&ssl=1","contentUrl":"https:\/\/i0.wp.com\/verdadeon.com.br\/portal\/wp-content\/uploads\/2021\/09\/PASSEIO-CICLISTICO-REALIZADO-PELA-PREFEITURA-E-FEAC-FOTO-DIVULGACAO-e1632860099752.jpeg?fit=999%2C669&ssl=1","width":999,"height":669,"caption":"Passeio Cicl\u00edstico Noturno volta \u00e0s ruas de Franca nesta quarta-feira, com participa\u00e7\u00e3o livre, inclusive para crian\u00e7as | Foto: Divulga\u00e7\u00e3o"},{"@type":"BreadcrumbList","@id":"https:\/\/verdadeon.com.br\/portal\/2021\/09\/28\/passeio-ciclistico-tera-trajeto-de-21km-nesta-quarta-feira\/#breadcrumb","itemListElement":[{"@type":"ListItem","position":1,"name":"In\u00edcio","item":"https:\/\/verdadeon.com.br\/portal\/"},{"@type":"ListItem","position":2,"name":"Passeio Cicl\u00edstico ter\u00e1 trajeto de 21km nesta quarta-feira"}]},{"@type":"WebSite","@id":"https:\/\/verdadeon.com.br\/portal\/#website","url":"https:\/\/verdadeon.com.br\/portal\/","name":"VerdadeOn","description":"Not\u00edcias di\u00e1rias sobre Franca, Regi\u00e3o, Esporte, Cultura, Cotidiano, Colunas. Cobertura nos principais eventos da cidade \u00e9 aqui - Verdadeon Franca","potentialAction":[{"@type":"SearchAction","target":{"@type":"EntryPoint","urlTemplate":"https:\/\/verdadeon.com.br\/portal\/?s={search_term_string}"},"query-input":{"@type":"PropertyValueSpecification","valueRequired":true,"valueName":"search_term_string"}}],"inLanguage":"pt-BR"},{"@type":"Person","@id":"https:\/\/verdadeon.com.br\/portal\/#\/schema\/person\/31b3f1eb559e4ce9d3c1dc1f2268a70c","name":"Admin","image":{"@type":"ImageObject","inLanguage":"pt-BR","@id":"https:\/\/verdadeon.com.br\/portal\/#\/schema\/person\/image\/","url":"https:\/\/secure.gravatar.com\/avatar\/e550a5b4dab3efe8ca3a8bf0fb981073a921f9a24159040707270602980dd8af?s=96&d=mm&r=g","contentUrl":"https:\/\/secure.gravatar.com\/avatar\/e550a5b4dab3efe8ca3a8bf0fb981073a921f9a24159040707270602980dd8af?s=96&d=mm&r=g","caption":"Admin"},"url":"https:\/\/verdadeon.com.br\/portal\/author\/admin\/"}]}},"jetpack_publicize_connections":[],"jetpack_featured_media_url":"https:\/\/i0.wp.com\/verdadeon.com.br\/portal\/wp-content\/uploads\/2021\/09\/PASSEIO-CICLISTICO-REALIZADO-PELA-PREFEITURA-E-FEAC-FOTO-DIVULGACAO-e1632860099752.jpeg?fit=999%2C669&ssl=1","jetpack_sharing_enabled":true,"_links":{"self":[{"href":"https:\/\/verdadeon.com.br\/portal\/wp-json\/wp\/v2\/posts\/19964","targetHints":{"allow":["GET"]}}],"collection":[{"href":"https:\/\/verdadeon.com.br\/portal\/wp-json\/wp\/v2\/posts"}],"about":[{"href":"https:\/\/verdadeon.com.br\/portal\/wp-json\/wp\/v2\/types\/post"}],"author":[{"embeddable":true,"href":"https:\/\/verdadeon.com.br\/portal\/wp-json\/wp\/v2\/users\/3"}],"replies":[{"embeddable":true,"href":"https:\/\/verdadeon.com.br\/portal\/wp-json\/wp\/v2\/comments?post=19964"}],"version-history":[{"count":0,"href":"https:\/\/verdadeon.com.br\/portal\/wp-json\/wp\/v2\/posts\/19964\/revisions"}],"wp:featuredmedia":[{"embeddable":true,"href":"https:\/\/verdadeon.com.br\/portal\/wp-json\/wp\/v2\/media\/19967"}],"wp:attachment":[{"href":"https:\/\/verdadeon.com.br\/portal\/wp-json\/wp\/v2\/media?parent=19964"}],"wp:term":[{"taxonomy":"category","embeddable":true,"href":"https:\/\/verdadeon.com.br\/portal\/wp-json\/wp\/v2\/categories?post=19964"},{"taxonomy":"post_tag","embeddable":true,"href":"https:\/\/verdadeon.com.br\/portal\/wp-json\/wp\/v2\/tags?post=19964"}],"curies":[{"name":"wp","href":"https:\/\/api.w.org\/{rel}","templated":true}]}}