{"id":19958,"date":"2021-09-28T16:40:38","date_gmt":"2021-09-28T19:40:38","guid":{"rendered":"https:\/\/verdadeon.com.br\/portal\/?p=19958"},"modified":"2021-09-28T16:38:47","modified_gmt":"2021-09-28T19:38:47","slug":"acif-atualiza-estatuto-e-convoca-associados-para-validar-mudancas-em-assembleia","status":"publish","type":"post","link":"https:\/\/verdadeon.com.br\/portal\/2021\/09\/28\/acif-atualiza-estatuto-e-convoca-associados-para-validar-mudancas-em-assembleia\/","title":{"rendered":"Acif atualiza estatuto e convoca associados para validar mudan\u00e7as em assembleia"},"content":{"rendered":"<h2>Assembleia acontece nesta quarta-feira, 29, com quatro locais de vota\u00e7\u00e3o; todo associado deve comparecer<\/h2>\n<p>&nbsp;<\/p>\n<p><span style=\"font-weight: 400;\">A Acif (Associa\u00e7\u00e3o do Com\u00e9rcio e Ind\u00fastria de Franca) realizar\u00e1, nesta quarta-feira, 29, uma assembleia geral extraordin\u00e1ria para que seus associados possam deliberar sobre a atualiza\u00e7\u00e3o do estatuto social da entidade. Intacto h\u00e1 quase 20 anos, o regulamento precisa passar por um processo de moderniza\u00e7\u00e3o, como explica o presidente da Acif, Tarciso B\u00f4tto.<\/span><\/p>\n<p><span style=\"font-weight: 400;\">\u201cA \u00faltima atualiza\u00e7\u00e3o do estatuto foi feita em 2004 e, durante este per\u00edodo, passamos por evolu\u00e7\u00f5es no mercado\u201d, diz. \u201cAl\u00e9m disso, devemos alinhar nosso estatuto \u00e0s novas legisla\u00e7\u00f5es e \u00e0s pr\u00e1ticas de governan\u00e7a vigentes para que haja mais seguran\u00e7a para a entidade, para o associado, e para que possamos garantir a perenidade da Acif. A participa\u00e7\u00e3o do associado neste 29 de setembro \u00e9 de suma import\u00e2ncia.\u201d<\/span><\/p>\n<p><span style=\"font-weight: 400;\">Uma das principais mudan\u00e7as diz respeito ao modelo de gest\u00e3o da entidade, que deve passar a operar por meio da cria\u00e7\u00e3o de um Conselho de Administra\u00e7\u00e3o em lugar da Diretoria Administrativa, como acontece atualmente. \u201cMuda-se a nomenclatura, certas atribui\u00e7\u00f5es, mas, o principal, \u00e9 que as decis\u00f5es passam a ser colegiadas, de forma menos centralizadora na figura do presidente\u201d, afirma B\u00f4tto.<\/span><\/p>\n<p><span style=\"font-weight: 400;\">Ainda de acordo com o presidente, as altera\u00e7\u00f5es s\u00e3o objeto de estudo h\u00e1 4 anos, quando foi contratada uma empresa especializada em governan\u00e7a corporativa, que iniciou o processo de diagn\u00f3stico e planejamento na associa\u00e7\u00e3o. \u201cO que vamos apresentar na assembleia \u00e9 fruto deste trabalho, que contou com a participa\u00e7\u00e3o ativa de associados, conselheiros e colaboradores da Acif\u201d, conta. \u201cAs mudan\u00e7as foram validadas pelo Departamento Jur\u00eddico da entidade e est\u00e3o em conformidade com a legisla\u00e7\u00e3o\u201d.<\/span><\/p>\n<p><span style=\"font-weight: 400;\">Sobre a assembleia<\/span><\/p>\n<p><span style=\"font-weight: 400;\">A assembleia acontecer\u00e1 no dia 29 de setembro e a participa\u00e7\u00e3o ativa do associado \u00e9 muito importante. Os empres\u00e1rios, representando a sua empresa, dever\u00e3o se dirigir a um dos quatro pontos de coleta de assinatura para registrar sua presen\u00e7a e votar em rela\u00e7\u00e3o ao novo estatuto. Cada empresa associada tem direito a um voto.<\/span><\/p>\n<p><span style=\"font-weight: 400;\">E em comemora\u00e7\u00e3o ao m\u00eas de anivers\u00e1rio da Acif, todos os associados que comparecerem aos postos ser\u00e3o presenteados com uma caneca\/copo da Acif customizada com \u00edcones de Franca.<\/span><\/p>\n<p><span style=\"font-weight: 400;\">\u00c9 v\u00e1lido informar que os associados da Acif receber\u00e3o em seus endere\u00e7os comerciais o convite para a assembleia geral, bem como um link para que possam verificar as altera\u00e7\u00f5es propostas pelo novo estatuto: <\/span><a href=\"http:\/\/acifranca.com.br\/SITE\/conteudo\/novo-estatuto-social-acif.html\"><span style=\"font-weight: 400;\">http:\/\/www.acifranca.com.br\/SITE\/conteudo\/novo-estatuto-social-acif.html<\/span><\/a><span style=\"font-weight: 400;\">.<\/span><\/p>\n<p>&nbsp;<\/p>\n<p><span style=\"font-weight: 400;\">Os pontos de coleta de assinaturas estar\u00e3o estabelecidos nos endere\u00e7os e per\u00edodos a seguir:<\/span><\/p>\n<p><span style=\"font-weight: 400;\">*Estacionamento do Franca Shopping &#8211; Av. Rio Negro, 1.100 &#8211; das 7h \u00e0s 21h.<\/span><span style=\"font-weight: 400;\"><br \/>\n<\/span><span style=\"font-weight: 400;\">*Estacionamento do Sicoob Cred-ACIF &#8211; Av. Brasil, 1.093 &#8211; das 7h \u00e0s 18h.<\/span><span style=\"font-weight: 400;\"><br \/>\n<\/span><span style=\"font-weight: 400;\">*Pra\u00e7a Nossa Senhora da Concei\u00e7\u00e3o &#8211; R. Monsenhor Rosa, altura do n\u00famero 450 \u2013 Centro (ao lado da fonte luminosa) \u2013 das 7h \u00e0s 18h.<\/span><span style=\"font-weight: 400;\"><br \/>\n<\/span><span style=\"font-weight: 400;\">*Defronte \u00e0 Cetesb &#8211; Avenida Dr. Fl\u00e1vio Rocha, na altura do n\u00famero 4.551 &#8211; das 7h \u00e0s 18h.<\/span><\/p>\n<p>&nbsp;<\/p>\n","protected":false},"excerpt":{"rendered":"<p>Assembleia acontece nesta quarta-feira, 29, com quatro locais de vota\u00e7\u00e3o; todo associado deve comparecer &nbsp; A Acif (Associa\u00e7\u00e3o do Com\u00e9rcio e Ind\u00fastria de Franca) realizar\u00e1, nesta<span class=\"excerpt-hellip\"> [\u2026]<\/span><\/p>\n","protected":false},"author":3,"featured_media":11239,"comment_status":"open","ping_status":"open","sticky":false,"template":"","format":"standard","meta":{"_jetpack_memberships_contains_paid_content":false,"footnotes":"","jetpack_publicize_message":"","jetpack_publicize_feature_enabled":true,"jetpack_social_post_already_shared":false,"jetpack_social_options":{"image_generator_settings":{"template":"highway","default_image_id":0,"enabled":false},"version":2}},"categories":[28,44],"tags":[],"class_list":["post-19958","post","type-post","status-publish","format-standard","has-post-thumbnail","hentry","category-cotidiano","category-noticias"],"yoast_head":"<!-- This site is optimized with the Yoast SEO plugin v25.6 - https:\/\/yoast.com\/wordpress\/plugins\/seo\/ -->\n<title>Acif atualiza estatuto e convoca associados para validar mudan\u00e7as em assembleia - VerdadeOn<\/title>\n<meta name=\"robots\" content=\"index, follow, max-snippet:-1, max-image-preview:large, max-video-preview:-1\" \/>\n<link rel=\"canonical\" href=\"https:\/\/verdadeon.com.br\/portal\/2021\/09\/28\/acif-atualiza-estatuto-e-convoca-associados-para-validar-mudancas-em-assembleia\/\" \/>\n<meta property=\"og:locale\" content=\"pt_BR\" \/>\n<meta property=\"og:type\" content=\"article\" \/>\n<meta property=\"og:title\" content=\"Acif atualiza estatuto e convoca associados para validar mudan\u00e7as em assembleia - VerdadeOn\" \/>\n<meta property=\"og:description\" content=\"Assembleia acontece nesta quarta-feira, 29, com quatro locais de vota\u00e7\u00e3o; todo associado deve comparecer &nbsp; A Acif (Associa\u00e7\u00e3o do Com\u00e9rcio e Ind\u00fastria de Franca) realizar\u00e1, nesta [\u2026]\" \/>\n<meta property=\"og:url\" content=\"https:\/\/verdadeon.com.br\/portal\/2021\/09\/28\/acif-atualiza-estatuto-e-convoca-associados-para-validar-mudancas-em-assembleia\/\" \/>\n<meta property=\"og:site_name\" content=\"VerdadeOn\" \/>\n<meta property=\"article:published_time\" content=\"2021-09-28T19:40:38+00:00\" \/>\n<meta property=\"og:image\" content=\"https:\/\/verdadeon.com.br\/portal\/wp-content\/uploads\/2020\/10\/20-09-2019-wil-ACIF-Retratos-3240.jpg\" \/>\n\t<meta property=\"og:image:width\" content=\"1000\" \/>\n\t<meta property=\"og:image:height\" content=\"670\" \/>\n\t<meta property=\"og:image:type\" content=\"image\/jpeg\" \/>\n<meta name=\"author\" content=\"Admin\" \/>\n<meta name=\"twitter:card\" content=\"summary_large_image\" \/>\n<meta name=\"twitter:label1\" content=\"Escrito por\" \/>\n\t<meta name=\"twitter:data1\" content=\"Admin\" \/>\n\t<meta name=\"twitter:label2\" content=\"Est. tempo de leitura\" \/>\n\t<meta name=\"twitter:data2\" content=\"3 minutos\" \/>\n<script type=\"application\/ld+json\" class=\"yoast-schema-graph\">{\"@context\":\"https:\/\/schema.org\",\"@graph\":[{\"@type\":\"WebPage\",\"@id\":\"https:\/\/verdadeon.com.br\/portal\/2021\/09\/28\/acif-atualiza-estatuto-e-convoca-associados-para-validar-mudancas-em-assembleia\/\",\"url\":\"https:\/\/verdadeon.com.br\/portal\/2021\/09\/28\/acif-atualiza-estatuto-e-convoca-associados-para-validar-mudancas-em-assembleia\/\",\"name\":\"Acif atualiza estatuto e convoca associados para validar mudan\u00e7as em assembleia - VerdadeOn\",\"isPartOf\":{\"@id\":\"https:\/\/verdadeon.com.br\/portal\/#website\"},\"primaryImageOfPage\":{\"@id\":\"https:\/\/verdadeon.com.br\/portal\/2021\/09\/28\/acif-atualiza-estatuto-e-convoca-associados-para-validar-mudancas-em-assembleia\/#primaryimage\"},\"image\":{\"@id\":\"https:\/\/verdadeon.com.br\/portal\/2021\/09\/28\/acif-atualiza-estatuto-e-convoca-associados-para-validar-mudancas-em-assembleia\/#primaryimage\"},\"thumbnailUrl\":\"https:\/\/i0.wp.com\/verdadeon.com.br\/portal\/wp-content\/uploads\/2020\/10\/20-09-2019-wil-ACIF-Retratos-3240.jpg?fit=1000%2C670&ssl=1\",\"datePublished\":\"2021-09-28T19:40:38+00:00\",\"author\":{\"@id\":\"https:\/\/verdadeon.com.br\/portal\/#\/schema\/person\/31b3f1eb559e4ce9d3c1dc1f2268a70c\"},\"breadcrumb\":{\"@id\":\"https:\/\/verdadeon.com.br\/portal\/2021\/09\/28\/acif-atualiza-estatuto-e-convoca-associados-para-validar-mudancas-em-assembleia\/#breadcrumb\"},\"inLanguage\":\"pt-BR\",\"potentialAction\":[{\"@type\":\"ReadAction\",\"target\":[\"https:\/\/verdadeon.com.br\/portal\/2021\/09\/28\/acif-atualiza-estatuto-e-convoca-associados-para-validar-mudancas-em-assembleia\/\"]}]},{\"@type\":\"ImageObject\",\"inLanguage\":\"pt-BR\",\"@id\":\"https:\/\/verdadeon.com.br\/portal\/2021\/09\/28\/acif-atualiza-estatuto-e-convoca-associados-para-validar-mudancas-em-assembleia\/#primaryimage\",\"url\":\"https:\/\/i0.wp.com\/verdadeon.com.br\/portal\/wp-content\/uploads\/2020\/10\/20-09-2019-wil-ACIF-Retratos-3240.jpg?fit=1000%2C670&ssl=1\",\"contentUrl\":\"https:\/\/i0.wp.com\/verdadeon.com.br\/portal\/wp-content\/uploads\/2020\/10\/20-09-2019-wil-ACIF-Retratos-3240.jpg?fit=1000%2C670&ssl=1\",\"width\":1000,\"height\":670,\"caption\":\"Presidente da Acif, Tarciso B\u00f4tto, destaca a import\u00e2ncia da moderniza\u00e7\u00e3o do estatuto, revisto pela \u00faltima vez em 2004 | Foto: Wilker Maia\/Acif\"},{\"@type\":\"BreadcrumbList\",\"@id\":\"https:\/\/verdadeon.com.br\/portal\/2021\/09\/28\/acif-atualiza-estatuto-e-convoca-associados-para-validar-mudancas-em-assembleia\/#breadcrumb\",\"itemListElement\":[{\"@type\":\"ListItem\",\"position\":1,\"name\":\"In\u00edcio\",\"item\":\"https:\/\/verdadeon.com.br\/portal\/\"},{\"@type\":\"ListItem\",\"position\":2,\"name\":\"Acif atualiza estatuto e convoca associados para validar mudan\u00e7as em assembleia\"}]},{\"@type\":\"WebSite\",\"@id\":\"https:\/\/verdadeon.com.br\/portal\/#website\",\"url\":\"https:\/\/verdadeon.com.br\/portal\/\",\"name\":\"VerdadeOn\",\"description\":\"Not\u00edcias di\u00e1rias sobre Franca, Regi\u00e3o, Esporte, Cultura, Cotidiano, Colunas. Cobertura nos principais eventos da cidade \u00e9 aqui - Verdadeon Franca\",\"potentialAction\":[{\"@type\":\"SearchAction\",\"target\":{\"@type\":\"EntryPoint\",\"urlTemplate\":\"https:\/\/verdadeon.com.br\/portal\/?s={search_term_string}\"},\"query-input\":{\"@type\":\"PropertyValueSpecification\",\"valueRequired\":true,\"valueName\":\"search_term_string\"}}],\"inLanguage\":\"pt-BR\"},{\"@type\":\"Person\",\"@id\":\"https:\/\/verdadeon.com.br\/portal\/#\/schema\/person\/31b3f1eb559e4ce9d3c1dc1f2268a70c\",\"name\":\"Admin\",\"image\":{\"@type\":\"ImageObject\",\"inLanguage\":\"pt-BR\",\"@id\":\"https:\/\/verdadeon.com.br\/portal\/#\/schema\/person\/image\/\",\"url\":\"https:\/\/secure.gravatar.com\/avatar\/e550a5b4dab3efe8ca3a8bf0fb981073a921f9a24159040707270602980dd8af?s=96&d=mm&r=g\",\"contentUrl\":\"https:\/\/secure.gravatar.com\/avatar\/e550a5b4dab3efe8ca3a8bf0fb981073a921f9a24159040707270602980dd8af?s=96&d=mm&r=g\",\"caption\":\"Admin\"},\"url\":\"https:\/\/verdadeon.com.br\/portal\/author\/admin\/\"}]}<\/script>\n<!-- \/ Yoast SEO plugin. -->","yoast_head_json":{"title":"Acif atualiza estatuto e convoca associados para validar mudan\u00e7as em assembleia - VerdadeOn","robots":{"index":"index","follow":"follow","max-snippet":"max-snippet:-1","max-image-preview":"max-image-preview:large","max-video-preview":"max-video-preview:-1"},"canonical":"https:\/\/verdadeon.com.br\/portal\/2021\/09\/28\/acif-atualiza-estatuto-e-convoca-associados-para-validar-mudancas-em-assembleia\/","og_locale":"pt_BR","og_type":"article","og_title":"Acif atualiza estatuto e convoca associados para validar mudan\u00e7as em assembleia - VerdadeOn","og_description":"Assembleia acontece nesta quarta-feira, 29, com quatro locais de vota\u00e7\u00e3o; todo associado deve comparecer &nbsp; A Acif (Associa\u00e7\u00e3o do Com\u00e9rcio e Ind\u00fastria de Franca) realizar\u00e1, nesta [\u2026]","og_url":"https:\/\/verdadeon.com.br\/portal\/2021\/09\/28\/acif-atualiza-estatuto-e-convoca-associados-para-validar-mudancas-em-assembleia\/","og_site_name":"VerdadeOn","article_published_time":"2021-09-28T19:40:38+00:00","og_image":[{"width":1000,"height":670,"url":"https:\/\/verdadeon.com.br\/portal\/wp-content\/uploads\/2020\/10\/20-09-2019-wil-ACIF-Retratos-3240.jpg","type":"image\/jpeg"}],"author":"Admin","twitter_card":"summary_large_image","twitter_misc":{"Escrito por":"Admin","Est. tempo de leitura":"3 minutos"},"schema":{"@context":"https:\/\/schema.org","@graph":[{"@type":"WebPage","@id":"https:\/\/verdadeon.com.br\/portal\/2021\/09\/28\/acif-atualiza-estatuto-e-convoca-associados-para-validar-mudancas-em-assembleia\/","url":"https:\/\/verdadeon.com.br\/portal\/2021\/09\/28\/acif-atualiza-estatuto-e-convoca-associados-para-validar-mudancas-em-assembleia\/","name":"Acif atualiza estatuto e convoca associados para validar mudan\u00e7as em assembleia - VerdadeOn","isPartOf":{"@id":"https:\/\/verdadeon.com.br\/portal\/#website"},"primaryImageOfPage":{"@id":"https:\/\/verdadeon.com.br\/portal\/2021\/09\/28\/acif-atualiza-estatuto-e-convoca-associados-para-validar-mudancas-em-assembleia\/#primaryimage"},"image":{"@id":"https:\/\/verdadeon.com.br\/portal\/2021\/09\/28\/acif-atualiza-estatuto-e-convoca-associados-para-validar-mudancas-em-assembleia\/#primaryimage"},"thumbnailUrl":"https:\/\/i0.wp.com\/verdadeon.com.br\/portal\/wp-content\/uploads\/2020\/10\/20-09-2019-wil-ACIF-Retratos-3240.jpg?fit=1000%2C670&ssl=1","datePublished":"2021-09-28T19:40:38+00:00","author":{"@id":"https:\/\/verdadeon.com.br\/portal\/#\/schema\/person\/31b3f1eb559e4ce9d3c1dc1f2268a70c"},"breadcrumb":{"@id":"https:\/\/verdadeon.com.br\/portal\/2021\/09\/28\/acif-atualiza-estatuto-e-convoca-associados-para-validar-mudancas-em-assembleia\/#breadcrumb"},"inLanguage":"pt-BR","potentialAction":[{"@type":"ReadAction","target":["https:\/\/verdadeon.com.br\/portal\/2021\/09\/28\/acif-atualiza-estatuto-e-convoca-associados-para-validar-mudancas-em-assembleia\/"]}]},{"@type":"ImageObject","inLanguage":"pt-BR","@id":"https:\/\/verdadeon.com.br\/portal\/2021\/09\/28\/acif-atualiza-estatuto-e-convoca-associados-para-validar-mudancas-em-assembleia\/#primaryimage","url":"https:\/\/i0.wp.com\/verdadeon.com.br\/portal\/wp-content\/uploads\/2020\/10\/20-09-2019-wil-ACIF-Retratos-3240.jpg?fit=1000%2C670&ssl=1","contentUrl":"https:\/\/i0.wp.com\/verdadeon.com.br\/portal\/wp-content\/uploads\/2020\/10\/20-09-2019-wil-ACIF-Retratos-3240.jpg?fit=1000%2C670&ssl=1","width":1000,"height":670,"caption":"Presidente da Acif, Tarciso B\u00f4tto, destaca a import\u00e2ncia da moderniza\u00e7\u00e3o do estatuto, revisto pela \u00faltima vez em 2004 | Foto: Wilker Maia\/Acif"},{"@type":"BreadcrumbList","@id":"https:\/\/verdadeon.com.br\/portal\/2021\/09\/28\/acif-atualiza-estatuto-e-convoca-associados-para-validar-mudancas-em-assembleia\/#breadcrumb","itemListElement":[{"@type":"ListItem","position":1,"name":"In\u00edcio","item":"https:\/\/verdadeon.com.br\/portal\/"},{"@type":"ListItem","position":2,"name":"Acif atualiza estatuto e convoca associados para validar mudan\u00e7as em assembleia"}]},{"@type":"WebSite","@id":"https:\/\/verdadeon.com.br\/portal\/#website","url":"https:\/\/verdadeon.com.br\/portal\/","name":"VerdadeOn","description":"Not\u00edcias di\u00e1rias sobre Franca, Regi\u00e3o, Esporte, Cultura, Cotidiano, Colunas. Cobertura nos principais eventos da cidade \u00e9 aqui - Verdadeon Franca","potentialAction":[{"@type":"SearchAction","target":{"@type":"EntryPoint","urlTemplate":"https:\/\/verdadeon.com.br\/portal\/?s={search_term_string}"},"query-input":{"@type":"PropertyValueSpecification","valueRequired":true,"valueName":"search_term_string"}}],"inLanguage":"pt-BR"},{"@type":"Person","@id":"https:\/\/verdadeon.com.br\/portal\/#\/schema\/person\/31b3f1eb559e4ce9d3c1dc1f2268a70c","name":"Admin","image":{"@type":"ImageObject","inLanguage":"pt-BR","@id":"https:\/\/verdadeon.com.br\/portal\/#\/schema\/person\/image\/","url":"https:\/\/secure.gravatar.com\/avatar\/e550a5b4dab3efe8ca3a8bf0fb981073a921f9a24159040707270602980dd8af?s=96&d=mm&r=g","contentUrl":"https:\/\/secure.gravatar.com\/avatar\/e550a5b4dab3efe8ca3a8bf0fb981073a921f9a24159040707270602980dd8af?s=96&d=mm&r=g","caption":"Admin"},"url":"https:\/\/verdadeon.com.br\/portal\/author\/admin\/"}]}},"jetpack_publicize_connections":[],"jetpack_featured_media_url":"https:\/\/i0.wp.com\/verdadeon.com.br\/portal\/wp-content\/uploads\/2020\/10\/20-09-2019-wil-ACIF-Retratos-3240.jpg?fit=1000%2C670&ssl=1","jetpack_sharing_enabled":true,"_links":{"self":[{"href":"https:\/\/verdadeon.com.br\/portal\/wp-json\/wp\/v2\/posts\/19958","targetHints":{"allow":["GET"]}}],"collection":[{"href":"https:\/\/verdadeon.com.br\/portal\/wp-json\/wp\/v2\/posts"}],"about":[{"href":"https:\/\/verdadeon.com.br\/portal\/wp-json\/wp\/v2\/types\/post"}],"author":[{"embeddable":true,"href":"https:\/\/verdadeon.com.br\/portal\/wp-json\/wp\/v2\/users\/3"}],"replies":[{"embeddable":true,"href":"https:\/\/verdadeon.com.br\/portal\/wp-json\/wp\/v2\/comments?post=19958"}],"version-history":[{"count":0,"href":"https:\/\/verdadeon.com.br\/portal\/wp-json\/wp\/v2\/posts\/19958\/revisions"}],"wp:featuredmedia":[{"embeddable":true,"href":"https:\/\/verdadeon.com.br\/portal\/wp-json\/wp\/v2\/media\/11239"}],"wp:attachment":[{"href":"https:\/\/verdadeon.com.br\/portal\/wp-json\/wp\/v2\/media?parent=19958"}],"wp:term":[{"taxonomy":"category","embeddable":true,"href":"https:\/\/verdadeon.com.br\/portal\/wp-json\/wp\/v2\/categories?post=19958"},{"taxonomy":"post_tag","embeddable":true,"href":"https:\/\/verdadeon.com.br\/portal\/wp-json\/wp\/v2\/tags?post=19958"}],"curies":[{"name":"wp","href":"https:\/\/api.w.org\/{rel}","templated":true}]}}