{"id":19849,"date":"2021-09-24T18:21:13","date_gmt":"2021-09-24T21:21:13","guid":{"rendered":"https:\/\/verdadeon.com.br\/portal\/?p=19849"},"modified":"2021-09-24T18:23:08","modified_gmt":"2021-09-24T21:23:08","slug":"queixas-emprestimos-falsos-explodem-no-procon-durante-a-pandemia","status":"publish","type":"post","link":"https:\/\/verdadeon.com.br\/portal\/2021\/09\/24\/queixas-emprestimos-falsos-explodem-no-procon-durante-a-pandemia\/","title":{"rendered":"Queixas por empr\u00e9stimos falsos \u2018explodem\u2019 no Procon durante pandemia\u00a0"},"content":{"rendered":"<h2>Diretor da unidade estima aumento de 80% das reclama\u00e7\u00f5es por descontos indevidos feitos por institui\u00e7\u00f5es banc\u00e1rias; s\u00e3o 1.100 casos em um ano<\/h2>\n<p><b>Nelise Luques<\/b><\/p>\n<p><span style=\"font-weight: 400;\">O n\u00famero de reclama\u00e7\u00f5es por empr\u00e9stimos consignados falsos cresceu absurdamente no Procon de Franca durante a pandemia. Lu\u00eds Murari, diretor da unidade, estima aumento de 80% nas queixas nessa modalidade de contrato banc\u00e1rio desde o come\u00e7o da pandemia, em mar\u00e7o do ano passado, at\u00e9 o atual momento. Neste per\u00edodo, o Procon recebeu cerca de 1.100 queixas de v\u00edtimas de descontos indevidos em suas folhas de pagamento, especialmente idosos aposentados. Em m\u00e9dia, o valor do empr\u00e9stimo \u00e9 de R$ 5 mil e as parcelas de R$ 300.<\/span><\/p>\n<p><span style=\"font-weight: 400;\">\u201cAntes da pandemia, a gente tinha um ou outro caso de atendimentos por empr\u00e9stimos consignados que o consumidor n\u00e3o havia contratado, mas durante a pandemia, acredito que pelo desespero dos correspondentes banc\u00e1rios, que ficaram fechados e sem realizar atendimentos presenciais, aumentou consideravelmente o n\u00famero de queixas referentes a esse assunto\u201d, afirmou Lu\u00eds Murari.<\/span><\/p>\n<p><span style=\"font-weight: 400;\">O alerta \u00e9 para que as pessoas se atentem aos descontos realizados em suas folhas de pagamento ou contas banc\u00e1rias e, caso haja cobran\u00e7a irregular, contatem a institui\u00e7\u00e3o financeira para solicitar o cancelamento do empr\u00e9stimo e ressarcimento sem qualquer preju\u00edzo. Caso a situa\u00e7\u00e3o n\u00e3o se resolva, a recomenda\u00e7\u00e3o \u00e9 procurar o Procon. \u201cEssa atitude por parte do fornecedor, do banco, da institui\u00e7\u00e3o financeira ou por parte do terceirizado \u00e9 indevida, \u00e9 pr\u00e1tica abusiva e deve ser combatida\u201d.<\/span><\/p>\n<p><span style=\"font-weight: 400;\">Ap\u00f3s receber a reclama\u00e7\u00e3o, o Procon aciona a institui\u00e7\u00e3o financeira respons\u00e1vel para comunicar que o consumidor n\u00e3o reconhece o empr\u00e9stimo e requisita a devolu\u00e7\u00e3o dos valores cobrados sem \u00f4nus. \u201c\u00c0s vezes, depois de realizarmos o contato, o fornecedor nos envia o contrato assinado, mas o consumidor n\u00e3o reconhece a assinatura. Encaminhamos para a delegacia e solicitamos um exame grafot\u00e9cnico para checar se a assinatura \u00e9 falsa. Orientamos as pessoas a procurarem o \u00f3rg\u00e3o de defesa do consumidor para auxiliarmos o caminho que deve ser adotado para resolver o problema\u201d, disse Lu\u00eds Murari.<\/span><\/p>\n<h4>Atendimento<\/h4>\n<p><span style=\"font-weight: 400;\">O Procon de Franca retomou os atendimentos presenciais, sem necessidade de agendamento pr\u00e9vio. A distribui\u00e7\u00e3o de senhas \u00e9 realizada das 8h \u00e0s 16h. A unidade est\u00e1 instalada na Alameda Vicente Leporace, n\u00b0 4655, no Parque dos Pinhais.<\/span><\/p>\n<p>&nbsp;<\/p>\n","protected":false},"excerpt":{"rendered":"<p>Diretor da unidade estima aumento de 80% das reclama\u00e7\u00f5es por descontos indevidos feitos por institui\u00e7\u00f5es banc\u00e1rias; s\u00e3o 1.100 casos em um ano Nelise Luques O n\u00famero<span class=\"excerpt-hellip\"> [\u2026]<\/span><\/p>\n","protected":false},"author":12,"featured_media":19856,"comment_status":"open","ping_status":"open","sticky":false,"template":"","format":"standard","meta":{"_jetpack_memberships_contains_paid_content":false,"footnotes":"","jetpack_publicize_message":"","jetpack_publicize_feature_enabled":true,"jetpack_social_post_already_shared":false,"jetpack_social_options":{"image_generator_settings":{"template":"highway","default_image_id":0,"enabled":false},"version":2}},"categories":[28,81],"tags":[],"class_list":["post-19849","post","type-post","status-publish","format-standard","has-post-thumbnail","hentry","category-cotidiano","category-manchete"],"yoast_head":"<!-- This site is optimized with the Yoast SEO plugin v25.6 - https:\/\/yoast.com\/wordpress\/plugins\/seo\/ -->\n<title>Queixas por empr\u00e9stimos falsos \u2018explodem\u2019 no Procon durante pandemia\u00a0 - VerdadeOn<\/title>\n<meta name=\"robots\" content=\"index, follow, max-snippet:-1, max-image-preview:large, max-video-preview:-1\" \/>\n<link rel=\"canonical\" href=\"https:\/\/verdadeon.com.br\/portal\/2021\/09\/24\/queixas-emprestimos-falsos-explodem-no-procon-durante-a-pandemia\/\" \/>\n<meta property=\"og:locale\" content=\"pt_BR\" \/>\n<meta property=\"og:type\" content=\"article\" \/>\n<meta property=\"og:title\" content=\"Queixas por empr\u00e9stimos falsos \u2018explodem\u2019 no Procon durante pandemia\u00a0 - VerdadeOn\" \/>\n<meta property=\"og:description\" content=\"Diretor da unidade estima aumento de 80% das reclama\u00e7\u00f5es por descontos indevidos feitos por institui\u00e7\u00f5es banc\u00e1rias; s\u00e3o 1.100 casos em um ano Nelise Luques O n\u00famero [\u2026]\" \/>\n<meta property=\"og:url\" content=\"https:\/\/verdadeon.com.br\/portal\/2021\/09\/24\/queixas-emprestimos-falsos-explodem-no-procon-durante-a-pandemia\/\" \/>\n<meta property=\"og:site_name\" content=\"VerdadeOn\" \/>\n<meta property=\"article:published_time\" content=\"2021-09-24T21:21:13+00:00\" \/>\n<meta property=\"article:modified_time\" content=\"2021-09-24T21:23:08+00:00\" \/>\n<meta property=\"og:image\" content=\"https:\/\/verdadeon.com.br\/portal\/wp-content\/uploads\/2021\/09\/LUIS-MURARI-DIRETOR-DO-PROCON-FRANCA-SETEMBRO-2021-FOTO-DIVULGACAO-2.jpeg\" \/>\n\t<meta property=\"og:image:width\" content=\"1000\" \/>\n\t<meta property=\"og:image:height\" content=\"670\" \/>\n\t<meta property=\"og:image:type\" content=\"image\/jpeg\" \/>\n<meta name=\"author\" content=\"Nelise Luques\" \/>\n<meta name=\"twitter:card\" content=\"summary_large_image\" \/>\n<meta name=\"twitter:label1\" content=\"Escrito por\" \/>\n\t<meta name=\"twitter:data1\" content=\"Nelise Luques\" \/>\n\t<meta name=\"twitter:label2\" content=\"Est. tempo de leitura\" \/>\n\t<meta name=\"twitter:data2\" content=\"2 minutos\" \/>\n<script type=\"application\/ld+json\" class=\"yoast-schema-graph\">{\"@context\":\"https:\/\/schema.org\",\"@graph\":[{\"@type\":\"WebPage\",\"@id\":\"https:\/\/verdadeon.com.br\/portal\/2021\/09\/24\/queixas-emprestimos-falsos-explodem-no-procon-durante-a-pandemia\/\",\"url\":\"https:\/\/verdadeon.com.br\/portal\/2021\/09\/24\/queixas-emprestimos-falsos-explodem-no-procon-durante-a-pandemia\/\",\"name\":\"Queixas por empr\u00e9stimos falsos \u2018explodem\u2019 no Procon durante pandemia\u00a0 - VerdadeOn\",\"isPartOf\":{\"@id\":\"https:\/\/verdadeon.com.br\/portal\/#website\"},\"primaryImageOfPage\":{\"@id\":\"https:\/\/verdadeon.com.br\/portal\/2021\/09\/24\/queixas-emprestimos-falsos-explodem-no-procon-durante-a-pandemia\/#primaryimage\"},\"image\":{\"@id\":\"https:\/\/verdadeon.com.br\/portal\/2021\/09\/24\/queixas-emprestimos-falsos-explodem-no-procon-durante-a-pandemia\/#primaryimage\"},\"thumbnailUrl\":\"https:\/\/i0.wp.com\/verdadeon.com.br\/portal\/wp-content\/uploads\/2021\/09\/LUIS-MURARI-DIRETOR-DO-PROCON-FRANCA-SETEMBRO-2021-FOTO-DIVULGACAO-2.jpeg?fit=1000%2C670&ssl=1\",\"datePublished\":\"2021-09-24T21:21:13+00:00\",\"dateModified\":\"2021-09-24T21:23:08+00:00\",\"author\":{\"@id\":\"https:\/\/verdadeon.com.br\/portal\/#\/schema\/person\/8248726d36015c1916636fabb175d972\"},\"breadcrumb\":{\"@id\":\"https:\/\/verdadeon.com.br\/portal\/2021\/09\/24\/queixas-emprestimos-falsos-explodem-no-procon-durante-a-pandemia\/#breadcrumb\"},\"inLanguage\":\"pt-BR\",\"potentialAction\":[{\"@type\":\"ReadAction\",\"target\":[\"https:\/\/verdadeon.com.br\/portal\/2021\/09\/24\/queixas-emprestimos-falsos-explodem-no-procon-durante-a-pandemia\/\"]}]},{\"@type\":\"ImageObject\",\"inLanguage\":\"pt-BR\",\"@id\":\"https:\/\/verdadeon.com.br\/portal\/2021\/09\/24\/queixas-emprestimos-falsos-explodem-no-procon-durante-a-pandemia\/#primaryimage\",\"url\":\"https:\/\/i0.wp.com\/verdadeon.com.br\/portal\/wp-content\/uploads\/2021\/09\/LUIS-MURARI-DIRETOR-DO-PROCON-FRANCA-SETEMBRO-2021-FOTO-DIVULGACAO-2.jpeg?fit=1000%2C670&ssl=1\",\"contentUrl\":\"https:\/\/i0.wp.com\/verdadeon.com.br\/portal\/wp-content\/uploads\/2021\/09\/LUIS-MURARI-DIRETOR-DO-PROCON-FRANCA-SETEMBRO-2021-FOTO-DIVULGACAO-2.jpeg?fit=1000%2C670&ssl=1\",\"width\":1000,\"height\":670,\"caption\":\"Lu\u00eds Murari, diretor do Procon de Franca (\u00a9Divulga\u00e7\u00e3o)\"},{\"@type\":\"BreadcrumbList\",\"@id\":\"https:\/\/verdadeon.com.br\/portal\/2021\/09\/24\/queixas-emprestimos-falsos-explodem-no-procon-durante-a-pandemia\/#breadcrumb\",\"itemListElement\":[{\"@type\":\"ListItem\",\"position\":1,\"name\":\"In\u00edcio\",\"item\":\"https:\/\/verdadeon.com.br\/portal\/\"},{\"@type\":\"ListItem\",\"position\":2,\"name\":\"Queixas por empr\u00e9stimos falsos \u2018explodem\u2019 no Procon durante pandemia\u00a0\"}]},{\"@type\":\"WebSite\",\"@id\":\"https:\/\/verdadeon.com.br\/portal\/#website\",\"url\":\"https:\/\/verdadeon.com.br\/portal\/\",\"name\":\"VerdadeOn\",\"description\":\"Not\u00edcias di\u00e1rias sobre Franca, Regi\u00e3o, Esporte, Cultura, Cotidiano, Colunas. Cobertura nos principais eventos da cidade \u00e9 aqui - Verdadeon Franca\",\"potentialAction\":[{\"@type\":\"SearchAction\",\"target\":{\"@type\":\"EntryPoint\",\"urlTemplate\":\"https:\/\/verdadeon.com.br\/portal\/?s={search_term_string}\"},\"query-input\":{\"@type\":\"PropertyValueSpecification\",\"valueRequired\":true,\"valueName\":\"search_term_string\"}}],\"inLanguage\":\"pt-BR\"},{\"@type\":\"Person\",\"@id\":\"https:\/\/verdadeon.com.br\/portal\/#\/schema\/person\/8248726d36015c1916636fabb175d972\",\"name\":\"Nelise Luques\",\"image\":{\"@type\":\"ImageObject\",\"inLanguage\":\"pt-BR\",\"@id\":\"https:\/\/verdadeon.com.br\/portal\/#\/schema\/person\/image\/\",\"url\":\"https:\/\/secure.gravatar.com\/avatar\/29b2a17f5bcadeb827411b66f48ac13c3e0ecaf5906c0f5745ecc5d41c24eada?s=96&d=mm&r=g\",\"contentUrl\":\"https:\/\/secure.gravatar.com\/avatar\/29b2a17f5bcadeb827411b66f48ac13c3e0ecaf5906c0f5745ecc5d41c24eada?s=96&d=mm&r=g\",\"caption\":\"Nelise Luques\"},\"url\":\"https:\/\/verdadeon.com.br\/portal\/author\/verdade\/\"}]}<\/script>\n<!-- \/ Yoast SEO plugin. -->","yoast_head_json":{"title":"Queixas por empr\u00e9stimos falsos \u2018explodem\u2019 no Procon durante pandemia\u00a0 - VerdadeOn","robots":{"index":"index","follow":"follow","max-snippet":"max-snippet:-1","max-image-preview":"max-image-preview:large","max-video-preview":"max-video-preview:-1"},"canonical":"https:\/\/verdadeon.com.br\/portal\/2021\/09\/24\/queixas-emprestimos-falsos-explodem-no-procon-durante-a-pandemia\/","og_locale":"pt_BR","og_type":"article","og_title":"Queixas por empr\u00e9stimos falsos \u2018explodem\u2019 no Procon durante pandemia\u00a0 - VerdadeOn","og_description":"Diretor da unidade estima aumento de 80% das reclama\u00e7\u00f5es por descontos indevidos feitos por institui\u00e7\u00f5es banc\u00e1rias; s\u00e3o 1.100 casos em um ano Nelise Luques O n\u00famero [\u2026]","og_url":"https:\/\/verdadeon.com.br\/portal\/2021\/09\/24\/queixas-emprestimos-falsos-explodem-no-procon-durante-a-pandemia\/","og_site_name":"VerdadeOn","article_published_time":"2021-09-24T21:21:13+00:00","article_modified_time":"2021-09-24T21:23:08+00:00","og_image":[{"width":1000,"height":670,"url":"https:\/\/verdadeon.com.br\/portal\/wp-content\/uploads\/2021\/09\/LUIS-MURARI-DIRETOR-DO-PROCON-FRANCA-SETEMBRO-2021-FOTO-DIVULGACAO-2.jpeg","type":"image\/jpeg"}],"author":"Nelise Luques","twitter_card":"summary_large_image","twitter_misc":{"Escrito por":"Nelise Luques","Est. tempo de leitura":"2 minutos"},"schema":{"@context":"https:\/\/schema.org","@graph":[{"@type":"WebPage","@id":"https:\/\/verdadeon.com.br\/portal\/2021\/09\/24\/queixas-emprestimos-falsos-explodem-no-procon-durante-a-pandemia\/","url":"https:\/\/verdadeon.com.br\/portal\/2021\/09\/24\/queixas-emprestimos-falsos-explodem-no-procon-durante-a-pandemia\/","name":"Queixas por empr\u00e9stimos falsos \u2018explodem\u2019 no Procon durante pandemia\u00a0 - VerdadeOn","isPartOf":{"@id":"https:\/\/verdadeon.com.br\/portal\/#website"},"primaryImageOfPage":{"@id":"https:\/\/verdadeon.com.br\/portal\/2021\/09\/24\/queixas-emprestimos-falsos-explodem-no-procon-durante-a-pandemia\/#primaryimage"},"image":{"@id":"https:\/\/verdadeon.com.br\/portal\/2021\/09\/24\/queixas-emprestimos-falsos-explodem-no-procon-durante-a-pandemia\/#primaryimage"},"thumbnailUrl":"https:\/\/i0.wp.com\/verdadeon.com.br\/portal\/wp-content\/uploads\/2021\/09\/LUIS-MURARI-DIRETOR-DO-PROCON-FRANCA-SETEMBRO-2021-FOTO-DIVULGACAO-2.jpeg?fit=1000%2C670&ssl=1","datePublished":"2021-09-24T21:21:13+00:00","dateModified":"2021-09-24T21:23:08+00:00","author":{"@id":"https:\/\/verdadeon.com.br\/portal\/#\/schema\/person\/8248726d36015c1916636fabb175d972"},"breadcrumb":{"@id":"https:\/\/verdadeon.com.br\/portal\/2021\/09\/24\/queixas-emprestimos-falsos-explodem-no-procon-durante-a-pandemia\/#breadcrumb"},"inLanguage":"pt-BR","potentialAction":[{"@type":"ReadAction","target":["https:\/\/verdadeon.com.br\/portal\/2021\/09\/24\/queixas-emprestimos-falsos-explodem-no-procon-durante-a-pandemia\/"]}]},{"@type":"ImageObject","inLanguage":"pt-BR","@id":"https:\/\/verdadeon.com.br\/portal\/2021\/09\/24\/queixas-emprestimos-falsos-explodem-no-procon-durante-a-pandemia\/#primaryimage","url":"https:\/\/i0.wp.com\/verdadeon.com.br\/portal\/wp-content\/uploads\/2021\/09\/LUIS-MURARI-DIRETOR-DO-PROCON-FRANCA-SETEMBRO-2021-FOTO-DIVULGACAO-2.jpeg?fit=1000%2C670&ssl=1","contentUrl":"https:\/\/i0.wp.com\/verdadeon.com.br\/portal\/wp-content\/uploads\/2021\/09\/LUIS-MURARI-DIRETOR-DO-PROCON-FRANCA-SETEMBRO-2021-FOTO-DIVULGACAO-2.jpeg?fit=1000%2C670&ssl=1","width":1000,"height":670,"caption":"Lu\u00eds Murari, diretor do Procon de Franca (\u00a9Divulga\u00e7\u00e3o)"},{"@type":"BreadcrumbList","@id":"https:\/\/verdadeon.com.br\/portal\/2021\/09\/24\/queixas-emprestimos-falsos-explodem-no-procon-durante-a-pandemia\/#breadcrumb","itemListElement":[{"@type":"ListItem","position":1,"name":"In\u00edcio","item":"https:\/\/verdadeon.com.br\/portal\/"},{"@type":"ListItem","position":2,"name":"Queixas por empr\u00e9stimos falsos \u2018explodem\u2019 no Procon durante pandemia\u00a0"}]},{"@type":"WebSite","@id":"https:\/\/verdadeon.com.br\/portal\/#website","url":"https:\/\/verdadeon.com.br\/portal\/","name":"VerdadeOn","description":"Not\u00edcias di\u00e1rias sobre Franca, Regi\u00e3o, Esporte, Cultura, Cotidiano, Colunas. Cobertura nos principais eventos da cidade \u00e9 aqui - Verdadeon Franca","potentialAction":[{"@type":"SearchAction","target":{"@type":"EntryPoint","urlTemplate":"https:\/\/verdadeon.com.br\/portal\/?s={search_term_string}"},"query-input":{"@type":"PropertyValueSpecification","valueRequired":true,"valueName":"search_term_string"}}],"inLanguage":"pt-BR"},{"@type":"Person","@id":"https:\/\/verdadeon.com.br\/portal\/#\/schema\/person\/8248726d36015c1916636fabb175d972","name":"Nelise Luques","image":{"@type":"ImageObject","inLanguage":"pt-BR","@id":"https:\/\/verdadeon.com.br\/portal\/#\/schema\/person\/image\/","url":"https:\/\/secure.gravatar.com\/avatar\/29b2a17f5bcadeb827411b66f48ac13c3e0ecaf5906c0f5745ecc5d41c24eada?s=96&d=mm&r=g","contentUrl":"https:\/\/secure.gravatar.com\/avatar\/29b2a17f5bcadeb827411b66f48ac13c3e0ecaf5906c0f5745ecc5d41c24eada?s=96&d=mm&r=g","caption":"Nelise Luques"},"url":"https:\/\/verdadeon.com.br\/portal\/author\/verdade\/"}]}},"jetpack_publicize_connections":[],"jetpack_featured_media_url":"https:\/\/i0.wp.com\/verdadeon.com.br\/portal\/wp-content\/uploads\/2021\/09\/LUIS-MURARI-DIRETOR-DO-PROCON-FRANCA-SETEMBRO-2021-FOTO-DIVULGACAO-2.jpeg?fit=1000%2C670&ssl=1","jetpack_sharing_enabled":true,"_links":{"self":[{"href":"https:\/\/verdadeon.com.br\/portal\/wp-json\/wp\/v2\/posts\/19849","targetHints":{"allow":["GET"]}}],"collection":[{"href":"https:\/\/verdadeon.com.br\/portal\/wp-json\/wp\/v2\/posts"}],"about":[{"href":"https:\/\/verdadeon.com.br\/portal\/wp-json\/wp\/v2\/types\/post"}],"author":[{"embeddable":true,"href":"https:\/\/verdadeon.com.br\/portal\/wp-json\/wp\/v2\/users\/12"}],"replies":[{"embeddable":true,"href":"https:\/\/verdadeon.com.br\/portal\/wp-json\/wp\/v2\/comments?post=19849"}],"version-history":[{"count":0,"href":"https:\/\/verdadeon.com.br\/portal\/wp-json\/wp\/v2\/posts\/19849\/revisions"}],"wp:featuredmedia":[{"embeddable":true,"href":"https:\/\/verdadeon.com.br\/portal\/wp-json\/wp\/v2\/media\/19856"}],"wp:attachment":[{"href":"https:\/\/verdadeon.com.br\/portal\/wp-json\/wp\/v2\/media?parent=19849"}],"wp:term":[{"taxonomy":"category","embeddable":true,"href":"https:\/\/verdadeon.com.br\/portal\/wp-json\/wp\/v2\/categories?post=19849"},{"taxonomy":"post_tag","embeddable":true,"href":"https:\/\/verdadeon.com.br\/portal\/wp-json\/wp\/v2\/tags?post=19849"}],"curies":[{"name":"wp","href":"https:\/\/api.w.org\/{rel}","templated":true}]}}