{"id":19848,"date":"2021-09-24T18:09:12","date_gmt":"2021-09-24T21:09:12","guid":{"rendered":"https:\/\/verdadeon.com.br\/portal\/?p=19848"},"modified":"2021-09-24T18:09:12","modified_gmt":"2021-09-24T21:09:12","slug":"apos-estudo-sobre-trabalho-infantil-minha-chance-jovem-e-lancado","status":"publish","type":"post","link":"https:\/\/verdadeon.com.br\/portal\/2021\/09\/24\/apos-estudo-sobre-trabalho-infantil-minha-chance-jovem-e-lancado\/","title":{"rendered":"Ap\u00f3s estudo sobre trabalho infantil, &#8216;Minha chance jovem&#8217; \u00e9 lan\u00e7ado"},"content":{"rendered":"<h2>Os adolescentes que trabalham na rua e est\u00e3o em vulnerabilidade social, ser\u00e3o atendidos pelo programa<\/h2>\n<div>Foi lan\u00e7ado nesta sexta-feira (24), o programa &#8220;Minha Chance Jovem&#8221;, pela Prefeitura de Franca. A medida foi pensada ap\u00f3s uma pesquisa da Secretaria de A\u00e7\u00e3o Social, apontar que houve um crescimento de crian\u00e7as e adolescentes trabalhando nos sem\u00e1foros da cidade. Quase 200 foram ouvidos, parte deles j\u00e1 teve acesso a algum tipo de droga, e quase 3% foram v\u00edtimas de algum tipo de explora\u00e7\u00e3o sexual.\u00a0\u00a0Segundo o Executivo, a iniciativa consiste em um conjunto de a\u00e7\u00f5es envolvendo as secretarias de A\u00e7\u00e3o Social, Educa\u00e7\u00e3o, Sa\u00fade, Desenvolvimento, Esporte e Cultura.<\/div>\n<div>O programa contempla o pagamento tempor\u00e1rio de um aux\u00edlio no valor de R$ 300 mensais por um per\u00edodo de at\u00e9 quatro meses. A transfer\u00eancia do benef\u00edcio \u00e9 condicionada a frequ\u00eancia do jovem \u00e0 escola e a participa\u00e7\u00e3o nos cursos de qualifica\u00e7\u00e3o e aprendizagem que ser\u00e3o oferecidos. O chefe do Executivo explicou que as a\u00e7\u00f5es ser\u00e3o desenvolvidas para a identifica\u00e7\u00e3o, defesa e prote\u00e7\u00e3o social de crian\u00e7as e adolescentes em situa\u00e7\u00e3o de explora\u00e7\u00e3o do trabalho infantil, provimento para o fortalecimento das fam\u00edlias, desenvolvimento da mobiliza\u00e7\u00e3o social, al\u00e9m da oferta de oficinas, cursos de qualifica\u00e7\u00e3o e transfer\u00eancia de renda.<\/div>\n<h4>Crit\u00e9rios<\/h4>\n<div>Poder\u00e3o participar do Programa &#8220;Minha Chance Jovem&#8221;, adolescentes entre 14 e 18 anos incompletos, desde que se enquadrem nos crit\u00e9rios estabelecidos pela legisla\u00e7\u00e3o, como residir em Franca, ser membro de fam\u00edlia com renda per capita at\u00e9 meio sal\u00e1rio m\u00ednimo; estar em situa\u00e7\u00e3o de explora\u00e7\u00e3o pelo trabalho infantil, cumprimento de medida socioeducativa de semiliberdade, liberdade assistida e presta\u00e7\u00e3o de servi\u00e7os \u00e0 comunidade, medida protetiva de acolhimento institucional, familiar e medida protetiva aplicada pelo Conselho Tutelar.<\/div>\n<div>Ser\u00e3o priorizados os adolescentes que vivenciam a situa\u00e7\u00e3o de explora\u00e7\u00e3o pelo trabalho infantil, principalmente nas piores condi\u00e7\u00f5es, de acordo com a Lista das Piores Formas de Trabalho Infantil . O programa contar\u00e1 com a gest\u00e3o de uma Comiss\u00e3o Interprote\u00e7\u00f5es \u2013 envolvendo profissionais das redes de Prote\u00e7\u00e3o Social B\u00e1sica e Especial do SUAS, que ser\u00e1 nomeada pelo prefeito.<\/div>\n<div>Segundo o projeto de lei, caber\u00e1 a Secretaria de A\u00e7\u00e3o Social, por meio dos Centros de Refer\u00eancia em Assist\u00eancia Social (CRAS) e os Centros de Refer\u00eancia Especializado em Assist\u00eancia Social (CREAS), a avalia\u00e7\u00e3o da\u00a0 situa\u00e7\u00e3o de vulnerabilidade e ou risco social, recomendando a inclus\u00e3o no programa.<\/div>\n<div>O descumprimento das exig\u00eancias pelo benefici\u00e1rio resultar\u00e1 em reavalia\u00e7\u00e3o da perman\u00eancia no programa. Os desligamentos ser\u00e3o imediatamente comunicados a Comiss\u00e3o Interprote\u00e7\u00f5es, com parecer t\u00e9cnico. A vaga poder\u00e1 ser preenchida a qualquer tempo, ficando o per\u00edodo de perman\u00eancia condicionado a vig\u00eancia do programa.<\/div>\n<div>O Programa &#8216;Minha Chance Jovem&#8221; ter\u00e1 vig\u00eancia vinculada \u00e0 dura\u00e7\u00e3o do estado de calamidade p\u00fablica provocado pela pandemia da Covid-19. &#8220;Atrav\u00e9s de um diagn\u00f3stico, estamos criando o programa para tirar as pessoas da condi\u00e7\u00e3o de vulnerabilidade social, tirar elas das ruas, oferecer emprego, qualifica\u00e7\u00e3o, melhor qualidade de vida e um futuro melhor&#8221;, garantiu o prefeito.<\/div>\n<div>Al\u00e9m do aux\u00edlio de R$ 300,00, mensais, os adolescentes e suas fam\u00edlias ter\u00e3o atendimento priorit\u00e1rio no SUS, poder\u00e3o participar de cursos de qualifica\u00e7\u00e3o, inclusive com transporte gratuito, podendo ser encaminhados para as vagas de aprendizagem, por meio de conv\u00eanios com empresas parceiras, al\u00e9m de oficinas e atividades esportivas e culturais, como aulas de acordeon, viol\u00e3o, atletismo, basquete, capoeira, ciclismo, dama, futebol e gin\u00e1stica, por exemplo.<\/div>\n<div>As crian\u00e7as e adolescentes, em situa\u00e7\u00e3o de trabalho infantil, ter\u00e3o prioridade nas a\u00e7\u00f5es de refor\u00e7o escolar nas escolas municipais, que ir\u00e3o ajudar em campanhas informativas \u00e0 popula\u00e7\u00e3o.<\/div>\n<div>O projeto de lei que institui o programa foi encaminhado para a C\u00e2mara Municipal, em regime de urg\u00eancia, para a vota\u00e7\u00e3o dos vereadores na pr\u00f3xima ter\u00e7a-feira (28).<\/div>\n","protected":false},"excerpt":{"rendered":"<p>Os adolescentes que trabalham na rua e est\u00e3o em vulnerabilidade social, ser\u00e3o atendidos pelo programa Foi lan\u00e7ado nesta sexta-feira (24), o programa &#8220;Minha Chance Jovem&#8221;, pela<span class=\"excerpt-hellip\"> [\u2026]<\/span><\/p>\n","protected":false},"author":7,"featured_media":18652,"comment_status":"open","ping_status":"open","sticky":false,"template":"","format":"standard","meta":{"_jetpack_memberships_contains_paid_content":false,"footnotes":"","jetpack_publicize_message":"","jetpack_publicize_feature_enabled":true,"jetpack_social_post_already_shared":false,"jetpack_social_options":{"image_generator_settings":{"template":"highway","default_image_id":0,"enabled":false},"version":2}},"categories":[28,44],"tags":[],"class_list":["post-19848","post","type-post","status-publish","format-standard","has-post-thumbnail","hentry","category-cotidiano","category-noticias"],"yoast_head":"<!-- This site is optimized with the Yoast SEO plugin v25.6 - https:\/\/yoast.com\/wordpress\/plugins\/seo\/ -->\n<title>Ap\u00f3s estudo sobre trabalho infantil, &#039;Minha chance jovem&#039; \u00e9 lan\u00e7ado - VerdadeOn<\/title>\n<meta name=\"robots\" content=\"index, follow, max-snippet:-1, max-image-preview:large, max-video-preview:-1\" \/>\n<link rel=\"canonical\" href=\"https:\/\/verdadeon.com.br\/portal\/2021\/09\/24\/apos-estudo-sobre-trabalho-infantil-minha-chance-jovem-e-lancado\/\" \/>\n<meta property=\"og:locale\" content=\"pt_BR\" \/>\n<meta property=\"og:type\" content=\"article\" \/>\n<meta property=\"og:title\" content=\"Ap\u00f3s estudo sobre trabalho infantil, &#039;Minha chance jovem&#039; \u00e9 lan\u00e7ado - VerdadeOn\" \/>\n<meta property=\"og:description\" content=\"Os adolescentes que trabalham na rua e est\u00e3o em vulnerabilidade social, ser\u00e3o atendidos pelo programa Foi lan\u00e7ado nesta sexta-feira (24), o programa &#8220;Minha Chance Jovem&#8221;, pela [\u2026]\" \/>\n<meta property=\"og:url\" content=\"https:\/\/verdadeon.com.br\/portal\/2021\/09\/24\/apos-estudo-sobre-trabalho-infantil-minha-chance-jovem-e-lancado\/\" \/>\n<meta property=\"og:site_name\" content=\"VerdadeOn\" \/>\n<meta property=\"article:published_time\" content=\"2021-09-24T21:09:12+00:00\" \/>\n<meta property=\"og:image\" content=\"https:\/\/verdadeon.com.br\/portal\/wp-content\/uploads\/2021\/08\/TRABALHO-INFANTIL-AVENIDA-MAJOR-NICACIO-COM-PRESIDENTE-VARGAS-FOTO-JORNAL-VERDADE.jpeg\" \/>\n\t<meta property=\"og:image:width\" content=\"1000\" \/>\n\t<meta property=\"og:image:height\" content=\"670\" \/>\n\t<meta property=\"og:image:type\" content=\"image\/jpeg\" \/>\n<meta name=\"author\" content=\"Fernando Lima\" \/>\n<meta name=\"twitter:card\" content=\"summary_large_image\" \/>\n<meta name=\"twitter:label1\" content=\"Escrito por\" \/>\n\t<meta name=\"twitter:data1\" content=\"Fernando Lima\" \/>\n\t<meta name=\"twitter:label2\" content=\"Est. tempo de leitura\" \/>\n\t<meta name=\"twitter:data2\" content=\"3 minutos\" \/>\n<script type=\"application\/ld+json\" class=\"yoast-schema-graph\">{\"@context\":\"https:\/\/schema.org\",\"@graph\":[{\"@type\":\"WebPage\",\"@id\":\"https:\/\/verdadeon.com.br\/portal\/2021\/09\/24\/apos-estudo-sobre-trabalho-infantil-minha-chance-jovem-e-lancado\/\",\"url\":\"https:\/\/verdadeon.com.br\/portal\/2021\/09\/24\/apos-estudo-sobre-trabalho-infantil-minha-chance-jovem-e-lancado\/\",\"name\":\"Ap\u00f3s estudo sobre trabalho infantil, 'Minha chance jovem' \u00e9 lan\u00e7ado - VerdadeOn\",\"isPartOf\":{\"@id\":\"https:\/\/verdadeon.com.br\/portal\/#website\"},\"primaryImageOfPage\":{\"@id\":\"https:\/\/verdadeon.com.br\/portal\/2021\/09\/24\/apos-estudo-sobre-trabalho-infantil-minha-chance-jovem-e-lancado\/#primaryimage\"},\"image\":{\"@id\":\"https:\/\/verdadeon.com.br\/portal\/2021\/09\/24\/apos-estudo-sobre-trabalho-infantil-minha-chance-jovem-e-lancado\/#primaryimage\"},\"thumbnailUrl\":\"https:\/\/i0.wp.com\/verdadeon.com.br\/portal\/wp-content\/uploads\/2021\/08\/TRABALHO-INFANTIL-AVENIDA-MAJOR-NICACIO-COM-PRESIDENTE-VARGAS-FOTO-JORNAL-VERDADE.jpeg?fit=1000%2C670&ssl=1\",\"datePublished\":\"2021-09-24T21:09:12+00:00\",\"author\":{\"@id\":\"https:\/\/verdadeon.com.br\/portal\/#\/schema\/person\/cc32be22b8e8599387c480bc83e1d11a\"},\"breadcrumb\":{\"@id\":\"https:\/\/verdadeon.com.br\/portal\/2021\/09\/24\/apos-estudo-sobre-trabalho-infantil-minha-chance-jovem-e-lancado\/#breadcrumb\"},\"inLanguage\":\"pt-BR\",\"potentialAction\":[{\"@type\":\"ReadAction\",\"target\":[\"https:\/\/verdadeon.com.br\/portal\/2021\/09\/24\/apos-estudo-sobre-trabalho-infantil-minha-chance-jovem-e-lancado\/\"]}]},{\"@type\":\"ImageObject\",\"inLanguage\":\"pt-BR\",\"@id\":\"https:\/\/verdadeon.com.br\/portal\/2021\/09\/24\/apos-estudo-sobre-trabalho-infantil-minha-chance-jovem-e-lancado\/#primaryimage\",\"url\":\"https:\/\/i0.wp.com\/verdadeon.com.br\/portal\/wp-content\/uploads\/2021\/08\/TRABALHO-INFANTIL-AVENIDA-MAJOR-NICACIO-COM-PRESIDENTE-VARGAS-FOTO-JORNAL-VERDADE.jpeg?fit=1000%2C670&ssl=1\",\"contentUrl\":\"https:\/\/i0.wp.com\/verdadeon.com.br\/portal\/wp-content\/uploads\/2021\/08\/TRABALHO-INFANTIL-AVENIDA-MAJOR-NICACIO-COM-PRESIDENTE-VARGAS-FOTO-JORNAL-VERDADE.jpeg?fit=1000%2C670&ssl=1\",\"width\":1000,\"height\":670,\"caption\":\"Adolescente aborda motoristas em sem\u00e1foro entre as Avenidas Major Nic\u00e1cio e Presidente Vargas | Foto: Jornal Verdade\"},{\"@type\":\"BreadcrumbList\",\"@id\":\"https:\/\/verdadeon.com.br\/portal\/2021\/09\/24\/apos-estudo-sobre-trabalho-infantil-minha-chance-jovem-e-lancado\/#breadcrumb\",\"itemListElement\":[{\"@type\":\"ListItem\",\"position\":1,\"name\":\"In\u00edcio\",\"item\":\"https:\/\/verdadeon.com.br\/portal\/\"},{\"@type\":\"ListItem\",\"position\":2,\"name\":\"Ap\u00f3s estudo sobre trabalho infantil, &#8216;Minha chance jovem&#8217; \u00e9 lan\u00e7ado\"}]},{\"@type\":\"WebSite\",\"@id\":\"https:\/\/verdadeon.com.br\/portal\/#website\",\"url\":\"https:\/\/verdadeon.com.br\/portal\/\",\"name\":\"VerdadeOn\",\"description\":\"Not\u00edcias di\u00e1rias sobre Franca, Regi\u00e3o, Esporte, Cultura, Cotidiano, Colunas. Cobertura nos principais eventos da cidade \u00e9 aqui - Verdadeon Franca\",\"potentialAction\":[{\"@type\":\"SearchAction\",\"target\":{\"@type\":\"EntryPoint\",\"urlTemplate\":\"https:\/\/verdadeon.com.br\/portal\/?s={search_term_string}\"},\"query-input\":{\"@type\":\"PropertyValueSpecification\",\"valueRequired\":true,\"valueName\":\"search_term_string\"}}],\"inLanguage\":\"pt-BR\"},{\"@type\":\"Person\",\"@id\":\"https:\/\/verdadeon.com.br\/portal\/#\/schema\/person\/cc32be22b8e8599387c480bc83e1d11a\",\"name\":\"Fernando Lima\",\"image\":{\"@type\":\"ImageObject\",\"inLanguage\":\"pt-BR\",\"@id\":\"https:\/\/verdadeon.com.br\/portal\/#\/schema\/person\/image\/\",\"url\":\"https:\/\/secure.gravatar.com\/avatar\/df4c8e132080d2b3a4841d5d232045464e0eed11a1d6e43115ca0843d48768d3?s=96&d=mm&r=g\",\"contentUrl\":\"https:\/\/secure.gravatar.com\/avatar\/df4c8e132080d2b3a4841d5d232045464e0eed11a1d6e43115ca0843d48768d3?s=96&d=mm&r=g\",\"caption\":\"Fernando Lima\"},\"sameAs\":[\"http:\/\/verdadeon.com.br\/\"],\"url\":\"https:\/\/verdadeon.com.br\/portal\/author\/fernando-lima\/\"}]}<\/script>\n<!-- \/ Yoast SEO plugin. -->","yoast_head_json":{"title":"Ap\u00f3s estudo sobre trabalho infantil, 'Minha chance jovem' \u00e9 lan\u00e7ado - VerdadeOn","robots":{"index":"index","follow":"follow","max-snippet":"max-snippet:-1","max-image-preview":"max-image-preview:large","max-video-preview":"max-video-preview:-1"},"canonical":"https:\/\/verdadeon.com.br\/portal\/2021\/09\/24\/apos-estudo-sobre-trabalho-infantil-minha-chance-jovem-e-lancado\/","og_locale":"pt_BR","og_type":"article","og_title":"Ap\u00f3s estudo sobre trabalho infantil, 'Minha chance jovem' \u00e9 lan\u00e7ado - VerdadeOn","og_description":"Os adolescentes que trabalham na rua e est\u00e3o em vulnerabilidade social, ser\u00e3o atendidos pelo programa Foi lan\u00e7ado nesta sexta-feira (24), o programa &#8220;Minha Chance Jovem&#8221;, pela [\u2026]","og_url":"https:\/\/verdadeon.com.br\/portal\/2021\/09\/24\/apos-estudo-sobre-trabalho-infantil-minha-chance-jovem-e-lancado\/","og_site_name":"VerdadeOn","article_published_time":"2021-09-24T21:09:12+00:00","og_image":[{"width":1000,"height":670,"url":"https:\/\/verdadeon.com.br\/portal\/wp-content\/uploads\/2021\/08\/TRABALHO-INFANTIL-AVENIDA-MAJOR-NICACIO-COM-PRESIDENTE-VARGAS-FOTO-JORNAL-VERDADE.jpeg","type":"image\/jpeg"}],"author":"Fernando Lima","twitter_card":"summary_large_image","twitter_misc":{"Escrito por":"Fernando Lima","Est. tempo de leitura":"3 minutos"},"schema":{"@context":"https:\/\/schema.org","@graph":[{"@type":"WebPage","@id":"https:\/\/verdadeon.com.br\/portal\/2021\/09\/24\/apos-estudo-sobre-trabalho-infantil-minha-chance-jovem-e-lancado\/","url":"https:\/\/verdadeon.com.br\/portal\/2021\/09\/24\/apos-estudo-sobre-trabalho-infantil-minha-chance-jovem-e-lancado\/","name":"Ap\u00f3s estudo sobre trabalho infantil, 'Minha chance jovem' \u00e9 lan\u00e7ado - VerdadeOn","isPartOf":{"@id":"https:\/\/verdadeon.com.br\/portal\/#website"},"primaryImageOfPage":{"@id":"https:\/\/verdadeon.com.br\/portal\/2021\/09\/24\/apos-estudo-sobre-trabalho-infantil-minha-chance-jovem-e-lancado\/#primaryimage"},"image":{"@id":"https:\/\/verdadeon.com.br\/portal\/2021\/09\/24\/apos-estudo-sobre-trabalho-infantil-minha-chance-jovem-e-lancado\/#primaryimage"},"thumbnailUrl":"https:\/\/i0.wp.com\/verdadeon.com.br\/portal\/wp-content\/uploads\/2021\/08\/TRABALHO-INFANTIL-AVENIDA-MAJOR-NICACIO-COM-PRESIDENTE-VARGAS-FOTO-JORNAL-VERDADE.jpeg?fit=1000%2C670&ssl=1","datePublished":"2021-09-24T21:09:12+00:00","author":{"@id":"https:\/\/verdadeon.com.br\/portal\/#\/schema\/person\/cc32be22b8e8599387c480bc83e1d11a"},"breadcrumb":{"@id":"https:\/\/verdadeon.com.br\/portal\/2021\/09\/24\/apos-estudo-sobre-trabalho-infantil-minha-chance-jovem-e-lancado\/#breadcrumb"},"inLanguage":"pt-BR","potentialAction":[{"@type":"ReadAction","target":["https:\/\/verdadeon.com.br\/portal\/2021\/09\/24\/apos-estudo-sobre-trabalho-infantil-minha-chance-jovem-e-lancado\/"]}]},{"@type":"ImageObject","inLanguage":"pt-BR","@id":"https:\/\/verdadeon.com.br\/portal\/2021\/09\/24\/apos-estudo-sobre-trabalho-infantil-minha-chance-jovem-e-lancado\/#primaryimage","url":"https:\/\/i0.wp.com\/verdadeon.com.br\/portal\/wp-content\/uploads\/2021\/08\/TRABALHO-INFANTIL-AVENIDA-MAJOR-NICACIO-COM-PRESIDENTE-VARGAS-FOTO-JORNAL-VERDADE.jpeg?fit=1000%2C670&ssl=1","contentUrl":"https:\/\/i0.wp.com\/verdadeon.com.br\/portal\/wp-content\/uploads\/2021\/08\/TRABALHO-INFANTIL-AVENIDA-MAJOR-NICACIO-COM-PRESIDENTE-VARGAS-FOTO-JORNAL-VERDADE.jpeg?fit=1000%2C670&ssl=1","width":1000,"height":670,"caption":"Adolescente aborda motoristas em sem\u00e1foro entre as Avenidas Major Nic\u00e1cio e Presidente Vargas | Foto: Jornal Verdade"},{"@type":"BreadcrumbList","@id":"https:\/\/verdadeon.com.br\/portal\/2021\/09\/24\/apos-estudo-sobre-trabalho-infantil-minha-chance-jovem-e-lancado\/#breadcrumb","itemListElement":[{"@type":"ListItem","position":1,"name":"In\u00edcio","item":"https:\/\/verdadeon.com.br\/portal\/"},{"@type":"ListItem","position":2,"name":"Ap\u00f3s estudo sobre trabalho infantil, &#8216;Minha chance jovem&#8217; \u00e9 lan\u00e7ado"}]},{"@type":"WebSite","@id":"https:\/\/verdadeon.com.br\/portal\/#website","url":"https:\/\/verdadeon.com.br\/portal\/","name":"VerdadeOn","description":"Not\u00edcias di\u00e1rias sobre Franca, Regi\u00e3o, Esporte, Cultura, Cotidiano, Colunas. Cobertura nos principais eventos da cidade \u00e9 aqui - Verdadeon Franca","potentialAction":[{"@type":"SearchAction","target":{"@type":"EntryPoint","urlTemplate":"https:\/\/verdadeon.com.br\/portal\/?s={search_term_string}"},"query-input":{"@type":"PropertyValueSpecification","valueRequired":true,"valueName":"search_term_string"}}],"inLanguage":"pt-BR"},{"@type":"Person","@id":"https:\/\/verdadeon.com.br\/portal\/#\/schema\/person\/cc32be22b8e8599387c480bc83e1d11a","name":"Fernando Lima","image":{"@type":"ImageObject","inLanguage":"pt-BR","@id":"https:\/\/verdadeon.com.br\/portal\/#\/schema\/person\/image\/","url":"https:\/\/secure.gravatar.com\/avatar\/df4c8e132080d2b3a4841d5d232045464e0eed11a1d6e43115ca0843d48768d3?s=96&d=mm&r=g","contentUrl":"https:\/\/secure.gravatar.com\/avatar\/df4c8e132080d2b3a4841d5d232045464e0eed11a1d6e43115ca0843d48768d3?s=96&d=mm&r=g","caption":"Fernando Lima"},"sameAs":["http:\/\/verdadeon.com.br\/"],"url":"https:\/\/verdadeon.com.br\/portal\/author\/fernando-lima\/"}]}},"jetpack_publicize_connections":[],"jetpack_featured_media_url":"https:\/\/i0.wp.com\/verdadeon.com.br\/portal\/wp-content\/uploads\/2021\/08\/TRABALHO-INFANTIL-AVENIDA-MAJOR-NICACIO-COM-PRESIDENTE-VARGAS-FOTO-JORNAL-VERDADE.jpeg?fit=1000%2C670&ssl=1","jetpack_sharing_enabled":true,"_links":{"self":[{"href":"https:\/\/verdadeon.com.br\/portal\/wp-json\/wp\/v2\/posts\/19848","targetHints":{"allow":["GET"]}}],"collection":[{"href":"https:\/\/verdadeon.com.br\/portal\/wp-json\/wp\/v2\/posts"}],"about":[{"href":"https:\/\/verdadeon.com.br\/portal\/wp-json\/wp\/v2\/types\/post"}],"author":[{"embeddable":true,"href":"https:\/\/verdadeon.com.br\/portal\/wp-json\/wp\/v2\/users\/7"}],"replies":[{"embeddable":true,"href":"https:\/\/verdadeon.com.br\/portal\/wp-json\/wp\/v2\/comments?post=19848"}],"version-history":[{"count":0,"href":"https:\/\/verdadeon.com.br\/portal\/wp-json\/wp\/v2\/posts\/19848\/revisions"}],"wp:featuredmedia":[{"embeddable":true,"href":"https:\/\/verdadeon.com.br\/portal\/wp-json\/wp\/v2\/media\/18652"}],"wp:attachment":[{"href":"https:\/\/verdadeon.com.br\/portal\/wp-json\/wp\/v2\/media?parent=19848"}],"wp:term":[{"taxonomy":"category","embeddable":true,"href":"https:\/\/verdadeon.com.br\/portal\/wp-json\/wp\/v2\/categories?post=19848"},{"taxonomy":"post_tag","embeddable":true,"href":"https:\/\/verdadeon.com.br\/portal\/wp-json\/wp\/v2\/tags?post=19848"}],"curies":[{"name":"wp","href":"https:\/\/api.w.org\/{rel}","templated":true}]}}