{"id":19844,"date":"2021-09-24T17:12:26","date_gmt":"2021-09-24T20:12:26","guid":{"rendered":"https:\/\/verdadeon.com.br\/portal\/?p=19844"},"modified":"2021-09-24T17:12:26","modified_gmt":"2021-09-24T20:12:26","slug":"ituverava-decreta-racionamento-de-agua-por-30-dias","status":"publish","type":"post","link":"https:\/\/verdadeon.com.br\/portal\/2021\/09\/24\/ituverava-decreta-racionamento-de-agua-por-30-dias\/","title":{"rendered":"Ituverava decreta racionamento de \u00e1gua por 30 dias"},"content":{"rendered":"<h2>De acordo com a Prefeitura, Rio do Carmo que abastece a cidade, teve uma redu\u00e7\u00e3o de cerca de 80% do seu volume<\/h2>\n<p>A Prefeitura de Ituverava na regi\u00e3o de Franca, confirmou na tarde desta sexta-feira (24), que vai adotar racionamento de \u00e1gua por um m\u00eas, a medida tem in\u00edcio na pr\u00f3xima quinta-feira (30), e segue at\u00e9 o dia 30 de outubro.<\/p>\n<p>A cidade foi dividida em dois setores, que ter\u00e3o o abastecimento cortado das 13h at\u00e9 \u00e0s 17h, dia sim e dia n\u00e3o.<\/p>\n<p>Nos dias pares a \u00e1gua ser\u00e1 cortada nos bairros Esta\u00e7\u00e3o; Parque do Trevo; Jardim Modelo; Cidade Universit\u00e1ria; Tropical I e II; Parque das Andorinhas; Guanabara I, II, III, IV e Carminha Sandoval. Segundo a Prefeitura eles s\u00e3o abastecidos pelos reservat\u00f3rios da Esta\u00e7\u00e3o, Tropical e Guanabara.<\/p>\n<p>J\u00e1 nos dias \u00edmpares, o corte acontece nos bairros Marajoara; Benedito Trajano; Cohab; Cecap; Vila Celina; Nosso Teto; Dr. L\u00facio; Jardim Primavera; Parque das Na\u00e7\u00f5es; Centro; Jardim Independ\u00eancia; Vila Beatriz; Largo do Ros\u00e1rio; Vila S\u00e3o Jorge e Parque dos Esportes.<\/p>\n<p>A assessoria da Prefeitura de Ituverava informou que 95% do abastecimento da cidade vem do Rio do Carmo, o mesmo j\u00e1 perdeu mais de 80% do seu volume neste ano, o que deixa a cidade em situa\u00e7\u00e3o cr\u00edtica.<\/p>\n<p>Ainda assim as multas por desperd\u00edcio de \u00e1gua n\u00e3o ser\u00e3o aplicadas na cidade, o Executivo aposta em campanhas de conscientiza\u00e7\u00e3o sobre o uso.<\/p>\n<h4>Franca<\/h4>\n<p>Nesta sexta-feira (24), Franca entrou no s\u00e9timo dia do modelo de tr\u00eas blocos de racionamento de \u00e1gua, que teve in\u00edcio no \u00faltimo dia 18 de setembro. A cidade permanece dividida em blocos A, B e C, sendo que cada um tem o corte no fornecimento por 24h e segue com abastecimento por 48h.<\/p>\n<p>Confira os bairros onde vai faltar \u00e1gua neste s\u00e1bado (25), em Franca:<\/p>\n<p>Ab\u00edlio Nogueira, Aeroporto II, \u00c2ngela Rosa, Anita, Avia\u00e7\u00e3o, Bonsucesso, Bosque dos Angicos, Brasil\u00e2ndia, Castelo Soberano, Ch\u00e1c. Engenho Queimado, Ch\u00e1c. S\u00e3o Paulo, Ch\u00e1caras Espariado, Continental, Derm\u00ednio, Eldorado, Elimar I, Elimar II, Elisa, Engenho Queimado, Flamboyant, Franca Garden, Gramados I, Gramados II, Irineu Zanette, Jacintho Nery, Jd. S\u00e3o Paulo Hemrique, Jos\u00e9 de Carlos, Jovita de Melo, Leporace 3, L\u00edbano, Mar\u00edlia, Martins, No\u00eamia, Palermo, Palermo City, Palma, Palmeiras, Pandolfo, Panorama, parte Beth\u00e2nia, parte Bueno, parte Colina do Espraiado, Parte do Aeroporto I, parte Itapu\u00e3, parte Jd. S\u00e3o Luiz, parte Jo\u00e3o Liporoni, parte Leporace 1, parte No\u00eamia, parte Primo Meneghetti I, Parte Primo Meneghetti II, parte S\u00e3o Joaquim, parte Semin\u00e1rio, parte Sta. Helena, parte Sta. L\u00facia, parte Sta. Rita, parte Sto. Agostinho, parte Vila Izabel, Paulista, Paulistano, Paulo Archetti, Pedigoni, Pinheiro 1, Pinheiro 2, Piratininga, Polo Clube, Polo Ind. Amazonas, Portinari, Pq. Alvorada, prol Fl\u00f3rida, Prol. \u00c2ngela Rosa, prol. \u00c9den, prol. Elimar, Pulicano, Quinta D\u2019Oeste, Rec. Felicidade, Res. J\u00falio D\u2019\u00c9lia, Res. S\u00e3o Paulo, Residencial Dourados, Rezende, Riviera, Samello IV, Santa Barb\u00e1ra, Santa Clara, S\u00e3o Francisco, S\u00e3o Gabriel, S\u00e3o Sebasti\u00e3o, S\u00e3o Vicente, Scarabucci, Sinsa\u00fade, Sta. Efig\u00eania, Sta. Em\u00edlia, Sta. Hilda, Sta. Maria, Sumar\u00e9, Tangar\u00e1, Tr\u00eas Colinas., Vera Cruz 3, Vila Aparecida, Vila Conquista, Vila H\u00edpica, Vila Real, Vila Sta. Cruz, Vit\u00f3ria R\u00e9gia, Zanette.<\/p>\n","protected":false},"excerpt":{"rendered":"<p>De acordo com a Prefeitura, Rio do Carmo que abastece a cidade, teve uma redu\u00e7\u00e3o de cerca de 80% do seu volume A Prefeitura de Ituverava<span class=\"excerpt-hellip\"> [\u2026]<\/span><\/p>\n","protected":false},"author":7,"featured_media":19846,"comment_status":"open","ping_status":"open","sticky":false,"template":"","format":"standard","meta":{"_jetpack_memberships_contains_paid_content":false,"footnotes":"","jetpack_publicize_message":"","jetpack_publicize_feature_enabled":true,"jetpack_social_post_already_shared":false,"jetpack_social_options":{"image_generator_settings":{"template":"highway","default_image_id":0,"enabled":false},"version":2}},"categories":[28,81],"tags":[],"class_list":["post-19844","post","type-post","status-publish","format-standard","has-post-thumbnail","hentry","category-cotidiano","category-manchete"],"yoast_head":"<!-- This site is optimized with the Yoast SEO plugin v25.6 - https:\/\/yoast.com\/wordpress\/plugins\/seo\/ -->\n<title>Ituverava decreta racionamento de \u00e1gua por 30 dias - VerdadeOn<\/title>\n<meta name=\"robots\" content=\"index, follow, max-snippet:-1, max-image-preview:large, max-video-preview:-1\" \/>\n<link rel=\"canonical\" href=\"https:\/\/verdadeon.com.br\/portal\/2021\/09\/24\/ituverava-decreta-racionamento-de-agua-por-30-dias\/\" \/>\n<meta property=\"og:locale\" content=\"pt_BR\" \/>\n<meta property=\"og:type\" content=\"article\" \/>\n<meta property=\"og:title\" content=\"Ituverava decreta racionamento de \u00e1gua por 30 dias - VerdadeOn\" \/>\n<meta property=\"og:description\" content=\"De acordo com a Prefeitura, Rio do Carmo que abastece a cidade, teve uma redu\u00e7\u00e3o de cerca de 80% do seu volume A Prefeitura de Ituverava [\u2026]\" \/>\n<meta property=\"og:url\" content=\"https:\/\/verdadeon.com.br\/portal\/2021\/09\/24\/ituverava-decreta-racionamento-de-agua-por-30-dias\/\" \/>\n<meta property=\"og:site_name\" content=\"VerdadeOn\" \/>\n<meta property=\"article:published_time\" content=\"2021-09-24T20:12:26+00:00\" \/>\n<meta property=\"og:image\" content=\"https:\/\/verdadeon.com.br\/portal\/wp-content\/uploads\/2021\/09\/WhatsApp-Image-2021-09-22-at-16.24.21-e1632513871685.jpeg\" \/>\n\t<meta property=\"og:image:width\" content=\"1000\" \/>\n\t<meta property=\"og:image:height\" content=\"670\" \/>\n\t<meta property=\"og:image:type\" content=\"image\/jpeg\" \/>\n<meta name=\"author\" content=\"Fernando Lima\" \/>\n<meta name=\"twitter:card\" content=\"summary_large_image\" \/>\n<meta name=\"twitter:label1\" content=\"Escrito por\" \/>\n\t<meta name=\"twitter:data1\" content=\"Fernando Lima\" \/>\n\t<meta name=\"twitter:label2\" content=\"Est. tempo de leitura\" \/>\n\t<meta name=\"twitter:data2\" content=\"3 minutos\" \/>\n<script type=\"application\/ld+json\" class=\"yoast-schema-graph\">{\"@context\":\"https:\/\/schema.org\",\"@graph\":[{\"@type\":\"WebPage\",\"@id\":\"https:\/\/verdadeon.com.br\/portal\/2021\/09\/24\/ituverava-decreta-racionamento-de-agua-por-30-dias\/\",\"url\":\"https:\/\/verdadeon.com.br\/portal\/2021\/09\/24\/ituverava-decreta-racionamento-de-agua-por-30-dias\/\",\"name\":\"Ituverava decreta racionamento de \u00e1gua por 30 dias - VerdadeOn\",\"isPartOf\":{\"@id\":\"https:\/\/verdadeon.com.br\/portal\/#website\"},\"primaryImageOfPage\":{\"@id\":\"https:\/\/verdadeon.com.br\/portal\/2021\/09\/24\/ituverava-decreta-racionamento-de-agua-por-30-dias\/#primaryimage\"},\"image\":{\"@id\":\"https:\/\/verdadeon.com.br\/portal\/2021\/09\/24\/ituverava-decreta-racionamento-de-agua-por-30-dias\/#primaryimage\"},\"thumbnailUrl\":\"https:\/\/i0.wp.com\/verdadeon.com.br\/portal\/wp-content\/uploads\/2021\/09\/WhatsApp-Image-2021-09-22-at-16.24.21-e1632513871685.jpeg?fit=1000%2C670&ssl=1\",\"datePublished\":\"2021-09-24T20:12:26+00:00\",\"author\":{\"@id\":\"https:\/\/verdadeon.com.br\/portal\/#\/schema\/person\/cc32be22b8e8599387c480bc83e1d11a\"},\"breadcrumb\":{\"@id\":\"https:\/\/verdadeon.com.br\/portal\/2021\/09\/24\/ituverava-decreta-racionamento-de-agua-por-30-dias\/#breadcrumb\"},\"inLanguage\":\"pt-BR\",\"potentialAction\":[{\"@type\":\"ReadAction\",\"target\":[\"https:\/\/verdadeon.com.br\/portal\/2021\/09\/24\/ituverava-decreta-racionamento-de-agua-por-30-dias\/\"]}]},{\"@type\":\"ImageObject\",\"inLanguage\":\"pt-BR\",\"@id\":\"https:\/\/verdadeon.com.br\/portal\/2021\/09\/24\/ituverava-decreta-racionamento-de-agua-por-30-dias\/#primaryimage\",\"url\":\"https:\/\/i0.wp.com\/verdadeon.com.br\/portal\/wp-content\/uploads\/2021\/09\/WhatsApp-Image-2021-09-22-at-16.24.21-e1632513871685.jpeg?fit=1000%2C670&ssl=1\",\"contentUrl\":\"https:\/\/i0.wp.com\/verdadeon.com.br\/portal\/wp-content\/uploads\/2021\/09\/WhatsApp-Image-2021-09-22-at-16.24.21-e1632513871685.jpeg?fit=1000%2C670&ssl=1\",\"width\":1000,\"height\":670,\"caption\":\"Rio do Carmo que abastece a cidade perdeu 80% do seu volume | Foto: Prefeitura de Ituverava\"},{\"@type\":\"BreadcrumbList\",\"@id\":\"https:\/\/verdadeon.com.br\/portal\/2021\/09\/24\/ituverava-decreta-racionamento-de-agua-por-30-dias\/#breadcrumb\",\"itemListElement\":[{\"@type\":\"ListItem\",\"position\":1,\"name\":\"In\u00edcio\",\"item\":\"https:\/\/verdadeon.com.br\/portal\/\"},{\"@type\":\"ListItem\",\"position\":2,\"name\":\"Ituverava decreta racionamento de \u00e1gua por 30 dias\"}]},{\"@type\":\"WebSite\",\"@id\":\"https:\/\/verdadeon.com.br\/portal\/#website\",\"url\":\"https:\/\/verdadeon.com.br\/portal\/\",\"name\":\"VerdadeOn\",\"description\":\"Not\u00edcias di\u00e1rias sobre Franca, Regi\u00e3o, Esporte, Cultura, Cotidiano, Colunas. Cobertura nos principais eventos da cidade \u00e9 aqui - Verdadeon Franca\",\"potentialAction\":[{\"@type\":\"SearchAction\",\"target\":{\"@type\":\"EntryPoint\",\"urlTemplate\":\"https:\/\/verdadeon.com.br\/portal\/?s={search_term_string}\"},\"query-input\":{\"@type\":\"PropertyValueSpecification\",\"valueRequired\":true,\"valueName\":\"search_term_string\"}}],\"inLanguage\":\"pt-BR\"},{\"@type\":\"Person\",\"@id\":\"https:\/\/verdadeon.com.br\/portal\/#\/schema\/person\/cc32be22b8e8599387c480bc83e1d11a\",\"name\":\"Fernando Lima\",\"image\":{\"@type\":\"ImageObject\",\"inLanguage\":\"pt-BR\",\"@id\":\"https:\/\/verdadeon.com.br\/portal\/#\/schema\/person\/image\/\",\"url\":\"https:\/\/secure.gravatar.com\/avatar\/df4c8e132080d2b3a4841d5d232045464e0eed11a1d6e43115ca0843d48768d3?s=96&d=mm&r=g\",\"contentUrl\":\"https:\/\/secure.gravatar.com\/avatar\/df4c8e132080d2b3a4841d5d232045464e0eed11a1d6e43115ca0843d48768d3?s=96&d=mm&r=g\",\"caption\":\"Fernando Lima\"},\"sameAs\":[\"http:\/\/verdadeon.com.br\/\"],\"url\":\"https:\/\/verdadeon.com.br\/portal\/author\/fernando-lima\/\"}]}<\/script>\n<!-- \/ Yoast SEO plugin. -->","yoast_head_json":{"title":"Ituverava decreta racionamento de \u00e1gua por 30 dias - VerdadeOn","robots":{"index":"index","follow":"follow","max-snippet":"max-snippet:-1","max-image-preview":"max-image-preview:large","max-video-preview":"max-video-preview:-1"},"canonical":"https:\/\/verdadeon.com.br\/portal\/2021\/09\/24\/ituverava-decreta-racionamento-de-agua-por-30-dias\/","og_locale":"pt_BR","og_type":"article","og_title":"Ituverava decreta racionamento de \u00e1gua por 30 dias - VerdadeOn","og_description":"De acordo com a Prefeitura, Rio do Carmo que abastece a cidade, teve uma redu\u00e7\u00e3o de cerca de 80% do seu volume A Prefeitura de Ituverava [\u2026]","og_url":"https:\/\/verdadeon.com.br\/portal\/2021\/09\/24\/ituverava-decreta-racionamento-de-agua-por-30-dias\/","og_site_name":"VerdadeOn","article_published_time":"2021-09-24T20:12:26+00:00","og_image":[{"width":1000,"height":670,"url":"https:\/\/verdadeon.com.br\/portal\/wp-content\/uploads\/2021\/09\/WhatsApp-Image-2021-09-22-at-16.24.21-e1632513871685.jpeg","type":"image\/jpeg"}],"author":"Fernando Lima","twitter_card":"summary_large_image","twitter_misc":{"Escrito por":"Fernando Lima","Est. tempo de leitura":"3 minutos"},"schema":{"@context":"https:\/\/schema.org","@graph":[{"@type":"WebPage","@id":"https:\/\/verdadeon.com.br\/portal\/2021\/09\/24\/ituverava-decreta-racionamento-de-agua-por-30-dias\/","url":"https:\/\/verdadeon.com.br\/portal\/2021\/09\/24\/ituverava-decreta-racionamento-de-agua-por-30-dias\/","name":"Ituverava decreta racionamento de \u00e1gua por 30 dias - VerdadeOn","isPartOf":{"@id":"https:\/\/verdadeon.com.br\/portal\/#website"},"primaryImageOfPage":{"@id":"https:\/\/verdadeon.com.br\/portal\/2021\/09\/24\/ituverava-decreta-racionamento-de-agua-por-30-dias\/#primaryimage"},"image":{"@id":"https:\/\/verdadeon.com.br\/portal\/2021\/09\/24\/ituverava-decreta-racionamento-de-agua-por-30-dias\/#primaryimage"},"thumbnailUrl":"https:\/\/i0.wp.com\/verdadeon.com.br\/portal\/wp-content\/uploads\/2021\/09\/WhatsApp-Image-2021-09-22-at-16.24.21-e1632513871685.jpeg?fit=1000%2C670&ssl=1","datePublished":"2021-09-24T20:12:26+00:00","author":{"@id":"https:\/\/verdadeon.com.br\/portal\/#\/schema\/person\/cc32be22b8e8599387c480bc83e1d11a"},"breadcrumb":{"@id":"https:\/\/verdadeon.com.br\/portal\/2021\/09\/24\/ituverava-decreta-racionamento-de-agua-por-30-dias\/#breadcrumb"},"inLanguage":"pt-BR","potentialAction":[{"@type":"ReadAction","target":["https:\/\/verdadeon.com.br\/portal\/2021\/09\/24\/ituverava-decreta-racionamento-de-agua-por-30-dias\/"]}]},{"@type":"ImageObject","inLanguage":"pt-BR","@id":"https:\/\/verdadeon.com.br\/portal\/2021\/09\/24\/ituverava-decreta-racionamento-de-agua-por-30-dias\/#primaryimage","url":"https:\/\/i0.wp.com\/verdadeon.com.br\/portal\/wp-content\/uploads\/2021\/09\/WhatsApp-Image-2021-09-22-at-16.24.21-e1632513871685.jpeg?fit=1000%2C670&ssl=1","contentUrl":"https:\/\/i0.wp.com\/verdadeon.com.br\/portal\/wp-content\/uploads\/2021\/09\/WhatsApp-Image-2021-09-22-at-16.24.21-e1632513871685.jpeg?fit=1000%2C670&ssl=1","width":1000,"height":670,"caption":"Rio do Carmo que abastece a cidade perdeu 80% do seu volume | Foto: Prefeitura de Ituverava"},{"@type":"BreadcrumbList","@id":"https:\/\/verdadeon.com.br\/portal\/2021\/09\/24\/ituverava-decreta-racionamento-de-agua-por-30-dias\/#breadcrumb","itemListElement":[{"@type":"ListItem","position":1,"name":"In\u00edcio","item":"https:\/\/verdadeon.com.br\/portal\/"},{"@type":"ListItem","position":2,"name":"Ituverava decreta racionamento de \u00e1gua por 30 dias"}]},{"@type":"WebSite","@id":"https:\/\/verdadeon.com.br\/portal\/#website","url":"https:\/\/verdadeon.com.br\/portal\/","name":"VerdadeOn","description":"Not\u00edcias di\u00e1rias sobre Franca, Regi\u00e3o, Esporte, Cultura, Cotidiano, Colunas. Cobertura nos principais eventos da cidade \u00e9 aqui - Verdadeon Franca","potentialAction":[{"@type":"SearchAction","target":{"@type":"EntryPoint","urlTemplate":"https:\/\/verdadeon.com.br\/portal\/?s={search_term_string}"},"query-input":{"@type":"PropertyValueSpecification","valueRequired":true,"valueName":"search_term_string"}}],"inLanguage":"pt-BR"},{"@type":"Person","@id":"https:\/\/verdadeon.com.br\/portal\/#\/schema\/person\/cc32be22b8e8599387c480bc83e1d11a","name":"Fernando Lima","image":{"@type":"ImageObject","inLanguage":"pt-BR","@id":"https:\/\/verdadeon.com.br\/portal\/#\/schema\/person\/image\/","url":"https:\/\/secure.gravatar.com\/avatar\/df4c8e132080d2b3a4841d5d232045464e0eed11a1d6e43115ca0843d48768d3?s=96&d=mm&r=g","contentUrl":"https:\/\/secure.gravatar.com\/avatar\/df4c8e132080d2b3a4841d5d232045464e0eed11a1d6e43115ca0843d48768d3?s=96&d=mm&r=g","caption":"Fernando Lima"},"sameAs":["http:\/\/verdadeon.com.br\/"],"url":"https:\/\/verdadeon.com.br\/portal\/author\/fernando-lima\/"}]}},"jetpack_publicize_connections":[],"jetpack_featured_media_url":"https:\/\/i0.wp.com\/verdadeon.com.br\/portal\/wp-content\/uploads\/2021\/09\/WhatsApp-Image-2021-09-22-at-16.24.21-e1632513871685.jpeg?fit=1000%2C670&ssl=1","jetpack_sharing_enabled":true,"_links":{"self":[{"href":"https:\/\/verdadeon.com.br\/portal\/wp-json\/wp\/v2\/posts\/19844","targetHints":{"allow":["GET"]}}],"collection":[{"href":"https:\/\/verdadeon.com.br\/portal\/wp-json\/wp\/v2\/posts"}],"about":[{"href":"https:\/\/verdadeon.com.br\/portal\/wp-json\/wp\/v2\/types\/post"}],"author":[{"embeddable":true,"href":"https:\/\/verdadeon.com.br\/portal\/wp-json\/wp\/v2\/users\/7"}],"replies":[{"embeddable":true,"href":"https:\/\/verdadeon.com.br\/portal\/wp-json\/wp\/v2\/comments?post=19844"}],"version-history":[{"count":0,"href":"https:\/\/verdadeon.com.br\/portal\/wp-json\/wp\/v2\/posts\/19844\/revisions"}],"wp:featuredmedia":[{"embeddable":true,"href":"https:\/\/verdadeon.com.br\/portal\/wp-json\/wp\/v2\/media\/19846"}],"wp:attachment":[{"href":"https:\/\/verdadeon.com.br\/portal\/wp-json\/wp\/v2\/media?parent=19844"}],"wp:term":[{"taxonomy":"category","embeddable":true,"href":"https:\/\/verdadeon.com.br\/portal\/wp-json\/wp\/v2\/categories?post=19844"},{"taxonomy":"post_tag","embeddable":true,"href":"https:\/\/verdadeon.com.br\/portal\/wp-json\/wp\/v2\/tags?post=19844"}],"curies":[{"name":"wp","href":"https:\/\/api.w.org\/{rel}","templated":true}]}}