{"id":19824,"date":"2021-09-23T19:01:00","date_gmt":"2021-09-23T22:01:00","guid":{"rendered":"https:\/\/verdadeon.com.br\/portal\/?p=19824"},"modified":"2021-09-23T19:01:00","modified_gmt":"2021-09-23T22:01:00","slug":"escolas-municipais-avancam-fase-e-recebem-maior-porcentagem-de-alunos","status":"publish","type":"post","link":"https:\/\/verdadeon.com.br\/portal\/2021\/09\/23\/escolas-municipais-avancam-fase-e-recebem-maior-porcentagem-de-alunos\/","title":{"rendered":"Escolas municipais avan\u00e7am fase e recebem maior porcentagem de alunos"},"content":{"rendered":"<h2>Terceira etapa do retorno presencial durante a pandemia come\u00e7a na segunda-feira, 27, e ter\u00e1 85% da capacidade liberada<\/h2>\n<p><span style=\"font-weight: 400;\">A Prefeitura de Franca confirmou o come\u00e7o da terceira fase de retorno presencial dos alunos na rede municipal de ensino a partir de segunda-feira, 27. As 56 escolas municipais ser\u00e3o autorizadas a receber porcentagem maior de alunos, mas ainda com respeito a todos os protocolos sanit\u00e1rios de preven\u00e7\u00e3o \u00e0 Covid-19.<\/span><\/p>\n<p><span style=\"font-weight: 400;\">De acordo com a secret\u00e1ria M\u00e1rcia Gatti, a rede passar\u00e1 a receber em torno de 14 mil alunos. Esta \u00e9 a terceira etapa da retomada gradual de forma presencial dos estudantes, que teve in\u00edcio em agosto, com cerca de 5,6 mil estudantes (35%), depois no in\u00edcio deste m\u00eas, com um percentual maior, em torno de 43%, o que representa 8,6 mil alunos, e a partir de segunda-feira, com aproximadamente 14 mil estudantes. O objetivo, considerando que todos os professores foram vacinados, \u00e9 atender a totalidade dos alunos matriculados, respeitando as capacidades de cada unidade escolar.\u00a0<\/span><\/p>\n<p><span style=\"font-weight: 400;\">Considerando as condi\u00e7\u00f5es f\u00edsicas de cada escola, a Secretaria de Educa\u00e7\u00e3o solicitou \u00e0s dire\u00e7\u00f5es das unidades que elaborassem seus planos de trabalho e os mesmos foram aprovados pela Secretaria de Educa\u00e7\u00e3o nesta semana. Com esse cronograma elaborado, considerando a estrutura da escola e o n\u00famero de alunos matriculados, a proje\u00e7\u00e3o \u00e9 acolher, em raz\u00e3o da necessidade do distanciamento f\u00edsico, em torno de 85% dos alunos, presencialmente, havendo nessas situa\u00e7\u00f5es, o atendimento remoto.<\/span><\/p>\n<p><span style=\"font-weight: 400;\">Nesta semana, os pais est\u00e3o sendo orientados pelas equipes escolares sobre a forma de retorno, toda a log\u00edstica de organiza\u00e7\u00e3o e o cronograma das aulas presenciais.\u00a0<\/span><\/p>\n<h4>Decis\u00e3o dos pais<\/h4>\n<p><span style=\"font-weight: 400;\">Nesta terceira etapa da retomada presencial dos estudantes, a Secretaria de Educa\u00e7\u00e3o mant\u00e9m o retorno \u00e0s unidades escolares como opcional para os pais ou respons\u00e1veis. Conforme consta dos planos de trabalho apresentados, todas as unidades estar\u00e3o seguindo os protocolos preventivos, sendo obrigat\u00f3rio o uso de m\u00e1scara, aferi\u00e7\u00e3o da temperatura na entrada, oferta de \u00e1lcool gel, entre outros cuidados.<\/span><\/p>\n<p><span style=\"font-weight: 400;\">Tamb\u00e9m continuar\u00e3o sendo disponibilizadas aos alunos que n\u00e3o retornarem \u00e0s escolas atividades remotas com os professores, obedecendo o Plano de Retomada. Ao todo, a rede municipal conta, atualmente, com cerca de 16,7 mil estudantes matriculados nos Ensinos Infantil e Fundamental.<\/span><\/p>\n<h4>Medidas de Preven\u00e7\u00e3o<\/h4>\n<p><span style=\"font-weight: 400;\">A Secretaria de Educa\u00e7\u00e3o orienta aos pais e respons\u00e1veis, que os estudantes que apresentarem febre ou sintomas de gripe, por cautela n\u00e3o dever\u00e3o ir \u00e0 escola e a fam\u00edlia deve comunicar, imediatamente, ao Comit\u00ea Escolar, a situa\u00e7\u00e3o de sa\u00fade dos filhos, bem como de seus familiares.<\/span><\/p>\n<p><span style=\"font-weight: 400;\">Os dados de sa\u00fade ser\u00e3o registrados no Sistema de Monitoramento da SED (Secretaria Escolar Digital) e a Secretaria de Sa\u00fade ser\u00e1 comunicada.\u00a0<\/span><\/p>\n<p>&nbsp;<\/p>\n","protected":false},"excerpt":{"rendered":"<p>Terceira etapa do retorno presencial durante a pandemia come\u00e7a na segunda-feira, 27, e ter\u00e1 85% da capacidade liberada A Prefeitura de Franca confirmou o come\u00e7o da<span class=\"excerpt-hellip\"> [\u2026]<\/span><\/p>\n","protected":false},"author":12,"featured_media":19826,"comment_status":"open","ping_status":"open","sticky":false,"template":"","format":"standard","meta":{"_jetpack_memberships_contains_paid_content":false,"footnotes":"","jetpack_publicize_message":"","jetpack_publicize_feature_enabled":true,"jetpack_social_post_already_shared":false,"jetpack_social_options":{"image_generator_settings":{"template":"highway","default_image_id":0,"enabled":false},"version":2}},"categories":[28,81],"tags":[],"class_list":["post-19824","post","type-post","status-publish","format-standard","has-post-thumbnail","hentry","category-cotidiano","category-manchete"],"yoast_head":"<!-- This site is optimized with the Yoast SEO plugin v25.6 - https:\/\/yoast.com\/wordpress\/plugins\/seo\/ -->\n<title>Escolas municipais avan\u00e7am fase e recebem maior porcentagem de alunos - VerdadeOn<\/title>\n<meta name=\"robots\" content=\"index, follow, max-snippet:-1, max-image-preview:large, max-video-preview:-1\" \/>\n<link rel=\"canonical\" href=\"https:\/\/verdadeon.com.br\/portal\/2021\/09\/23\/escolas-municipais-avancam-fase-e-recebem-maior-porcentagem-de-alunos\/\" \/>\n<meta property=\"og:locale\" content=\"pt_BR\" \/>\n<meta property=\"og:type\" content=\"article\" \/>\n<meta property=\"og:title\" content=\"Escolas municipais avan\u00e7am fase e recebem maior porcentagem de alunos - VerdadeOn\" \/>\n<meta property=\"og:description\" content=\"Terceira etapa do retorno presencial durante a pandemia come\u00e7a na segunda-feira, 27, e ter\u00e1 85% da capacidade liberada A Prefeitura de Franca confirmou o come\u00e7o da [\u2026]\" \/>\n<meta property=\"og:url\" content=\"https:\/\/verdadeon.com.br\/portal\/2021\/09\/23\/escolas-municipais-avancam-fase-e-recebem-maior-porcentagem-de-alunos\/\" \/>\n<meta property=\"og:site_name\" content=\"VerdadeOn\" \/>\n<meta property=\"article:published_time\" content=\"2021-09-23T22:01:00+00:00\" \/>\n<meta property=\"og:image\" content=\"https:\/\/verdadeon.com.br\/portal\/wp-content\/uploads\/2021\/09\/ESCOLA-MUNICIPAL-RETORNO-NA-PANDEMIA-COM-DISTANCIAMENTO-MASCARA-MEDICAO-DA-TEMPERATURA-FOTO-DIVULGACAO-1-scaled.jpg\" \/>\n\t<meta property=\"og:image:width\" content=\"2560\" \/>\n\t<meta property=\"og:image:height\" content=\"1696\" \/>\n\t<meta property=\"og:image:type\" content=\"image\/jpeg\" \/>\n<meta name=\"author\" content=\"Nelise Luques\" \/>\n<meta name=\"twitter:card\" content=\"summary_large_image\" \/>\n<meta name=\"twitter:label1\" content=\"Escrito por\" \/>\n\t<meta name=\"twitter:data1\" content=\"Nelise Luques\" \/>\n\t<meta name=\"twitter:label2\" content=\"Est. tempo de leitura\" \/>\n\t<meta name=\"twitter:data2\" content=\"2 minutos\" \/>\n<script type=\"application\/ld+json\" class=\"yoast-schema-graph\">{\"@context\":\"https:\/\/schema.org\",\"@graph\":[{\"@type\":\"WebPage\",\"@id\":\"https:\/\/verdadeon.com.br\/portal\/2021\/09\/23\/escolas-municipais-avancam-fase-e-recebem-maior-porcentagem-de-alunos\/\",\"url\":\"https:\/\/verdadeon.com.br\/portal\/2021\/09\/23\/escolas-municipais-avancam-fase-e-recebem-maior-porcentagem-de-alunos\/\",\"name\":\"Escolas municipais avan\u00e7am fase e recebem maior porcentagem de alunos - VerdadeOn\",\"isPartOf\":{\"@id\":\"https:\/\/verdadeon.com.br\/portal\/#website\"},\"primaryImageOfPage\":{\"@id\":\"https:\/\/verdadeon.com.br\/portal\/2021\/09\/23\/escolas-municipais-avancam-fase-e-recebem-maior-porcentagem-de-alunos\/#primaryimage\"},\"image\":{\"@id\":\"https:\/\/verdadeon.com.br\/portal\/2021\/09\/23\/escolas-municipais-avancam-fase-e-recebem-maior-porcentagem-de-alunos\/#primaryimage\"},\"thumbnailUrl\":\"https:\/\/i0.wp.com\/verdadeon.com.br\/portal\/wp-content\/uploads\/2021\/09\/ESCOLA-MUNICIPAL-RETORNO-NA-PANDEMIA-COM-DISTANCIAMENTO-MASCARA-MEDICAO-DA-TEMPERATURA-FOTO-DIVULGACAO-1-scaled.jpg?fit=2560%2C1696&ssl=1\",\"datePublished\":\"2021-09-23T22:01:00+00:00\",\"author\":{\"@id\":\"https:\/\/verdadeon.com.br\/portal\/#\/schema\/person\/8248726d36015c1916636fabb175d972\"},\"breadcrumb\":{\"@id\":\"https:\/\/verdadeon.com.br\/portal\/2021\/09\/23\/escolas-municipais-avancam-fase-e-recebem-maior-porcentagem-de-alunos\/#breadcrumb\"},\"inLanguage\":\"pt-BR\",\"potentialAction\":[{\"@type\":\"ReadAction\",\"target\":[\"https:\/\/verdadeon.com.br\/portal\/2021\/09\/23\/escolas-municipais-avancam-fase-e-recebem-maior-porcentagem-de-alunos\/\"]}]},{\"@type\":\"ImageObject\",\"inLanguage\":\"pt-BR\",\"@id\":\"https:\/\/verdadeon.com.br\/portal\/2021\/09\/23\/escolas-municipais-avancam-fase-e-recebem-maior-porcentagem-de-alunos\/#primaryimage\",\"url\":\"https:\/\/i0.wp.com\/verdadeon.com.br\/portal\/wp-content\/uploads\/2021\/09\/ESCOLA-MUNICIPAL-RETORNO-NA-PANDEMIA-COM-DISTANCIAMENTO-MASCARA-MEDICAO-DA-TEMPERATURA-FOTO-DIVULGACAO-1-scaled.jpg?fit=2560%2C1696&ssl=1\",\"contentUrl\":\"https:\/\/i0.wp.com\/verdadeon.com.br\/portal\/wp-content\/uploads\/2021\/09\/ESCOLA-MUNICIPAL-RETORNO-NA-PANDEMIA-COM-DISTANCIAMENTO-MASCARA-MEDICAO-DA-TEMPERATURA-FOTO-DIVULGACAO-1-scaled.jpg?fit=2560%2C1696&ssl=1\",\"width\":2560,\"height\":1696,\"caption\":\"A partir deste ano, os diretores das escolas municipais ter\u00e3o passar por processo seletivo, que encerra as inscri\u00e7\u00f5es nesta quarta-feira, 12 | Foto: Divulga\u00e7\u00e3o\"},{\"@type\":\"BreadcrumbList\",\"@id\":\"https:\/\/verdadeon.com.br\/portal\/2021\/09\/23\/escolas-municipais-avancam-fase-e-recebem-maior-porcentagem-de-alunos\/#breadcrumb\",\"itemListElement\":[{\"@type\":\"ListItem\",\"position\":1,\"name\":\"In\u00edcio\",\"item\":\"https:\/\/verdadeon.com.br\/portal\/\"},{\"@type\":\"ListItem\",\"position\":2,\"name\":\"Escolas municipais avan\u00e7am fase e recebem maior porcentagem de alunos\"}]},{\"@type\":\"WebSite\",\"@id\":\"https:\/\/verdadeon.com.br\/portal\/#website\",\"url\":\"https:\/\/verdadeon.com.br\/portal\/\",\"name\":\"VerdadeOn\",\"description\":\"Not\u00edcias di\u00e1rias sobre Franca, Regi\u00e3o, Esporte, Cultura, Cotidiano, Colunas. Cobertura nos principais eventos da cidade \u00e9 aqui - Verdadeon Franca\",\"potentialAction\":[{\"@type\":\"SearchAction\",\"target\":{\"@type\":\"EntryPoint\",\"urlTemplate\":\"https:\/\/verdadeon.com.br\/portal\/?s={search_term_string}\"},\"query-input\":{\"@type\":\"PropertyValueSpecification\",\"valueRequired\":true,\"valueName\":\"search_term_string\"}}],\"inLanguage\":\"pt-BR\"},{\"@type\":\"Person\",\"@id\":\"https:\/\/verdadeon.com.br\/portal\/#\/schema\/person\/8248726d36015c1916636fabb175d972\",\"name\":\"Nelise Luques\",\"image\":{\"@type\":\"ImageObject\",\"inLanguage\":\"pt-BR\",\"@id\":\"https:\/\/verdadeon.com.br\/portal\/#\/schema\/person\/image\/\",\"url\":\"https:\/\/secure.gravatar.com\/avatar\/29b2a17f5bcadeb827411b66f48ac13c3e0ecaf5906c0f5745ecc5d41c24eada?s=96&d=mm&r=g\",\"contentUrl\":\"https:\/\/secure.gravatar.com\/avatar\/29b2a17f5bcadeb827411b66f48ac13c3e0ecaf5906c0f5745ecc5d41c24eada?s=96&d=mm&r=g\",\"caption\":\"Nelise Luques\"},\"url\":\"https:\/\/verdadeon.com.br\/portal\/author\/verdade\/\"}]}<\/script>\n<!-- \/ Yoast SEO plugin. -->","yoast_head_json":{"title":"Escolas municipais avan\u00e7am fase e recebem maior porcentagem de alunos - VerdadeOn","robots":{"index":"index","follow":"follow","max-snippet":"max-snippet:-1","max-image-preview":"max-image-preview:large","max-video-preview":"max-video-preview:-1"},"canonical":"https:\/\/verdadeon.com.br\/portal\/2021\/09\/23\/escolas-municipais-avancam-fase-e-recebem-maior-porcentagem-de-alunos\/","og_locale":"pt_BR","og_type":"article","og_title":"Escolas municipais avan\u00e7am fase e recebem maior porcentagem de alunos - VerdadeOn","og_description":"Terceira etapa do retorno presencial durante a pandemia come\u00e7a na segunda-feira, 27, e ter\u00e1 85% da capacidade liberada A Prefeitura de Franca confirmou o come\u00e7o da [\u2026]","og_url":"https:\/\/verdadeon.com.br\/portal\/2021\/09\/23\/escolas-municipais-avancam-fase-e-recebem-maior-porcentagem-de-alunos\/","og_site_name":"VerdadeOn","article_published_time":"2021-09-23T22:01:00+00:00","og_image":[{"width":2560,"height":1696,"url":"https:\/\/verdadeon.com.br\/portal\/wp-content\/uploads\/2021\/09\/ESCOLA-MUNICIPAL-RETORNO-NA-PANDEMIA-COM-DISTANCIAMENTO-MASCARA-MEDICAO-DA-TEMPERATURA-FOTO-DIVULGACAO-1-scaled.jpg","type":"image\/jpeg"}],"author":"Nelise Luques","twitter_card":"summary_large_image","twitter_misc":{"Escrito por":"Nelise Luques","Est. tempo de leitura":"2 minutos"},"schema":{"@context":"https:\/\/schema.org","@graph":[{"@type":"WebPage","@id":"https:\/\/verdadeon.com.br\/portal\/2021\/09\/23\/escolas-municipais-avancam-fase-e-recebem-maior-porcentagem-de-alunos\/","url":"https:\/\/verdadeon.com.br\/portal\/2021\/09\/23\/escolas-municipais-avancam-fase-e-recebem-maior-porcentagem-de-alunos\/","name":"Escolas municipais avan\u00e7am fase e recebem maior porcentagem de alunos - VerdadeOn","isPartOf":{"@id":"https:\/\/verdadeon.com.br\/portal\/#website"},"primaryImageOfPage":{"@id":"https:\/\/verdadeon.com.br\/portal\/2021\/09\/23\/escolas-municipais-avancam-fase-e-recebem-maior-porcentagem-de-alunos\/#primaryimage"},"image":{"@id":"https:\/\/verdadeon.com.br\/portal\/2021\/09\/23\/escolas-municipais-avancam-fase-e-recebem-maior-porcentagem-de-alunos\/#primaryimage"},"thumbnailUrl":"https:\/\/i0.wp.com\/verdadeon.com.br\/portal\/wp-content\/uploads\/2021\/09\/ESCOLA-MUNICIPAL-RETORNO-NA-PANDEMIA-COM-DISTANCIAMENTO-MASCARA-MEDICAO-DA-TEMPERATURA-FOTO-DIVULGACAO-1-scaled.jpg?fit=2560%2C1696&ssl=1","datePublished":"2021-09-23T22:01:00+00:00","author":{"@id":"https:\/\/verdadeon.com.br\/portal\/#\/schema\/person\/8248726d36015c1916636fabb175d972"},"breadcrumb":{"@id":"https:\/\/verdadeon.com.br\/portal\/2021\/09\/23\/escolas-municipais-avancam-fase-e-recebem-maior-porcentagem-de-alunos\/#breadcrumb"},"inLanguage":"pt-BR","potentialAction":[{"@type":"ReadAction","target":["https:\/\/verdadeon.com.br\/portal\/2021\/09\/23\/escolas-municipais-avancam-fase-e-recebem-maior-porcentagem-de-alunos\/"]}]},{"@type":"ImageObject","inLanguage":"pt-BR","@id":"https:\/\/verdadeon.com.br\/portal\/2021\/09\/23\/escolas-municipais-avancam-fase-e-recebem-maior-porcentagem-de-alunos\/#primaryimage","url":"https:\/\/i0.wp.com\/verdadeon.com.br\/portal\/wp-content\/uploads\/2021\/09\/ESCOLA-MUNICIPAL-RETORNO-NA-PANDEMIA-COM-DISTANCIAMENTO-MASCARA-MEDICAO-DA-TEMPERATURA-FOTO-DIVULGACAO-1-scaled.jpg?fit=2560%2C1696&ssl=1","contentUrl":"https:\/\/i0.wp.com\/verdadeon.com.br\/portal\/wp-content\/uploads\/2021\/09\/ESCOLA-MUNICIPAL-RETORNO-NA-PANDEMIA-COM-DISTANCIAMENTO-MASCARA-MEDICAO-DA-TEMPERATURA-FOTO-DIVULGACAO-1-scaled.jpg?fit=2560%2C1696&ssl=1","width":2560,"height":1696,"caption":"A partir deste ano, os diretores das escolas municipais ter\u00e3o passar por processo seletivo, que encerra as inscri\u00e7\u00f5es nesta quarta-feira, 12 | Foto: Divulga\u00e7\u00e3o"},{"@type":"BreadcrumbList","@id":"https:\/\/verdadeon.com.br\/portal\/2021\/09\/23\/escolas-municipais-avancam-fase-e-recebem-maior-porcentagem-de-alunos\/#breadcrumb","itemListElement":[{"@type":"ListItem","position":1,"name":"In\u00edcio","item":"https:\/\/verdadeon.com.br\/portal\/"},{"@type":"ListItem","position":2,"name":"Escolas municipais avan\u00e7am fase e recebem maior porcentagem de alunos"}]},{"@type":"WebSite","@id":"https:\/\/verdadeon.com.br\/portal\/#website","url":"https:\/\/verdadeon.com.br\/portal\/","name":"VerdadeOn","description":"Not\u00edcias di\u00e1rias sobre Franca, Regi\u00e3o, Esporte, Cultura, Cotidiano, Colunas. Cobertura nos principais eventos da cidade \u00e9 aqui - Verdadeon Franca","potentialAction":[{"@type":"SearchAction","target":{"@type":"EntryPoint","urlTemplate":"https:\/\/verdadeon.com.br\/portal\/?s={search_term_string}"},"query-input":{"@type":"PropertyValueSpecification","valueRequired":true,"valueName":"search_term_string"}}],"inLanguage":"pt-BR"},{"@type":"Person","@id":"https:\/\/verdadeon.com.br\/portal\/#\/schema\/person\/8248726d36015c1916636fabb175d972","name":"Nelise Luques","image":{"@type":"ImageObject","inLanguage":"pt-BR","@id":"https:\/\/verdadeon.com.br\/portal\/#\/schema\/person\/image\/","url":"https:\/\/secure.gravatar.com\/avatar\/29b2a17f5bcadeb827411b66f48ac13c3e0ecaf5906c0f5745ecc5d41c24eada?s=96&d=mm&r=g","contentUrl":"https:\/\/secure.gravatar.com\/avatar\/29b2a17f5bcadeb827411b66f48ac13c3e0ecaf5906c0f5745ecc5d41c24eada?s=96&d=mm&r=g","caption":"Nelise Luques"},"url":"https:\/\/verdadeon.com.br\/portal\/author\/verdade\/"}]}},"jetpack_publicize_connections":[],"jetpack_featured_media_url":"https:\/\/i0.wp.com\/verdadeon.com.br\/portal\/wp-content\/uploads\/2021\/09\/ESCOLA-MUNICIPAL-RETORNO-NA-PANDEMIA-COM-DISTANCIAMENTO-MASCARA-MEDICAO-DA-TEMPERATURA-FOTO-DIVULGACAO-1-scaled.jpg?fit=2560%2C1696&ssl=1","jetpack_sharing_enabled":true,"_links":{"self":[{"href":"https:\/\/verdadeon.com.br\/portal\/wp-json\/wp\/v2\/posts\/19824","targetHints":{"allow":["GET"]}}],"collection":[{"href":"https:\/\/verdadeon.com.br\/portal\/wp-json\/wp\/v2\/posts"}],"about":[{"href":"https:\/\/verdadeon.com.br\/portal\/wp-json\/wp\/v2\/types\/post"}],"author":[{"embeddable":true,"href":"https:\/\/verdadeon.com.br\/portal\/wp-json\/wp\/v2\/users\/12"}],"replies":[{"embeddable":true,"href":"https:\/\/verdadeon.com.br\/portal\/wp-json\/wp\/v2\/comments?post=19824"}],"version-history":[{"count":0,"href":"https:\/\/verdadeon.com.br\/portal\/wp-json\/wp\/v2\/posts\/19824\/revisions"}],"wp:featuredmedia":[{"embeddable":true,"href":"https:\/\/verdadeon.com.br\/portal\/wp-json\/wp\/v2\/media\/19826"}],"wp:attachment":[{"href":"https:\/\/verdadeon.com.br\/portal\/wp-json\/wp\/v2\/media?parent=19824"}],"wp:term":[{"taxonomy":"category","embeddable":true,"href":"https:\/\/verdadeon.com.br\/portal\/wp-json\/wp\/v2\/categories?post=19824"},{"taxonomy":"post_tag","embeddable":true,"href":"https:\/\/verdadeon.com.br\/portal\/wp-json\/wp\/v2\/tags?post=19824"}],"curies":[{"name":"wp","href":"https:\/\/api.w.org\/{rel}","templated":true}]}}