{"id":19817,"date":"2021-09-23T18:43:43","date_gmt":"2021-09-23T21:43:43","guid":{"rendered":"https:\/\/verdadeon.com.br\/portal\/?p=19817"},"modified":"2021-09-23T18:43:43","modified_gmt":"2021-09-23T21:43:43","slug":"arrastao-da-limpeza-atende-40-bairros-das-regioes-leste-nordeste-de-franca","status":"publish","type":"post","link":"https:\/\/verdadeon.com.br\/portal\/2021\/09\/23\/arrastao-da-limpeza-atende-40-bairros-das-regioes-leste-nordeste-de-franca\/","title":{"rendered":"Arrast\u00e3o da limpeza atende 40 bairros das regi\u00f5es Leste\/Nordeste de Franca"},"content":{"rendered":"<h2>A orienta\u00e7\u00e3o da Prefeitura \u00e9 para que os moradores dos locais atendidos, deixem os materiais na cal\u00e7ada<\/h2>\n<div>Acontece neste s\u00e1bado (25), o arrast\u00e3o da limpeza, que vai atender 40 bairros que ficam nas regi\u00f5es leste e nordeste de Franca. Segundo a Prefeitura, essas \u00e1reas abrangem as regi\u00f5es do Ana Dorotheia, Parati, Chico Neca at\u00e9 o Residencial Santa M\u00f4nica, Monte Carlo, passando pelos Jardins do \u00c9den, Brasil\u00e2ndia, Paulistano e redondezas.<\/div>\n<div>A orienta\u00e7\u00e3o \u00e9 para que os moradores dessas \u00e1reas da cidade separarem todos objetos que desejam descartar e deixem sobre as cal\u00e7adas para que os caminh\u00f5es recolham a partir das 7h de s\u00e1bado.<\/div>\n<h4>Confira abaixo a rela\u00e7\u00e3o dos bairros que ser\u00e3o atendidos:<\/h4>\n<div>1-Vilage do Sol<\/div>\n<div>2-Residencial Ana Helena<\/div>\n<div>3-Residencial Chico Neca<\/div>\n<div>4-Santa Giana<\/div>\n<div>5-Jardim Parati<\/div>\n<div>6-Pr\u00e9dios do CDHU \u201cOt\u00e1vio Cirurzo\u201d<\/div>\n<div>7-Residencial S\u00e3o Jer\u00f4nimo<\/div>\n<div>8-Ch\u00e1cara Residencial Ana Doroth\u00e9ia<\/div>\n<div>9-Residencial Ana Doroth\u00e9a e Prolongamento<\/div>\n<div>10-Residencial Porto dos Sonhos<\/div>\n<div>11-Jardim Elisa<\/div>\n<div>12-Esplanada Primo Meneguetti<\/div>\n<div>13-Residencial Villagio da Colina<\/div>\n<div>14-Parque Franville<\/div>\n<div>15-Jardim Centen\u00e1rio<\/div>\n<div>16-Jardim S\u00e3o Luiz I<\/div>\n<div>17-Jardim S\u00e3o Luiz II<\/div>\n<div>18-Residencial Freitas Diniz<\/div>\n<div>19-Jardim Palestina<\/div>\n<div>20-Jardim Flamboyant<\/div>\n<div>21-Jardim Brasil\u00e2ndia<\/div>\n<div>22-Jardim Paulistano I<\/div>\n<div>23-Jardim Paulistano II<\/div>\n<div>24-Residencial Jardim Canad\u00e1<\/div>\n<div>25-Jardim Brasil<\/div>\n<div>26-Jardim do L\u00edbano<\/div>\n<div>27-Jardim S\u00e3o Francisco<\/div>\n<div>28-Jardim Panorama<\/div>\n<div>29-Jardim Riviera<\/div>\n<div>30-Prolongamento da Vila Aparecida<\/div>\n<div>31-Jardim Palma<\/div>\n<div>32-Jardim do \u00c9den e Prolongamento<\/div>\n<div>33-Residencial Rodrigo Salloun<\/div>\n<div>34-Santa M\u00f4nica (Samello V)<\/div>\n<div>35-Belvedere Bandeirante<\/div>\n<div>36-Jardim Monte Carlo<\/div>\n<div>37-Recanto Fortuna<\/div>\n<div>38-Vale Belo<\/div>\n<div>39-Vila Monte Verde<\/div>\n<div>40-Parque dos Yp\u00eas<\/div>\n<div><\/div>\n<div>\n<div>O Arrast\u00e3o da Limpeza acontece sempre no \u00faltimo s\u00e1bado de cada m\u00eas, alternando as regi\u00f5es da cidade, cujo objetivo \u00e9 recolher materiais inserv\u00edveis, evitando a destina\u00e7\u00e3o em \u00e1reas impr\u00f3prias, o que gera ac\u00famulo de entulhos nos bairros, facilitando a prolifera\u00e7\u00e3o de doen\u00e7as, como a Dengue, Zika e Chikungunya, entre outras.<\/div>\n<div>Os n\u00fameros da Secretaria de Meio Ambiente apontam que nas edi\u00e7\u00f5es anteriores, entre janeiro e agosto, foram recolhidas mais de 14 toneladas de entulho.<\/div>\n<div>Esta ser\u00e1 a 10\u00aa edi\u00e7\u00e3o do Arrast\u00e3o da Limpeza. Ser\u00e3o recolhidos m\u00f3veis velhos, eletrodom\u00e9sticos e eletr\u00f4nicos, pneus, latas e outros. Os moradores devem fazer a separa\u00e7\u00e3o pr\u00e9via destes materiais, colocando-os na cal\u00e7ada.<\/div>\n<\/div>\n","protected":false},"excerpt":{"rendered":"<p>A orienta\u00e7\u00e3o da Prefeitura \u00e9 para que os moradores dos locais atendidos, deixem os materiais na cal\u00e7ada Acontece neste s\u00e1bado (25), o arrast\u00e3o da limpeza, que<span class=\"excerpt-hellip\"> [\u2026]<\/span><\/p>\n","protected":false},"author":7,"featured_media":19822,"comment_status":"open","ping_status":"open","sticky":false,"template":"","format":"standard","meta":{"_jetpack_memberships_contains_paid_content":false,"footnotes":"","jetpack_publicize_message":"","jetpack_publicize_feature_enabled":true,"jetpack_social_post_already_shared":false,"jetpack_social_options":{"image_generator_settings":{"template":"highway","default_image_id":0,"enabled":false},"version":2}},"categories":[28,44],"tags":[],"class_list":["post-19817","post","type-post","status-publish","format-standard","has-post-thumbnail","hentry","category-cotidiano","category-noticias"],"yoast_head":"<!-- This site is optimized with the Yoast SEO plugin v25.6 - https:\/\/yoast.com\/wordpress\/plugins\/seo\/ -->\n<title>Arrast\u00e3o da limpeza atende 40 bairros das regi\u00f5es Leste\/Nordeste de Franca - VerdadeOn<\/title>\n<meta name=\"robots\" content=\"index, follow, max-snippet:-1, max-image-preview:large, max-video-preview:-1\" \/>\n<link rel=\"canonical\" href=\"https:\/\/verdadeon.com.br\/portal\/2021\/09\/23\/arrastao-da-limpeza-atende-40-bairros-das-regioes-leste-nordeste-de-franca\/\" \/>\n<meta property=\"og:locale\" content=\"pt_BR\" \/>\n<meta property=\"og:type\" content=\"article\" \/>\n<meta property=\"og:title\" content=\"Arrast\u00e3o da limpeza atende 40 bairros das regi\u00f5es Leste\/Nordeste de Franca - VerdadeOn\" \/>\n<meta property=\"og:description\" content=\"A orienta\u00e7\u00e3o da Prefeitura \u00e9 para que os moradores dos locais atendidos, deixem os materiais na cal\u00e7ada Acontece neste s\u00e1bado (25), o arrast\u00e3o da limpeza, que [\u2026]\" \/>\n<meta property=\"og:url\" content=\"https:\/\/verdadeon.com.br\/portal\/2021\/09\/23\/arrastao-da-limpeza-atende-40-bairros-das-regioes-leste-nordeste-de-franca\/\" \/>\n<meta property=\"og:site_name\" content=\"VerdadeOn\" \/>\n<meta property=\"article:published_time\" content=\"2021-09-23T21:43:43+00:00\" \/>\n<meta property=\"og:image\" content=\"https:\/\/verdadeon.com.br\/portal\/wp-content\/uploads\/2021\/09\/DSC_5522-scaled-e1632433282471.jpg\" \/>\n\t<meta property=\"og:image:width\" content=\"998\" \/>\n\t<meta property=\"og:image:height\" content=\"672\" \/>\n\t<meta property=\"og:image:type\" content=\"image\/jpeg\" \/>\n<meta name=\"author\" content=\"Fernando Lima\" \/>\n<meta name=\"twitter:card\" content=\"summary_large_image\" \/>\n<meta name=\"twitter:label1\" content=\"Escrito por\" \/>\n\t<meta name=\"twitter:data1\" content=\"Fernando Lima\" \/>\n\t<meta name=\"twitter:label2\" content=\"Est. tempo de leitura\" \/>\n\t<meta name=\"twitter:data2\" content=\"2 minutos\" \/>\n<script type=\"application\/ld+json\" class=\"yoast-schema-graph\">{\"@context\":\"https:\/\/schema.org\",\"@graph\":[{\"@type\":\"WebPage\",\"@id\":\"https:\/\/verdadeon.com.br\/portal\/2021\/09\/23\/arrastao-da-limpeza-atende-40-bairros-das-regioes-leste-nordeste-de-franca\/\",\"url\":\"https:\/\/verdadeon.com.br\/portal\/2021\/09\/23\/arrastao-da-limpeza-atende-40-bairros-das-regioes-leste-nordeste-de-franca\/\",\"name\":\"Arrast\u00e3o da limpeza atende 40 bairros das regi\u00f5es Leste\/Nordeste de Franca - VerdadeOn\",\"isPartOf\":{\"@id\":\"https:\/\/verdadeon.com.br\/portal\/#website\"},\"primaryImageOfPage\":{\"@id\":\"https:\/\/verdadeon.com.br\/portal\/2021\/09\/23\/arrastao-da-limpeza-atende-40-bairros-das-regioes-leste-nordeste-de-franca\/#primaryimage\"},\"image\":{\"@id\":\"https:\/\/verdadeon.com.br\/portal\/2021\/09\/23\/arrastao-da-limpeza-atende-40-bairros-das-regioes-leste-nordeste-de-franca\/#primaryimage\"},\"thumbnailUrl\":\"https:\/\/i0.wp.com\/verdadeon.com.br\/portal\/wp-content\/uploads\/2021\/09\/DSC_5522-scaled-e1632433282471.jpg?fit=998%2C672&ssl=1\",\"datePublished\":\"2021-09-23T21:43:43+00:00\",\"author\":{\"@id\":\"https:\/\/verdadeon.com.br\/portal\/#\/schema\/person\/cc32be22b8e8599387c480bc83e1d11a\"},\"breadcrumb\":{\"@id\":\"https:\/\/verdadeon.com.br\/portal\/2021\/09\/23\/arrastao-da-limpeza-atende-40-bairros-das-regioes-leste-nordeste-de-franca\/#breadcrumb\"},\"inLanguage\":\"pt-BR\",\"potentialAction\":[{\"@type\":\"ReadAction\",\"target\":[\"https:\/\/verdadeon.com.br\/portal\/2021\/09\/23\/arrastao-da-limpeza-atende-40-bairros-das-regioes-leste-nordeste-de-franca\/\"]}]},{\"@type\":\"ImageObject\",\"inLanguage\":\"pt-BR\",\"@id\":\"https:\/\/verdadeon.com.br\/portal\/2021\/09\/23\/arrastao-da-limpeza-atende-40-bairros-das-regioes-leste-nordeste-de-franca\/#primaryimage\",\"url\":\"https:\/\/i0.wp.com\/verdadeon.com.br\/portal\/wp-content\/uploads\/2021\/09\/DSC_5522-scaled-e1632433282471.jpg?fit=998%2C672&ssl=1\",\"contentUrl\":\"https:\/\/i0.wp.com\/verdadeon.com.br\/portal\/wp-content\/uploads\/2021\/09\/DSC_5522-scaled-e1632433282471.jpg?fit=998%2C672&ssl=1\",\"width\":998,\"height\":672,\"caption\":\"Arrast\u00e3o da Limpeza acontece no pr\u00f3ximo s\u00e1bado (30) para recolher m\u00f3veis, colch\u00f5es velhos e utens\u00edlios dom\u00e9sticos em geral | Foto: Prefeitura de Franca\"},{\"@type\":\"BreadcrumbList\",\"@id\":\"https:\/\/verdadeon.com.br\/portal\/2021\/09\/23\/arrastao-da-limpeza-atende-40-bairros-das-regioes-leste-nordeste-de-franca\/#breadcrumb\",\"itemListElement\":[{\"@type\":\"ListItem\",\"position\":1,\"name\":\"In\u00edcio\",\"item\":\"https:\/\/verdadeon.com.br\/portal\/\"},{\"@type\":\"ListItem\",\"position\":2,\"name\":\"Arrast\u00e3o da limpeza atende 40 bairros das regi\u00f5es Leste\/Nordeste de Franca\"}]},{\"@type\":\"WebSite\",\"@id\":\"https:\/\/verdadeon.com.br\/portal\/#website\",\"url\":\"https:\/\/verdadeon.com.br\/portal\/\",\"name\":\"VerdadeOn\",\"description\":\"Not\u00edcias di\u00e1rias sobre Franca, Regi\u00e3o, Esporte, Cultura, Cotidiano, Colunas. Cobertura nos principais eventos da cidade \u00e9 aqui - Verdadeon Franca\",\"potentialAction\":[{\"@type\":\"SearchAction\",\"target\":{\"@type\":\"EntryPoint\",\"urlTemplate\":\"https:\/\/verdadeon.com.br\/portal\/?s={search_term_string}\"},\"query-input\":{\"@type\":\"PropertyValueSpecification\",\"valueRequired\":true,\"valueName\":\"search_term_string\"}}],\"inLanguage\":\"pt-BR\"},{\"@type\":\"Person\",\"@id\":\"https:\/\/verdadeon.com.br\/portal\/#\/schema\/person\/cc32be22b8e8599387c480bc83e1d11a\",\"name\":\"Fernando Lima\",\"image\":{\"@type\":\"ImageObject\",\"inLanguage\":\"pt-BR\",\"@id\":\"https:\/\/verdadeon.com.br\/portal\/#\/schema\/person\/image\/\",\"url\":\"https:\/\/secure.gravatar.com\/avatar\/df4c8e132080d2b3a4841d5d232045464e0eed11a1d6e43115ca0843d48768d3?s=96&d=mm&r=g\",\"contentUrl\":\"https:\/\/secure.gravatar.com\/avatar\/df4c8e132080d2b3a4841d5d232045464e0eed11a1d6e43115ca0843d48768d3?s=96&d=mm&r=g\",\"caption\":\"Fernando Lima\"},\"sameAs\":[\"http:\/\/verdadeon.com.br\/\"],\"url\":\"https:\/\/verdadeon.com.br\/portal\/author\/fernando-lima\/\"}]}<\/script>\n<!-- \/ Yoast SEO plugin. -->","yoast_head_json":{"title":"Arrast\u00e3o da limpeza atende 40 bairros das regi\u00f5es Leste\/Nordeste de Franca - VerdadeOn","robots":{"index":"index","follow":"follow","max-snippet":"max-snippet:-1","max-image-preview":"max-image-preview:large","max-video-preview":"max-video-preview:-1"},"canonical":"https:\/\/verdadeon.com.br\/portal\/2021\/09\/23\/arrastao-da-limpeza-atende-40-bairros-das-regioes-leste-nordeste-de-franca\/","og_locale":"pt_BR","og_type":"article","og_title":"Arrast\u00e3o da limpeza atende 40 bairros das regi\u00f5es Leste\/Nordeste de Franca - VerdadeOn","og_description":"A orienta\u00e7\u00e3o da Prefeitura \u00e9 para que os moradores dos locais atendidos, deixem os materiais na cal\u00e7ada Acontece neste s\u00e1bado (25), o arrast\u00e3o da limpeza, que [\u2026]","og_url":"https:\/\/verdadeon.com.br\/portal\/2021\/09\/23\/arrastao-da-limpeza-atende-40-bairros-das-regioes-leste-nordeste-de-franca\/","og_site_name":"VerdadeOn","article_published_time":"2021-09-23T21:43:43+00:00","og_image":[{"width":998,"height":672,"url":"https:\/\/verdadeon.com.br\/portal\/wp-content\/uploads\/2021\/09\/DSC_5522-scaled-e1632433282471.jpg","type":"image\/jpeg"}],"author":"Fernando Lima","twitter_card":"summary_large_image","twitter_misc":{"Escrito por":"Fernando Lima","Est. tempo de leitura":"2 minutos"},"schema":{"@context":"https:\/\/schema.org","@graph":[{"@type":"WebPage","@id":"https:\/\/verdadeon.com.br\/portal\/2021\/09\/23\/arrastao-da-limpeza-atende-40-bairros-das-regioes-leste-nordeste-de-franca\/","url":"https:\/\/verdadeon.com.br\/portal\/2021\/09\/23\/arrastao-da-limpeza-atende-40-bairros-das-regioes-leste-nordeste-de-franca\/","name":"Arrast\u00e3o da limpeza atende 40 bairros das regi\u00f5es Leste\/Nordeste de Franca - VerdadeOn","isPartOf":{"@id":"https:\/\/verdadeon.com.br\/portal\/#website"},"primaryImageOfPage":{"@id":"https:\/\/verdadeon.com.br\/portal\/2021\/09\/23\/arrastao-da-limpeza-atende-40-bairros-das-regioes-leste-nordeste-de-franca\/#primaryimage"},"image":{"@id":"https:\/\/verdadeon.com.br\/portal\/2021\/09\/23\/arrastao-da-limpeza-atende-40-bairros-das-regioes-leste-nordeste-de-franca\/#primaryimage"},"thumbnailUrl":"https:\/\/i0.wp.com\/verdadeon.com.br\/portal\/wp-content\/uploads\/2021\/09\/DSC_5522-scaled-e1632433282471.jpg?fit=998%2C672&ssl=1","datePublished":"2021-09-23T21:43:43+00:00","author":{"@id":"https:\/\/verdadeon.com.br\/portal\/#\/schema\/person\/cc32be22b8e8599387c480bc83e1d11a"},"breadcrumb":{"@id":"https:\/\/verdadeon.com.br\/portal\/2021\/09\/23\/arrastao-da-limpeza-atende-40-bairros-das-regioes-leste-nordeste-de-franca\/#breadcrumb"},"inLanguage":"pt-BR","potentialAction":[{"@type":"ReadAction","target":["https:\/\/verdadeon.com.br\/portal\/2021\/09\/23\/arrastao-da-limpeza-atende-40-bairros-das-regioes-leste-nordeste-de-franca\/"]}]},{"@type":"ImageObject","inLanguage":"pt-BR","@id":"https:\/\/verdadeon.com.br\/portal\/2021\/09\/23\/arrastao-da-limpeza-atende-40-bairros-das-regioes-leste-nordeste-de-franca\/#primaryimage","url":"https:\/\/i0.wp.com\/verdadeon.com.br\/portal\/wp-content\/uploads\/2021\/09\/DSC_5522-scaled-e1632433282471.jpg?fit=998%2C672&ssl=1","contentUrl":"https:\/\/i0.wp.com\/verdadeon.com.br\/portal\/wp-content\/uploads\/2021\/09\/DSC_5522-scaled-e1632433282471.jpg?fit=998%2C672&ssl=1","width":998,"height":672,"caption":"Arrast\u00e3o da Limpeza acontece no pr\u00f3ximo s\u00e1bado (30) para recolher m\u00f3veis, colch\u00f5es velhos e utens\u00edlios dom\u00e9sticos em geral | Foto: Prefeitura de Franca"},{"@type":"BreadcrumbList","@id":"https:\/\/verdadeon.com.br\/portal\/2021\/09\/23\/arrastao-da-limpeza-atende-40-bairros-das-regioes-leste-nordeste-de-franca\/#breadcrumb","itemListElement":[{"@type":"ListItem","position":1,"name":"In\u00edcio","item":"https:\/\/verdadeon.com.br\/portal\/"},{"@type":"ListItem","position":2,"name":"Arrast\u00e3o da limpeza atende 40 bairros das regi\u00f5es Leste\/Nordeste de Franca"}]},{"@type":"WebSite","@id":"https:\/\/verdadeon.com.br\/portal\/#website","url":"https:\/\/verdadeon.com.br\/portal\/","name":"VerdadeOn","description":"Not\u00edcias di\u00e1rias sobre Franca, Regi\u00e3o, Esporte, Cultura, Cotidiano, Colunas. Cobertura nos principais eventos da cidade \u00e9 aqui - Verdadeon Franca","potentialAction":[{"@type":"SearchAction","target":{"@type":"EntryPoint","urlTemplate":"https:\/\/verdadeon.com.br\/portal\/?s={search_term_string}"},"query-input":{"@type":"PropertyValueSpecification","valueRequired":true,"valueName":"search_term_string"}}],"inLanguage":"pt-BR"},{"@type":"Person","@id":"https:\/\/verdadeon.com.br\/portal\/#\/schema\/person\/cc32be22b8e8599387c480bc83e1d11a","name":"Fernando Lima","image":{"@type":"ImageObject","inLanguage":"pt-BR","@id":"https:\/\/verdadeon.com.br\/portal\/#\/schema\/person\/image\/","url":"https:\/\/secure.gravatar.com\/avatar\/df4c8e132080d2b3a4841d5d232045464e0eed11a1d6e43115ca0843d48768d3?s=96&d=mm&r=g","contentUrl":"https:\/\/secure.gravatar.com\/avatar\/df4c8e132080d2b3a4841d5d232045464e0eed11a1d6e43115ca0843d48768d3?s=96&d=mm&r=g","caption":"Fernando Lima"},"sameAs":["http:\/\/verdadeon.com.br\/"],"url":"https:\/\/verdadeon.com.br\/portal\/author\/fernando-lima\/"}]}},"jetpack_publicize_connections":[],"jetpack_featured_media_url":"https:\/\/i0.wp.com\/verdadeon.com.br\/portal\/wp-content\/uploads\/2021\/09\/DSC_5522-scaled-e1632433282471.jpg?fit=998%2C672&ssl=1","jetpack_sharing_enabled":true,"_links":{"self":[{"href":"https:\/\/verdadeon.com.br\/portal\/wp-json\/wp\/v2\/posts\/19817","targetHints":{"allow":["GET"]}}],"collection":[{"href":"https:\/\/verdadeon.com.br\/portal\/wp-json\/wp\/v2\/posts"}],"about":[{"href":"https:\/\/verdadeon.com.br\/portal\/wp-json\/wp\/v2\/types\/post"}],"author":[{"embeddable":true,"href":"https:\/\/verdadeon.com.br\/portal\/wp-json\/wp\/v2\/users\/7"}],"replies":[{"embeddable":true,"href":"https:\/\/verdadeon.com.br\/portal\/wp-json\/wp\/v2\/comments?post=19817"}],"version-history":[{"count":0,"href":"https:\/\/verdadeon.com.br\/portal\/wp-json\/wp\/v2\/posts\/19817\/revisions"}],"wp:featuredmedia":[{"embeddable":true,"href":"https:\/\/verdadeon.com.br\/portal\/wp-json\/wp\/v2\/media\/19822"}],"wp:attachment":[{"href":"https:\/\/verdadeon.com.br\/portal\/wp-json\/wp\/v2\/media?parent=19817"}],"wp:term":[{"taxonomy":"category","embeddable":true,"href":"https:\/\/verdadeon.com.br\/portal\/wp-json\/wp\/v2\/categories?post=19817"},{"taxonomy":"post_tag","embeddable":true,"href":"https:\/\/verdadeon.com.br\/portal\/wp-json\/wp\/v2\/tags?post=19817"}],"curies":[{"name":"wp","href":"https:\/\/api.w.org\/{rel}","templated":true}]}}