{"id":19803,"date":"2021-09-23T14:47:28","date_gmt":"2021-09-23T17:47:28","guid":{"rendered":"https:\/\/verdadeon.com.br\/portal\/?p=19803"},"modified":"2021-09-23T14:54:31","modified_gmt":"2021-09-23T17:54:31","slug":"incendio-de-grandes-proporcoes-destroi-fabrica-de-buchas-em-franca-assista","status":"publish","type":"post","link":"https:\/\/verdadeon.com.br\/portal\/2021\/09\/23\/incendio-de-grandes-proporcoes-destroi-fabrica-de-buchas-em-franca-assista\/","title":{"rendered":"Inc\u00eandio de grandes propor\u00e7\u00f5es destr\u00f3i f\u00e1brica de buchas em Franca, assista \u00a0"},"content":{"rendered":"<h2>Local foi esvaziado rapidamente, funcion\u00e1rios tentaram apagar as chamas antes da chegada dos bombeiros<\/h2>\n<p>Uma f\u00e1brica de buchas pegou fogo na manh\u00e3 desta quinta-feira (23), no bairro City Petr\u00f3polis, na zona norte de Franca. O propriet\u00e1rio afirmou que um curto circuito deu in\u00edcio as chamas.<\/p>\n<p>\u201cFoi de repente, n\u00f3s mesmos tentamos apagar o fogo antes dos bombeiros chegarem. Estava tudo regular, mas esse curto aconteceu no dep\u00f3sito que estava cheio de buchas, ent\u00e3o se espalhou muito r\u00e1pido, foi imposs\u00edvel controlar\u201d, contou Silvio de Barros, um dos propriet\u00e1rios do local.<\/p>\n<p>A Capit\u00e3 do Corpo de Bombeiros de Franca, Sandra Andrade, afirmou que no local havia muita mat\u00e9ria prima, o que facilitou a propaga\u00e7\u00e3o das chamas. \u201c\u00c9 um dep\u00f3sito que tem muito material, n\u00f3s fizemos o trabalho de conter o fogo e evitar que ele atingisse ainda mais a \u00e1rea. Tudo ao lado foi evacuado por quest\u00e3o de seguran\u00e7a.<\/p>\n<p>A moradora do City Petr\u00f3polis, C\u00e1ssia Susana, contou ao Verdade que viu o momento em que a fuma\u00e7a tomou conta do local. \u201cFoi muito desespero, eu s\u00f3 vi a fuma\u00e7a muito escura saindo dali, muita correria, evacuaram a escola tamb\u00e9m, tinha muita crian\u00e7a chorando, foi realmente desesperador\u201d, relatou a moradora.<\/p>\n<p>Assista as imagens do inc\u00eandio:<\/p>\n<p>&nbsp;<\/p>\n<div style=\"width: 640px;\" class=\"wp-video\"><!--[if lt IE 9]><script>document.createElement('video');<\/script><![endif]-->\n<video class=\"wp-video-shortcode\" id=\"video-19803-1\" width=\"640\" height=\"352\" preload=\"metadata\" controls=\"controls\"><source type=\"video\/mp4\" src=\"https:\/\/verdadeon.com.br\/portal\/wp-content\/uploads\/2021\/09\/INCENDIO-FRANCA.mp4?_=1\" \/><a href=\"https:\/\/verdadeon.com.br\/portal\/wp-content\/uploads\/2021\/09\/INCENDIO-FRANCA.mp4\">https:\/\/verdadeon.com.br\/portal\/wp-content\/uploads\/2021\/09\/INCENDIO-FRANCA.mp4<\/a><\/video><\/div>\n","protected":false},"excerpt":{"rendered":"<p>Local foi esvaziado rapidamente, funcion\u00e1rios tentaram apagar as chamas antes da chegada dos bombeiros Uma f\u00e1brica de buchas pegou fogo na manh\u00e3 desta quinta-feira (23), no<span class=\"excerpt-hellip\"> [\u2026]<\/span><\/p>\n","protected":false},"author":7,"featured_media":19807,"comment_status":"open","ping_status":"open","sticky":false,"template":"","format":"standard","meta":{"_jetpack_memberships_contains_paid_content":false,"footnotes":"","jetpack_publicize_message":"","jetpack_publicize_feature_enabled":true,"jetpack_social_post_already_shared":false,"jetpack_social_options":{"image_generator_settings":{"template":"highway","default_image_id":0,"enabled":false},"version":2}},"categories":[28,81],"tags":[],"class_list":["post-19803","post","type-post","status-publish","format-standard","has-post-thumbnail","hentry","category-cotidiano","category-manchete"],"yoast_head":"<!-- This site is optimized with the Yoast SEO plugin v25.6 - https:\/\/yoast.com\/wordpress\/plugins\/seo\/ -->\n<title>Inc\u00eandio de grandes propor\u00e7\u00f5es destr\u00f3i f\u00e1brica de buchas em Franca, assista \u00a0 - VerdadeOn<\/title>\n<meta name=\"robots\" content=\"index, follow, max-snippet:-1, max-image-preview:large, max-video-preview:-1\" \/>\n<link rel=\"canonical\" href=\"https:\/\/verdadeon.com.br\/portal\/2021\/09\/23\/incendio-de-grandes-proporcoes-destroi-fabrica-de-buchas-em-franca-assista\/\" \/>\n<meta property=\"og:locale\" content=\"pt_BR\" \/>\n<meta property=\"og:type\" content=\"article\" \/>\n<meta property=\"og:title\" content=\"Inc\u00eandio de grandes propor\u00e7\u00f5es destr\u00f3i f\u00e1brica de buchas em Franca, assista \u00a0 - VerdadeOn\" \/>\n<meta property=\"og:description\" content=\"Local foi esvaziado rapidamente, funcion\u00e1rios tentaram apagar as chamas antes da chegada dos bombeiros Uma f\u00e1brica de buchas pegou fogo na manh\u00e3 desta quinta-feira (23), no [\u2026]\" \/>\n<meta property=\"og:url\" content=\"https:\/\/verdadeon.com.br\/portal\/2021\/09\/23\/incendio-de-grandes-proporcoes-destroi-fabrica-de-buchas-em-franca-assista\/\" \/>\n<meta property=\"og:site_name\" content=\"VerdadeOn\" \/>\n<meta property=\"article:published_time\" content=\"2021-09-23T17:47:28+00:00\" \/>\n<meta property=\"article:modified_time\" content=\"2021-09-23T17:54:31+00:00\" \/>\n<meta property=\"og:image\" content=\"https:\/\/verdadeon.com.br\/portal\/wp-content\/uploads\/2021\/09\/INCENDIO-2-e1632419159667.png\" \/>\n\t<meta property=\"og:image:width\" content=\"1000\" \/>\n\t<meta property=\"og:image:height\" content=\"669\" \/>\n\t<meta property=\"og:image:type\" content=\"image\/png\" \/>\n<meta name=\"author\" content=\"Fernando Lima\" \/>\n<meta name=\"twitter:card\" content=\"summary_large_image\" \/>\n<meta name=\"twitter:label1\" content=\"Escrito por\" \/>\n\t<meta name=\"twitter:data1\" content=\"Fernando Lima\" \/>\n\t<meta name=\"twitter:label2\" content=\"Est. tempo de leitura\" \/>\n\t<meta name=\"twitter:data2\" content=\"1 minuto\" \/>\n<script type=\"application\/ld+json\" class=\"yoast-schema-graph\">{\"@context\":\"https:\/\/schema.org\",\"@graph\":[{\"@type\":\"WebPage\",\"@id\":\"https:\/\/verdadeon.com.br\/portal\/2021\/09\/23\/incendio-de-grandes-proporcoes-destroi-fabrica-de-buchas-em-franca-assista\/\",\"url\":\"https:\/\/verdadeon.com.br\/portal\/2021\/09\/23\/incendio-de-grandes-proporcoes-destroi-fabrica-de-buchas-em-franca-assista\/\",\"name\":\"Inc\u00eandio de grandes propor\u00e7\u00f5es destr\u00f3i f\u00e1brica de buchas em Franca, assista \u00a0 - VerdadeOn\",\"isPartOf\":{\"@id\":\"https:\/\/verdadeon.com.br\/portal\/#website\"},\"primaryImageOfPage\":{\"@id\":\"https:\/\/verdadeon.com.br\/portal\/2021\/09\/23\/incendio-de-grandes-proporcoes-destroi-fabrica-de-buchas-em-franca-assista\/#primaryimage\"},\"image\":{\"@id\":\"https:\/\/verdadeon.com.br\/portal\/2021\/09\/23\/incendio-de-grandes-proporcoes-destroi-fabrica-de-buchas-em-franca-assista\/#primaryimage\"},\"thumbnailUrl\":\"https:\/\/i0.wp.com\/verdadeon.com.br\/portal\/wp-content\/uploads\/2021\/09\/INCENDIO-2-e1632419159667.png?fit=1000%2C669&ssl=1\",\"datePublished\":\"2021-09-23T17:47:28+00:00\",\"dateModified\":\"2021-09-23T17:54:31+00:00\",\"author\":{\"@id\":\"https:\/\/verdadeon.com.br\/portal\/#\/schema\/person\/cc32be22b8e8599387c480bc83e1d11a\"},\"breadcrumb\":{\"@id\":\"https:\/\/verdadeon.com.br\/portal\/2021\/09\/23\/incendio-de-grandes-proporcoes-destroi-fabrica-de-buchas-em-franca-assista\/#breadcrumb\"},\"inLanguage\":\"pt-BR\",\"potentialAction\":[{\"@type\":\"ReadAction\",\"target\":[\"https:\/\/verdadeon.com.br\/portal\/2021\/09\/23\/incendio-de-grandes-proporcoes-destroi-fabrica-de-buchas-em-franca-assista\/\"]}]},{\"@type\":\"ImageObject\",\"inLanguage\":\"pt-BR\",\"@id\":\"https:\/\/verdadeon.com.br\/portal\/2021\/09\/23\/incendio-de-grandes-proporcoes-destroi-fabrica-de-buchas-em-franca-assista\/#primaryimage\",\"url\":\"https:\/\/i0.wp.com\/verdadeon.com.br\/portal\/wp-content\/uploads\/2021\/09\/INCENDIO-2-e1632419159667.png?fit=1000%2C669&ssl=1\",\"contentUrl\":\"https:\/\/i0.wp.com\/verdadeon.com.br\/portal\/wp-content\/uploads\/2021\/09\/INCENDIO-2-e1632419159667.png?fit=1000%2C669&ssl=1\",\"width\":1000,\"height\":669,\"caption\":\"As chamas se espalharam rapidamente pelo local na manh\u00e3 desta quinta-feira, por sorte ningu\u00e9m ficou ferido | Foto: Jornal Verdade\"},{\"@type\":\"BreadcrumbList\",\"@id\":\"https:\/\/verdadeon.com.br\/portal\/2021\/09\/23\/incendio-de-grandes-proporcoes-destroi-fabrica-de-buchas-em-franca-assista\/#breadcrumb\",\"itemListElement\":[{\"@type\":\"ListItem\",\"position\":1,\"name\":\"In\u00edcio\",\"item\":\"https:\/\/verdadeon.com.br\/portal\/\"},{\"@type\":\"ListItem\",\"position\":2,\"name\":\"Inc\u00eandio de grandes propor\u00e7\u00f5es destr\u00f3i f\u00e1brica de buchas em Franca, assista \u00a0\"}]},{\"@type\":\"WebSite\",\"@id\":\"https:\/\/verdadeon.com.br\/portal\/#website\",\"url\":\"https:\/\/verdadeon.com.br\/portal\/\",\"name\":\"VerdadeOn\",\"description\":\"Not\u00edcias di\u00e1rias sobre Franca, Regi\u00e3o, Esporte, Cultura, Cotidiano, Colunas. Cobertura nos principais eventos da cidade \u00e9 aqui - Verdadeon Franca\",\"potentialAction\":[{\"@type\":\"SearchAction\",\"target\":{\"@type\":\"EntryPoint\",\"urlTemplate\":\"https:\/\/verdadeon.com.br\/portal\/?s={search_term_string}\"},\"query-input\":{\"@type\":\"PropertyValueSpecification\",\"valueRequired\":true,\"valueName\":\"search_term_string\"}}],\"inLanguage\":\"pt-BR\"},{\"@type\":\"Person\",\"@id\":\"https:\/\/verdadeon.com.br\/portal\/#\/schema\/person\/cc32be22b8e8599387c480bc83e1d11a\",\"name\":\"Fernando Lima\",\"image\":{\"@type\":\"ImageObject\",\"inLanguage\":\"pt-BR\",\"@id\":\"https:\/\/verdadeon.com.br\/portal\/#\/schema\/person\/image\/\",\"url\":\"https:\/\/secure.gravatar.com\/avatar\/df4c8e132080d2b3a4841d5d232045464e0eed11a1d6e43115ca0843d48768d3?s=96&d=mm&r=g\",\"contentUrl\":\"https:\/\/secure.gravatar.com\/avatar\/df4c8e132080d2b3a4841d5d232045464e0eed11a1d6e43115ca0843d48768d3?s=96&d=mm&r=g\",\"caption\":\"Fernando Lima\"},\"sameAs\":[\"http:\/\/verdadeon.com.br\/\"],\"url\":\"https:\/\/verdadeon.com.br\/portal\/author\/fernando-lima\/\"}]}<\/script>\n<!-- \/ Yoast SEO plugin. -->","yoast_head_json":{"title":"Inc\u00eandio de grandes propor\u00e7\u00f5es destr\u00f3i f\u00e1brica de buchas em Franca, assista \u00a0 - VerdadeOn","robots":{"index":"index","follow":"follow","max-snippet":"max-snippet:-1","max-image-preview":"max-image-preview:large","max-video-preview":"max-video-preview:-1"},"canonical":"https:\/\/verdadeon.com.br\/portal\/2021\/09\/23\/incendio-de-grandes-proporcoes-destroi-fabrica-de-buchas-em-franca-assista\/","og_locale":"pt_BR","og_type":"article","og_title":"Inc\u00eandio de grandes propor\u00e7\u00f5es destr\u00f3i f\u00e1brica de buchas em Franca, assista \u00a0 - VerdadeOn","og_description":"Local foi esvaziado rapidamente, funcion\u00e1rios tentaram apagar as chamas antes da chegada dos bombeiros Uma f\u00e1brica de buchas pegou fogo na manh\u00e3 desta quinta-feira (23), no [\u2026]","og_url":"https:\/\/verdadeon.com.br\/portal\/2021\/09\/23\/incendio-de-grandes-proporcoes-destroi-fabrica-de-buchas-em-franca-assista\/","og_site_name":"VerdadeOn","article_published_time":"2021-09-23T17:47:28+00:00","article_modified_time":"2021-09-23T17:54:31+00:00","og_image":[{"width":1000,"height":669,"url":"https:\/\/verdadeon.com.br\/portal\/wp-content\/uploads\/2021\/09\/INCENDIO-2-e1632419159667.png","type":"image\/png"}],"author":"Fernando Lima","twitter_card":"summary_large_image","twitter_misc":{"Escrito por":"Fernando Lima","Est. tempo de leitura":"1 minuto"},"schema":{"@context":"https:\/\/schema.org","@graph":[{"@type":"WebPage","@id":"https:\/\/verdadeon.com.br\/portal\/2021\/09\/23\/incendio-de-grandes-proporcoes-destroi-fabrica-de-buchas-em-franca-assista\/","url":"https:\/\/verdadeon.com.br\/portal\/2021\/09\/23\/incendio-de-grandes-proporcoes-destroi-fabrica-de-buchas-em-franca-assista\/","name":"Inc\u00eandio de grandes propor\u00e7\u00f5es destr\u00f3i f\u00e1brica de buchas em Franca, assista \u00a0 - VerdadeOn","isPartOf":{"@id":"https:\/\/verdadeon.com.br\/portal\/#website"},"primaryImageOfPage":{"@id":"https:\/\/verdadeon.com.br\/portal\/2021\/09\/23\/incendio-de-grandes-proporcoes-destroi-fabrica-de-buchas-em-franca-assista\/#primaryimage"},"image":{"@id":"https:\/\/verdadeon.com.br\/portal\/2021\/09\/23\/incendio-de-grandes-proporcoes-destroi-fabrica-de-buchas-em-franca-assista\/#primaryimage"},"thumbnailUrl":"https:\/\/i0.wp.com\/verdadeon.com.br\/portal\/wp-content\/uploads\/2021\/09\/INCENDIO-2-e1632419159667.png?fit=1000%2C669&ssl=1","datePublished":"2021-09-23T17:47:28+00:00","dateModified":"2021-09-23T17:54:31+00:00","author":{"@id":"https:\/\/verdadeon.com.br\/portal\/#\/schema\/person\/cc32be22b8e8599387c480bc83e1d11a"},"breadcrumb":{"@id":"https:\/\/verdadeon.com.br\/portal\/2021\/09\/23\/incendio-de-grandes-proporcoes-destroi-fabrica-de-buchas-em-franca-assista\/#breadcrumb"},"inLanguage":"pt-BR","potentialAction":[{"@type":"ReadAction","target":["https:\/\/verdadeon.com.br\/portal\/2021\/09\/23\/incendio-de-grandes-proporcoes-destroi-fabrica-de-buchas-em-franca-assista\/"]}]},{"@type":"ImageObject","inLanguage":"pt-BR","@id":"https:\/\/verdadeon.com.br\/portal\/2021\/09\/23\/incendio-de-grandes-proporcoes-destroi-fabrica-de-buchas-em-franca-assista\/#primaryimage","url":"https:\/\/i0.wp.com\/verdadeon.com.br\/portal\/wp-content\/uploads\/2021\/09\/INCENDIO-2-e1632419159667.png?fit=1000%2C669&ssl=1","contentUrl":"https:\/\/i0.wp.com\/verdadeon.com.br\/portal\/wp-content\/uploads\/2021\/09\/INCENDIO-2-e1632419159667.png?fit=1000%2C669&ssl=1","width":1000,"height":669,"caption":"As chamas se espalharam rapidamente pelo local na manh\u00e3 desta quinta-feira, por sorte ningu\u00e9m ficou ferido | Foto: Jornal Verdade"},{"@type":"BreadcrumbList","@id":"https:\/\/verdadeon.com.br\/portal\/2021\/09\/23\/incendio-de-grandes-proporcoes-destroi-fabrica-de-buchas-em-franca-assista\/#breadcrumb","itemListElement":[{"@type":"ListItem","position":1,"name":"In\u00edcio","item":"https:\/\/verdadeon.com.br\/portal\/"},{"@type":"ListItem","position":2,"name":"Inc\u00eandio de grandes propor\u00e7\u00f5es destr\u00f3i f\u00e1brica de buchas em Franca, assista \u00a0"}]},{"@type":"WebSite","@id":"https:\/\/verdadeon.com.br\/portal\/#website","url":"https:\/\/verdadeon.com.br\/portal\/","name":"VerdadeOn","description":"Not\u00edcias di\u00e1rias sobre Franca, Regi\u00e3o, Esporte, Cultura, Cotidiano, Colunas. Cobertura nos principais eventos da cidade \u00e9 aqui - Verdadeon Franca","potentialAction":[{"@type":"SearchAction","target":{"@type":"EntryPoint","urlTemplate":"https:\/\/verdadeon.com.br\/portal\/?s={search_term_string}"},"query-input":{"@type":"PropertyValueSpecification","valueRequired":true,"valueName":"search_term_string"}}],"inLanguage":"pt-BR"},{"@type":"Person","@id":"https:\/\/verdadeon.com.br\/portal\/#\/schema\/person\/cc32be22b8e8599387c480bc83e1d11a","name":"Fernando Lima","image":{"@type":"ImageObject","inLanguage":"pt-BR","@id":"https:\/\/verdadeon.com.br\/portal\/#\/schema\/person\/image\/","url":"https:\/\/secure.gravatar.com\/avatar\/df4c8e132080d2b3a4841d5d232045464e0eed11a1d6e43115ca0843d48768d3?s=96&d=mm&r=g","contentUrl":"https:\/\/secure.gravatar.com\/avatar\/df4c8e132080d2b3a4841d5d232045464e0eed11a1d6e43115ca0843d48768d3?s=96&d=mm&r=g","caption":"Fernando Lima"},"sameAs":["http:\/\/verdadeon.com.br\/"],"url":"https:\/\/verdadeon.com.br\/portal\/author\/fernando-lima\/"}]}},"jetpack_publicize_connections":[],"jetpack_featured_media_url":"https:\/\/i0.wp.com\/verdadeon.com.br\/portal\/wp-content\/uploads\/2021\/09\/INCENDIO-2-e1632419159667.png?fit=1000%2C669&ssl=1","jetpack_sharing_enabled":true,"_links":{"self":[{"href":"https:\/\/verdadeon.com.br\/portal\/wp-json\/wp\/v2\/posts\/19803","targetHints":{"allow":["GET"]}}],"collection":[{"href":"https:\/\/verdadeon.com.br\/portal\/wp-json\/wp\/v2\/posts"}],"about":[{"href":"https:\/\/verdadeon.com.br\/portal\/wp-json\/wp\/v2\/types\/post"}],"author":[{"embeddable":true,"href":"https:\/\/verdadeon.com.br\/portal\/wp-json\/wp\/v2\/users\/7"}],"replies":[{"embeddable":true,"href":"https:\/\/verdadeon.com.br\/portal\/wp-json\/wp\/v2\/comments?post=19803"}],"version-history":[{"count":0,"href":"https:\/\/verdadeon.com.br\/portal\/wp-json\/wp\/v2\/posts\/19803\/revisions"}],"wp:featuredmedia":[{"embeddable":true,"href":"https:\/\/verdadeon.com.br\/portal\/wp-json\/wp\/v2\/media\/19807"}],"wp:attachment":[{"href":"https:\/\/verdadeon.com.br\/portal\/wp-json\/wp\/v2\/media?parent=19803"}],"wp:term":[{"taxonomy":"category","embeddable":true,"href":"https:\/\/verdadeon.com.br\/portal\/wp-json\/wp\/v2\/categories?post=19803"},{"taxonomy":"post_tag","embeddable":true,"href":"https:\/\/verdadeon.com.br\/portal\/wp-json\/wp\/v2\/tags?post=19803"}],"curies":[{"name":"wp","href":"https:\/\/api.w.org\/{rel}","templated":true}]}}