{"id":19794,"date":"2021-09-22T18:33:18","date_gmt":"2021-09-22T21:33:18","guid":{"rendered":"https:\/\/verdadeon.com.br\/portal\/?p=19794"},"modified":"2021-09-22T18:33:18","modified_gmt":"2021-09-22T21:33:18","slug":"policia-civil-apreende-mais-de-400-porcoes-de-drogas-com-traficantes-em-franca","status":"publish","type":"post","link":"https:\/\/verdadeon.com.br\/portal\/2021\/09\/22\/policia-civil-apreende-mais-de-400-porcoes-de-drogas-com-traficantes-em-franca\/","title":{"rendered":"Pol\u00edcia Civil apreende mais de 400 por\u00e7\u00f5es de drogas com traficantes em Franca"},"content":{"rendered":"<h2>A apreens\u00e3o aconteceu na zona norte da cidade, policiais chegaram at\u00e9 os suspeitos ap\u00f3s den\u00fancias<\/h2>\n<p>Uma dupla de traficantes foi presa pela Pol\u00edcia Civil de Franca nesta quarta-feira (22), na zona norte da cidade. De acordo com a DISE, eles mantinham um ponto de oculta\u00e7\u00e3o e preparo dos entorpecentes nos bairros Leporace e Jardim Luiza. Uma grande quantidade de maconha (tijolos e por\u00e7\u00f5es), coca\u00edna, dinheiro do tr\u00e1fico, al\u00e9m de petrechos pr\u00f3prios para pesagem e embalagem das drogas foram apreendidos.<\/p>\n<p>Segundo a delegacia, durante um per\u00edodo de dilig\u00eancias, os investigadores monitoraram os suspeitos, verificando que eles possivelmente comercializavam drogas em seus domic\u00edlios. Com as evid\u00eancias do crime foi pedida autoriza\u00e7\u00e3o da Justi\u00e7a para a realiza\u00e7\u00e3o das buscas, que foram feitas nesta quarta-feira. &#8220;Ao encerramento das dilig\u00eancias foram retiradas de circula\u00e7\u00e3o mais de 400 por\u00e7\u00f5es dos referidos entorpecentes&#8221;, informou a delegacia.<\/p>\n<p>Os dois suspeitos foram levados para a sede da DISE, onde foram ouvidos e ap\u00f3s recolhidos ao sistema prisional de Franca, eles v\u00e3o responder por pr\u00e1tica do crime de tr\u00e1fico.<\/p>\n<h4>Acidente<\/h4>\n<p>Ainda em Franca no setor policial, um motociclista ficou ferido ap\u00f3s bater violentamente na traseira de um ve\u00edculo, na avenida Doutor H\u00e9lio Palermo nas imedia\u00e7\u00f5es da zona norte da cidade. Segundo a Pol\u00edcia Militar, ambos estavam no mesmo sentido do centro ao bairro, quando o motociclista parece n\u00e3o conseguir frear e atinge em cheio a traseira de um Santa F\u00e9.<\/p>\n<p>Ele cai e sofre uma fratura no antebra\u00e7o. A v\u00edtima foi socorrida at\u00e9 a UPA do Jardim Aeroporto, onde passou por atendimento m\u00e9dico.<\/p>\n","protected":false},"excerpt":{"rendered":"<p>A apreens\u00e3o aconteceu na zona norte da cidade, policiais chegaram at\u00e9 os suspeitos ap\u00f3s den\u00fancias Uma dupla de traficantes foi presa pela Pol\u00edcia Civil de Franca<span class=\"excerpt-hellip\"> [\u2026]<\/span><\/p>\n","protected":false},"author":7,"featured_media":19798,"comment_status":"open","ping_status":"open","sticky":false,"template":"","format":"standard","meta":{"_jetpack_memberships_contains_paid_content":false,"footnotes":"","jetpack_publicize_message":"","jetpack_publicize_feature_enabled":true,"jetpack_social_post_already_shared":false,"jetpack_social_options":{"image_generator_settings":{"template":"highway","default_image_id":0,"enabled":false},"version":2}},"categories":[28,81],"tags":[],"class_list":["post-19794","post","type-post","status-publish","format-standard","has-post-thumbnail","hentry","category-cotidiano","category-manchete"],"yoast_head":"<!-- This site is optimized with the Yoast SEO plugin v25.6 - https:\/\/yoast.com\/wordpress\/plugins\/seo\/ -->\n<title>Pol\u00edcia Civil apreende mais de 400 por\u00e7\u00f5es de drogas com traficantes em Franca - VerdadeOn<\/title>\n<meta name=\"robots\" content=\"index, follow, max-snippet:-1, max-image-preview:large, max-video-preview:-1\" \/>\n<link rel=\"canonical\" href=\"https:\/\/verdadeon.com.br\/portal\/2021\/09\/22\/policia-civil-apreende-mais-de-400-porcoes-de-drogas-com-traficantes-em-franca\/\" \/>\n<meta property=\"og:locale\" content=\"pt_BR\" \/>\n<meta property=\"og:type\" content=\"article\" \/>\n<meta property=\"og:title\" content=\"Pol\u00edcia Civil apreende mais de 400 por\u00e7\u00f5es de drogas com traficantes em Franca - VerdadeOn\" \/>\n<meta property=\"og:description\" content=\"A apreens\u00e3o aconteceu na zona norte da cidade, policiais chegaram at\u00e9 os suspeitos ap\u00f3s den\u00fancias Uma dupla de traficantes foi presa pela Pol\u00edcia Civil de Franca [\u2026]\" \/>\n<meta property=\"og:url\" content=\"https:\/\/verdadeon.com.br\/portal\/2021\/09\/22\/policia-civil-apreende-mais-de-400-porcoes-de-drogas-com-traficantes-em-franca\/\" \/>\n<meta property=\"og:site_name\" content=\"VerdadeOn\" \/>\n<meta property=\"article:published_time\" content=\"2021-09-22T21:33:18+00:00\" \/>\n<meta property=\"og:image\" content=\"https:\/\/verdadeon.com.br\/portal\/wp-content\/uploads\/2021\/09\/WhatsApp-Image-2021-09-22-at-17.33.54-e1632346281320.jpeg\" \/>\n\t<meta property=\"og:image:width\" content=\"1000\" \/>\n\t<meta property=\"og:image:height\" content=\"672\" \/>\n\t<meta property=\"og:image:type\" content=\"image\/jpeg\" \/>\n<meta name=\"author\" content=\"Fernando Lima\" \/>\n<meta name=\"twitter:card\" content=\"summary_large_image\" \/>\n<meta name=\"twitter:label1\" content=\"Escrito por\" \/>\n\t<meta name=\"twitter:data1\" content=\"Fernando Lima\" \/>\n\t<meta name=\"twitter:label2\" content=\"Est. tempo de leitura\" \/>\n\t<meta name=\"twitter:data2\" content=\"2 minutos\" \/>\n<script type=\"application\/ld+json\" class=\"yoast-schema-graph\">{\"@context\":\"https:\/\/schema.org\",\"@graph\":[{\"@type\":\"WebPage\",\"@id\":\"https:\/\/verdadeon.com.br\/portal\/2021\/09\/22\/policia-civil-apreende-mais-de-400-porcoes-de-drogas-com-traficantes-em-franca\/\",\"url\":\"https:\/\/verdadeon.com.br\/portal\/2021\/09\/22\/policia-civil-apreende-mais-de-400-porcoes-de-drogas-com-traficantes-em-franca\/\",\"name\":\"Pol\u00edcia Civil apreende mais de 400 por\u00e7\u00f5es de drogas com traficantes em Franca - VerdadeOn\",\"isPartOf\":{\"@id\":\"https:\/\/verdadeon.com.br\/portal\/#website\"},\"primaryImageOfPage\":{\"@id\":\"https:\/\/verdadeon.com.br\/portal\/2021\/09\/22\/policia-civil-apreende-mais-de-400-porcoes-de-drogas-com-traficantes-em-franca\/#primaryimage\"},\"image\":{\"@id\":\"https:\/\/verdadeon.com.br\/portal\/2021\/09\/22\/policia-civil-apreende-mais-de-400-porcoes-de-drogas-com-traficantes-em-franca\/#primaryimage\"},\"thumbnailUrl\":\"https:\/\/i0.wp.com\/verdadeon.com.br\/portal\/wp-content\/uploads\/2021\/09\/WhatsApp-Image-2021-09-22-at-17.33.54-e1632346281320.jpeg?fit=1000%2C672&ssl=1\",\"datePublished\":\"2021-09-22T21:33:18+00:00\",\"author\":{\"@id\":\"https:\/\/verdadeon.com.br\/portal\/#\/schema\/person\/cc32be22b8e8599387c480bc83e1d11a\"},\"breadcrumb\":{\"@id\":\"https:\/\/verdadeon.com.br\/portal\/2021\/09\/22\/policia-civil-apreende-mais-de-400-porcoes-de-drogas-com-traficantes-em-franca\/#breadcrumb\"},\"inLanguage\":\"pt-BR\",\"potentialAction\":[{\"@type\":\"ReadAction\",\"target\":[\"https:\/\/verdadeon.com.br\/portal\/2021\/09\/22\/policia-civil-apreende-mais-de-400-porcoes-de-drogas-com-traficantes-em-franca\/\"]}]},{\"@type\":\"ImageObject\",\"inLanguage\":\"pt-BR\",\"@id\":\"https:\/\/verdadeon.com.br\/portal\/2021\/09\/22\/policia-civil-apreende-mais-de-400-porcoes-de-drogas-com-traficantes-em-franca\/#primaryimage\",\"url\":\"https:\/\/i0.wp.com\/verdadeon.com.br\/portal\/wp-content\/uploads\/2021\/09\/WhatsApp-Image-2021-09-22-at-17.33.54-e1632346281320.jpeg?fit=1000%2C672&ssl=1\",\"contentUrl\":\"https:\/\/i0.wp.com\/verdadeon.com.br\/portal\/wp-content\/uploads\/2021\/09\/WhatsApp-Image-2021-09-22-at-17.33.54-e1632346281320.jpeg?fit=1000%2C672&ssl=1\",\"width\":1000,\"height\":672,\"caption\":\"Diferentes tipos de drogas, materiais para o tr\u00e1fico e dinheiro foram apreendidos com os suspeitos | Foto: DISE Franca\"},{\"@type\":\"BreadcrumbList\",\"@id\":\"https:\/\/verdadeon.com.br\/portal\/2021\/09\/22\/policia-civil-apreende-mais-de-400-porcoes-de-drogas-com-traficantes-em-franca\/#breadcrumb\",\"itemListElement\":[{\"@type\":\"ListItem\",\"position\":1,\"name\":\"In\u00edcio\",\"item\":\"https:\/\/verdadeon.com.br\/portal\/\"},{\"@type\":\"ListItem\",\"position\":2,\"name\":\"Pol\u00edcia Civil apreende mais de 400 por\u00e7\u00f5es de drogas com traficantes em Franca\"}]},{\"@type\":\"WebSite\",\"@id\":\"https:\/\/verdadeon.com.br\/portal\/#website\",\"url\":\"https:\/\/verdadeon.com.br\/portal\/\",\"name\":\"VerdadeOn\",\"description\":\"Not\u00edcias di\u00e1rias sobre Franca, Regi\u00e3o, Esporte, Cultura, Cotidiano, Colunas. Cobertura nos principais eventos da cidade \u00e9 aqui - Verdadeon Franca\",\"potentialAction\":[{\"@type\":\"SearchAction\",\"target\":{\"@type\":\"EntryPoint\",\"urlTemplate\":\"https:\/\/verdadeon.com.br\/portal\/?s={search_term_string}\"},\"query-input\":{\"@type\":\"PropertyValueSpecification\",\"valueRequired\":true,\"valueName\":\"search_term_string\"}}],\"inLanguage\":\"pt-BR\"},{\"@type\":\"Person\",\"@id\":\"https:\/\/verdadeon.com.br\/portal\/#\/schema\/person\/cc32be22b8e8599387c480bc83e1d11a\",\"name\":\"Fernando Lima\",\"image\":{\"@type\":\"ImageObject\",\"inLanguage\":\"pt-BR\",\"@id\":\"https:\/\/verdadeon.com.br\/portal\/#\/schema\/person\/image\/\",\"url\":\"https:\/\/secure.gravatar.com\/avatar\/df4c8e132080d2b3a4841d5d232045464e0eed11a1d6e43115ca0843d48768d3?s=96&d=mm&r=g\",\"contentUrl\":\"https:\/\/secure.gravatar.com\/avatar\/df4c8e132080d2b3a4841d5d232045464e0eed11a1d6e43115ca0843d48768d3?s=96&d=mm&r=g\",\"caption\":\"Fernando Lima\"},\"sameAs\":[\"http:\/\/verdadeon.com.br\/\"],\"url\":\"https:\/\/verdadeon.com.br\/portal\/author\/fernando-lima\/\"}]}<\/script>\n<!-- \/ Yoast SEO plugin. -->","yoast_head_json":{"title":"Pol\u00edcia Civil apreende mais de 400 por\u00e7\u00f5es de drogas com traficantes em Franca - VerdadeOn","robots":{"index":"index","follow":"follow","max-snippet":"max-snippet:-1","max-image-preview":"max-image-preview:large","max-video-preview":"max-video-preview:-1"},"canonical":"https:\/\/verdadeon.com.br\/portal\/2021\/09\/22\/policia-civil-apreende-mais-de-400-porcoes-de-drogas-com-traficantes-em-franca\/","og_locale":"pt_BR","og_type":"article","og_title":"Pol\u00edcia Civil apreende mais de 400 por\u00e7\u00f5es de drogas com traficantes em Franca - VerdadeOn","og_description":"A apreens\u00e3o aconteceu na zona norte da cidade, policiais chegaram at\u00e9 os suspeitos ap\u00f3s den\u00fancias Uma dupla de traficantes foi presa pela Pol\u00edcia Civil de Franca [\u2026]","og_url":"https:\/\/verdadeon.com.br\/portal\/2021\/09\/22\/policia-civil-apreende-mais-de-400-porcoes-de-drogas-com-traficantes-em-franca\/","og_site_name":"VerdadeOn","article_published_time":"2021-09-22T21:33:18+00:00","og_image":[{"width":1000,"height":672,"url":"https:\/\/verdadeon.com.br\/portal\/wp-content\/uploads\/2021\/09\/WhatsApp-Image-2021-09-22-at-17.33.54-e1632346281320.jpeg","type":"image\/jpeg"}],"author":"Fernando Lima","twitter_card":"summary_large_image","twitter_misc":{"Escrito por":"Fernando Lima","Est. tempo de leitura":"2 minutos"},"schema":{"@context":"https:\/\/schema.org","@graph":[{"@type":"WebPage","@id":"https:\/\/verdadeon.com.br\/portal\/2021\/09\/22\/policia-civil-apreende-mais-de-400-porcoes-de-drogas-com-traficantes-em-franca\/","url":"https:\/\/verdadeon.com.br\/portal\/2021\/09\/22\/policia-civil-apreende-mais-de-400-porcoes-de-drogas-com-traficantes-em-franca\/","name":"Pol\u00edcia Civil apreende mais de 400 por\u00e7\u00f5es de drogas com traficantes em Franca - VerdadeOn","isPartOf":{"@id":"https:\/\/verdadeon.com.br\/portal\/#website"},"primaryImageOfPage":{"@id":"https:\/\/verdadeon.com.br\/portal\/2021\/09\/22\/policia-civil-apreende-mais-de-400-porcoes-de-drogas-com-traficantes-em-franca\/#primaryimage"},"image":{"@id":"https:\/\/verdadeon.com.br\/portal\/2021\/09\/22\/policia-civil-apreende-mais-de-400-porcoes-de-drogas-com-traficantes-em-franca\/#primaryimage"},"thumbnailUrl":"https:\/\/i0.wp.com\/verdadeon.com.br\/portal\/wp-content\/uploads\/2021\/09\/WhatsApp-Image-2021-09-22-at-17.33.54-e1632346281320.jpeg?fit=1000%2C672&ssl=1","datePublished":"2021-09-22T21:33:18+00:00","author":{"@id":"https:\/\/verdadeon.com.br\/portal\/#\/schema\/person\/cc32be22b8e8599387c480bc83e1d11a"},"breadcrumb":{"@id":"https:\/\/verdadeon.com.br\/portal\/2021\/09\/22\/policia-civil-apreende-mais-de-400-porcoes-de-drogas-com-traficantes-em-franca\/#breadcrumb"},"inLanguage":"pt-BR","potentialAction":[{"@type":"ReadAction","target":["https:\/\/verdadeon.com.br\/portal\/2021\/09\/22\/policia-civil-apreende-mais-de-400-porcoes-de-drogas-com-traficantes-em-franca\/"]}]},{"@type":"ImageObject","inLanguage":"pt-BR","@id":"https:\/\/verdadeon.com.br\/portal\/2021\/09\/22\/policia-civil-apreende-mais-de-400-porcoes-de-drogas-com-traficantes-em-franca\/#primaryimage","url":"https:\/\/i0.wp.com\/verdadeon.com.br\/portal\/wp-content\/uploads\/2021\/09\/WhatsApp-Image-2021-09-22-at-17.33.54-e1632346281320.jpeg?fit=1000%2C672&ssl=1","contentUrl":"https:\/\/i0.wp.com\/verdadeon.com.br\/portal\/wp-content\/uploads\/2021\/09\/WhatsApp-Image-2021-09-22-at-17.33.54-e1632346281320.jpeg?fit=1000%2C672&ssl=1","width":1000,"height":672,"caption":"Diferentes tipos de drogas, materiais para o tr\u00e1fico e dinheiro foram apreendidos com os suspeitos | Foto: DISE Franca"},{"@type":"BreadcrumbList","@id":"https:\/\/verdadeon.com.br\/portal\/2021\/09\/22\/policia-civil-apreende-mais-de-400-porcoes-de-drogas-com-traficantes-em-franca\/#breadcrumb","itemListElement":[{"@type":"ListItem","position":1,"name":"In\u00edcio","item":"https:\/\/verdadeon.com.br\/portal\/"},{"@type":"ListItem","position":2,"name":"Pol\u00edcia Civil apreende mais de 400 por\u00e7\u00f5es de drogas com traficantes em Franca"}]},{"@type":"WebSite","@id":"https:\/\/verdadeon.com.br\/portal\/#website","url":"https:\/\/verdadeon.com.br\/portal\/","name":"VerdadeOn","description":"Not\u00edcias di\u00e1rias sobre Franca, Regi\u00e3o, Esporte, Cultura, Cotidiano, Colunas. Cobertura nos principais eventos da cidade \u00e9 aqui - Verdadeon Franca","potentialAction":[{"@type":"SearchAction","target":{"@type":"EntryPoint","urlTemplate":"https:\/\/verdadeon.com.br\/portal\/?s={search_term_string}"},"query-input":{"@type":"PropertyValueSpecification","valueRequired":true,"valueName":"search_term_string"}}],"inLanguage":"pt-BR"},{"@type":"Person","@id":"https:\/\/verdadeon.com.br\/portal\/#\/schema\/person\/cc32be22b8e8599387c480bc83e1d11a","name":"Fernando Lima","image":{"@type":"ImageObject","inLanguage":"pt-BR","@id":"https:\/\/verdadeon.com.br\/portal\/#\/schema\/person\/image\/","url":"https:\/\/secure.gravatar.com\/avatar\/df4c8e132080d2b3a4841d5d232045464e0eed11a1d6e43115ca0843d48768d3?s=96&d=mm&r=g","contentUrl":"https:\/\/secure.gravatar.com\/avatar\/df4c8e132080d2b3a4841d5d232045464e0eed11a1d6e43115ca0843d48768d3?s=96&d=mm&r=g","caption":"Fernando Lima"},"sameAs":["http:\/\/verdadeon.com.br\/"],"url":"https:\/\/verdadeon.com.br\/portal\/author\/fernando-lima\/"}]}},"jetpack_publicize_connections":[],"jetpack_featured_media_url":"https:\/\/i0.wp.com\/verdadeon.com.br\/portal\/wp-content\/uploads\/2021\/09\/WhatsApp-Image-2021-09-22-at-17.33.54-e1632346281320.jpeg?fit=1000%2C672&ssl=1","jetpack_sharing_enabled":true,"_links":{"self":[{"href":"https:\/\/verdadeon.com.br\/portal\/wp-json\/wp\/v2\/posts\/19794","targetHints":{"allow":["GET"]}}],"collection":[{"href":"https:\/\/verdadeon.com.br\/portal\/wp-json\/wp\/v2\/posts"}],"about":[{"href":"https:\/\/verdadeon.com.br\/portal\/wp-json\/wp\/v2\/types\/post"}],"author":[{"embeddable":true,"href":"https:\/\/verdadeon.com.br\/portal\/wp-json\/wp\/v2\/users\/7"}],"replies":[{"embeddable":true,"href":"https:\/\/verdadeon.com.br\/portal\/wp-json\/wp\/v2\/comments?post=19794"}],"version-history":[{"count":0,"href":"https:\/\/verdadeon.com.br\/portal\/wp-json\/wp\/v2\/posts\/19794\/revisions"}],"wp:featuredmedia":[{"embeddable":true,"href":"https:\/\/verdadeon.com.br\/portal\/wp-json\/wp\/v2\/media\/19798"}],"wp:attachment":[{"href":"https:\/\/verdadeon.com.br\/portal\/wp-json\/wp\/v2\/media?parent=19794"}],"wp:term":[{"taxonomy":"category","embeddable":true,"href":"https:\/\/verdadeon.com.br\/portal\/wp-json\/wp\/v2\/categories?post=19794"},{"taxonomy":"post_tag","embeddable":true,"href":"https:\/\/verdadeon.com.br\/portal\/wp-json\/wp\/v2\/tags?post=19794"}],"curies":[{"name":"wp","href":"https:\/\/api.w.org\/{rel}","templated":true}]}}