{"id":19777,"date":"2021-09-21T19:41:28","date_gmt":"2021-09-21T22:41:28","guid":{"rendered":"https:\/\/verdadeon.com.br\/portal\/?p=19777"},"modified":"2021-09-21T19:41:28","modified_gmt":"2021-09-21T22:41:28","slug":"pastoral-do-menor-oferece-curso-sobre-mercado-de-trabalho-para-adolescentes","status":"publish","type":"post","link":"https:\/\/verdadeon.com.br\/portal\/2021\/09\/21\/pastoral-do-menor-oferece-curso-sobre-mercado-de-trabalho-para-adolescentes\/","title":{"rendered":"Pastoral do Menor oferece curso sobre mercado de trabalho para adolescentes"},"content":{"rendered":"<h2>Curso \u00e9 gratuito e est\u00e1 com 80 vagas abertas para atender jovens de 14 a 18 anos no contraturno escolar<\/h2>\n<p><span style=\"font-weight: 400;\">A Pastoral do Menor iniciou um novo projeto voltado para atender jovens adolescentes: o Pipa (Polo de Inicia\u00e7\u00e3o e Prepara\u00e7\u00e3o para a Aprendizagem), que est\u00e1 com inscri\u00e7\u00f5es abertas para o curso Futuro Brilhante.<\/span><\/p>\n<p><span style=\"font-weight: 400;\">S\u00e3o oferecidas 80 vagas para jovens de 14 a 18 anos. O curso \u00e9 focado na prepara\u00e7\u00e3o para o mercado de trabalho e ser\u00e1 dividido em quatro m\u00f3dulos abordando temas como marketing digital, marketing pessoal, empreendedorismo, inform\u00e1tica b\u00e1sica e outros.\u00a0<\/span><\/p>\n<p><span style=\"font-weight: 400;\">Os participantes ter\u00e3o aulas tr\u00eas vezes por semana, no contraturno escolar, em um pr\u00e9dio da Pastoral do Menor, localizado na Avenida Eliza Verzola Gosuen, 2427, no Bairro Santa Cruz. No per\u00edodo da manh\u00e3, as aulas ser\u00e3o das 8h \u00e0s 11h e \u00e0 tarde das 13h30 \u00e0s 16h30. O curso ter\u00e1 dura\u00e7\u00e3o de tr\u00eas meses. \u201cA proposta \u00e9 auxili\u00e1-los para desenvolverem suas habilidades e encaminh\u00e1-los para o mercado de trabalho. Nossa ideia \u00e9 direcion\u00e1-los para as \u00e1reas com as quais t\u00eam mais aptid\u00e3o e afinidade\u201d, disse Lindsay Lemos Gon\u00e7alves Ferreira, coordenadora do Pipa.<\/span><\/p>\n<p><span style=\"font-weight: 400;\">As inscri\u00e7\u00f5es podem ser feitas at\u00e9 esta quarta-feira, 22, pelo site <\/span><a href=\"http:\/\/www.pastoraldomenorfranca\"><span style=\"font-weight: 400;\">www.pastoraldomenorfranca<\/span><\/a><span style=\"font-weight: 400;\"> ou pelo telefone 3704-6086.<\/span><\/p>\n","protected":false},"excerpt":{"rendered":"<p>Curso \u00e9 gratuito e est\u00e1 com 80 vagas abertas para atender jovens de 14 a 18 anos no contraturno escolar A Pastoral do Menor iniciou um<span class=\"excerpt-hellip\"> [\u2026]<\/span><\/p>\n","protected":false},"author":12,"featured_media":19778,"comment_status":"open","ping_status":"open","sticky":false,"template":"","format":"standard","meta":{"_jetpack_memberships_contains_paid_content":false,"footnotes":"","jetpack_publicize_message":"","jetpack_publicize_feature_enabled":true,"jetpack_social_post_already_shared":false,"jetpack_social_options":{"image_generator_settings":{"template":"highway","default_image_id":0,"enabled":false},"version":2}},"categories":[28,44],"tags":[],"class_list":["post-19777","post","type-post","status-publish","format-standard","has-post-thumbnail","hentry","category-cotidiano","category-noticias"],"yoast_head":"<!-- This site is optimized with the Yoast SEO plugin v25.6 - https:\/\/yoast.com\/wordpress\/plugins\/seo\/ -->\n<title>Pastoral do Menor oferece curso sobre mercado de trabalho para adolescentes - VerdadeOn<\/title>\n<meta name=\"robots\" content=\"index, follow, max-snippet:-1, max-image-preview:large, max-video-preview:-1\" \/>\n<link rel=\"canonical\" href=\"https:\/\/verdadeon.com.br\/portal\/2021\/09\/21\/pastoral-do-menor-oferece-curso-sobre-mercado-de-trabalho-para-adolescentes\/\" \/>\n<meta property=\"og:locale\" content=\"pt_BR\" \/>\n<meta property=\"og:type\" content=\"article\" \/>\n<meta property=\"og:title\" content=\"Pastoral do Menor oferece curso sobre mercado de trabalho para adolescentes - VerdadeOn\" \/>\n<meta property=\"og:description\" content=\"Curso \u00e9 gratuito e est\u00e1 com 80 vagas abertas para atender jovens de 14 a 18 anos no contraturno escolar A Pastoral do Menor iniciou um [\u2026]\" \/>\n<meta property=\"og:url\" content=\"https:\/\/verdadeon.com.br\/portal\/2021\/09\/21\/pastoral-do-menor-oferece-curso-sobre-mercado-de-trabalho-para-adolescentes\/\" \/>\n<meta property=\"og:site_name\" content=\"VerdadeOn\" \/>\n<meta property=\"article:published_time\" content=\"2021-09-21T22:41:28+00:00\" \/>\n<meta property=\"og:image\" content=\"https:\/\/verdadeon.com.br\/portal\/wp-content\/uploads\/2021\/09\/LINDSAY-LEMOS-GONCALVES-FERREIRA-COORDENADORA-DO-PIPA-DA-PASTORAL-DO-MENOR-e1632264025683.jpeg\" \/>\n\t<meta property=\"og:image:width\" content=\"960\" \/>\n\t<meta property=\"og:image:height\" content=\"668\" \/>\n\t<meta property=\"og:image:type\" content=\"image\/jpeg\" \/>\n<meta name=\"author\" content=\"Nelise Luques\" \/>\n<meta name=\"twitter:card\" content=\"summary_large_image\" \/>\n<meta name=\"twitter:label1\" content=\"Escrito por\" \/>\n\t<meta name=\"twitter:data1\" content=\"Nelise Luques\" \/>\n\t<meta name=\"twitter:label2\" content=\"Est. tempo de leitura\" \/>\n\t<meta name=\"twitter:data2\" content=\"1 minuto\" \/>\n<script type=\"application\/ld+json\" class=\"yoast-schema-graph\">{\"@context\":\"https:\/\/schema.org\",\"@graph\":[{\"@type\":\"WebPage\",\"@id\":\"https:\/\/verdadeon.com.br\/portal\/2021\/09\/21\/pastoral-do-menor-oferece-curso-sobre-mercado-de-trabalho-para-adolescentes\/\",\"url\":\"https:\/\/verdadeon.com.br\/portal\/2021\/09\/21\/pastoral-do-menor-oferece-curso-sobre-mercado-de-trabalho-para-adolescentes\/\",\"name\":\"Pastoral do Menor oferece curso sobre mercado de trabalho para adolescentes - VerdadeOn\",\"isPartOf\":{\"@id\":\"https:\/\/verdadeon.com.br\/portal\/#website\"},\"primaryImageOfPage\":{\"@id\":\"https:\/\/verdadeon.com.br\/portal\/2021\/09\/21\/pastoral-do-menor-oferece-curso-sobre-mercado-de-trabalho-para-adolescentes\/#primaryimage\"},\"image\":{\"@id\":\"https:\/\/verdadeon.com.br\/portal\/2021\/09\/21\/pastoral-do-menor-oferece-curso-sobre-mercado-de-trabalho-para-adolescentes\/#primaryimage\"},\"thumbnailUrl\":\"https:\/\/i0.wp.com\/verdadeon.com.br\/portal\/wp-content\/uploads\/2021\/09\/LINDSAY-LEMOS-GONCALVES-FERREIRA-COORDENADORA-DO-PIPA-DA-PASTORAL-DO-MENOR-e1632264025683.jpeg?fit=960%2C668&ssl=1\",\"datePublished\":\"2021-09-21T22:41:28+00:00\",\"author\":{\"@id\":\"https:\/\/verdadeon.com.br\/portal\/#\/schema\/person\/8248726d36015c1916636fabb175d972\"},\"breadcrumb\":{\"@id\":\"https:\/\/verdadeon.com.br\/portal\/2021\/09\/21\/pastoral-do-menor-oferece-curso-sobre-mercado-de-trabalho-para-adolescentes\/#breadcrumb\"},\"inLanguage\":\"pt-BR\",\"potentialAction\":[{\"@type\":\"ReadAction\",\"target\":[\"https:\/\/verdadeon.com.br\/portal\/2021\/09\/21\/pastoral-do-menor-oferece-curso-sobre-mercado-de-trabalho-para-adolescentes\/\"]}]},{\"@type\":\"ImageObject\",\"inLanguage\":\"pt-BR\",\"@id\":\"https:\/\/verdadeon.com.br\/portal\/2021\/09\/21\/pastoral-do-menor-oferece-curso-sobre-mercado-de-trabalho-para-adolescentes\/#primaryimage\",\"url\":\"https:\/\/i0.wp.com\/verdadeon.com.br\/portal\/wp-content\/uploads\/2021\/09\/LINDSAY-LEMOS-GONCALVES-FERREIRA-COORDENADORA-DO-PIPA-DA-PASTORAL-DO-MENOR-e1632264025683.jpeg?fit=960%2C668&ssl=1\",\"contentUrl\":\"https:\/\/i0.wp.com\/verdadeon.com.br\/portal\/wp-content\/uploads\/2021\/09\/LINDSAY-LEMOS-GONCALVES-FERREIRA-COORDENADORA-DO-PIPA-DA-PASTORAL-DO-MENOR-e1632264025683.jpeg?fit=960%2C668&ssl=1\",\"width\":960,\"height\":668,\"caption\":\"Lindsay Lemos Ferreira \u00e9 coordenadora do Pipa, projeto criado pela Pastoral do Menor para atender jovens | Foto: Divulga\u00e7\u00e3o\"},{\"@type\":\"BreadcrumbList\",\"@id\":\"https:\/\/verdadeon.com.br\/portal\/2021\/09\/21\/pastoral-do-menor-oferece-curso-sobre-mercado-de-trabalho-para-adolescentes\/#breadcrumb\",\"itemListElement\":[{\"@type\":\"ListItem\",\"position\":1,\"name\":\"In\u00edcio\",\"item\":\"https:\/\/verdadeon.com.br\/portal\/\"},{\"@type\":\"ListItem\",\"position\":2,\"name\":\"Pastoral do Menor oferece curso sobre mercado de trabalho para adolescentes\"}]},{\"@type\":\"WebSite\",\"@id\":\"https:\/\/verdadeon.com.br\/portal\/#website\",\"url\":\"https:\/\/verdadeon.com.br\/portal\/\",\"name\":\"VerdadeOn\",\"description\":\"Not\u00edcias di\u00e1rias sobre Franca, Regi\u00e3o, Esporte, Cultura, Cotidiano, Colunas. Cobertura nos principais eventos da cidade \u00e9 aqui - Verdadeon Franca\",\"potentialAction\":[{\"@type\":\"SearchAction\",\"target\":{\"@type\":\"EntryPoint\",\"urlTemplate\":\"https:\/\/verdadeon.com.br\/portal\/?s={search_term_string}\"},\"query-input\":{\"@type\":\"PropertyValueSpecification\",\"valueRequired\":true,\"valueName\":\"search_term_string\"}}],\"inLanguage\":\"pt-BR\"},{\"@type\":\"Person\",\"@id\":\"https:\/\/verdadeon.com.br\/portal\/#\/schema\/person\/8248726d36015c1916636fabb175d972\",\"name\":\"Nelise Luques\",\"image\":{\"@type\":\"ImageObject\",\"inLanguage\":\"pt-BR\",\"@id\":\"https:\/\/verdadeon.com.br\/portal\/#\/schema\/person\/image\/\",\"url\":\"https:\/\/secure.gravatar.com\/avatar\/29b2a17f5bcadeb827411b66f48ac13c3e0ecaf5906c0f5745ecc5d41c24eada?s=96&d=mm&r=g\",\"contentUrl\":\"https:\/\/secure.gravatar.com\/avatar\/29b2a17f5bcadeb827411b66f48ac13c3e0ecaf5906c0f5745ecc5d41c24eada?s=96&d=mm&r=g\",\"caption\":\"Nelise Luques\"},\"url\":\"https:\/\/verdadeon.com.br\/portal\/author\/verdade\/\"}]}<\/script>\n<!-- \/ Yoast SEO plugin. -->","yoast_head_json":{"title":"Pastoral do Menor oferece curso sobre mercado de trabalho para adolescentes - VerdadeOn","robots":{"index":"index","follow":"follow","max-snippet":"max-snippet:-1","max-image-preview":"max-image-preview:large","max-video-preview":"max-video-preview:-1"},"canonical":"https:\/\/verdadeon.com.br\/portal\/2021\/09\/21\/pastoral-do-menor-oferece-curso-sobre-mercado-de-trabalho-para-adolescentes\/","og_locale":"pt_BR","og_type":"article","og_title":"Pastoral do Menor oferece curso sobre mercado de trabalho para adolescentes - VerdadeOn","og_description":"Curso \u00e9 gratuito e est\u00e1 com 80 vagas abertas para atender jovens de 14 a 18 anos no contraturno escolar A Pastoral do Menor iniciou um [\u2026]","og_url":"https:\/\/verdadeon.com.br\/portal\/2021\/09\/21\/pastoral-do-menor-oferece-curso-sobre-mercado-de-trabalho-para-adolescentes\/","og_site_name":"VerdadeOn","article_published_time":"2021-09-21T22:41:28+00:00","og_image":[{"width":960,"height":668,"url":"https:\/\/verdadeon.com.br\/portal\/wp-content\/uploads\/2021\/09\/LINDSAY-LEMOS-GONCALVES-FERREIRA-COORDENADORA-DO-PIPA-DA-PASTORAL-DO-MENOR-e1632264025683.jpeg","type":"image\/jpeg"}],"author":"Nelise Luques","twitter_card":"summary_large_image","twitter_misc":{"Escrito por":"Nelise Luques","Est. tempo de leitura":"1 minuto"},"schema":{"@context":"https:\/\/schema.org","@graph":[{"@type":"WebPage","@id":"https:\/\/verdadeon.com.br\/portal\/2021\/09\/21\/pastoral-do-menor-oferece-curso-sobre-mercado-de-trabalho-para-adolescentes\/","url":"https:\/\/verdadeon.com.br\/portal\/2021\/09\/21\/pastoral-do-menor-oferece-curso-sobre-mercado-de-trabalho-para-adolescentes\/","name":"Pastoral do Menor oferece curso sobre mercado de trabalho para adolescentes - VerdadeOn","isPartOf":{"@id":"https:\/\/verdadeon.com.br\/portal\/#website"},"primaryImageOfPage":{"@id":"https:\/\/verdadeon.com.br\/portal\/2021\/09\/21\/pastoral-do-menor-oferece-curso-sobre-mercado-de-trabalho-para-adolescentes\/#primaryimage"},"image":{"@id":"https:\/\/verdadeon.com.br\/portal\/2021\/09\/21\/pastoral-do-menor-oferece-curso-sobre-mercado-de-trabalho-para-adolescentes\/#primaryimage"},"thumbnailUrl":"https:\/\/i0.wp.com\/verdadeon.com.br\/portal\/wp-content\/uploads\/2021\/09\/LINDSAY-LEMOS-GONCALVES-FERREIRA-COORDENADORA-DO-PIPA-DA-PASTORAL-DO-MENOR-e1632264025683.jpeg?fit=960%2C668&ssl=1","datePublished":"2021-09-21T22:41:28+00:00","author":{"@id":"https:\/\/verdadeon.com.br\/portal\/#\/schema\/person\/8248726d36015c1916636fabb175d972"},"breadcrumb":{"@id":"https:\/\/verdadeon.com.br\/portal\/2021\/09\/21\/pastoral-do-menor-oferece-curso-sobre-mercado-de-trabalho-para-adolescentes\/#breadcrumb"},"inLanguage":"pt-BR","potentialAction":[{"@type":"ReadAction","target":["https:\/\/verdadeon.com.br\/portal\/2021\/09\/21\/pastoral-do-menor-oferece-curso-sobre-mercado-de-trabalho-para-adolescentes\/"]}]},{"@type":"ImageObject","inLanguage":"pt-BR","@id":"https:\/\/verdadeon.com.br\/portal\/2021\/09\/21\/pastoral-do-menor-oferece-curso-sobre-mercado-de-trabalho-para-adolescentes\/#primaryimage","url":"https:\/\/i0.wp.com\/verdadeon.com.br\/portal\/wp-content\/uploads\/2021\/09\/LINDSAY-LEMOS-GONCALVES-FERREIRA-COORDENADORA-DO-PIPA-DA-PASTORAL-DO-MENOR-e1632264025683.jpeg?fit=960%2C668&ssl=1","contentUrl":"https:\/\/i0.wp.com\/verdadeon.com.br\/portal\/wp-content\/uploads\/2021\/09\/LINDSAY-LEMOS-GONCALVES-FERREIRA-COORDENADORA-DO-PIPA-DA-PASTORAL-DO-MENOR-e1632264025683.jpeg?fit=960%2C668&ssl=1","width":960,"height":668,"caption":"Lindsay Lemos Ferreira \u00e9 coordenadora do Pipa, projeto criado pela Pastoral do Menor para atender jovens | Foto: Divulga\u00e7\u00e3o"},{"@type":"BreadcrumbList","@id":"https:\/\/verdadeon.com.br\/portal\/2021\/09\/21\/pastoral-do-menor-oferece-curso-sobre-mercado-de-trabalho-para-adolescentes\/#breadcrumb","itemListElement":[{"@type":"ListItem","position":1,"name":"In\u00edcio","item":"https:\/\/verdadeon.com.br\/portal\/"},{"@type":"ListItem","position":2,"name":"Pastoral do Menor oferece curso sobre mercado de trabalho para adolescentes"}]},{"@type":"WebSite","@id":"https:\/\/verdadeon.com.br\/portal\/#website","url":"https:\/\/verdadeon.com.br\/portal\/","name":"VerdadeOn","description":"Not\u00edcias di\u00e1rias sobre Franca, Regi\u00e3o, Esporte, Cultura, Cotidiano, Colunas. Cobertura nos principais eventos da cidade \u00e9 aqui - Verdadeon Franca","potentialAction":[{"@type":"SearchAction","target":{"@type":"EntryPoint","urlTemplate":"https:\/\/verdadeon.com.br\/portal\/?s={search_term_string}"},"query-input":{"@type":"PropertyValueSpecification","valueRequired":true,"valueName":"search_term_string"}}],"inLanguage":"pt-BR"},{"@type":"Person","@id":"https:\/\/verdadeon.com.br\/portal\/#\/schema\/person\/8248726d36015c1916636fabb175d972","name":"Nelise Luques","image":{"@type":"ImageObject","inLanguage":"pt-BR","@id":"https:\/\/verdadeon.com.br\/portal\/#\/schema\/person\/image\/","url":"https:\/\/secure.gravatar.com\/avatar\/29b2a17f5bcadeb827411b66f48ac13c3e0ecaf5906c0f5745ecc5d41c24eada?s=96&d=mm&r=g","contentUrl":"https:\/\/secure.gravatar.com\/avatar\/29b2a17f5bcadeb827411b66f48ac13c3e0ecaf5906c0f5745ecc5d41c24eada?s=96&d=mm&r=g","caption":"Nelise Luques"},"url":"https:\/\/verdadeon.com.br\/portal\/author\/verdade\/"}]}},"jetpack_publicize_connections":[],"jetpack_featured_media_url":"https:\/\/i0.wp.com\/verdadeon.com.br\/portal\/wp-content\/uploads\/2021\/09\/LINDSAY-LEMOS-GONCALVES-FERREIRA-COORDENADORA-DO-PIPA-DA-PASTORAL-DO-MENOR-e1632264025683.jpeg?fit=960%2C668&ssl=1","jetpack_sharing_enabled":true,"_links":{"self":[{"href":"https:\/\/verdadeon.com.br\/portal\/wp-json\/wp\/v2\/posts\/19777","targetHints":{"allow":["GET"]}}],"collection":[{"href":"https:\/\/verdadeon.com.br\/portal\/wp-json\/wp\/v2\/posts"}],"about":[{"href":"https:\/\/verdadeon.com.br\/portal\/wp-json\/wp\/v2\/types\/post"}],"author":[{"embeddable":true,"href":"https:\/\/verdadeon.com.br\/portal\/wp-json\/wp\/v2\/users\/12"}],"replies":[{"embeddable":true,"href":"https:\/\/verdadeon.com.br\/portal\/wp-json\/wp\/v2\/comments?post=19777"}],"version-history":[{"count":0,"href":"https:\/\/verdadeon.com.br\/portal\/wp-json\/wp\/v2\/posts\/19777\/revisions"}],"wp:featuredmedia":[{"embeddable":true,"href":"https:\/\/verdadeon.com.br\/portal\/wp-json\/wp\/v2\/media\/19778"}],"wp:attachment":[{"href":"https:\/\/verdadeon.com.br\/portal\/wp-json\/wp\/v2\/media?parent=19777"}],"wp:term":[{"taxonomy":"category","embeddable":true,"href":"https:\/\/verdadeon.com.br\/portal\/wp-json\/wp\/v2\/categories?post=19777"},{"taxonomy":"post_tag","embeddable":true,"href":"https:\/\/verdadeon.com.br\/portal\/wp-json\/wp\/v2\/tags?post=19777"}],"curies":[{"name":"wp","href":"https:\/\/api.w.org\/{rel}","templated":true}]}}