{"id":19747,"date":"2021-09-20T18:21:52","date_gmt":"2021-09-20T21:21:52","guid":{"rendered":"https:\/\/verdadeon.com.br\/portal\/?p=19747"},"modified":"2021-09-20T18:21:52","modified_gmt":"2021-09-20T21:21:52","slug":"seca-historica-em-franca-e-a-terceira-maior-dos-ultimos-60-anos","status":"publish","type":"post","link":"https:\/\/verdadeon.com.br\/portal\/2021\/09\/20\/seca-historica-em-franca-e-a-terceira-maior-dos-ultimos-60-anos\/","title":{"rendered":"Seca hist\u00f3rica em Franca \u00e9 a terceira maior dos \u00faltimos 60 anos"},"content":{"rendered":"<h2>Levantamento do Inmet avalia volume de chuvas registrado na cidade no primeiro semestre desde 1961; este ano aparece entre os mais cr\u00edticos<\/h2>\n<p>&nbsp;<\/p>\n<p><b>Nelise Luques<\/b><\/p>\n<p><span style=\"font-weight: 400;\">A seca de 2021 \u00e9 a terceira maior dos \u00faltimos 60 anos em Franca. O Jornal Verdade obteve levantamento exclusivo do Inmet (Instituto Nacional de Meteorologia) que aponta o primeiro semestre deste ano como o terceiro menos chuvoso de toda s\u00e9rie hist\u00f3rica na cidade desde 1961, quando as medi\u00e7\u00f5es do volume pluviom\u00e9trico come\u00e7aram a ser feitas pelo instituto.<\/span><\/p>\n<p><span style=\"font-weight: 400;\">Entre janeiro e julho de 2021 choveu em Franca 547,8 mil\u00edmetros, quantidade muito parecida com a do mesmo per\u00edodo de 2014, um dos anos mais secos na regi\u00e3o. A diferen\u00e7a entre os dois anos \u00e9 m\u00ednima, de apenas 1,4 mil\u00edmetro. Foi apenas em 1963 que a cidade havia registrado seca t\u00e3o intensa nos primeiros seis meses do ano. \u201cRealmente est\u00e1 bastante seco e diferente de d\u00e9cadas atr\u00e1s, hoje estamos em outro contexto, em que se consome muito mais \u00e1gua, para gera\u00e7\u00e3o de energia el\u00e9trica, na agricultura, \u00e9 a vida moderna\u201d, analisa Marcelo Schneider, meteorologista do Inmet.<\/span><\/p>\n<p><span style=\"font-weight: 400;\">Segundo o especialista, um dos principais respons\u00e1veis pelo baix\u00edssimo \u00edndice de chuvas \u00e9 o esfriamento das \u00e1guas do Oceano Pac\u00edfico, fen\u00f4meno conhecido como La Ni\u00f1a. \u201cGeralmente esse fen\u00f4meno impacta o Sul do Brasil e o interior de S\u00e3o Paulo, como est\u00e1 sendo o caso de Franca. Com as \u00e1guas do Pac\u00edfico mais frias, h\u00e1 menos umidade vindo para a regi\u00e3o central do Brasil, o que dificulta a forma\u00e7\u00e3o de chuvas\u201d.<\/span><\/p>\n<h4>\u00c9poca chuvosa<\/h4>\n<p><span style=\"font-weight: 400;\">O Inmet tamb\u00e9m realizou um estudo para verificar o volume de precipita\u00e7\u00e3o em Franca no per\u00edodo mais chuvoso do ano, entre a primavera e ver\u00e3o, e a an\u00e1lise tamb\u00e9m \u00e9 desfavor\u00e1vel na cidade. Os meses de outubro, novembro, dezembro de 2020 at\u00e9 janeiro de 2021 \u00e9 o quarto menos chuvoso das \u00faltimas seis d\u00e9cadas, com precipita\u00e7\u00e3o de 1000,1 mil\u00edmetros.<\/span><\/p>\n<p><span style=\"font-weight: 400;\">At\u00e9 ent\u00e3o, os semestres mais secos haviam sido em 2013 (748,4 mm); 1970 (852,2 mm) e 1963 (905,5 mm).\u00a0<\/span><\/p>\n<p><span style=\"font-weight: 400;\">Marcelo Schneider explicou que esses s\u00e3o meses estrat\u00e9gicos porque deveriam ser mais chuvosos e garantir o armazenamento de \u00e1gua para per\u00edodos de estiagem. \u201cO complicado de se ter \u00edndices t\u00e3o baixos de chuva \u00e9 que no ver\u00e3o perde-se muita \u00e1gua porque a umidade \u00e9 baixa e as temperaturas se elevam muito, o que acelera a evapora\u00e7\u00e3o,\u00a0 reduzindo o n\u00edvel dos rios e reservat\u00f3rios\u201d.\u00a0<\/span><\/p>\n<p><span style=\"font-weight: 400;\">Com a vaz\u00e3o de \u00e1gua nos mananciais e reservat\u00f3rios comprometida, medidas de conten\u00e7\u00e3o como o racionamento implantado pela Sabesp em Franca se tornam inevit\u00e1veis.<\/span><\/p>\n<h4>Previs\u00e3o<\/h4>\n<p><span style=\"font-weight: 400;\">Na pr\u00f3xima quinta-feira, dia 23 de setembro, inicia-se a Primavera. O Inmet deve divulgar nesta ter\u00e7a-feira, 21, uma perspectiva clim\u00e1tica para a esta\u00e7\u00e3o no pa\u00eds, mas antecipou que a tend\u00eancia \u00e9 voltar a ter influ\u00eancia do La Nin\u00e3 com mais intensidade na regi\u00e3o Sul do Brasil. Em Franca e outros munic\u00edpios na divisa de S\u00e3o Paulo com Minas Gerais, deve voltar a ter mais chuva, mas somente em novembro e dezembro. A semana segue com calor extremo e temperaturas pr\u00f3ximas dos 35\u00ba e 36\u00ba nesta ter\u00e7a-feira; n\u00e3o chove.<\/span><\/p>\n<p>&nbsp;<\/p>\n","protected":false},"excerpt":{"rendered":"<p>Levantamento do Inmet avalia volume de chuvas registrado na cidade no primeiro semestre desde 1961; este ano aparece entre os mais cr\u00edticos &nbsp; Nelise Luques A<span class=\"excerpt-hellip\"> [\u2026]<\/span><\/p>\n","protected":false},"author":12,"featured_media":19748,"comment_status":"open","ping_status":"open","sticky":false,"template":"","format":"standard","meta":{"_jetpack_memberships_contains_paid_content":false,"footnotes":"","jetpack_publicize_message":"","jetpack_publicize_feature_enabled":true,"jetpack_social_post_already_shared":false,"jetpack_social_options":{"image_generator_settings":{"template":"highway","default_image_id":0,"enabled":false},"version":2}},"categories":[28,81],"tags":[],"class_list":["post-19747","post","type-post","status-publish","format-standard","has-post-thumbnail","hentry","category-cotidiano","category-manchete"],"yoast_head":"<!-- This site is optimized with the Yoast SEO plugin v25.6 - https:\/\/yoast.com\/wordpress\/plugins\/seo\/ -->\n<title>Seca hist\u00f3rica em Franca \u00e9 a terceira maior dos \u00faltimos 60 anos - VerdadeOn<\/title>\n<meta name=\"robots\" content=\"index, follow, max-snippet:-1, max-image-preview:large, max-video-preview:-1\" \/>\n<link rel=\"canonical\" href=\"https:\/\/verdadeon.com.br\/portal\/2021\/09\/20\/seca-historica-em-franca-e-a-terceira-maior-dos-ultimos-60-anos\/\" \/>\n<meta property=\"og:locale\" content=\"pt_BR\" \/>\n<meta property=\"og:type\" content=\"article\" \/>\n<meta property=\"og:title\" content=\"Seca hist\u00f3rica em Franca \u00e9 a terceira maior dos \u00faltimos 60 anos - VerdadeOn\" \/>\n<meta property=\"og:description\" content=\"Levantamento do Inmet avalia volume de chuvas registrado na cidade no primeiro semestre desde 1961; este ano aparece entre os mais cr\u00edticos &nbsp; Nelise Luques A [\u2026]\" \/>\n<meta property=\"og:url\" content=\"https:\/\/verdadeon.com.br\/portal\/2021\/09\/20\/seca-historica-em-franca-e-a-terceira-maior-dos-ultimos-60-anos\/\" \/>\n<meta property=\"og:site_name\" content=\"VerdadeOn\" \/>\n<meta property=\"article:published_time\" content=\"2021-09-20T21:21:52+00:00\" \/>\n<meta property=\"og:image\" content=\"https:\/\/verdadeon.com.br\/portal\/wp-content\/uploads\/2021\/09\/PANORAMICA-DE-FRANCA-FOTO-FERNANDO-CALIXTO-JORNAL-VERDADE.jpeg\" \/>\n\t<meta property=\"og:image:width\" content=\"1000\" \/>\n\t<meta property=\"og:image:height\" content=\"670\" \/>\n\t<meta property=\"og:image:type\" content=\"image\/jpeg\" \/>\n<meta name=\"author\" content=\"Nelise Luques\" \/>\n<meta name=\"twitter:card\" content=\"summary_large_image\" \/>\n<meta name=\"twitter:label1\" content=\"Escrito por\" \/>\n\t<meta name=\"twitter:data1\" content=\"Nelise Luques\" \/>\n\t<meta name=\"twitter:label2\" content=\"Est. tempo de leitura\" \/>\n\t<meta name=\"twitter:data2\" content=\"3 minutos\" \/>\n<script type=\"application\/ld+json\" class=\"yoast-schema-graph\">{\"@context\":\"https:\/\/schema.org\",\"@graph\":[{\"@type\":\"WebPage\",\"@id\":\"https:\/\/verdadeon.com.br\/portal\/2021\/09\/20\/seca-historica-em-franca-e-a-terceira-maior-dos-ultimos-60-anos\/\",\"url\":\"https:\/\/verdadeon.com.br\/portal\/2021\/09\/20\/seca-historica-em-franca-e-a-terceira-maior-dos-ultimos-60-anos\/\",\"name\":\"Seca hist\u00f3rica em Franca \u00e9 a terceira maior dos \u00faltimos 60 anos - VerdadeOn\",\"isPartOf\":{\"@id\":\"https:\/\/verdadeon.com.br\/portal\/#website\"},\"primaryImageOfPage\":{\"@id\":\"https:\/\/verdadeon.com.br\/portal\/2021\/09\/20\/seca-historica-em-franca-e-a-terceira-maior-dos-ultimos-60-anos\/#primaryimage\"},\"image\":{\"@id\":\"https:\/\/verdadeon.com.br\/portal\/2021\/09\/20\/seca-historica-em-franca-e-a-terceira-maior-dos-ultimos-60-anos\/#primaryimage\"},\"thumbnailUrl\":\"https:\/\/i0.wp.com\/verdadeon.com.br\/portal\/wp-content\/uploads\/2021\/09\/PANORAMICA-DE-FRANCA-FOTO-FERNANDO-CALIXTO-JORNAL-VERDADE.jpeg?fit=1000%2C670&ssl=1\",\"datePublished\":\"2021-09-20T21:21:52+00:00\",\"author\":{\"@id\":\"https:\/\/verdadeon.com.br\/portal\/#\/schema\/person\/8248726d36015c1916636fabb175d972\"},\"breadcrumb\":{\"@id\":\"https:\/\/verdadeon.com.br\/portal\/2021\/09\/20\/seca-historica-em-franca-e-a-terceira-maior-dos-ultimos-60-anos\/#breadcrumb\"},\"inLanguage\":\"pt-BR\",\"potentialAction\":[{\"@type\":\"ReadAction\",\"target\":[\"https:\/\/verdadeon.com.br\/portal\/2021\/09\/20\/seca-historica-em-franca-e-a-terceira-maior-dos-ultimos-60-anos\/\"]}]},{\"@type\":\"ImageObject\",\"inLanguage\":\"pt-BR\",\"@id\":\"https:\/\/verdadeon.com.br\/portal\/2021\/09\/20\/seca-historica-em-franca-e-a-terceira-maior-dos-ultimos-60-anos\/#primaryimage\",\"url\":\"https:\/\/i0.wp.com\/verdadeon.com.br\/portal\/wp-content\/uploads\/2021\/09\/PANORAMICA-DE-FRANCA-FOTO-FERNANDO-CALIXTO-JORNAL-VERDADE.jpeg?fit=1000%2C670&ssl=1\",\"contentUrl\":\"https:\/\/i0.wp.com\/verdadeon.com.br\/portal\/wp-content\/uploads\/2021\/09\/PANORAMICA-DE-FRANCA-FOTO-FERNANDO-CALIXTO-JORNAL-VERDADE.jpeg?fit=1000%2C670&ssl=1\",\"width\":1000,\"height\":670,\"caption\":\"INMET emite alerta de chuvas intensas na Regi\u00e3o de Franca (\u00a9Fernando Calixto\/Jornal Verdade)\"},{\"@type\":\"BreadcrumbList\",\"@id\":\"https:\/\/verdadeon.com.br\/portal\/2021\/09\/20\/seca-historica-em-franca-e-a-terceira-maior-dos-ultimos-60-anos\/#breadcrumb\",\"itemListElement\":[{\"@type\":\"ListItem\",\"position\":1,\"name\":\"In\u00edcio\",\"item\":\"https:\/\/verdadeon.com.br\/portal\/\"},{\"@type\":\"ListItem\",\"position\":2,\"name\":\"Seca hist\u00f3rica em Franca \u00e9 a terceira maior dos \u00faltimos 60 anos\"}]},{\"@type\":\"WebSite\",\"@id\":\"https:\/\/verdadeon.com.br\/portal\/#website\",\"url\":\"https:\/\/verdadeon.com.br\/portal\/\",\"name\":\"VerdadeOn\",\"description\":\"Not\u00edcias di\u00e1rias sobre Franca, Regi\u00e3o, Esporte, Cultura, Cotidiano, Colunas. Cobertura nos principais eventos da cidade \u00e9 aqui - Verdadeon Franca\",\"potentialAction\":[{\"@type\":\"SearchAction\",\"target\":{\"@type\":\"EntryPoint\",\"urlTemplate\":\"https:\/\/verdadeon.com.br\/portal\/?s={search_term_string}\"},\"query-input\":{\"@type\":\"PropertyValueSpecification\",\"valueRequired\":true,\"valueName\":\"search_term_string\"}}],\"inLanguage\":\"pt-BR\"},{\"@type\":\"Person\",\"@id\":\"https:\/\/verdadeon.com.br\/portal\/#\/schema\/person\/8248726d36015c1916636fabb175d972\",\"name\":\"Nelise Luques\",\"image\":{\"@type\":\"ImageObject\",\"inLanguage\":\"pt-BR\",\"@id\":\"https:\/\/verdadeon.com.br\/portal\/#\/schema\/person\/image\/\",\"url\":\"https:\/\/secure.gravatar.com\/avatar\/29b2a17f5bcadeb827411b66f48ac13c3e0ecaf5906c0f5745ecc5d41c24eada?s=96&d=mm&r=g\",\"contentUrl\":\"https:\/\/secure.gravatar.com\/avatar\/29b2a17f5bcadeb827411b66f48ac13c3e0ecaf5906c0f5745ecc5d41c24eada?s=96&d=mm&r=g\",\"caption\":\"Nelise Luques\"},\"url\":\"https:\/\/verdadeon.com.br\/portal\/author\/verdade\/\"}]}<\/script>\n<!-- \/ Yoast SEO plugin. -->","yoast_head_json":{"title":"Seca hist\u00f3rica em Franca \u00e9 a terceira maior dos \u00faltimos 60 anos - VerdadeOn","robots":{"index":"index","follow":"follow","max-snippet":"max-snippet:-1","max-image-preview":"max-image-preview:large","max-video-preview":"max-video-preview:-1"},"canonical":"https:\/\/verdadeon.com.br\/portal\/2021\/09\/20\/seca-historica-em-franca-e-a-terceira-maior-dos-ultimos-60-anos\/","og_locale":"pt_BR","og_type":"article","og_title":"Seca hist\u00f3rica em Franca \u00e9 a terceira maior dos \u00faltimos 60 anos - VerdadeOn","og_description":"Levantamento do Inmet avalia volume de chuvas registrado na cidade no primeiro semestre desde 1961; este ano aparece entre os mais cr\u00edticos &nbsp; Nelise Luques A [\u2026]","og_url":"https:\/\/verdadeon.com.br\/portal\/2021\/09\/20\/seca-historica-em-franca-e-a-terceira-maior-dos-ultimos-60-anos\/","og_site_name":"VerdadeOn","article_published_time":"2021-09-20T21:21:52+00:00","og_image":[{"width":1000,"height":670,"url":"https:\/\/verdadeon.com.br\/portal\/wp-content\/uploads\/2021\/09\/PANORAMICA-DE-FRANCA-FOTO-FERNANDO-CALIXTO-JORNAL-VERDADE.jpeg","type":"image\/jpeg"}],"author":"Nelise Luques","twitter_card":"summary_large_image","twitter_misc":{"Escrito por":"Nelise Luques","Est. tempo de leitura":"3 minutos"},"schema":{"@context":"https:\/\/schema.org","@graph":[{"@type":"WebPage","@id":"https:\/\/verdadeon.com.br\/portal\/2021\/09\/20\/seca-historica-em-franca-e-a-terceira-maior-dos-ultimos-60-anos\/","url":"https:\/\/verdadeon.com.br\/portal\/2021\/09\/20\/seca-historica-em-franca-e-a-terceira-maior-dos-ultimos-60-anos\/","name":"Seca hist\u00f3rica em Franca \u00e9 a terceira maior dos \u00faltimos 60 anos - VerdadeOn","isPartOf":{"@id":"https:\/\/verdadeon.com.br\/portal\/#website"},"primaryImageOfPage":{"@id":"https:\/\/verdadeon.com.br\/portal\/2021\/09\/20\/seca-historica-em-franca-e-a-terceira-maior-dos-ultimos-60-anos\/#primaryimage"},"image":{"@id":"https:\/\/verdadeon.com.br\/portal\/2021\/09\/20\/seca-historica-em-franca-e-a-terceira-maior-dos-ultimos-60-anos\/#primaryimage"},"thumbnailUrl":"https:\/\/i0.wp.com\/verdadeon.com.br\/portal\/wp-content\/uploads\/2021\/09\/PANORAMICA-DE-FRANCA-FOTO-FERNANDO-CALIXTO-JORNAL-VERDADE.jpeg?fit=1000%2C670&ssl=1","datePublished":"2021-09-20T21:21:52+00:00","author":{"@id":"https:\/\/verdadeon.com.br\/portal\/#\/schema\/person\/8248726d36015c1916636fabb175d972"},"breadcrumb":{"@id":"https:\/\/verdadeon.com.br\/portal\/2021\/09\/20\/seca-historica-em-franca-e-a-terceira-maior-dos-ultimos-60-anos\/#breadcrumb"},"inLanguage":"pt-BR","potentialAction":[{"@type":"ReadAction","target":["https:\/\/verdadeon.com.br\/portal\/2021\/09\/20\/seca-historica-em-franca-e-a-terceira-maior-dos-ultimos-60-anos\/"]}]},{"@type":"ImageObject","inLanguage":"pt-BR","@id":"https:\/\/verdadeon.com.br\/portal\/2021\/09\/20\/seca-historica-em-franca-e-a-terceira-maior-dos-ultimos-60-anos\/#primaryimage","url":"https:\/\/i0.wp.com\/verdadeon.com.br\/portal\/wp-content\/uploads\/2021\/09\/PANORAMICA-DE-FRANCA-FOTO-FERNANDO-CALIXTO-JORNAL-VERDADE.jpeg?fit=1000%2C670&ssl=1","contentUrl":"https:\/\/i0.wp.com\/verdadeon.com.br\/portal\/wp-content\/uploads\/2021\/09\/PANORAMICA-DE-FRANCA-FOTO-FERNANDO-CALIXTO-JORNAL-VERDADE.jpeg?fit=1000%2C670&ssl=1","width":1000,"height":670,"caption":"INMET emite alerta de chuvas intensas na Regi\u00e3o de Franca (\u00a9Fernando Calixto\/Jornal Verdade)"},{"@type":"BreadcrumbList","@id":"https:\/\/verdadeon.com.br\/portal\/2021\/09\/20\/seca-historica-em-franca-e-a-terceira-maior-dos-ultimos-60-anos\/#breadcrumb","itemListElement":[{"@type":"ListItem","position":1,"name":"In\u00edcio","item":"https:\/\/verdadeon.com.br\/portal\/"},{"@type":"ListItem","position":2,"name":"Seca hist\u00f3rica em Franca \u00e9 a terceira maior dos \u00faltimos 60 anos"}]},{"@type":"WebSite","@id":"https:\/\/verdadeon.com.br\/portal\/#website","url":"https:\/\/verdadeon.com.br\/portal\/","name":"VerdadeOn","description":"Not\u00edcias di\u00e1rias sobre Franca, Regi\u00e3o, Esporte, Cultura, Cotidiano, Colunas. Cobertura nos principais eventos da cidade \u00e9 aqui - Verdadeon Franca","potentialAction":[{"@type":"SearchAction","target":{"@type":"EntryPoint","urlTemplate":"https:\/\/verdadeon.com.br\/portal\/?s={search_term_string}"},"query-input":{"@type":"PropertyValueSpecification","valueRequired":true,"valueName":"search_term_string"}}],"inLanguage":"pt-BR"},{"@type":"Person","@id":"https:\/\/verdadeon.com.br\/portal\/#\/schema\/person\/8248726d36015c1916636fabb175d972","name":"Nelise Luques","image":{"@type":"ImageObject","inLanguage":"pt-BR","@id":"https:\/\/verdadeon.com.br\/portal\/#\/schema\/person\/image\/","url":"https:\/\/secure.gravatar.com\/avatar\/29b2a17f5bcadeb827411b66f48ac13c3e0ecaf5906c0f5745ecc5d41c24eada?s=96&d=mm&r=g","contentUrl":"https:\/\/secure.gravatar.com\/avatar\/29b2a17f5bcadeb827411b66f48ac13c3e0ecaf5906c0f5745ecc5d41c24eada?s=96&d=mm&r=g","caption":"Nelise Luques"},"url":"https:\/\/verdadeon.com.br\/portal\/author\/verdade\/"}]}},"jetpack_publicize_connections":[],"jetpack_featured_media_url":"https:\/\/i0.wp.com\/verdadeon.com.br\/portal\/wp-content\/uploads\/2021\/09\/PANORAMICA-DE-FRANCA-FOTO-FERNANDO-CALIXTO-JORNAL-VERDADE.jpeg?fit=1000%2C670&ssl=1","jetpack_sharing_enabled":true,"_links":{"self":[{"href":"https:\/\/verdadeon.com.br\/portal\/wp-json\/wp\/v2\/posts\/19747","targetHints":{"allow":["GET"]}}],"collection":[{"href":"https:\/\/verdadeon.com.br\/portal\/wp-json\/wp\/v2\/posts"}],"about":[{"href":"https:\/\/verdadeon.com.br\/portal\/wp-json\/wp\/v2\/types\/post"}],"author":[{"embeddable":true,"href":"https:\/\/verdadeon.com.br\/portal\/wp-json\/wp\/v2\/users\/12"}],"replies":[{"embeddable":true,"href":"https:\/\/verdadeon.com.br\/portal\/wp-json\/wp\/v2\/comments?post=19747"}],"version-history":[{"count":0,"href":"https:\/\/verdadeon.com.br\/portal\/wp-json\/wp\/v2\/posts\/19747\/revisions"}],"wp:featuredmedia":[{"embeddable":true,"href":"https:\/\/verdadeon.com.br\/portal\/wp-json\/wp\/v2\/media\/19748"}],"wp:attachment":[{"href":"https:\/\/verdadeon.com.br\/portal\/wp-json\/wp\/v2\/media?parent=19747"}],"wp:term":[{"taxonomy":"category","embeddable":true,"href":"https:\/\/verdadeon.com.br\/portal\/wp-json\/wp\/v2\/categories?post=19747"},{"taxonomy":"post_tag","embeddable":true,"href":"https:\/\/verdadeon.com.br\/portal\/wp-json\/wp\/v2\/tags?post=19747"}],"curies":[{"name":"wp","href":"https:\/\/api.w.org\/{rel}","templated":true}]}}