{"id":19704,"date":"2021-09-18T12:15:01","date_gmt":"2021-09-18T15:15:01","guid":{"rendered":"https:\/\/verdadeon.com.br\/portal\/?p=19704"},"modified":"2021-09-18T12:16:27","modified_gmt":"2021-09-18T15:16:27","slug":"estresse-da-pandemia-impacta-na-saude-mental-e-aumenta-ansiedade-depressao-e-ate-suicidio","status":"publish","type":"post","link":"https:\/\/verdadeon.com.br\/portal\/2021\/09\/18\/estresse-da-pandemia-impacta-na-saude-mental-e-aumenta-ansiedade-depressao-e-ate-suicidio\/","title":{"rendered":"Estresse da pandemia impacta sa\u00fade mental e aumenta casos de ansiedade, depress\u00e3o e at\u00e9 suic\u00eddio"},"content":{"rendered":"<h2><span style=\"font-weight: 400;\">M\u00e9dico psiquiatra do \u2018Allan Kardec, Henrique Cassis Santos alerta para os sinais dos transtornos e a import\u00e2ncia de buscar ajuda especializada ao m\u00ednimo sinal de altera\u00e7\u00e3o<\/span><\/h2>\n<p><b>Nelise Luques<\/b><\/p>\n<p><span style=\"font-weight: 400;\">A pandemia da Covid-19 atingiu Franca em meados de mar\u00e7o de 2020 e, como em outros lugares, veio acompanhada de muitas situa\u00e7\u00f5es complicadas de se enfrentar. A doen\u00e7a em si, a morte de familiares, as sequelas deixadas pelo coronav\u00edrus, o confinamento obrigat\u00f3rio para evitar a contamina\u00e7\u00e3o e outras mudan\u00e7as de h\u00e1bito. Os reflexos na sa\u00fade ps\u00edquica da popula\u00e7\u00e3o s\u00e3o quase que inevit\u00e1veis.\u00a0<\/span><\/p>\n<p><span style=\"font-weight: 400;\">Estudos que analisaram o comportamento das pessoas frente aos impactos gerados por um v\u00edrus extremamente agressivo apontam aumento expressivo dos casos de ansiedade, transtornos psic\u00f3ticos, obsessivos e tamb\u00e9m de suic\u00eddio.\u00a0<\/span><\/p>\n<p><span style=\"font-weight: 400;\">Em Franca, o psiquiatra Henrique Cassis Ribeiro Santos, diretor cl\u00ednico e m\u00e9dico assistente do Hospital Psiqui\u00e1trico Allan Kardec atesta o crescimento de casos na cidade. O especialista, que atua na \u00e1rea de Sa\u00fade Mental h\u00e1 oito anos, alerta para se atentar aos m\u00ednimos sinais dos transtornos e procurar atendimento m\u00e9dico imediato.<\/span><\/p>\n<h4>Podemos afirmar que houve aumento dos transtornos psiqui\u00e1tricos durante a pandemia da Covid-19?<\/h4>\n<p><b>Henrique Cassis Santos &#8211;<\/b><span style=\"font-weight: 400;\"> Sim, houve. Os transtornos psiqui\u00e1tricos aumentaram por v\u00e1rios motivos. Primeiro, diretamente pela a\u00e7\u00e3o do v\u00edrus no sistema nervoso central, tamb\u00e9m pela m\u00e1 ades\u00e3o ao tratamento ambulatorial devido ao medo de sair de casa e contrair o v\u00edrus. Por \u00faltimo, pela a\u00e7\u00e3o estressora da pandemia, como not\u00edcias e morte de pessoas conhecidas, precipitando assim transtornos psiqui\u00e1tricos. Temos observado recrudescimentos dos quadros, novos quadros, n\u00e3o s\u00f3 ansiosos, mas psic\u00f3ticos, man\u00edacos, depressivos, obsessivos e ligados ao estresse.<\/span><\/p>\n<h4>H\u00e1 estudos que apontam crescimento de at\u00e9 80% em casos de ansiedade como reflexo da pandemia. Em Franca, esse cen\u00e1rio tamb\u00e9m se verifica? Qual a estimativa de aumento nos atendimentos?<span style=\"font-weight: 400;\">\u00a0<\/span><\/h4>\n<p><b>Henrique Cassis Santos &#8211;<\/b><span style=\"font-weight: 400;\"> Sim. N\u00e3o sei ao certo, mas h\u00e1 uma percep\u00e7\u00e3o de aumento.<\/span><\/p>\n<h4>Quais s\u00e3o os transtornos mais comuns?<\/h4>\n<p><b>Henrique Cassis Santos &#8211;<\/b><span style=\"font-weight: 400;\"> Transtorno de adapta\u00e7\u00e3o, transtornos depressivos e ansiosos.<\/span><\/p>\n<h4>Qual o perfil dos pacientes? \u00c9 poss\u00edvel fazer uma estimativa da faixa et\u00e1ria, sexo e outros dados?<span style=\"font-weight: 400;\">\u00a0<\/span><\/h4>\n<p><b>Henrique Cassis Santos &#8211;<\/b><span style=\"font-weight: 400;\"> N\u00e3o h\u00e1 perfil, todos est\u00e3o sujeitos. H\u00e1 tamb\u00e9m as pessoas que hoje preenchem crit\u00e9rios para transtorno psiqui\u00e1trico, entretanto n\u00e3o t\u00eam o diagn\u00f3stico por n\u00e3o procurar a ajuda do psiquiatra.<\/span><\/p>\n<h4>Que impactos na sa\u00fade mental das crian\u00e7as a pandemia pode causar pelo isolamento social e por estarem distantes da escola e conviv\u00eancia com outras pessoas, especialmente de suas idades?<span style=\"font-weight: 400;\">\u00a0<\/span><\/h4>\n<p><b>Henrique Cassis Santos &#8211;<\/b><span style=\"font-weight: 400;\"> Crian\u00e7as est\u00e3o suscept\u00edveis, de modo mais frequente, aos quadros ansiosos e depressivos, mas tamb\u00e9m obsessivos, tiques. H\u00e1 aquelas com transtorno de desenvolvimento intelectual, TDAH e autismo que n\u00e3o est\u00e3o tendo o tratamento adequado pela dificuldade de acessar o servi\u00e7o multidisciplinar. A maior parte das crian\u00e7as acometidas se encontra a partir do per\u00edodo de alfabetiza\u00e7\u00e3o, onde o contato social est\u00e1 diminu\u00eddo, foram privadas de suas amizades e conv\u00edvio com familiares e j\u00e1 entendem, mesmo que de forma parcial, a gravidade da situa\u00e7\u00e3o.<\/span><\/p>\n<h4>O luto tamb\u00e9m pode ser considerado um fator agravante dos transtornos?<span style=\"font-weight: 400;\">\u00a0<\/span><\/h4>\n<p><b>Henrique Cassis Santos &#8211;<\/b><span style=\"font-weight: 400;\"> N\u00e3o, o luto \u00e9 uma rea\u00e7\u00e3o \u00e0 morte, que pode evoluir para transtornos psiqui\u00e1tricos se for desadaptativo e persistente e se houver tamb\u00e9m presen\u00e7a maior de sintomas, entretanto \u00e9 uma rea\u00e7\u00e3o natural.<\/span><\/p>\n<h4>Qual o alerta para pais e as pessoas em rela\u00e7\u00e3o aos sintomas desses transtornos, como identific\u00e1-los?<span style=\"font-weight: 400;\">\u00a0<\/span><\/h4>\n<p><b>Henrique Cassis Santos &#8211;<\/b><span style=\"font-weight: 400;\"> Uma situa\u00e7\u00e3o importante e despercebida que indica transtorno psiqui\u00e1trico s\u00e3o queixas recorrentes som\u00e1ticas. H\u00e1 preval\u00eancia de metade das pessoas com queixas som\u00e1ticas inespec\u00edficas que procuram ajuda em pronto-socorro e est\u00e3o com transtorno psiqui\u00e1trico. Mudan\u00e7as comportamentais tamb\u00e9m s\u00e3o indicativas, que s\u00e3o pouco percebidas. A altera\u00e7\u00e3o do sono \u00e9 outro indicativo importante. As mudan\u00e7as de humor, estados de tens\u00e3o, preocupa\u00e7\u00f5es s\u00e3o facilmente percebidas pelas pessoas e, de modo geral, elas procuram atendimento por estes motivos. Devemos ficar muito atentos \u00e0s altera\u00e7\u00f5es que s\u00e3o menos relacionadas diretamente com transtornos psiqui\u00e1tricos.<\/span><\/p>\n<h4>Quando \u00e9 o momento de procurar ajuda?<span style=\"font-weight: 400;\">\u00a0<\/span><\/h4>\n<p><b>Henrique Cassis Santos &#8211;<\/b><span style=\"font-weight: 400;\"> Assim que houver tais altera\u00e7\u00f5es ou d\u00favidas.<\/span><\/p>\n<h4>Como \u00e9 o tratamento?<span style=\"font-weight: 400;\">\u00a0<\/span><\/h4>\n<p><b>Henrique Cassis Santos &#8211;<\/b><span style=\"font-weight: 400;\"> O tratamento \u00e9 espec\u00edfico para cada caso, entretanto, se verificada a presen\u00e7a de patologia, \u00e9 necess\u00e1rio o uso de medica\u00e7\u00f5es. Tais medica\u00e7\u00f5es s\u00e3o seguras, na maioria dos casos ser\u00e3o usadas por tempo limitado e servem para devolver a funcionalidade e bem estar do paciente. H\u00e1 desinforma\u00e7\u00e3o em parte do p\u00fablico, que teme que tais medica\u00e7\u00f5es causem depend\u00eancia ou impe\u00e7am a pessoa de ter uma vida normal. \u00c9 o contr\u00e1rio, a medica\u00e7\u00e3o ir\u00e1 devolver a normalidade ao paciente. \u00c9 necess\u00e1ria tamb\u00e9m a ajuda psicol\u00f3gica, que aborda os estressores desencadeantes e continuadores de tais transtornos.<\/span><\/p>\n<h4>Gostaria de saber se os casos de suic\u00eddio tamb\u00e9m subiram na pandemia? E qual o alerta para evitar que ocorram.<\/h4>\n<p><b>Henrique Cassis Santos &#8211;<\/b><span style=\"font-weight: 400;\"> H\u00e1 uma percep\u00e7\u00e3o que sim. O suic\u00eddio \u00e9 um desfecho grave, indesejado por todos. Gostaria de passar a informa\u00e7\u00e3o que mesmo aquela tentativa feita por meios pouco letais s\u00e3o importantes, que comumente s\u00e3o caracterizadas como &#8220;chamar aten\u00e7\u00e3o&#8221;. N\u00e3o deve ser feita tal rotulagem da situa\u00e7\u00e3o, porque \u00e0s vezes a pessoa n\u00e3o conhece meios mais letais. Qualquer tentativa ou men\u00e7\u00e3o de ideia de desejo de morte deve ser levada em conta como uma situa\u00e7\u00e3o perigosa e deve-se buscar ajuda profissional.<\/span><\/p>\n<h4>Sabemos que os profissionais de sa\u00fade tamb\u00e9m foram afetados durante a pandemia do coronav\u00edrus. Que trabalho tem sido feito para dar assist\u00eancia a esse grupo e evitar agravamento dos problemas?<\/h4>\n<p><b>Henrique Cassis Santos &#8211;<\/b><span style=\"font-weight: 400;\"> Condi\u00e7\u00f5es que levam a uma diminui\u00e7\u00e3o do risco de cont\u00e1gio \u00e9 muito importante, como isolamento de pacientes infectados, uso de EPI\u00b4s (Equipamentos de Prote\u00e7\u00e3o Individual) apropriados para o atendimento dos pacientes e\u00a0 melhora nas instala\u00e7\u00f5es.<\/span><\/p>\n","protected":false},"excerpt":{"rendered":"<p>M\u00e9dico psiquiatra do \u2018Allan Kardec, Henrique Cassis Santos alerta para os sinais dos transtornos e a import\u00e2ncia de buscar ajuda especializada ao m\u00ednimo sinal de altera\u00e7\u00e3o<span class=\"excerpt-hellip\"> [\u2026]<\/span><\/p>\n","protected":false},"author":12,"featured_media":19705,"comment_status":"open","ping_status":"open","sticky":false,"template":"","format":"standard","meta":{"_jetpack_memberships_contains_paid_content":false,"footnotes":"","jetpack_publicize_message":"","jetpack_publicize_feature_enabled":true,"jetpack_social_post_already_shared":false,"jetpack_social_options":{"image_generator_settings":{"template":"highway","default_image_id":0,"enabled":false},"version":2}},"categories":[28,81],"tags":[],"class_list":["post-19704","post","type-post","status-publish","format-standard","has-post-thumbnail","hentry","category-cotidiano","category-manchete"],"yoast_head":"<!-- This site is optimized with the Yoast SEO plugin v25.6 - https:\/\/yoast.com\/wordpress\/plugins\/seo\/ -->\n<title>Estresse da pandemia impacta sa\u00fade mental e aumenta casos de ansiedade, depress\u00e3o e at\u00e9 suic\u00eddio - VerdadeOn<\/title>\n<meta name=\"robots\" content=\"index, follow, max-snippet:-1, max-image-preview:large, max-video-preview:-1\" \/>\n<link rel=\"canonical\" href=\"https:\/\/verdadeon.com.br\/portal\/2021\/09\/18\/estresse-da-pandemia-impacta-na-saude-mental-e-aumenta-ansiedade-depressao-e-ate-suicidio\/\" \/>\n<meta property=\"og:locale\" content=\"pt_BR\" \/>\n<meta property=\"og:type\" content=\"article\" \/>\n<meta property=\"og:title\" content=\"Estresse da pandemia impacta sa\u00fade mental e aumenta casos de ansiedade, depress\u00e3o e at\u00e9 suic\u00eddio - VerdadeOn\" \/>\n<meta property=\"og:description\" content=\"M\u00e9dico psiquiatra do \u2018Allan Kardec, Henrique Cassis Santos alerta para os sinais dos transtornos e a import\u00e2ncia de buscar ajuda especializada ao m\u00ednimo sinal de altera\u00e7\u00e3o [\u2026]\" \/>\n<meta property=\"og:url\" content=\"https:\/\/verdadeon.com.br\/portal\/2021\/09\/18\/estresse-da-pandemia-impacta-na-saude-mental-e-aumenta-ansiedade-depressao-e-ate-suicidio\/\" \/>\n<meta property=\"og:site_name\" content=\"VerdadeOn\" \/>\n<meta property=\"article:published_time\" content=\"2021-09-18T15:15:01+00:00\" \/>\n<meta property=\"article:modified_time\" content=\"2021-09-18T15:16:27+00:00\" \/>\n<meta property=\"og:image\" content=\"https:\/\/verdadeon.com.br\/portal\/wp-content\/uploads\/2021\/09\/Henrique-Cassis-Ribeiro-Santos-Medico-Psiquiatra-Diretor-Clinico-do-Hospital-Psiquiatrico-Allan-Kardec.jpeg\" \/>\n\t<meta property=\"og:image:width\" content=\"1599\" \/>\n\t<meta property=\"og:image:height\" content=\"899\" \/>\n\t<meta property=\"og:image:type\" content=\"image\/jpeg\" \/>\n<meta name=\"author\" content=\"Nelise Luques\" \/>\n<meta name=\"twitter:card\" content=\"summary_large_image\" \/>\n<meta name=\"twitter:label1\" content=\"Escrito por\" \/>\n\t<meta name=\"twitter:data1\" content=\"Nelise Luques\" \/>\n\t<meta name=\"twitter:label2\" content=\"Est. tempo de leitura\" \/>\n\t<meta name=\"twitter:data2\" content=\"5 minutos\" \/>\n<script type=\"application\/ld+json\" class=\"yoast-schema-graph\">{\"@context\":\"https:\/\/schema.org\",\"@graph\":[{\"@type\":\"WebPage\",\"@id\":\"https:\/\/verdadeon.com.br\/portal\/2021\/09\/18\/estresse-da-pandemia-impacta-na-saude-mental-e-aumenta-ansiedade-depressao-e-ate-suicidio\/\",\"url\":\"https:\/\/verdadeon.com.br\/portal\/2021\/09\/18\/estresse-da-pandemia-impacta-na-saude-mental-e-aumenta-ansiedade-depressao-e-ate-suicidio\/\",\"name\":\"Estresse da pandemia impacta sa\u00fade mental e aumenta casos de ansiedade, depress\u00e3o e at\u00e9 suic\u00eddio - VerdadeOn\",\"isPartOf\":{\"@id\":\"https:\/\/verdadeon.com.br\/portal\/#website\"},\"primaryImageOfPage\":{\"@id\":\"https:\/\/verdadeon.com.br\/portal\/2021\/09\/18\/estresse-da-pandemia-impacta-na-saude-mental-e-aumenta-ansiedade-depressao-e-ate-suicidio\/#primaryimage\"},\"image\":{\"@id\":\"https:\/\/verdadeon.com.br\/portal\/2021\/09\/18\/estresse-da-pandemia-impacta-na-saude-mental-e-aumenta-ansiedade-depressao-e-ate-suicidio\/#primaryimage\"},\"thumbnailUrl\":\"https:\/\/i0.wp.com\/verdadeon.com.br\/portal\/wp-content\/uploads\/2021\/09\/Henrique-Cassis-Ribeiro-Santos-Medico-Psiquiatra-Diretor-Clinico-do-Hospital-Psiquiatrico-Allan-Kardec.jpeg?fit=1599%2C899&ssl=1\",\"datePublished\":\"2021-09-18T15:15:01+00:00\",\"dateModified\":\"2021-09-18T15:16:27+00:00\",\"author\":{\"@id\":\"https:\/\/verdadeon.com.br\/portal\/#\/schema\/person\/8248726d36015c1916636fabb175d972\"},\"breadcrumb\":{\"@id\":\"https:\/\/verdadeon.com.br\/portal\/2021\/09\/18\/estresse-da-pandemia-impacta-na-saude-mental-e-aumenta-ansiedade-depressao-e-ate-suicidio\/#breadcrumb\"},\"inLanguage\":\"pt-BR\",\"potentialAction\":[{\"@type\":\"ReadAction\",\"target\":[\"https:\/\/verdadeon.com.br\/portal\/2021\/09\/18\/estresse-da-pandemia-impacta-na-saude-mental-e-aumenta-ansiedade-depressao-e-ate-suicidio\/\"]}]},{\"@type\":\"ImageObject\",\"inLanguage\":\"pt-BR\",\"@id\":\"https:\/\/verdadeon.com.br\/portal\/2021\/09\/18\/estresse-da-pandemia-impacta-na-saude-mental-e-aumenta-ansiedade-depressao-e-ate-suicidio\/#primaryimage\",\"url\":\"https:\/\/i0.wp.com\/verdadeon.com.br\/portal\/wp-content\/uploads\/2021\/09\/Henrique-Cassis-Ribeiro-Santos-Medico-Psiquiatra-Diretor-Clinico-do-Hospital-Psiquiatrico-Allan-Kardec.jpeg?fit=1599%2C899&ssl=1\",\"contentUrl\":\"https:\/\/i0.wp.com\/verdadeon.com.br\/portal\/wp-content\/uploads\/2021\/09\/Henrique-Cassis-Ribeiro-Santos-Medico-Psiquiatra-Diretor-Clinico-do-Hospital-Psiquiatrico-Allan-Kardec.jpeg?fit=1599%2C899&ssl=1\",\"width\":1599,\"height\":899,\"caption\":\"O m\u00e9dico psiquiatra Henrique Cassis Ribeiro Santos \u00e9 diretor cl\u00ednico do Hospital Psiqui\u00e1trico Allan Kardec e tem acompanhado o aumento do casos de transtornos mentais com a pandemia da Covid-19 | Foto: Divulga\u00e7\u00e3o\"},{\"@type\":\"BreadcrumbList\",\"@id\":\"https:\/\/verdadeon.com.br\/portal\/2021\/09\/18\/estresse-da-pandemia-impacta-na-saude-mental-e-aumenta-ansiedade-depressao-e-ate-suicidio\/#breadcrumb\",\"itemListElement\":[{\"@type\":\"ListItem\",\"position\":1,\"name\":\"In\u00edcio\",\"item\":\"https:\/\/verdadeon.com.br\/portal\/\"},{\"@type\":\"ListItem\",\"position\":2,\"name\":\"Estresse da pandemia impacta sa\u00fade mental e aumenta casos de ansiedade, depress\u00e3o e at\u00e9 suic\u00eddio\"}]},{\"@type\":\"WebSite\",\"@id\":\"https:\/\/verdadeon.com.br\/portal\/#website\",\"url\":\"https:\/\/verdadeon.com.br\/portal\/\",\"name\":\"VerdadeOn\",\"description\":\"Not\u00edcias di\u00e1rias sobre Franca, Regi\u00e3o, Esporte, Cultura, Cotidiano, Colunas. Cobertura nos principais eventos da cidade \u00e9 aqui - Verdadeon Franca\",\"potentialAction\":[{\"@type\":\"SearchAction\",\"target\":{\"@type\":\"EntryPoint\",\"urlTemplate\":\"https:\/\/verdadeon.com.br\/portal\/?s={search_term_string}\"},\"query-input\":{\"@type\":\"PropertyValueSpecification\",\"valueRequired\":true,\"valueName\":\"search_term_string\"}}],\"inLanguage\":\"pt-BR\"},{\"@type\":\"Person\",\"@id\":\"https:\/\/verdadeon.com.br\/portal\/#\/schema\/person\/8248726d36015c1916636fabb175d972\",\"name\":\"Nelise Luques\",\"image\":{\"@type\":\"ImageObject\",\"inLanguage\":\"pt-BR\",\"@id\":\"https:\/\/verdadeon.com.br\/portal\/#\/schema\/person\/image\/\",\"url\":\"https:\/\/secure.gravatar.com\/avatar\/29b2a17f5bcadeb827411b66f48ac13c3e0ecaf5906c0f5745ecc5d41c24eada?s=96&d=mm&r=g\",\"contentUrl\":\"https:\/\/secure.gravatar.com\/avatar\/29b2a17f5bcadeb827411b66f48ac13c3e0ecaf5906c0f5745ecc5d41c24eada?s=96&d=mm&r=g\",\"caption\":\"Nelise Luques\"},\"url\":\"https:\/\/verdadeon.com.br\/portal\/author\/verdade\/\"}]}<\/script>\n<!-- \/ Yoast SEO plugin. -->","yoast_head_json":{"title":"Estresse da pandemia impacta sa\u00fade mental e aumenta casos de ansiedade, depress\u00e3o e at\u00e9 suic\u00eddio - VerdadeOn","robots":{"index":"index","follow":"follow","max-snippet":"max-snippet:-1","max-image-preview":"max-image-preview:large","max-video-preview":"max-video-preview:-1"},"canonical":"https:\/\/verdadeon.com.br\/portal\/2021\/09\/18\/estresse-da-pandemia-impacta-na-saude-mental-e-aumenta-ansiedade-depressao-e-ate-suicidio\/","og_locale":"pt_BR","og_type":"article","og_title":"Estresse da pandemia impacta sa\u00fade mental e aumenta casos de ansiedade, depress\u00e3o e at\u00e9 suic\u00eddio - VerdadeOn","og_description":"M\u00e9dico psiquiatra do \u2018Allan Kardec, Henrique Cassis Santos alerta para os sinais dos transtornos e a import\u00e2ncia de buscar ajuda especializada ao m\u00ednimo sinal de altera\u00e7\u00e3o [\u2026]","og_url":"https:\/\/verdadeon.com.br\/portal\/2021\/09\/18\/estresse-da-pandemia-impacta-na-saude-mental-e-aumenta-ansiedade-depressao-e-ate-suicidio\/","og_site_name":"VerdadeOn","article_published_time":"2021-09-18T15:15:01+00:00","article_modified_time":"2021-09-18T15:16:27+00:00","og_image":[{"width":1599,"height":899,"url":"https:\/\/verdadeon.com.br\/portal\/wp-content\/uploads\/2021\/09\/Henrique-Cassis-Ribeiro-Santos-Medico-Psiquiatra-Diretor-Clinico-do-Hospital-Psiquiatrico-Allan-Kardec.jpeg","type":"image\/jpeg"}],"author":"Nelise Luques","twitter_card":"summary_large_image","twitter_misc":{"Escrito por":"Nelise Luques","Est. tempo de leitura":"5 minutos"},"schema":{"@context":"https:\/\/schema.org","@graph":[{"@type":"WebPage","@id":"https:\/\/verdadeon.com.br\/portal\/2021\/09\/18\/estresse-da-pandemia-impacta-na-saude-mental-e-aumenta-ansiedade-depressao-e-ate-suicidio\/","url":"https:\/\/verdadeon.com.br\/portal\/2021\/09\/18\/estresse-da-pandemia-impacta-na-saude-mental-e-aumenta-ansiedade-depressao-e-ate-suicidio\/","name":"Estresse da pandemia impacta sa\u00fade mental e aumenta casos de ansiedade, depress\u00e3o e at\u00e9 suic\u00eddio - VerdadeOn","isPartOf":{"@id":"https:\/\/verdadeon.com.br\/portal\/#website"},"primaryImageOfPage":{"@id":"https:\/\/verdadeon.com.br\/portal\/2021\/09\/18\/estresse-da-pandemia-impacta-na-saude-mental-e-aumenta-ansiedade-depressao-e-ate-suicidio\/#primaryimage"},"image":{"@id":"https:\/\/verdadeon.com.br\/portal\/2021\/09\/18\/estresse-da-pandemia-impacta-na-saude-mental-e-aumenta-ansiedade-depressao-e-ate-suicidio\/#primaryimage"},"thumbnailUrl":"https:\/\/i0.wp.com\/verdadeon.com.br\/portal\/wp-content\/uploads\/2021\/09\/Henrique-Cassis-Ribeiro-Santos-Medico-Psiquiatra-Diretor-Clinico-do-Hospital-Psiquiatrico-Allan-Kardec.jpeg?fit=1599%2C899&ssl=1","datePublished":"2021-09-18T15:15:01+00:00","dateModified":"2021-09-18T15:16:27+00:00","author":{"@id":"https:\/\/verdadeon.com.br\/portal\/#\/schema\/person\/8248726d36015c1916636fabb175d972"},"breadcrumb":{"@id":"https:\/\/verdadeon.com.br\/portal\/2021\/09\/18\/estresse-da-pandemia-impacta-na-saude-mental-e-aumenta-ansiedade-depressao-e-ate-suicidio\/#breadcrumb"},"inLanguage":"pt-BR","potentialAction":[{"@type":"ReadAction","target":["https:\/\/verdadeon.com.br\/portal\/2021\/09\/18\/estresse-da-pandemia-impacta-na-saude-mental-e-aumenta-ansiedade-depressao-e-ate-suicidio\/"]}]},{"@type":"ImageObject","inLanguage":"pt-BR","@id":"https:\/\/verdadeon.com.br\/portal\/2021\/09\/18\/estresse-da-pandemia-impacta-na-saude-mental-e-aumenta-ansiedade-depressao-e-ate-suicidio\/#primaryimage","url":"https:\/\/i0.wp.com\/verdadeon.com.br\/portal\/wp-content\/uploads\/2021\/09\/Henrique-Cassis-Ribeiro-Santos-Medico-Psiquiatra-Diretor-Clinico-do-Hospital-Psiquiatrico-Allan-Kardec.jpeg?fit=1599%2C899&ssl=1","contentUrl":"https:\/\/i0.wp.com\/verdadeon.com.br\/portal\/wp-content\/uploads\/2021\/09\/Henrique-Cassis-Ribeiro-Santos-Medico-Psiquiatra-Diretor-Clinico-do-Hospital-Psiquiatrico-Allan-Kardec.jpeg?fit=1599%2C899&ssl=1","width":1599,"height":899,"caption":"O m\u00e9dico psiquiatra Henrique Cassis Ribeiro Santos \u00e9 diretor cl\u00ednico do Hospital Psiqui\u00e1trico Allan Kardec e tem acompanhado o aumento do casos de transtornos mentais com a pandemia da Covid-19 | Foto: Divulga\u00e7\u00e3o"},{"@type":"BreadcrumbList","@id":"https:\/\/verdadeon.com.br\/portal\/2021\/09\/18\/estresse-da-pandemia-impacta-na-saude-mental-e-aumenta-ansiedade-depressao-e-ate-suicidio\/#breadcrumb","itemListElement":[{"@type":"ListItem","position":1,"name":"In\u00edcio","item":"https:\/\/verdadeon.com.br\/portal\/"},{"@type":"ListItem","position":2,"name":"Estresse da pandemia impacta sa\u00fade mental e aumenta casos de ansiedade, depress\u00e3o e at\u00e9 suic\u00eddio"}]},{"@type":"WebSite","@id":"https:\/\/verdadeon.com.br\/portal\/#website","url":"https:\/\/verdadeon.com.br\/portal\/","name":"VerdadeOn","description":"Not\u00edcias di\u00e1rias sobre Franca, Regi\u00e3o, Esporte, Cultura, Cotidiano, Colunas. Cobertura nos principais eventos da cidade \u00e9 aqui - Verdadeon Franca","potentialAction":[{"@type":"SearchAction","target":{"@type":"EntryPoint","urlTemplate":"https:\/\/verdadeon.com.br\/portal\/?s={search_term_string}"},"query-input":{"@type":"PropertyValueSpecification","valueRequired":true,"valueName":"search_term_string"}}],"inLanguage":"pt-BR"},{"@type":"Person","@id":"https:\/\/verdadeon.com.br\/portal\/#\/schema\/person\/8248726d36015c1916636fabb175d972","name":"Nelise Luques","image":{"@type":"ImageObject","inLanguage":"pt-BR","@id":"https:\/\/verdadeon.com.br\/portal\/#\/schema\/person\/image\/","url":"https:\/\/secure.gravatar.com\/avatar\/29b2a17f5bcadeb827411b66f48ac13c3e0ecaf5906c0f5745ecc5d41c24eada?s=96&d=mm&r=g","contentUrl":"https:\/\/secure.gravatar.com\/avatar\/29b2a17f5bcadeb827411b66f48ac13c3e0ecaf5906c0f5745ecc5d41c24eada?s=96&d=mm&r=g","caption":"Nelise Luques"},"url":"https:\/\/verdadeon.com.br\/portal\/author\/verdade\/"}]}},"jetpack_publicize_connections":[],"jetpack_featured_media_url":"https:\/\/i0.wp.com\/verdadeon.com.br\/portal\/wp-content\/uploads\/2021\/09\/Henrique-Cassis-Ribeiro-Santos-Medico-Psiquiatra-Diretor-Clinico-do-Hospital-Psiquiatrico-Allan-Kardec.jpeg?fit=1599%2C899&ssl=1","jetpack_sharing_enabled":true,"_links":{"self":[{"href":"https:\/\/verdadeon.com.br\/portal\/wp-json\/wp\/v2\/posts\/19704","targetHints":{"allow":["GET"]}}],"collection":[{"href":"https:\/\/verdadeon.com.br\/portal\/wp-json\/wp\/v2\/posts"}],"about":[{"href":"https:\/\/verdadeon.com.br\/portal\/wp-json\/wp\/v2\/types\/post"}],"author":[{"embeddable":true,"href":"https:\/\/verdadeon.com.br\/portal\/wp-json\/wp\/v2\/users\/12"}],"replies":[{"embeddable":true,"href":"https:\/\/verdadeon.com.br\/portal\/wp-json\/wp\/v2\/comments?post=19704"}],"version-history":[{"count":0,"href":"https:\/\/verdadeon.com.br\/portal\/wp-json\/wp\/v2\/posts\/19704\/revisions"}],"wp:featuredmedia":[{"embeddable":true,"href":"https:\/\/verdadeon.com.br\/portal\/wp-json\/wp\/v2\/media\/19705"}],"wp:attachment":[{"href":"https:\/\/verdadeon.com.br\/portal\/wp-json\/wp\/v2\/media?parent=19704"}],"wp:term":[{"taxonomy":"category","embeddable":true,"href":"https:\/\/verdadeon.com.br\/portal\/wp-json\/wp\/v2\/categories?post=19704"},{"taxonomy":"post_tag","embeddable":true,"href":"https:\/\/verdadeon.com.br\/portal\/wp-json\/wp\/v2\/tags?post=19704"}],"curies":[{"name":"wp","href":"https:\/\/api.w.org\/{rel}","templated":true}]}}