{"id":19676,"date":"2021-09-17T17:07:16","date_gmt":"2021-09-17T20:07:16","guid":{"rendered":"https:\/\/verdadeon.com.br\/portal\/?p=19676"},"modified":"2021-09-17T17:07:16","modified_gmt":"2021-09-17T20:07:16","slug":"mesmo-pronta-creche-na-vila-isabel-segue-fechada-familias-sofrem-com-impasse","status":"publish","type":"post","link":"https:\/\/verdadeon.com.br\/portal\/2021\/09\/17\/mesmo-pronta-creche-na-vila-isabel-segue-fechada-familias-sofrem-com-impasse\/","title":{"rendered":"Mesmo pronta creche na Vila Isabel segue fechada, fam\u00edlias sofrem com impasse"},"content":{"rendered":"<h2>Burocracia \u00e9 apontada pela Prefeitura de Franca como o motivo para as atividades n\u00e3o terem retornado<\/h2>\n<p>Mesmo com as obras prontas a creche da Vila Isabel em Franca, permanece de portas fechadas, a situa\u00e7\u00e3o tem causado um grande impasse para os pais de mais de 200 crian\u00e7as que s\u00e3o atendidas.\u00a0O muro do local desabou em fevereiro de 2019 durante uma forte chuva que atingiu Franca, mesmo assim as atividades permaneceram at\u00e9 o final daquele ano, com tapumes no local. J\u00e1 em janeiro de 2020, os pais foram avisados que por determina\u00e7\u00e3o do Minist\u00e9rio P\u00fablico, o pr\u00e9dio todo deveria ser reformado e as crian\u00e7as seriam transferidas para uma outra unidade.<\/p>\n<p>\u201cMandaram nossos filhos para uma creche no residencial Para\u00edso, na zona sul de Franca. \u00c9 muito longe daqui, a Prefeitura at\u00e9 disponibilizou um \u00f4nibus para levar e trazer as crian\u00e7as, mas n\u00e3o tem seguran\u00e7a e apenas uma monitora leva todos eles, \u00e9 muito perigoso, eu n\u00e3o sinto segura de deixar meu filho ir\u201d, contou a jornalista Isadora Diniz, que tem um filho de 2 anos que frequenta o local. Isadora refor\u00e7ou tamb\u00e9m que por conta da situa\u00e7\u00e3o, tem deixado o filho dela com as av\u00f3s, mas n\u00e3o \u00e9 todo dia que ela pode contar com essa ajuda, j\u00e1 que elas tamb\u00e9m trabalham. \u201cJ\u00e1 cheguei a faltar do trabalho quando n\u00e3o tinha ningu\u00e9m para olhar meu filho\u201d, finalizou.<\/p>\n<p>A Patr\u00edcia Safra \u00e9 dona de casa e tem dois filhos que frequentam a creche, um de 1 ano e 11 meses, e outro de 4 anos. Por conta da situa\u00e7\u00e3o, a francana teve que sair do trabalho. \u201c\u00c9 muito longe daqui at\u00e9 l\u00e1 e sempre tem s\u00f3 uma monitora. A gente sabe como \u00e9 crian\u00e7a, agitada, gosta de brincar, de ficar perto do coleguinha ent\u00e3o tem que ter algu\u00e9m sempre de olho, cuidando\u201d.<\/p>\n<p>Safra contou tamb\u00e9m que n\u00e3o tem qualquer tipo de resposta da Prefeitura de Franca. \u201cA gente sempre liga, sempre questiona para saber o que est\u00e1 acontecendo, para saber se existe previs\u00e3o de retomar as aulas, mas n\u00e3o temos resposta. Muitas vezes liguei l\u00e1 e n\u00e3o fui nem mesmo atendida\u201d, finalizou.<\/p>\n<p>Por conta da situa\u00e7\u00e3o o aut\u00f4nomo David Gabriel Gon\u00e7alves, tem dispensado trabalhos j\u00e1 que os hor\u00e1rios n\u00e3o batem, ele tem dois filhos na creche, um de 5 e o outro de 2 anos. &#8220;Eu trabalho com sapato, mas tenho que estar aqui na entrada e na sa\u00edda das crian\u00e7as, se a creche fosse novamente aqui perto de casa n\u00f3s ter\u00edamos algu\u00e9m para buscar e me ajudar, mas n\u00e3o temos. Nos \u00faltimos meses n\u00e3o tenho conseguido tirar nem mesmo um sal\u00e1rio m\u00ednimo. Quando distribu\u00edram o kit alimenta\u00e7\u00e3o tamb\u00e9m mandaram que a gente fosse l\u00e1 na creche no Para\u00edso buscar, n\u00e3o temos condi\u00e7\u00f5es, muita gente acabou ficando sem&#8221;, desabafou.<\/p>\n<h4>O que diz a Prefeitura de Franca<\/h4>\n<p>A secret\u00e1ria de Educa\u00e7\u00e3o de Franca, M\u00e1rcia Gatti, afirmou que a creche j\u00e1 est\u00e1 com a reforma pronta, por\u00e9m segue sem as atividades por conta da burocracia. \u201cFalta o A.V.C.B., e outros documentos para a libera\u00e7\u00e3o. \u00c9 um processo muito burocr\u00e1tico, mas j\u00e1 estamos na finaliza\u00e7\u00e3o, daqui a 20 dias come\u00e7amos a instalar os equipamentos de seguran\u00e7a, como os extintores por exemplo. A previs\u00e3o \u00e9 a de que em at\u00e9 um m\u00eas e meio, as atividades retomem por l\u00e1\u201d, contou.<\/p>\n<p>Sobre a quest\u00e3o de apenas uma monitora para v\u00e1rias crian\u00e7as, a titular da pasta afirma que a medida est\u00e1 amparada na lei. \u201cAs creches est\u00e3o funcionando com a capacidade reduzida, pela quantidade de crian\u00e7as que est\u00e3o no \u00f4nibus, uma monitora \u00e9 o suficiente, isso est\u00e1 na lei e estamos cumprindo adequadamente\u201d, finalizou M\u00e1rcia.<\/p>\n<p>&nbsp;<\/p>\n","protected":false},"excerpt":{"rendered":"<p>Burocracia \u00e9 apontada pela Prefeitura de Franca como o motivo para as atividades n\u00e3o terem retornado Mesmo com as obras prontas a creche da Vila Isabel<span class=\"excerpt-hellip\"> [\u2026]<\/span><\/p>\n","protected":false},"author":7,"featured_media":19677,"comment_status":"open","ping_status":"open","sticky":false,"template":"","format":"standard","meta":{"_jetpack_memberships_contains_paid_content":false,"footnotes":"","jetpack_publicize_message":"","jetpack_publicize_feature_enabled":true,"jetpack_social_post_already_shared":false,"jetpack_social_options":{"image_generator_settings":{"template":"highway","default_image_id":0,"enabled":false},"version":2}},"categories":[28,81],"tags":[],"class_list":["post-19676","post","type-post","status-publish","format-standard","has-post-thumbnail","hentry","category-cotidiano","category-manchete"],"yoast_head":"<!-- This site is optimized with the Yoast SEO plugin v25.6 - https:\/\/yoast.com\/wordpress\/plugins\/seo\/ -->\n<title>Mesmo pronta creche na Vila Isabel segue fechada, fam\u00edlias sofrem com impasse - VerdadeOn<\/title>\n<meta name=\"robots\" content=\"index, follow, max-snippet:-1, max-image-preview:large, max-video-preview:-1\" \/>\n<link rel=\"canonical\" href=\"https:\/\/verdadeon.com.br\/portal\/2021\/09\/17\/mesmo-pronta-creche-na-vila-isabel-segue-fechada-familias-sofrem-com-impasse\/\" \/>\n<meta property=\"og:locale\" content=\"pt_BR\" \/>\n<meta property=\"og:type\" content=\"article\" \/>\n<meta property=\"og:title\" content=\"Mesmo pronta creche na Vila Isabel segue fechada, fam\u00edlias sofrem com impasse - VerdadeOn\" \/>\n<meta property=\"og:description\" content=\"Burocracia \u00e9 apontada pela Prefeitura de Franca como o motivo para as atividades n\u00e3o terem retornado Mesmo com as obras prontas a creche da Vila Isabel [\u2026]\" \/>\n<meta property=\"og:url\" content=\"https:\/\/verdadeon.com.br\/portal\/2021\/09\/17\/mesmo-pronta-creche-na-vila-isabel-segue-fechada-familias-sofrem-com-impasse\/\" \/>\n<meta property=\"og:site_name\" content=\"VerdadeOn\" \/>\n<meta property=\"article:published_time\" content=\"2021-09-17T20:07:16+00:00\" \/>\n<meta property=\"og:image\" content=\"https:\/\/verdadeon.com.br\/portal\/wp-content\/uploads\/2021\/09\/WhatsApp-Image-2021-09-17-at-17.01.12-e1631908992543.jpeg\" \/>\n\t<meta property=\"og:image:width\" content=\"1000\" \/>\n\t<meta property=\"og:image:height\" content=\"672\" \/>\n\t<meta property=\"og:image:type\" content=\"image\/jpeg\" \/>\n<meta name=\"author\" content=\"Fernando Lima\" \/>\n<meta name=\"twitter:card\" content=\"summary_large_image\" \/>\n<meta name=\"twitter:label1\" content=\"Escrito por\" \/>\n\t<meta name=\"twitter:data1\" content=\"Fernando Lima\" \/>\n\t<meta name=\"twitter:label2\" content=\"Est. tempo de leitura\" \/>\n\t<meta name=\"twitter:data2\" content=\"3 minutos\" \/>\n<script type=\"application\/ld+json\" class=\"yoast-schema-graph\">{\"@context\":\"https:\/\/schema.org\",\"@graph\":[{\"@type\":\"WebPage\",\"@id\":\"https:\/\/verdadeon.com.br\/portal\/2021\/09\/17\/mesmo-pronta-creche-na-vila-isabel-segue-fechada-familias-sofrem-com-impasse\/\",\"url\":\"https:\/\/verdadeon.com.br\/portal\/2021\/09\/17\/mesmo-pronta-creche-na-vila-isabel-segue-fechada-familias-sofrem-com-impasse\/\",\"name\":\"Mesmo pronta creche na Vila Isabel segue fechada, fam\u00edlias sofrem com impasse - VerdadeOn\",\"isPartOf\":{\"@id\":\"https:\/\/verdadeon.com.br\/portal\/#website\"},\"primaryImageOfPage\":{\"@id\":\"https:\/\/verdadeon.com.br\/portal\/2021\/09\/17\/mesmo-pronta-creche-na-vila-isabel-segue-fechada-familias-sofrem-com-impasse\/#primaryimage\"},\"image\":{\"@id\":\"https:\/\/verdadeon.com.br\/portal\/2021\/09\/17\/mesmo-pronta-creche-na-vila-isabel-segue-fechada-familias-sofrem-com-impasse\/#primaryimage\"},\"thumbnailUrl\":\"https:\/\/i0.wp.com\/verdadeon.com.br\/portal\/wp-content\/uploads\/2021\/09\/WhatsApp-Image-2021-09-17-at-17.01.12-e1631908992543.jpeg?fit=1000%2C672&ssl=1\",\"datePublished\":\"2021-09-17T20:07:16+00:00\",\"author\":{\"@id\":\"https:\/\/verdadeon.com.br\/portal\/#\/schema\/person\/cc32be22b8e8599387c480bc83e1d11a\"},\"breadcrumb\":{\"@id\":\"https:\/\/verdadeon.com.br\/portal\/2021\/09\/17\/mesmo-pronta-creche-na-vila-isabel-segue-fechada-familias-sofrem-com-impasse\/#breadcrumb\"},\"inLanguage\":\"pt-BR\",\"potentialAction\":[{\"@type\":\"ReadAction\",\"target\":[\"https:\/\/verdadeon.com.br\/portal\/2021\/09\/17\/mesmo-pronta-creche-na-vila-isabel-segue-fechada-familias-sofrem-com-impasse\/\"]}]},{\"@type\":\"ImageObject\",\"inLanguage\":\"pt-BR\",\"@id\":\"https:\/\/verdadeon.com.br\/portal\/2021\/09\/17\/mesmo-pronta-creche-na-vila-isabel-segue-fechada-familias-sofrem-com-impasse\/#primaryimage\",\"url\":\"https:\/\/i0.wp.com\/verdadeon.com.br\/portal\/wp-content\/uploads\/2021\/09\/WhatsApp-Image-2021-09-17-at-17.01.12-e1631908992543.jpeg?fit=1000%2C672&ssl=1\",\"contentUrl\":\"https:\/\/i0.wp.com\/verdadeon.com.br\/portal\/wp-content\/uploads\/2021\/09\/WhatsApp-Image-2021-09-17-at-17.01.12-e1631908992543.jpeg?fit=1000%2C672&ssl=1\",\"width\":1000,\"height\":672,\"caption\":\"Em 2019 o muro da creche da Vila Isabel desabou durante uma tempestade, agora local est\u00e1 pronto, mas ainda fechado por conta de quest\u00f5es burocr\u00e1ticas | Foto: Jornal Verdade\"},{\"@type\":\"BreadcrumbList\",\"@id\":\"https:\/\/verdadeon.com.br\/portal\/2021\/09\/17\/mesmo-pronta-creche-na-vila-isabel-segue-fechada-familias-sofrem-com-impasse\/#breadcrumb\",\"itemListElement\":[{\"@type\":\"ListItem\",\"position\":1,\"name\":\"In\u00edcio\",\"item\":\"https:\/\/verdadeon.com.br\/portal\/\"},{\"@type\":\"ListItem\",\"position\":2,\"name\":\"Mesmo pronta creche na Vila Isabel segue fechada, fam\u00edlias sofrem com impasse\"}]},{\"@type\":\"WebSite\",\"@id\":\"https:\/\/verdadeon.com.br\/portal\/#website\",\"url\":\"https:\/\/verdadeon.com.br\/portal\/\",\"name\":\"VerdadeOn\",\"description\":\"Not\u00edcias di\u00e1rias sobre Franca, Regi\u00e3o, Esporte, Cultura, Cotidiano, Colunas. Cobertura nos principais eventos da cidade \u00e9 aqui - Verdadeon Franca\",\"potentialAction\":[{\"@type\":\"SearchAction\",\"target\":{\"@type\":\"EntryPoint\",\"urlTemplate\":\"https:\/\/verdadeon.com.br\/portal\/?s={search_term_string}\"},\"query-input\":{\"@type\":\"PropertyValueSpecification\",\"valueRequired\":true,\"valueName\":\"search_term_string\"}}],\"inLanguage\":\"pt-BR\"},{\"@type\":\"Person\",\"@id\":\"https:\/\/verdadeon.com.br\/portal\/#\/schema\/person\/cc32be22b8e8599387c480bc83e1d11a\",\"name\":\"Fernando Lima\",\"image\":{\"@type\":\"ImageObject\",\"inLanguage\":\"pt-BR\",\"@id\":\"https:\/\/verdadeon.com.br\/portal\/#\/schema\/person\/image\/\",\"url\":\"https:\/\/secure.gravatar.com\/avatar\/df4c8e132080d2b3a4841d5d232045464e0eed11a1d6e43115ca0843d48768d3?s=96&d=mm&r=g\",\"contentUrl\":\"https:\/\/secure.gravatar.com\/avatar\/df4c8e132080d2b3a4841d5d232045464e0eed11a1d6e43115ca0843d48768d3?s=96&d=mm&r=g\",\"caption\":\"Fernando Lima\"},\"sameAs\":[\"http:\/\/verdadeon.com.br\/\"],\"url\":\"https:\/\/verdadeon.com.br\/portal\/author\/fernando-lima\/\"}]}<\/script>\n<!-- \/ Yoast SEO plugin. -->","yoast_head_json":{"title":"Mesmo pronta creche na Vila Isabel segue fechada, fam\u00edlias sofrem com impasse - VerdadeOn","robots":{"index":"index","follow":"follow","max-snippet":"max-snippet:-1","max-image-preview":"max-image-preview:large","max-video-preview":"max-video-preview:-1"},"canonical":"https:\/\/verdadeon.com.br\/portal\/2021\/09\/17\/mesmo-pronta-creche-na-vila-isabel-segue-fechada-familias-sofrem-com-impasse\/","og_locale":"pt_BR","og_type":"article","og_title":"Mesmo pronta creche na Vila Isabel segue fechada, fam\u00edlias sofrem com impasse - VerdadeOn","og_description":"Burocracia \u00e9 apontada pela Prefeitura de Franca como o motivo para as atividades n\u00e3o terem retornado Mesmo com as obras prontas a creche da Vila Isabel [\u2026]","og_url":"https:\/\/verdadeon.com.br\/portal\/2021\/09\/17\/mesmo-pronta-creche-na-vila-isabel-segue-fechada-familias-sofrem-com-impasse\/","og_site_name":"VerdadeOn","article_published_time":"2021-09-17T20:07:16+00:00","og_image":[{"width":1000,"height":672,"url":"https:\/\/verdadeon.com.br\/portal\/wp-content\/uploads\/2021\/09\/WhatsApp-Image-2021-09-17-at-17.01.12-e1631908992543.jpeg","type":"image\/jpeg"}],"author":"Fernando Lima","twitter_card":"summary_large_image","twitter_misc":{"Escrito por":"Fernando Lima","Est. tempo de leitura":"3 minutos"},"schema":{"@context":"https:\/\/schema.org","@graph":[{"@type":"WebPage","@id":"https:\/\/verdadeon.com.br\/portal\/2021\/09\/17\/mesmo-pronta-creche-na-vila-isabel-segue-fechada-familias-sofrem-com-impasse\/","url":"https:\/\/verdadeon.com.br\/portal\/2021\/09\/17\/mesmo-pronta-creche-na-vila-isabel-segue-fechada-familias-sofrem-com-impasse\/","name":"Mesmo pronta creche na Vila Isabel segue fechada, fam\u00edlias sofrem com impasse - VerdadeOn","isPartOf":{"@id":"https:\/\/verdadeon.com.br\/portal\/#website"},"primaryImageOfPage":{"@id":"https:\/\/verdadeon.com.br\/portal\/2021\/09\/17\/mesmo-pronta-creche-na-vila-isabel-segue-fechada-familias-sofrem-com-impasse\/#primaryimage"},"image":{"@id":"https:\/\/verdadeon.com.br\/portal\/2021\/09\/17\/mesmo-pronta-creche-na-vila-isabel-segue-fechada-familias-sofrem-com-impasse\/#primaryimage"},"thumbnailUrl":"https:\/\/i0.wp.com\/verdadeon.com.br\/portal\/wp-content\/uploads\/2021\/09\/WhatsApp-Image-2021-09-17-at-17.01.12-e1631908992543.jpeg?fit=1000%2C672&ssl=1","datePublished":"2021-09-17T20:07:16+00:00","author":{"@id":"https:\/\/verdadeon.com.br\/portal\/#\/schema\/person\/cc32be22b8e8599387c480bc83e1d11a"},"breadcrumb":{"@id":"https:\/\/verdadeon.com.br\/portal\/2021\/09\/17\/mesmo-pronta-creche-na-vila-isabel-segue-fechada-familias-sofrem-com-impasse\/#breadcrumb"},"inLanguage":"pt-BR","potentialAction":[{"@type":"ReadAction","target":["https:\/\/verdadeon.com.br\/portal\/2021\/09\/17\/mesmo-pronta-creche-na-vila-isabel-segue-fechada-familias-sofrem-com-impasse\/"]}]},{"@type":"ImageObject","inLanguage":"pt-BR","@id":"https:\/\/verdadeon.com.br\/portal\/2021\/09\/17\/mesmo-pronta-creche-na-vila-isabel-segue-fechada-familias-sofrem-com-impasse\/#primaryimage","url":"https:\/\/i0.wp.com\/verdadeon.com.br\/portal\/wp-content\/uploads\/2021\/09\/WhatsApp-Image-2021-09-17-at-17.01.12-e1631908992543.jpeg?fit=1000%2C672&ssl=1","contentUrl":"https:\/\/i0.wp.com\/verdadeon.com.br\/portal\/wp-content\/uploads\/2021\/09\/WhatsApp-Image-2021-09-17-at-17.01.12-e1631908992543.jpeg?fit=1000%2C672&ssl=1","width":1000,"height":672,"caption":"Em 2019 o muro da creche da Vila Isabel desabou durante uma tempestade, agora local est\u00e1 pronto, mas ainda fechado por conta de quest\u00f5es burocr\u00e1ticas | Foto: Jornal Verdade"},{"@type":"BreadcrumbList","@id":"https:\/\/verdadeon.com.br\/portal\/2021\/09\/17\/mesmo-pronta-creche-na-vila-isabel-segue-fechada-familias-sofrem-com-impasse\/#breadcrumb","itemListElement":[{"@type":"ListItem","position":1,"name":"In\u00edcio","item":"https:\/\/verdadeon.com.br\/portal\/"},{"@type":"ListItem","position":2,"name":"Mesmo pronta creche na Vila Isabel segue fechada, fam\u00edlias sofrem com impasse"}]},{"@type":"WebSite","@id":"https:\/\/verdadeon.com.br\/portal\/#website","url":"https:\/\/verdadeon.com.br\/portal\/","name":"VerdadeOn","description":"Not\u00edcias di\u00e1rias sobre Franca, Regi\u00e3o, Esporte, Cultura, Cotidiano, Colunas. Cobertura nos principais eventos da cidade \u00e9 aqui - Verdadeon Franca","potentialAction":[{"@type":"SearchAction","target":{"@type":"EntryPoint","urlTemplate":"https:\/\/verdadeon.com.br\/portal\/?s={search_term_string}"},"query-input":{"@type":"PropertyValueSpecification","valueRequired":true,"valueName":"search_term_string"}}],"inLanguage":"pt-BR"},{"@type":"Person","@id":"https:\/\/verdadeon.com.br\/portal\/#\/schema\/person\/cc32be22b8e8599387c480bc83e1d11a","name":"Fernando Lima","image":{"@type":"ImageObject","inLanguage":"pt-BR","@id":"https:\/\/verdadeon.com.br\/portal\/#\/schema\/person\/image\/","url":"https:\/\/secure.gravatar.com\/avatar\/df4c8e132080d2b3a4841d5d232045464e0eed11a1d6e43115ca0843d48768d3?s=96&d=mm&r=g","contentUrl":"https:\/\/secure.gravatar.com\/avatar\/df4c8e132080d2b3a4841d5d232045464e0eed11a1d6e43115ca0843d48768d3?s=96&d=mm&r=g","caption":"Fernando Lima"},"sameAs":["http:\/\/verdadeon.com.br\/"],"url":"https:\/\/verdadeon.com.br\/portal\/author\/fernando-lima\/"}]}},"jetpack_publicize_connections":[],"jetpack_featured_media_url":"https:\/\/i0.wp.com\/verdadeon.com.br\/portal\/wp-content\/uploads\/2021\/09\/WhatsApp-Image-2021-09-17-at-17.01.12-e1631908992543.jpeg?fit=1000%2C672&ssl=1","jetpack_sharing_enabled":true,"_links":{"self":[{"href":"https:\/\/verdadeon.com.br\/portal\/wp-json\/wp\/v2\/posts\/19676","targetHints":{"allow":["GET"]}}],"collection":[{"href":"https:\/\/verdadeon.com.br\/portal\/wp-json\/wp\/v2\/posts"}],"about":[{"href":"https:\/\/verdadeon.com.br\/portal\/wp-json\/wp\/v2\/types\/post"}],"author":[{"embeddable":true,"href":"https:\/\/verdadeon.com.br\/portal\/wp-json\/wp\/v2\/users\/7"}],"replies":[{"embeddable":true,"href":"https:\/\/verdadeon.com.br\/portal\/wp-json\/wp\/v2\/comments?post=19676"}],"version-history":[{"count":0,"href":"https:\/\/verdadeon.com.br\/portal\/wp-json\/wp\/v2\/posts\/19676\/revisions"}],"wp:featuredmedia":[{"embeddable":true,"href":"https:\/\/verdadeon.com.br\/portal\/wp-json\/wp\/v2\/media\/19677"}],"wp:attachment":[{"href":"https:\/\/verdadeon.com.br\/portal\/wp-json\/wp\/v2\/media?parent=19676"}],"wp:term":[{"taxonomy":"category","embeddable":true,"href":"https:\/\/verdadeon.com.br\/portal\/wp-json\/wp\/v2\/categories?post=19676"},{"taxonomy":"post_tag","embeddable":true,"href":"https:\/\/verdadeon.com.br\/portal\/wp-json\/wp\/v2\/tags?post=19676"}],"curies":[{"name":"wp","href":"https:\/\/api.w.org\/{rel}","templated":true}]}}