{"id":19662,"date":"2021-09-16T18:24:25","date_gmt":"2021-09-16T21:24:25","guid":{"rendered":"https:\/\/verdadeon.com.br\/portal\/?p=19662"},"modified":"2021-09-16T23:11:20","modified_gmt":"2021-09-17T02:11:20","slug":"pandemia-provoca-corrida-por-seguros-de-vida","status":"publish","type":"post","link":"https:\/\/verdadeon.com.br\/portal\/2021\/09\/16\/pandemia-provoca-corrida-por-seguros-de-vida\/","title":{"rendered":"Pandemia provoca corrida por seguros de vida"},"content":{"rendered":"<h2><span style=\"font-weight: 400;\">Seguradoras registram aumento de at\u00e9 23% nos contratos fechados neste ano em rela\u00e7\u00e3o a 2020, com destaque para maior ades\u00e3o do p\u00fablico jovem\u00a0<\/span><\/h2>\n<p><span style=\"font-weight: 400;\">A pandemia da Covid-19 mudou o modo de pensar sobre muitos assuntos. As mudan\u00e7as refletiram em v\u00e1rios segmentos, como o de seguros de vida e em grupo (empresariais). Empresas do ramo entrevistadas pelo Verdade confirmam a alta e registram aumento de at\u00e9 23% nos contratos fechados neste ano em compara\u00e7\u00e3o com 2020. A faixa et\u00e1ria, mais recorrente a partir dos 40 anos, ganhou ades\u00e3o do p\u00fablico bem mais jovem, entre 20 e 30 anos.<\/span><\/p>\n<p><span style=\"font-weight: 400;\">Hariane Zaneti Santos Nazatto, assessora de seguros na cooperativa Sicredi Valor Sustent\u00e1vel, atua no ramo de seguros h\u00e1 dez anos e acompanhou a maior demanda pelo produto desde o in\u00edcio da pandemia, em meados de mar\u00e7o do ano passado. \u201cEm julho de 2020 notamos um maior \u00edndice de contrata\u00e7\u00f5es. Logo que surgiram os primeiros casos, as pessoas n\u00e3o acreditavam tanto na gravidade da doen\u00e7a e pensavam que realmente era s\u00f3 uma \u2018gripezinha\u2019. Mas as estat\u00edsticas foram mostrando a sua gravidade e estimularam as pessoas a contratarem um seguro de vida para garantir assist\u00eancia maior aos familiares se for necess\u00e1rio\u201d.<\/span><\/p>\n<p><span style=\"font-weight: 400;\">Na Sicredi e na MAG Seguros, o perfil dos novos segurados mudou. \u201cCom a pandemia, as pessoas mudaram suas vis\u00f5es com rela\u00e7\u00e3o \u00e0 morte. Antes, existia um legado cultural e comportamental de a maior parte das pessoas e fam\u00edlias n\u00e3o investirem parte da pr\u00f3pria arrecada\u00e7\u00e3o, mesmo que pequena, na sua seguran\u00e7a financeira. Principalmente para os mais jovens, a morte era algo distante de sua realidade e por isso eles n\u00e3o se preocupavam em contratar um seguro de vida. Com o alto n\u00famero de casos, as pessoas perceberam a import\u00e2ncia de se planejarem a longo prazo, pensando em si e suas fam\u00edlias\u201d, afirmou Eur\u00edpedes Ribeiro, gerente de escrit\u00f3rio da MAG, que registrou aumento de 17% na busca de seguro de vida no primeiro semestre de 2021 frente ao mesmo per\u00edodo de 2020..<\/span><\/p>\n<p><span style=\"font-weight: 400;\">Os seguros contemplam a cobertura em caso de morte e tamb\u00e9m em vida, por exemplo se a pessoa sofrer um acidente e ficar em situa\u00e7\u00e3o de invalidez, for v\u00edtima de doen\u00e7as graves, como c\u00e2ncer, esclerose m\u00faltipla ou AVC. \u201cA Sicredi trabalha com uma r\u00e9gua de valores entre R$ 10 mil a R$ 2 milh\u00f5es de cobertura em caso de morte e, quanto mais nova for a pessoa, mais barato. Para exemplificar, uma pessoa de 30 anos que fizer um seguro com R$ 100 mil de cobertura em caso de morte, que ser\u00e1 pago ao esposo, incluindo cobertura em casos de invalidez parcial ou total, doen\u00e7as graves e assist\u00eancia nutricional, de viagem e residencial, pagar\u00e1 mensalidade de R$ 70 em m\u00e9dia\u201d, explicou Hariane.<\/span><\/p>\n<h4>Novas \u00e1reas<\/h4>\n<p><span style=\"font-weight: 400;\">As seguradoras tamb\u00e9m registram alta nos contratos em grupo. Segundo a Sicredi, ap\u00f3s a pandemia, outros tipos de empresas aderiram a essa modalidade. \u201cEra mais comum atendermos empresas que oferecem maior risco de morte, como as de produtos inflam\u00e1veis, metal\u00fargicas e motoristas, especialmente de transportadores que dirigem muito em rodovias e est\u00e3o mais sujeitos a acidentes, mas nos \u00faltimos meses se tornou comum ades\u00f5es de restaurantes, padarias\u201d, disse Hariane.<\/span><\/p>\n<p>&nbsp;<\/p>\n<div id=\"attachment_19664\" style=\"width: 1034px\" class=\"wp-caption alignnone\"><img data-recalc-dims=\"1\" loading=\"lazy\" decoding=\"async\" aria-describedby=\"caption-attachment-19664\" class=\"wp-image-19664 size-full\" src=\"https:\/\/i0.wp.com\/verdadeon.com.br\/portal\/wp-content\/uploads\/2021\/09\/Rodrigo-Pires-Euripedes-Rodrigues-Eduardo-Gomes-da-MAG-Seguros.jpeg?resize=1024%2C821&#038;ssl=1\" alt=\"\" width=\"1024\" height=\"821\" srcset=\"https:\/\/i0.wp.com\/verdadeon.com.br\/portal\/wp-content\/uploads\/2021\/09\/Rodrigo-Pires-Euripedes-Rodrigues-Eduardo-Gomes-da-MAG-Seguros.jpeg?w=1024&amp;ssl=1 1024w, https:\/\/i0.wp.com\/verdadeon.com.br\/portal\/wp-content\/uploads\/2021\/09\/Rodrigo-Pires-Euripedes-Rodrigues-Eduardo-Gomes-da-MAG-Seguros.jpeg?resize=300%2C241&amp;ssl=1 300w, https:\/\/i0.wp.com\/verdadeon.com.br\/portal\/wp-content\/uploads\/2021\/09\/Rodrigo-Pires-Euripedes-Rodrigues-Eduardo-Gomes-da-MAG-Seguros.jpeg?resize=768%2C616&amp;ssl=1 768w, https:\/\/i0.wp.com\/verdadeon.com.br\/portal\/wp-content\/uploads\/2021\/09\/Rodrigo-Pires-Euripedes-Rodrigues-Eduardo-Gomes-da-MAG-Seguros.jpeg?resize=182%2C146&amp;ssl=1 182w, https:\/\/i0.wp.com\/verdadeon.com.br\/portal\/wp-content\/uploads\/2021\/09\/Rodrigo-Pires-Euripedes-Rodrigues-Eduardo-Gomes-da-MAG-Seguros.jpeg?resize=50%2C40&amp;ssl=1 50w, https:\/\/i0.wp.com\/verdadeon.com.br\/portal\/wp-content\/uploads\/2021\/09\/Rodrigo-Pires-Euripedes-Rodrigues-Eduardo-Gomes-da-MAG-Seguros.jpeg?resize=94%2C75&amp;ssl=1 94w\" sizes=\"auto, (max-width: 1024px) 100vw, 1024px\" \/><p id=\"caption-attachment-19664\" class=\"wp-caption-text\">Rodrigo Pires, Eur\u00edpedes Rodrigues, Eduardo Gomes, da MAG Seguros, registraram aumento de 17% nos contratos de seguro de vida neste ano em rela\u00e7\u00e3o a 2020<\/p><\/div>\n","protected":false},"excerpt":{"rendered":"<p>Seguradoras registram aumento de at\u00e9 23% nos contratos fechados neste ano em rela\u00e7\u00e3o a 2020, com destaque para maior ades\u00e3o do p\u00fablico jovem\u00a0 A pandemia da<span class=\"excerpt-hellip\"> [\u2026]<\/span><\/p>\n","protected":false},"author":12,"featured_media":19663,"comment_status":"open","ping_status":"open","sticky":false,"template":"","format":"standard","meta":{"_jetpack_memberships_contains_paid_content":false,"footnotes":"","jetpack_publicize_message":"","jetpack_publicize_feature_enabled":true,"jetpack_social_post_already_shared":false,"jetpack_social_options":{"image_generator_settings":{"template":"highway","default_image_id":0,"enabled":false},"version":2}},"categories":[28,81],"tags":[],"class_list":["post-19662","post","type-post","status-publish","format-standard","has-post-thumbnail","hentry","category-cotidiano","category-manchete"],"yoast_head":"<!-- This site is optimized with the Yoast SEO plugin v25.6 - https:\/\/yoast.com\/wordpress\/plugins\/seo\/ -->\n<title>Pandemia provoca corrida por seguros de vida - VerdadeOn<\/title>\n<meta name=\"robots\" content=\"index, follow, max-snippet:-1, max-image-preview:large, max-video-preview:-1\" \/>\n<link rel=\"canonical\" href=\"https:\/\/verdadeon.com.br\/portal\/2021\/09\/16\/pandemia-provoca-corrida-por-seguros-de-vida\/\" \/>\n<meta property=\"og:locale\" content=\"pt_BR\" \/>\n<meta property=\"og:type\" content=\"article\" \/>\n<meta property=\"og:title\" content=\"Pandemia provoca corrida por seguros de vida - VerdadeOn\" \/>\n<meta property=\"og:description\" content=\"Seguradoras registram aumento de at\u00e9 23% nos contratos fechados neste ano em rela\u00e7\u00e3o a 2020, com destaque para maior ades\u00e3o do p\u00fablico jovem\u00a0 A pandemia da [\u2026]\" \/>\n<meta property=\"og:url\" content=\"https:\/\/verdadeon.com.br\/portal\/2021\/09\/16\/pandemia-provoca-corrida-por-seguros-de-vida\/\" \/>\n<meta property=\"og:site_name\" content=\"VerdadeOn\" \/>\n<meta property=\"article:published_time\" content=\"2021-09-16T21:24:25+00:00\" \/>\n<meta property=\"article:modified_time\" content=\"2021-09-17T02:11:20+00:00\" \/>\n<meta property=\"og:image\" content=\"https:\/\/verdadeon.com.br\/portal\/wp-content\/uploads\/2021\/09\/Hariane-Zaneti-Santos-Nazatto-assessora-de-seguros-na-cooperativa-Sicredi-Valor-Sustentavel-e1631827045995.jpeg\" \/>\n\t<meta property=\"og:image:width\" content=\"1000\" \/>\n\t<meta property=\"og:image:height\" content=\"655\" \/>\n\t<meta property=\"og:image:type\" content=\"image\/jpeg\" \/>\n<meta name=\"author\" content=\"Nelise Luques\" \/>\n<meta name=\"twitter:card\" content=\"summary_large_image\" \/>\n<meta name=\"twitter:label1\" content=\"Escrito por\" \/>\n\t<meta name=\"twitter:data1\" content=\"Nelise Luques\" \/>\n\t<meta name=\"twitter:label2\" content=\"Est. tempo de leitura\" \/>\n\t<meta name=\"twitter:data2\" content=\"3 minutos\" \/>\n<script type=\"application\/ld+json\" class=\"yoast-schema-graph\">{\"@context\":\"https:\/\/schema.org\",\"@graph\":[{\"@type\":\"WebPage\",\"@id\":\"https:\/\/verdadeon.com.br\/portal\/2021\/09\/16\/pandemia-provoca-corrida-por-seguros-de-vida\/\",\"url\":\"https:\/\/verdadeon.com.br\/portal\/2021\/09\/16\/pandemia-provoca-corrida-por-seguros-de-vida\/\",\"name\":\"Pandemia provoca corrida por seguros de vida - VerdadeOn\",\"isPartOf\":{\"@id\":\"https:\/\/verdadeon.com.br\/portal\/#website\"},\"primaryImageOfPage\":{\"@id\":\"https:\/\/verdadeon.com.br\/portal\/2021\/09\/16\/pandemia-provoca-corrida-por-seguros-de-vida\/#primaryimage\"},\"image\":{\"@id\":\"https:\/\/verdadeon.com.br\/portal\/2021\/09\/16\/pandemia-provoca-corrida-por-seguros-de-vida\/#primaryimage\"},\"thumbnailUrl\":\"https:\/\/i0.wp.com\/verdadeon.com.br\/portal\/wp-content\/uploads\/2021\/09\/Hariane-Zaneti-Santos-Nazatto-assessora-de-seguros-na-cooperativa-Sicredi-Valor-Sustentavel-e1631827045995.jpeg?fit=1000%2C655&ssl=1\",\"datePublished\":\"2021-09-16T21:24:25+00:00\",\"dateModified\":\"2021-09-17T02:11:20+00:00\",\"author\":{\"@id\":\"https:\/\/verdadeon.com.br\/portal\/#\/schema\/person\/8248726d36015c1916636fabb175d972\"},\"breadcrumb\":{\"@id\":\"https:\/\/verdadeon.com.br\/portal\/2021\/09\/16\/pandemia-provoca-corrida-por-seguros-de-vida\/#breadcrumb\"},\"inLanguage\":\"pt-BR\",\"potentialAction\":[{\"@type\":\"ReadAction\",\"target\":[\"https:\/\/verdadeon.com.br\/portal\/2021\/09\/16\/pandemia-provoca-corrida-por-seguros-de-vida\/\"]}]},{\"@type\":\"ImageObject\",\"inLanguage\":\"pt-BR\",\"@id\":\"https:\/\/verdadeon.com.br\/portal\/2021\/09\/16\/pandemia-provoca-corrida-por-seguros-de-vida\/#primaryimage\",\"url\":\"https:\/\/i0.wp.com\/verdadeon.com.br\/portal\/wp-content\/uploads\/2021\/09\/Hariane-Zaneti-Santos-Nazatto-assessora-de-seguros-na-cooperativa-Sicredi-Valor-Sustentavel-e1631827045995.jpeg?fit=1000%2C655&ssl=1\",\"contentUrl\":\"https:\/\/i0.wp.com\/verdadeon.com.br\/portal\/wp-content\/uploads\/2021\/09\/Hariane-Zaneti-Santos-Nazatto-assessora-de-seguros-na-cooperativa-Sicredi-Valor-Sustentavel-e1631827045995.jpeg?fit=1000%2C655&ssl=1\",\"width\":1000,\"height\":655,\"caption\":\"Hariane Nazatto, assessora de seguros na Sicredi, afirma que a ades\u00e3o por homens de 40 a 45 anos ao seguro de vida era mais recorrente, mas com a pandemia, os mais jovens t\u00eam buscado essa seguran\u00e7a financeira | Foto: Divulga\u00e7\u00e3o\"},{\"@type\":\"BreadcrumbList\",\"@id\":\"https:\/\/verdadeon.com.br\/portal\/2021\/09\/16\/pandemia-provoca-corrida-por-seguros-de-vida\/#breadcrumb\",\"itemListElement\":[{\"@type\":\"ListItem\",\"position\":1,\"name\":\"In\u00edcio\",\"item\":\"https:\/\/verdadeon.com.br\/portal\/\"},{\"@type\":\"ListItem\",\"position\":2,\"name\":\"Pandemia provoca corrida por seguros de vida\"}]},{\"@type\":\"WebSite\",\"@id\":\"https:\/\/verdadeon.com.br\/portal\/#website\",\"url\":\"https:\/\/verdadeon.com.br\/portal\/\",\"name\":\"VerdadeOn\",\"description\":\"Not\u00edcias di\u00e1rias sobre Franca, Regi\u00e3o, Esporte, Cultura, Cotidiano, Colunas. Cobertura nos principais eventos da cidade \u00e9 aqui - Verdadeon Franca\",\"potentialAction\":[{\"@type\":\"SearchAction\",\"target\":{\"@type\":\"EntryPoint\",\"urlTemplate\":\"https:\/\/verdadeon.com.br\/portal\/?s={search_term_string}\"},\"query-input\":{\"@type\":\"PropertyValueSpecification\",\"valueRequired\":true,\"valueName\":\"search_term_string\"}}],\"inLanguage\":\"pt-BR\"},{\"@type\":\"Person\",\"@id\":\"https:\/\/verdadeon.com.br\/portal\/#\/schema\/person\/8248726d36015c1916636fabb175d972\",\"name\":\"Nelise Luques\",\"image\":{\"@type\":\"ImageObject\",\"inLanguage\":\"pt-BR\",\"@id\":\"https:\/\/verdadeon.com.br\/portal\/#\/schema\/person\/image\/\",\"url\":\"https:\/\/secure.gravatar.com\/avatar\/29b2a17f5bcadeb827411b66f48ac13c3e0ecaf5906c0f5745ecc5d41c24eada?s=96&d=mm&r=g\",\"contentUrl\":\"https:\/\/secure.gravatar.com\/avatar\/29b2a17f5bcadeb827411b66f48ac13c3e0ecaf5906c0f5745ecc5d41c24eada?s=96&d=mm&r=g\",\"caption\":\"Nelise Luques\"},\"url\":\"https:\/\/verdadeon.com.br\/portal\/author\/verdade\/\"}]}<\/script>\n<!-- \/ Yoast SEO plugin. -->","yoast_head_json":{"title":"Pandemia provoca corrida por seguros de vida - VerdadeOn","robots":{"index":"index","follow":"follow","max-snippet":"max-snippet:-1","max-image-preview":"max-image-preview:large","max-video-preview":"max-video-preview:-1"},"canonical":"https:\/\/verdadeon.com.br\/portal\/2021\/09\/16\/pandemia-provoca-corrida-por-seguros-de-vida\/","og_locale":"pt_BR","og_type":"article","og_title":"Pandemia provoca corrida por seguros de vida - VerdadeOn","og_description":"Seguradoras registram aumento de at\u00e9 23% nos contratos fechados neste ano em rela\u00e7\u00e3o a 2020, com destaque para maior ades\u00e3o do p\u00fablico jovem\u00a0 A pandemia da [\u2026]","og_url":"https:\/\/verdadeon.com.br\/portal\/2021\/09\/16\/pandemia-provoca-corrida-por-seguros-de-vida\/","og_site_name":"VerdadeOn","article_published_time":"2021-09-16T21:24:25+00:00","article_modified_time":"2021-09-17T02:11:20+00:00","og_image":[{"width":1000,"height":655,"url":"https:\/\/verdadeon.com.br\/portal\/wp-content\/uploads\/2021\/09\/Hariane-Zaneti-Santos-Nazatto-assessora-de-seguros-na-cooperativa-Sicredi-Valor-Sustentavel-e1631827045995.jpeg","type":"image\/jpeg"}],"author":"Nelise Luques","twitter_card":"summary_large_image","twitter_misc":{"Escrito por":"Nelise Luques","Est. tempo de leitura":"3 minutos"},"schema":{"@context":"https:\/\/schema.org","@graph":[{"@type":"WebPage","@id":"https:\/\/verdadeon.com.br\/portal\/2021\/09\/16\/pandemia-provoca-corrida-por-seguros-de-vida\/","url":"https:\/\/verdadeon.com.br\/portal\/2021\/09\/16\/pandemia-provoca-corrida-por-seguros-de-vida\/","name":"Pandemia provoca corrida por seguros de vida - VerdadeOn","isPartOf":{"@id":"https:\/\/verdadeon.com.br\/portal\/#website"},"primaryImageOfPage":{"@id":"https:\/\/verdadeon.com.br\/portal\/2021\/09\/16\/pandemia-provoca-corrida-por-seguros-de-vida\/#primaryimage"},"image":{"@id":"https:\/\/verdadeon.com.br\/portal\/2021\/09\/16\/pandemia-provoca-corrida-por-seguros-de-vida\/#primaryimage"},"thumbnailUrl":"https:\/\/i0.wp.com\/verdadeon.com.br\/portal\/wp-content\/uploads\/2021\/09\/Hariane-Zaneti-Santos-Nazatto-assessora-de-seguros-na-cooperativa-Sicredi-Valor-Sustentavel-e1631827045995.jpeg?fit=1000%2C655&ssl=1","datePublished":"2021-09-16T21:24:25+00:00","dateModified":"2021-09-17T02:11:20+00:00","author":{"@id":"https:\/\/verdadeon.com.br\/portal\/#\/schema\/person\/8248726d36015c1916636fabb175d972"},"breadcrumb":{"@id":"https:\/\/verdadeon.com.br\/portal\/2021\/09\/16\/pandemia-provoca-corrida-por-seguros-de-vida\/#breadcrumb"},"inLanguage":"pt-BR","potentialAction":[{"@type":"ReadAction","target":["https:\/\/verdadeon.com.br\/portal\/2021\/09\/16\/pandemia-provoca-corrida-por-seguros-de-vida\/"]}]},{"@type":"ImageObject","inLanguage":"pt-BR","@id":"https:\/\/verdadeon.com.br\/portal\/2021\/09\/16\/pandemia-provoca-corrida-por-seguros-de-vida\/#primaryimage","url":"https:\/\/i0.wp.com\/verdadeon.com.br\/portal\/wp-content\/uploads\/2021\/09\/Hariane-Zaneti-Santos-Nazatto-assessora-de-seguros-na-cooperativa-Sicredi-Valor-Sustentavel-e1631827045995.jpeg?fit=1000%2C655&ssl=1","contentUrl":"https:\/\/i0.wp.com\/verdadeon.com.br\/portal\/wp-content\/uploads\/2021\/09\/Hariane-Zaneti-Santos-Nazatto-assessora-de-seguros-na-cooperativa-Sicredi-Valor-Sustentavel-e1631827045995.jpeg?fit=1000%2C655&ssl=1","width":1000,"height":655,"caption":"Hariane Nazatto, assessora de seguros na Sicredi, afirma que a ades\u00e3o por homens de 40 a 45 anos ao seguro de vida era mais recorrente, mas com a pandemia, os mais jovens t\u00eam buscado essa seguran\u00e7a financeira | Foto: Divulga\u00e7\u00e3o"},{"@type":"BreadcrumbList","@id":"https:\/\/verdadeon.com.br\/portal\/2021\/09\/16\/pandemia-provoca-corrida-por-seguros-de-vida\/#breadcrumb","itemListElement":[{"@type":"ListItem","position":1,"name":"In\u00edcio","item":"https:\/\/verdadeon.com.br\/portal\/"},{"@type":"ListItem","position":2,"name":"Pandemia provoca corrida por seguros de vida"}]},{"@type":"WebSite","@id":"https:\/\/verdadeon.com.br\/portal\/#website","url":"https:\/\/verdadeon.com.br\/portal\/","name":"VerdadeOn","description":"Not\u00edcias di\u00e1rias sobre Franca, Regi\u00e3o, Esporte, Cultura, Cotidiano, Colunas. Cobertura nos principais eventos da cidade \u00e9 aqui - Verdadeon Franca","potentialAction":[{"@type":"SearchAction","target":{"@type":"EntryPoint","urlTemplate":"https:\/\/verdadeon.com.br\/portal\/?s={search_term_string}"},"query-input":{"@type":"PropertyValueSpecification","valueRequired":true,"valueName":"search_term_string"}}],"inLanguage":"pt-BR"},{"@type":"Person","@id":"https:\/\/verdadeon.com.br\/portal\/#\/schema\/person\/8248726d36015c1916636fabb175d972","name":"Nelise Luques","image":{"@type":"ImageObject","inLanguage":"pt-BR","@id":"https:\/\/verdadeon.com.br\/portal\/#\/schema\/person\/image\/","url":"https:\/\/secure.gravatar.com\/avatar\/29b2a17f5bcadeb827411b66f48ac13c3e0ecaf5906c0f5745ecc5d41c24eada?s=96&d=mm&r=g","contentUrl":"https:\/\/secure.gravatar.com\/avatar\/29b2a17f5bcadeb827411b66f48ac13c3e0ecaf5906c0f5745ecc5d41c24eada?s=96&d=mm&r=g","caption":"Nelise Luques"},"url":"https:\/\/verdadeon.com.br\/portal\/author\/verdade\/"}]}},"jetpack_publicize_connections":[],"jetpack_featured_media_url":"https:\/\/i0.wp.com\/verdadeon.com.br\/portal\/wp-content\/uploads\/2021\/09\/Hariane-Zaneti-Santos-Nazatto-assessora-de-seguros-na-cooperativa-Sicredi-Valor-Sustentavel-e1631827045995.jpeg?fit=1000%2C655&ssl=1","jetpack_sharing_enabled":true,"_links":{"self":[{"href":"https:\/\/verdadeon.com.br\/portal\/wp-json\/wp\/v2\/posts\/19662","targetHints":{"allow":["GET"]}}],"collection":[{"href":"https:\/\/verdadeon.com.br\/portal\/wp-json\/wp\/v2\/posts"}],"about":[{"href":"https:\/\/verdadeon.com.br\/portal\/wp-json\/wp\/v2\/types\/post"}],"author":[{"embeddable":true,"href":"https:\/\/verdadeon.com.br\/portal\/wp-json\/wp\/v2\/users\/12"}],"replies":[{"embeddable":true,"href":"https:\/\/verdadeon.com.br\/portal\/wp-json\/wp\/v2\/comments?post=19662"}],"version-history":[{"count":0,"href":"https:\/\/verdadeon.com.br\/portal\/wp-json\/wp\/v2\/posts\/19662\/revisions"}],"wp:featuredmedia":[{"embeddable":true,"href":"https:\/\/verdadeon.com.br\/portal\/wp-json\/wp\/v2\/media\/19663"}],"wp:attachment":[{"href":"https:\/\/verdadeon.com.br\/portal\/wp-json\/wp\/v2\/media?parent=19662"}],"wp:term":[{"taxonomy":"category","embeddable":true,"href":"https:\/\/verdadeon.com.br\/portal\/wp-json\/wp\/v2\/categories?post=19662"},{"taxonomy":"post_tag","embeddable":true,"href":"https:\/\/verdadeon.com.br\/portal\/wp-json\/wp\/v2\/tags?post=19662"}],"curies":[{"name":"wp","href":"https:\/\/api.w.org\/{rel}","templated":true}]}}