{"id":19415,"date":"2021-09-08T19:20:21","date_gmt":"2021-09-08T22:20:21","guid":{"rendered":"https:\/\/verdadeon.com.br\/portal\/?p=19415"},"modified":"2021-09-08T18:42:58","modified_gmt":"2021-09-08T21:42:58","slug":"apos-calor-recorde-meteorologia-tem-previsao-de-chuva-para-franca","status":"publish","type":"post","link":"https:\/\/verdadeon.com.br\/portal\/2021\/09\/08\/apos-calor-recorde-meteorologia-tem-previsao-de-chuva-para-franca\/","title":{"rendered":"Ap\u00f3s calor recorde, meteorologia tem previs\u00e3o de chuva para Franca"},"content":{"rendered":"<h2>Chegada de frente fria deve aumentar nebulosidade a partir da noite desta quinta-feira. Com 35\u00ba, francanos enfrentaram dia mais quente do ano em pleno inverno<\/h2>\n<p><span style=\"font-weight: 400;\">Franca registrou os maiores picos de temperatura neste fim de semana prolongado e a quinta-feira vai permanecer muito quente, 9, com calor intenso e baixa umidade do ar, mas a chegada de uma frente fria ao Estado de S\u00e3o Paulo pode trazer a t\u00e3o esperada chuva.\u00a0<\/span><\/p>\n<p><span style=\"font-weight: 400;\">A nebulosidade tende a aumentar na noite de quinta-feira e deve chover na cidade at\u00e9 domingo. H\u00e1 previs\u00e3o de trovoadas. \u201cA chuva deve amenizar o abafamento e diminuir as temperatura m\u00e1xima, que vai ficar em torno de 28 graus, al\u00e9m de melhorar a umidade, que vem registrando n\u00edveis muito baixos. O aumento da nebulosidade j\u00e1 vai servir para aliviar o calor, sim\u201d, afirmou Marcelo Schneider, meteorologista do Inmet (Instituto Nacional de Meteorologia).<\/span><\/p>\n<p><span style=\"font-weight: 400;\">O al\u00edvio no calor ser\u00e1 tempor\u00e1rio, j\u00e1 que na pr\u00f3xima semana volta a esquentar em Franca. H\u00e1 previs\u00e3o de mais chuva somente a partir do dia 20 de setembro. \u201cO clima t\u00e3o quente \u00e9 efeito cumulativo dos \u00faltimos anos, porque choveu pouco, tem mais radia\u00e7\u00e3o e mais calor armazenado, por isso os recordes de temperatura durante o inverno\u201d, disse Schneider.<\/span><\/p>\n<h4>Recorde<\/h4>\n<p><span style=\"font-weight: 400;\">Como previsto pelos meteorologistas, a onda de calor castigou a cidade no feriado, quando foi registrada a temperatura mais alta do ano. No dia 6 de setembro, segunda-feira, com marca de 35 graus, em pleno inverno. At\u00e9 ent\u00e3o, o recorde havia sido no dia 31 de janeiro, com 33,2 graus, segundo dados do Inmet. Nesta quarta-feira, a m\u00e1xima atingiu os 34,8 graus.<\/span><\/p>\n<h4>Racionamento<\/h4>\n<p><span style=\"font-weight: 400;\">Franca tem um fator agravante para enfrentar a onda de calor extremo. A Sabesp adota na cidade racionamento de \u00e1gua desde o dia 2 de setembro. Os bairros foram divididos em blocos e cores e, pelo menos at\u00e9 dia 17 deste m\u00eas, haver\u00e1 rod\u00edzio no fornecimento de \u00e1gua. A suspens\u00e3o se inicia \u00e0s 22h e segue at\u00e9 o mesmo hor\u00e1rio do dia seguinte. Confira o plano de racionamento no link <\/span><a href=\"https:\/\/verdadeon.com.br\/portal\/2021\/08\/30\/sabesp-anuncia-racionamento-de-agua-em-franca-confira-as-datas-para-seu-bairro\/\"><span style=\"font-weight: 400;\">verdadeon.com.br\/portal\/2021\/08\/30\/sabesp-anuncia-racionamento-de-agua-em-franca-confira-as-datas-para-seu-bairro\/<\/span><\/a><\/p>\n","protected":false},"excerpt":{"rendered":"<p>Chegada de frente fria deve aumentar nebulosidade a partir da noite desta quinta-feira. Com 35\u00ba, francanos enfrentaram dia mais quente do ano em pleno inverno Franca<span class=\"excerpt-hellip\"> [\u2026]<\/span><\/p>\n","protected":false},"author":12,"featured_media":19416,"comment_status":"open","ping_status":"open","sticky":false,"template":"","format":"standard","meta":{"_jetpack_memberships_contains_paid_content":false,"footnotes":"","jetpack_publicize_message":"","jetpack_publicize_feature_enabled":true,"jetpack_social_post_already_shared":false,"jetpack_social_options":{"image_generator_settings":{"template":"highway","default_image_id":0,"enabled":false},"version":2}},"categories":[28,81],"tags":[],"class_list":["post-19415","post","type-post","status-publish","format-standard","has-post-thumbnail","hentry","category-cotidiano","category-manchete"],"yoast_head":"<!-- This site is optimized with the Yoast SEO plugin v25.6 - https:\/\/yoast.com\/wordpress\/plugins\/seo\/ -->\n<title>Ap\u00f3s calor recorde, meteorologia tem previs\u00e3o de chuva para Franca - VerdadeOn<\/title>\n<meta name=\"robots\" content=\"index, follow, max-snippet:-1, max-image-preview:large, max-video-preview:-1\" \/>\n<link rel=\"canonical\" href=\"https:\/\/verdadeon.com.br\/portal\/2021\/09\/08\/apos-calor-recorde-meteorologia-tem-previsao-de-chuva-para-franca\/\" \/>\n<meta property=\"og:locale\" content=\"pt_BR\" \/>\n<meta property=\"og:type\" content=\"article\" \/>\n<meta property=\"og:title\" content=\"Ap\u00f3s calor recorde, meteorologia tem previs\u00e3o de chuva para Franca - VerdadeOn\" \/>\n<meta property=\"og:description\" content=\"Chegada de frente fria deve aumentar nebulosidade a partir da noite desta quinta-feira. Com 35\u00ba, francanos enfrentaram dia mais quente do ano em pleno inverno Franca [\u2026]\" \/>\n<meta property=\"og:url\" content=\"https:\/\/verdadeon.com.br\/portal\/2021\/09\/08\/apos-calor-recorde-meteorologia-tem-previsao-de-chuva-para-franca\/\" \/>\n<meta property=\"og:site_name\" content=\"VerdadeOn\" \/>\n<meta property=\"article:published_time\" content=\"2021-09-08T22:20:21+00:00\" \/>\n<meta property=\"og:image\" content=\"https:\/\/verdadeon.com.br\/portal\/wp-content\/uploads\/2021\/09\/CALOR-INTENSO.jpeg\" \/>\n\t<meta property=\"og:image:width\" content=\"1000\" \/>\n\t<meta property=\"og:image:height\" content=\"667\" \/>\n\t<meta property=\"og:image:type\" content=\"image\/jpeg\" \/>\n<meta name=\"author\" content=\"Nelise Luques\" \/>\n<meta name=\"twitter:card\" content=\"summary_large_image\" \/>\n<meta name=\"twitter:label1\" content=\"Escrito por\" \/>\n\t<meta name=\"twitter:data1\" content=\"Nelise Luques\" \/>\n\t<meta name=\"twitter:label2\" content=\"Est. tempo de leitura\" \/>\n\t<meta name=\"twitter:data2\" content=\"2 minutos\" \/>\n<script type=\"application\/ld+json\" class=\"yoast-schema-graph\">{\"@context\":\"https:\/\/schema.org\",\"@graph\":[{\"@type\":\"WebPage\",\"@id\":\"https:\/\/verdadeon.com.br\/portal\/2021\/09\/08\/apos-calor-recorde-meteorologia-tem-previsao-de-chuva-para-franca\/\",\"url\":\"https:\/\/verdadeon.com.br\/portal\/2021\/09\/08\/apos-calor-recorde-meteorologia-tem-previsao-de-chuva-para-franca\/\",\"name\":\"Ap\u00f3s calor recorde, meteorologia tem previs\u00e3o de chuva para Franca - VerdadeOn\",\"isPartOf\":{\"@id\":\"https:\/\/verdadeon.com.br\/portal\/#website\"},\"primaryImageOfPage\":{\"@id\":\"https:\/\/verdadeon.com.br\/portal\/2021\/09\/08\/apos-calor-recorde-meteorologia-tem-previsao-de-chuva-para-franca\/#primaryimage\"},\"image\":{\"@id\":\"https:\/\/verdadeon.com.br\/portal\/2021\/09\/08\/apos-calor-recorde-meteorologia-tem-previsao-de-chuva-para-franca\/#primaryimage\"},\"thumbnailUrl\":\"https:\/\/i0.wp.com\/verdadeon.com.br\/portal\/wp-content\/uploads\/2021\/09\/CALOR-INTENSO.jpeg?fit=1000%2C667&ssl=1\",\"datePublished\":\"2021-09-08T22:20:21+00:00\",\"author\":{\"@id\":\"https:\/\/verdadeon.com.br\/portal\/#\/schema\/person\/8248726d36015c1916636fabb175d972\"},\"breadcrumb\":{\"@id\":\"https:\/\/verdadeon.com.br\/portal\/2021\/09\/08\/apos-calor-recorde-meteorologia-tem-previsao-de-chuva-para-franca\/#breadcrumb\"},\"inLanguage\":\"pt-BR\",\"potentialAction\":[{\"@type\":\"ReadAction\",\"target\":[\"https:\/\/verdadeon.com.br\/portal\/2021\/09\/08\/apos-calor-recorde-meteorologia-tem-previsao-de-chuva-para-franca\/\"]}]},{\"@type\":\"ImageObject\",\"inLanguage\":\"pt-BR\",\"@id\":\"https:\/\/verdadeon.com.br\/portal\/2021\/09\/08\/apos-calor-recorde-meteorologia-tem-previsao-de-chuva-para-franca\/#primaryimage\",\"url\":\"https:\/\/i0.wp.com\/verdadeon.com.br\/portal\/wp-content\/uploads\/2021\/09\/CALOR-INTENSO.jpeg?fit=1000%2C667&ssl=1\",\"contentUrl\":\"https:\/\/i0.wp.com\/verdadeon.com.br\/portal\/wp-content\/uploads\/2021\/09\/CALOR-INTENSO.jpeg?fit=1000%2C667&ssl=1\",\"width\":1000,\"height\":667,\"caption\":\"Fabiana Freire d\u00e1 dicas de alimenta\u00e7\u00e3o em dias de calor intenso (\u00a9Divulga\u00e7\u00e3o)\"},{\"@type\":\"BreadcrumbList\",\"@id\":\"https:\/\/verdadeon.com.br\/portal\/2021\/09\/08\/apos-calor-recorde-meteorologia-tem-previsao-de-chuva-para-franca\/#breadcrumb\",\"itemListElement\":[{\"@type\":\"ListItem\",\"position\":1,\"name\":\"In\u00edcio\",\"item\":\"https:\/\/verdadeon.com.br\/portal\/\"},{\"@type\":\"ListItem\",\"position\":2,\"name\":\"Ap\u00f3s calor recorde, meteorologia tem previs\u00e3o de chuva para Franca\"}]},{\"@type\":\"WebSite\",\"@id\":\"https:\/\/verdadeon.com.br\/portal\/#website\",\"url\":\"https:\/\/verdadeon.com.br\/portal\/\",\"name\":\"VerdadeOn\",\"description\":\"Not\u00edcias di\u00e1rias sobre Franca, Regi\u00e3o, Esporte, Cultura, Cotidiano, Colunas. Cobertura nos principais eventos da cidade \u00e9 aqui - Verdadeon Franca\",\"potentialAction\":[{\"@type\":\"SearchAction\",\"target\":{\"@type\":\"EntryPoint\",\"urlTemplate\":\"https:\/\/verdadeon.com.br\/portal\/?s={search_term_string}\"},\"query-input\":{\"@type\":\"PropertyValueSpecification\",\"valueRequired\":true,\"valueName\":\"search_term_string\"}}],\"inLanguage\":\"pt-BR\"},{\"@type\":\"Person\",\"@id\":\"https:\/\/verdadeon.com.br\/portal\/#\/schema\/person\/8248726d36015c1916636fabb175d972\",\"name\":\"Nelise Luques\",\"image\":{\"@type\":\"ImageObject\",\"inLanguage\":\"pt-BR\",\"@id\":\"https:\/\/verdadeon.com.br\/portal\/#\/schema\/person\/image\/\",\"url\":\"https:\/\/secure.gravatar.com\/avatar\/29b2a17f5bcadeb827411b66f48ac13c3e0ecaf5906c0f5745ecc5d41c24eada?s=96&d=mm&r=g\",\"contentUrl\":\"https:\/\/secure.gravatar.com\/avatar\/29b2a17f5bcadeb827411b66f48ac13c3e0ecaf5906c0f5745ecc5d41c24eada?s=96&d=mm&r=g\",\"caption\":\"Nelise Luques\"},\"url\":\"https:\/\/verdadeon.com.br\/portal\/author\/verdade\/\"}]}<\/script>\n<!-- \/ Yoast SEO plugin. -->","yoast_head_json":{"title":"Ap\u00f3s calor recorde, meteorologia tem previs\u00e3o de chuva para Franca - VerdadeOn","robots":{"index":"index","follow":"follow","max-snippet":"max-snippet:-1","max-image-preview":"max-image-preview:large","max-video-preview":"max-video-preview:-1"},"canonical":"https:\/\/verdadeon.com.br\/portal\/2021\/09\/08\/apos-calor-recorde-meteorologia-tem-previsao-de-chuva-para-franca\/","og_locale":"pt_BR","og_type":"article","og_title":"Ap\u00f3s calor recorde, meteorologia tem previs\u00e3o de chuva para Franca - VerdadeOn","og_description":"Chegada de frente fria deve aumentar nebulosidade a partir da noite desta quinta-feira. Com 35\u00ba, francanos enfrentaram dia mais quente do ano em pleno inverno Franca [\u2026]","og_url":"https:\/\/verdadeon.com.br\/portal\/2021\/09\/08\/apos-calor-recorde-meteorologia-tem-previsao-de-chuva-para-franca\/","og_site_name":"VerdadeOn","article_published_time":"2021-09-08T22:20:21+00:00","og_image":[{"width":1000,"height":667,"url":"https:\/\/verdadeon.com.br\/portal\/wp-content\/uploads\/2021\/09\/CALOR-INTENSO.jpeg","type":"image\/jpeg"}],"author":"Nelise Luques","twitter_card":"summary_large_image","twitter_misc":{"Escrito por":"Nelise Luques","Est. tempo de leitura":"2 minutos"},"schema":{"@context":"https:\/\/schema.org","@graph":[{"@type":"WebPage","@id":"https:\/\/verdadeon.com.br\/portal\/2021\/09\/08\/apos-calor-recorde-meteorologia-tem-previsao-de-chuva-para-franca\/","url":"https:\/\/verdadeon.com.br\/portal\/2021\/09\/08\/apos-calor-recorde-meteorologia-tem-previsao-de-chuva-para-franca\/","name":"Ap\u00f3s calor recorde, meteorologia tem previs\u00e3o de chuva para Franca - VerdadeOn","isPartOf":{"@id":"https:\/\/verdadeon.com.br\/portal\/#website"},"primaryImageOfPage":{"@id":"https:\/\/verdadeon.com.br\/portal\/2021\/09\/08\/apos-calor-recorde-meteorologia-tem-previsao-de-chuva-para-franca\/#primaryimage"},"image":{"@id":"https:\/\/verdadeon.com.br\/portal\/2021\/09\/08\/apos-calor-recorde-meteorologia-tem-previsao-de-chuva-para-franca\/#primaryimage"},"thumbnailUrl":"https:\/\/i0.wp.com\/verdadeon.com.br\/portal\/wp-content\/uploads\/2021\/09\/CALOR-INTENSO.jpeg?fit=1000%2C667&ssl=1","datePublished":"2021-09-08T22:20:21+00:00","author":{"@id":"https:\/\/verdadeon.com.br\/portal\/#\/schema\/person\/8248726d36015c1916636fabb175d972"},"breadcrumb":{"@id":"https:\/\/verdadeon.com.br\/portal\/2021\/09\/08\/apos-calor-recorde-meteorologia-tem-previsao-de-chuva-para-franca\/#breadcrumb"},"inLanguage":"pt-BR","potentialAction":[{"@type":"ReadAction","target":["https:\/\/verdadeon.com.br\/portal\/2021\/09\/08\/apos-calor-recorde-meteorologia-tem-previsao-de-chuva-para-franca\/"]}]},{"@type":"ImageObject","inLanguage":"pt-BR","@id":"https:\/\/verdadeon.com.br\/portal\/2021\/09\/08\/apos-calor-recorde-meteorologia-tem-previsao-de-chuva-para-franca\/#primaryimage","url":"https:\/\/i0.wp.com\/verdadeon.com.br\/portal\/wp-content\/uploads\/2021\/09\/CALOR-INTENSO.jpeg?fit=1000%2C667&ssl=1","contentUrl":"https:\/\/i0.wp.com\/verdadeon.com.br\/portal\/wp-content\/uploads\/2021\/09\/CALOR-INTENSO.jpeg?fit=1000%2C667&ssl=1","width":1000,"height":667,"caption":"Fabiana Freire d\u00e1 dicas de alimenta\u00e7\u00e3o em dias de calor intenso (\u00a9Divulga\u00e7\u00e3o)"},{"@type":"BreadcrumbList","@id":"https:\/\/verdadeon.com.br\/portal\/2021\/09\/08\/apos-calor-recorde-meteorologia-tem-previsao-de-chuva-para-franca\/#breadcrumb","itemListElement":[{"@type":"ListItem","position":1,"name":"In\u00edcio","item":"https:\/\/verdadeon.com.br\/portal\/"},{"@type":"ListItem","position":2,"name":"Ap\u00f3s calor recorde, meteorologia tem previs\u00e3o de chuva para Franca"}]},{"@type":"WebSite","@id":"https:\/\/verdadeon.com.br\/portal\/#website","url":"https:\/\/verdadeon.com.br\/portal\/","name":"VerdadeOn","description":"Not\u00edcias di\u00e1rias sobre Franca, Regi\u00e3o, Esporte, Cultura, Cotidiano, Colunas. Cobertura nos principais eventos da cidade \u00e9 aqui - Verdadeon Franca","potentialAction":[{"@type":"SearchAction","target":{"@type":"EntryPoint","urlTemplate":"https:\/\/verdadeon.com.br\/portal\/?s={search_term_string}"},"query-input":{"@type":"PropertyValueSpecification","valueRequired":true,"valueName":"search_term_string"}}],"inLanguage":"pt-BR"},{"@type":"Person","@id":"https:\/\/verdadeon.com.br\/portal\/#\/schema\/person\/8248726d36015c1916636fabb175d972","name":"Nelise Luques","image":{"@type":"ImageObject","inLanguage":"pt-BR","@id":"https:\/\/verdadeon.com.br\/portal\/#\/schema\/person\/image\/","url":"https:\/\/secure.gravatar.com\/avatar\/29b2a17f5bcadeb827411b66f48ac13c3e0ecaf5906c0f5745ecc5d41c24eada?s=96&d=mm&r=g","contentUrl":"https:\/\/secure.gravatar.com\/avatar\/29b2a17f5bcadeb827411b66f48ac13c3e0ecaf5906c0f5745ecc5d41c24eada?s=96&d=mm&r=g","caption":"Nelise Luques"},"url":"https:\/\/verdadeon.com.br\/portal\/author\/verdade\/"}]}},"jetpack_publicize_connections":[],"jetpack_featured_media_url":"https:\/\/i0.wp.com\/verdadeon.com.br\/portal\/wp-content\/uploads\/2021\/09\/CALOR-INTENSO.jpeg?fit=1000%2C667&ssl=1","jetpack_sharing_enabled":true,"_links":{"self":[{"href":"https:\/\/verdadeon.com.br\/portal\/wp-json\/wp\/v2\/posts\/19415","targetHints":{"allow":["GET"]}}],"collection":[{"href":"https:\/\/verdadeon.com.br\/portal\/wp-json\/wp\/v2\/posts"}],"about":[{"href":"https:\/\/verdadeon.com.br\/portal\/wp-json\/wp\/v2\/types\/post"}],"author":[{"embeddable":true,"href":"https:\/\/verdadeon.com.br\/portal\/wp-json\/wp\/v2\/users\/12"}],"replies":[{"embeddable":true,"href":"https:\/\/verdadeon.com.br\/portal\/wp-json\/wp\/v2\/comments?post=19415"}],"version-history":[{"count":0,"href":"https:\/\/verdadeon.com.br\/portal\/wp-json\/wp\/v2\/posts\/19415\/revisions"}],"wp:featuredmedia":[{"embeddable":true,"href":"https:\/\/verdadeon.com.br\/portal\/wp-json\/wp\/v2\/media\/19416"}],"wp:attachment":[{"href":"https:\/\/verdadeon.com.br\/portal\/wp-json\/wp\/v2\/media?parent=19415"}],"wp:term":[{"taxonomy":"category","embeddable":true,"href":"https:\/\/verdadeon.com.br\/portal\/wp-json\/wp\/v2\/categories?post=19415"},{"taxonomy":"post_tag","embeddable":true,"href":"https:\/\/verdadeon.com.br\/portal\/wp-json\/wp\/v2\/tags?post=19415"}],"curies":[{"name":"wp","href":"https:\/\/api.w.org\/{rel}","templated":true}]}}