{"id":19402,"date":"2021-09-08T08:42:37","date_gmt":"2021-09-08T11:42:37","guid":{"rendered":"https:\/\/verdadeon.com.br\/portal\/?p=19402"},"modified":"2021-09-08T08:42:37","modified_gmt":"2021-09-08T11:42:37","slug":"unifran-segue-com-o-processo-seletivo-para-o-2o-semestre-2021-com-taxa-de-inscricao-e-primeira-mensalidade-isentas","status":"publish","type":"post","link":"https:\/\/verdadeon.com.br\/portal\/2021\/09\/08\/unifran-segue-com-o-processo-seletivo-para-o-2o-semestre-2021-com-taxa-de-inscricao-e-primeira-mensalidade-isentas\/","title":{"rendered":"UNIFRAN segue com o Processo Seletivo para o 2\u00ba semestre 2021 com taxa de inscri\u00e7\u00e3o e primeira mensalidade isentas"},"content":{"rendered":"<h2><i>Vestibulandos podem escolher uma das cinco op\u00e7\u00f5es de ingresso e ainda concorrem a Bolsa de Estudos de at\u00e9 100%; <\/i><em>Inscri\u00e7\u00f5es podem ser feitas at\u00e9 o dia 09 de setembro, \u00e0s 19h &#8211; Prova Tradicional (on-line) acontece no dia 11 de setembro, \u00e0s 10h<\/em><\/h2>\n<div>\n<p><em>\u00a0<\/em><strong>Franca, 08 de setembro de 2021 \u2013\u00a0<\/strong>A\u00a0<a href=\"https:\/\/www.unifran.edu.br\/\" target=\"_blank\" rel=\"noopener\" data-saferedirecturl=\"https:\/\/www.google.com\/url?q=https:\/\/www.unifran.edu.br\/&amp;source=gmail&amp;ust=1631187649395000&amp;usg=AFQjCNHqRV6chSMFxEh5FTBir6BMrwFVYw\">Universidade de Franca &#8211; Unifran<\/a>, institui\u00e7\u00e3o que pertence a Cruzeiro do Sul Educacional, est\u00e1 com as inscri\u00e7\u00f5es gratuitas abertas para o\u00a0<strong>Processo Seletivo<\/strong>\u00a0v\u00e1lido para o segundo semestre de 2021 nos cursos de gradua\u00e7\u00e3o, com a primeira mensalidade isenta*. O per\u00edodo de inscri\u00e7\u00e3o se estende at\u00e9 o dia 09 de setembro, \u00e0s 19h.<\/p>\n<p>Os vestibulandos podem escolher uma das cinco op\u00e7\u00f5es de ingresso, s\u00e3o elas: via\u00a0<a href=\"https:\/\/inscricoes.unifran.edu.br\/s\/ficha-de-inscricao?c__processo=28407PROCESSO_SELETIVO&amp;g=N3W4WW&amp;utm_campaign=%28direct%29&amp;utm_content=%28none%29&amp;utm_medium=%28none%29&amp;utm_source=%28direct%29&amp;utm_term=%28none%29\" target=\"_blank\" rel=\"noopener\" data-saferedirecturl=\"https:\/\/www.google.com\/url?q=https:\/\/inscricoes.unifran.edu.br\/s\/ficha-de-inscricao?c__processo%3D28407PROCESSO_SELETIVO%26g%3DN3W4WW%26utm_campaign%3D%2528direct%2529%26utm_content%3D%2528none%2529%26utm_medium%3D%2528none%2529%26utm_source%3D%2528direct%2529%26utm_term%3D%2528none%2529&amp;source=gmail&amp;ust=1631187649395000&amp;usg=AFQjCNE4m7Vv3AEZSi-9SYLvAJrbDzEAAQ\">Prova on-line<\/a>; via\u00a0<a href=\"https:\/\/inscricoes.unifran.edu.br\/s\/ficha-de-inscricao?c__processo=28401PROCESSO_SELETIVO&amp;g=N3W4WW&amp;utm_campaign=%28direct%29&amp;utm_content=%28none%29&amp;utm_medium=%28none%29&amp;utm_source=%28direct%29&amp;utm_term=%28none%29\" target=\"_blank\" rel=\"noopener\" data-saferedirecturl=\"https:\/\/www.google.com\/url?q=https:\/\/inscricoes.unifran.edu.br\/s\/ficha-de-inscricao?c__processo%3D28401PROCESSO_SELETIVO%26g%3DN3W4WW%26utm_campaign%3D%2528direct%2529%26utm_content%3D%2528none%2529%26utm_medium%3D%2528none%2529%26utm_source%3D%2528direct%2529%26utm_term%3D%2528none%2529&amp;source=gmail&amp;ust=1631187649395000&amp;usg=AFQjCNHkmZIdxQjgqbO9he5ZLgqSUmwwVw\">ENEM<\/a><em>; via\u00a0<\/em><a href=\"https:\/\/inscricoes.unifran.edu.br\/s\/ficha-de-inscricao?c__processo=28405PROCESSO_SELETIVO&amp;g=N3W4WW&amp;utm_campaign=%28direct%29&amp;utm_content=%28none%29&amp;utm_medium=%28none%29&amp;utm_source=%28direct%29&amp;utm_term=%28none%29\" target=\"_blank\" rel=\"noopener\" data-saferedirecturl=\"https:\/\/www.google.com\/url?q=https:\/\/inscricoes.unifran.edu.br\/s\/ficha-de-inscricao?c__processo%3D28405PROCESSO_SELETIVO%26g%3DN3W4WW%26utm_campaign%3D%2528direct%2529%26utm_content%3D%2528none%2529%26utm_medium%3D%2528none%2529%26utm_source%3D%2528direct%2529%26utm_term%3D%2528none%2529&amp;source=gmail&amp;ust=1631187649395000&amp;usg=AFQjCNHz9Lm-y3dye1vd6B_xwy-tie7mYA\">Prova Tradicional<\/a><em>\u00a0(on-line);\u00a0<\/em><a href=\"https:\/\/www.unifran.edu.br\/processo-seletivo\/graduacao-presencial\/?link=bVestibular#provaagendadamodal&amp;utm_campaign=(direct)&amp;utm_content=(none)&amp;utm_medium=(none)&amp;utm_source=(direct)&amp;utm_term=(none)\" target=\"_blank\" rel=\"noopener\" data-saferedirecturl=\"https:\/\/www.google.com\/url?q=https:\/\/www.unifran.edu.br\/processo-seletivo\/graduacao-presencial\/?link%3DbVestibular%23provaagendadamodal%26utm_campaign%3D(direct)%26utm_content%3D(none)%26utm_medium%3D(none)%26utm_source%3D(direct)%26utm_term%3D(none)&amp;source=gmail&amp;ust=1631187649395000&amp;usg=AFQjCNFomqK2sinbh3MzDQWF1BeSixe6YQ\">Prova Agendada<\/a><em>; e via\u00a0<\/em><a href=\"https:\/\/inscricoes.unifran.edu.br\/s\/ficha-de-inscricao?c__processo=28409PROCESSO_SELETIVO&amp;g=N3W4WW&amp;utm_campaign=%28direct%29&amp;utm_content=%28none%29&amp;utm_medium=%28none%29&amp;utm_source=%28direct%29&amp;utm_term=%28none%29\" target=\"_blank\" rel=\"noopener\" data-saferedirecturl=\"https:\/\/www.google.com\/url?q=https:\/\/inscricoes.unifran.edu.br\/s\/ficha-de-inscricao?c__processo%3D28409PROCESSO_SELETIVO%26g%3DN3W4WW%26utm_campaign%3D%2528direct%2529%26utm_content%3D%2528none%2529%26utm_medium%3D%2528none%2529%26utm_source%3D%2528direct%2529%26utm_term%3D%2528none%2529&amp;source=gmail&amp;ust=1631187649395000&amp;usg=AFQjCNHWzikeiio3iS5xqgCacQz-89EsQg\">Exame Nacional para Certifica\u00e7\u00e3o de Compet\u00eancias de Jovens e Adultos (ENCCEJA)<\/a><em>.<\/em><\/p>\n<p>Os interessados ainda concorrer\u00e3o a bolsa de estudos que podem chegar a at\u00e9 100% de desconto durante todo o curso. A possibilidade \u00e9 v\u00e1lida para a\u00a0<strong>Prova Tradicional<\/strong>, que ser\u00e1 realizada virtualmente no pr\u00f3ximo dia 11 de setembro, \u00e0s 10h. O percentual de 100% tamb\u00e9m \u00e9 v\u00e1lido para o ingresso via\u00a0<strong>ENEM<\/strong>.<\/p>\n<p>Na\u00a0<strong>Prova On-line<\/strong>, que fica dispon\u00edvel 24h por dia, o candidato pode escolher o melhor hor\u00e1rio para a realiza\u00e7\u00e3o do exame, e o resultado sai em 24h. Se o vestibulando for aprovado, poder\u00e1 dar prosseguimento \u00e0 matricula digital, sem a necessidade de ir at\u00e9 o campus para finaliz\u00e1-la. O desconto pode chegar a at\u00e9 50%. Na\u00a0<strong>Prova Agendada<\/strong>, tamb\u00e9m \u00e9 poss\u00edvel obter desconto de at\u00e9 50%, e o resultado \u00e9 imediato. Pelo\u00a0<strong>ENCEJJA<\/strong>, o resultado \u00e9 disponibilizado ap\u00f3s o ato de entrega da referida nota e \u00e9 outra op\u00e7\u00e3o que prev\u00ea desconto de at\u00e9 50%.<\/p>\n<p>S\u00e3o mais de 60 cursos de gradua\u00e7\u00e3o presencial. Mais informa\u00e7\u00f5es acesse:\u00a0<a href=\"https:\/\/www.unifran.edu.br\/processo-seletivo\/graduacao-presencial\/?link=bVestibular\" target=\"_blank\" rel=\"noopener\" data-saferedirecturl=\"https:\/\/www.google.com\/url?q=https:\/\/www.unifran.edu.br\/processo-seletivo\/graduacao-presencial\/?link%3DbVestibular&amp;source=gmail&amp;ust=1631187649395000&amp;usg=AFQjCNGdD8XHxvMiMZZVrlVIduqP2UwyDg\">Processo Seletivo &#8211; Unifran<\/a><\/p>\n<p><strong>Est\u00e1 chegando! Fepro On da Unifran<\/strong><\/p>\n<p>Para os interessados em concorrer\u00a0<strong>a bolsas de 100%<\/strong>\u00a0em cursos, e conhecer mais detalhes da Universidade de Franca (Unifran), institui\u00e7\u00e3o que integra a Cruzeiro do Sul Educacional, ser\u00e1 realizada nos dias\u00a0<strong>06 e 07<\/strong>\u00a0de outubro, de forma remota devido ao cen\u00e1rio de pandemia, a 20\u00aa edi\u00e7\u00e3o da Feira de Profiss\u00f5es,\u00a0<strong>Fepro On<\/strong>. A a\u00e7\u00e3o tem por objetivo auxiliar os participantes no processo de decis\u00e3o sobre qual carreira pretendem seguir, contextualizar um pouco como funciona a vida universit\u00e1ria e mostrar a realidade do mercado de trabalho.<\/p>\n<p>De forma virtual, a vig\u00e9sima edi\u00e7\u00e3o da Fepro On disponibilizar\u00e1 conte\u00fados para estudantes de todo o Brasil, como um teste vocacional para quem ainda n\u00e3o sabe qual gradua\u00e7\u00e3o cursar, atividades culturais, palestras com profissionais e empresas renomadas do mercado, e tour virtual pelas institui\u00e7\u00f5es. O visitante tamb\u00e9m poder\u00e1 explorar todas as op\u00e7\u00f5es de cursos, pois este ser\u00e1 um espa\u00e7o para experimentar e vivenciar possibilidades.<\/p>\n<p>Para conferir todas as informa\u00e7\u00f5es e fazer a inscri\u00e7\u00e3o, basta acessar o site da\u00a0<a href=\"http:\/\/fepro.unifran.edu.br\/?utm_source=assessoria-imprensa&amp;utm_medium=release&amp;utm_campaign=evento&amp;utm_content=feira-profissoes-2021-2&amp;utm_term=unifran\" target=\"_blank\" rel=\"noopener\" data-saferedirecturl=\"https:\/\/www.google.com\/url?q=http:\/\/fepro.unifran.edu.br\/?utm_source%3Dassessoria-imprensa%26utm_medium%3Drelease%26utm_campaign%3Devento%26utm_content%3Dfeira-profissoes-2021-2%26utm_term%3Dunifran&amp;source=gmail&amp;ust=1631187649395000&amp;usg=AFQjCNFi7ZzY7oDihB5x0QlAH7ubfeS2Ug\">Fepro On.<\/a><\/p>\n<p><strong>SERVI\u00c7O<\/strong><\/p>\n<p><strong>Processo Seletivo<\/strong>\u00a0<strong>2\u00ba semestre de 2021 &#8211; cursos de gradua\u00e7\u00e3o<\/strong><\/p>\n<p><strong>Inscri\u00e7\u00f5es abertas: Isenta \u2013 at\u00e9\u00a0<\/strong>09 de setembro<strong>, \u00e0s 19h<\/strong><\/p>\n<p><strong>Prova:\u00a0<\/strong>11 de setembro<strong>, \u00e0s 10h<\/strong><\/p>\n<p><strong>1\u00aa Mensalidade<\/strong>: Isenta*<\/p>\n<p><strong>Ingressos:\u00a0<\/strong><a href=\"https:\/\/inscricoes.unifran.edu.br\/s\/ficha-de-inscricao?c__processo=28407PROCESSO_SELETIVO&amp;g=N3W4WW&amp;utm_campaign=%28direct%29&amp;utm_content=%28none%29&amp;utm_medium=%28none%29&amp;utm_source=%28direct%29&amp;utm_term=%28none%29\" target=\"_blank\" rel=\"noopener\" data-saferedirecturl=\"https:\/\/www.google.com\/url?q=https:\/\/inscricoes.unifran.edu.br\/s\/ficha-de-inscricao?c__processo%3D28407PROCESSO_SELETIVO%26g%3DN3W4WW%26utm_campaign%3D%2528direct%2529%26utm_content%3D%2528none%2529%26utm_medium%3D%2528none%2529%26utm_source%3D%2528direct%2529%26utm_term%3D%2528none%2529&amp;source=gmail&amp;ust=1631187649395000&amp;usg=AFQjCNE4m7Vv3AEZSi-9SYLvAJrbDzEAAQ\">Prova on-line<\/a>;\u00a0<a href=\"https:\/\/inscricoes.unifran.edu.br\/s\/ficha-de-inscricao?c__processo=28401PROCESSO_SELETIVO&amp;g=N3W4WW&amp;utm_campaign=%28direct%29&amp;utm_content=%28none%29&amp;utm_medium=%28none%29&amp;utm_source=%28direct%29&amp;utm_term=%28none%29\" target=\"_blank\" rel=\"noopener\" data-saferedirecturl=\"https:\/\/www.google.com\/url?q=https:\/\/inscricoes.unifran.edu.br\/s\/ficha-de-inscricao?c__processo%3D28401PROCESSO_SELETIVO%26g%3DN3W4WW%26utm_campaign%3D%2528direct%2529%26utm_content%3D%2528none%2529%26utm_medium%3D%2528none%2529%26utm_source%3D%2528direct%2529%26utm_term%3D%2528none%2529&amp;source=gmail&amp;ust=1631187649395000&amp;usg=AFQjCNHkmZIdxQjgqbO9he5ZLgqSUmwwVw\">ENEM<\/a><em>;\u00a0<\/em><a href=\"https:\/\/inscricoes.unifran.edu.br\/s\/ficha-de-inscricao?c__processo=28405PROCESSO_SELETIVO&amp;g=N3W4WW&amp;utm_campaign=%28direct%29&amp;utm_content=%28none%29&amp;utm_medium=%28none%29&amp;utm_source=%28direct%29&amp;utm_term=%28none%29\" target=\"_blank\" rel=\"noopener\" data-saferedirecturl=\"https:\/\/www.google.com\/url?q=https:\/\/inscricoes.unifran.edu.br\/s\/ficha-de-inscricao?c__processo%3D28405PROCESSO_SELETIVO%26g%3DN3W4WW%26utm_campaign%3D%2528direct%2529%26utm_content%3D%2528none%2529%26utm_medium%3D%2528none%2529%26utm_source%3D%2528direct%2529%26utm_term%3D%2528none%2529&amp;source=gmail&amp;ust=1631187649395000&amp;usg=AFQjCNHz9Lm-y3dye1vd6B_xwy-tie7mYA\">Prova Tradicional<\/a><em>\u00a0(on-line);\u00a0<\/em><a href=\"https:\/\/www.unifran.edu.br\/processo-seletivo\/graduacao-presencial\/?link=bVestibular#provaagendadamodal&amp;utm_campaign=(direct)&amp;utm_content=(none)&amp;utm_medium=(none)&amp;utm_source=(direct)&amp;utm_term=(none)\" target=\"_blank\" rel=\"noopener\" data-saferedirecturl=\"https:\/\/www.google.com\/url?q=https:\/\/www.unifran.edu.br\/processo-seletivo\/graduacao-presencial\/?link%3DbVestibular%23provaagendadamodal%26utm_campaign%3D(direct)%26utm_content%3D(none)%26utm_medium%3D(none)%26utm_source%3D(direct)%26utm_term%3D(none)&amp;source=gmail&amp;ust=1631187649395000&amp;usg=AFQjCNFomqK2sinbh3MzDQWF1BeSixe6YQ\">Prova Agendada<\/a><em>;\u00a0<\/em><a href=\"https:\/\/inscricoes.unifran.edu.br\/s\/ficha-de-inscricao?c__processo=28409PROCESSO_SELETIVO&amp;g=N3W4WW&amp;utm_campaign=%28direct%29&amp;utm_content=%28none%29&amp;utm_medium=%28none%29&amp;utm_source=%28direct%29&amp;utm_term=%28none%29\" target=\"_blank\" rel=\"noopener\" data-saferedirecturl=\"https:\/\/www.google.com\/url?q=https:\/\/inscricoes.unifran.edu.br\/s\/ficha-de-inscricao?c__processo%3D28409PROCESSO_SELETIVO%26g%3DN3W4WW%26utm_campaign%3D%2528direct%2529%26utm_content%3D%2528none%2529%26utm_medium%3D%2528none%2529%26utm_source%3D%2528direct%2529%26utm_term%3D%2528none%2529&amp;source=gmail&amp;ust=1631187649395000&amp;usg=AFQjCNHWzikeiio3iS5xqgCacQz-89EsQg\">ENCCEJA<\/a><em>.<\/em><\/p>\n<p><strong>Bolsas:\u00a0<\/strong>de 10% a 100%.<\/p>\n<p><strong>\u00a0<\/strong><\/p>\n<p><strong>Unifran<\/strong><\/p>\n<p><a href=\"https:\/\/www.unifran.edu.br\/processo-seletivo\/graduacao-presencial\/?link=bVestibular?utm_source=assessoria-imprensa&amp;utm_medium=release&amp;utm_campaign=processo-seletivo-presencial&amp;utm_content=prova%20online-2020-2&amp;utm_term=unifran\" target=\"_blank\" rel=\"noopener\" data-saferedirecturl=\"https:\/\/www.google.com\/url?q=https:\/\/www.unifran.edu.br\/processo-seletivo\/graduacao-presencial\/?link%3DbVestibular?utm_source%3Dassessoria-imprensa%26utm_medium%3Drelease%26utm_campaign%3Dprocesso-seletivo-presencial%26utm_content%3Dprova%2520online-2020-2%26utm_term%3Dunifran&amp;source=gmail&amp;ust=1631187649395000&amp;usg=AFQjCNFK8p_RvIlweVdSyCLkrmGdsoxLQA\">unifran.edu.br\/vestibular<\/a><\/p>\n<p>Avenida Doutor Armando S. Oliveira, 201, Parque Universit\u00e1rio, Franca\/SP.<\/p>\n<p>Telefone: 3003-1189 para capitais e regi\u00f5es metropolitanas e 0800 721 5844 para demais localidades<\/p>\n<\/div>\n","protected":false},"excerpt":{"rendered":"<p>Vestibulandos podem escolher uma das cinco op\u00e7\u00f5es de ingresso e ainda concorrem a Bolsa de Estudos de at\u00e9 100%; Inscri\u00e7\u00f5es podem ser feitas at\u00e9 o dia<span class=\"excerpt-hellip\"> [\u2026]<\/span><\/p>\n","protected":false},"author":4,"featured_media":12550,"comment_status":"open","ping_status":"open","sticky":false,"template":"","format":"standard","meta":{"_jetpack_memberships_contains_paid_content":false,"footnotes":"","jetpack_publicize_message":"","jetpack_publicize_feature_enabled":true,"jetpack_social_post_already_shared":false,"jetpack_social_options":{"image_generator_settings":{"template":"highway","default_image_id":0,"enabled":false},"version":2}},"categories":[28,44],"tags":[],"class_list":["post-19402","post","type-post","status-publish","format-standard","has-post-thumbnail","hentry","category-cotidiano","category-noticias"],"yoast_head":"<!-- This site is optimized with the Yoast SEO plugin v25.6 - https:\/\/yoast.com\/wordpress\/plugins\/seo\/ -->\n<title>UNIFRAN segue com o Processo Seletivo para o 2\u00ba semestre 2021 com taxa de inscri\u00e7\u00e3o e primeira mensalidade isentas - VerdadeOn<\/title>\n<meta name=\"robots\" content=\"index, follow, max-snippet:-1, max-image-preview:large, max-video-preview:-1\" \/>\n<link rel=\"canonical\" href=\"https:\/\/verdadeon.com.br\/portal\/2021\/09\/08\/unifran-segue-com-o-processo-seletivo-para-o-2o-semestre-2021-com-taxa-de-inscricao-e-primeira-mensalidade-isentas\/\" \/>\n<meta property=\"og:locale\" content=\"pt_BR\" \/>\n<meta property=\"og:type\" content=\"article\" \/>\n<meta property=\"og:title\" content=\"UNIFRAN segue com o Processo Seletivo para o 2\u00ba semestre 2021 com taxa de inscri\u00e7\u00e3o e primeira mensalidade isentas - VerdadeOn\" \/>\n<meta property=\"og:description\" content=\"Vestibulandos podem escolher uma das cinco op\u00e7\u00f5es de ingresso e ainda concorrem a Bolsa de Estudos de at\u00e9 100%; Inscri\u00e7\u00f5es podem ser feitas at\u00e9 o dia [\u2026]\" \/>\n<meta property=\"og:url\" content=\"https:\/\/verdadeon.com.br\/portal\/2021\/09\/08\/unifran-segue-com-o-processo-seletivo-para-o-2o-semestre-2021-com-taxa-de-inscricao-e-primeira-mensalidade-isentas\/\" \/>\n<meta property=\"og:site_name\" content=\"VerdadeOn\" \/>\n<meta property=\"article:published_time\" content=\"2021-09-08T11:42:37+00:00\" \/>\n<meta property=\"og:image\" content=\"https:\/\/verdadeon.com.br\/portal\/wp-content\/uploads\/2020\/12\/UNIFRAN-Fachada.jpg\" \/>\n\t<meta property=\"og:image:width\" content=\"1000\" \/>\n\t<meta property=\"og:image:height\" content=\"670\" \/>\n\t<meta property=\"og:image:type\" content=\"image\/jpeg\" \/>\n<meta name=\"author\" content=\"Fernando Calixto\" \/>\n<meta name=\"twitter:card\" content=\"summary_large_image\" \/>\n<meta name=\"twitter:label1\" content=\"Escrito por\" \/>\n\t<meta name=\"twitter:data1\" content=\"Fernando Calixto\" \/>\n\t<meta name=\"twitter:label2\" content=\"Est. tempo de leitura\" \/>\n\t<meta name=\"twitter:data2\" content=\"3 minutos\" \/>\n<script type=\"application\/ld+json\" class=\"yoast-schema-graph\">{\"@context\":\"https:\/\/schema.org\",\"@graph\":[{\"@type\":\"WebPage\",\"@id\":\"https:\/\/verdadeon.com.br\/portal\/2021\/09\/08\/unifran-segue-com-o-processo-seletivo-para-o-2o-semestre-2021-com-taxa-de-inscricao-e-primeira-mensalidade-isentas\/\",\"url\":\"https:\/\/verdadeon.com.br\/portal\/2021\/09\/08\/unifran-segue-com-o-processo-seletivo-para-o-2o-semestre-2021-com-taxa-de-inscricao-e-primeira-mensalidade-isentas\/\",\"name\":\"UNIFRAN segue com o Processo Seletivo para o 2\u00ba semestre 2021 com taxa de inscri\u00e7\u00e3o e primeira mensalidade isentas - VerdadeOn\",\"isPartOf\":{\"@id\":\"https:\/\/verdadeon.com.br\/portal\/#website\"},\"primaryImageOfPage\":{\"@id\":\"https:\/\/verdadeon.com.br\/portal\/2021\/09\/08\/unifran-segue-com-o-processo-seletivo-para-o-2o-semestre-2021-com-taxa-de-inscricao-e-primeira-mensalidade-isentas\/#primaryimage\"},\"image\":{\"@id\":\"https:\/\/verdadeon.com.br\/portal\/2021\/09\/08\/unifran-segue-com-o-processo-seletivo-para-o-2o-semestre-2021-com-taxa-de-inscricao-e-primeira-mensalidade-isentas\/#primaryimage\"},\"thumbnailUrl\":\"https:\/\/i0.wp.com\/verdadeon.com.br\/portal\/wp-content\/uploads\/2020\/12\/UNIFRAN-Fachada.jpg?fit=1000%2C670&ssl=1\",\"datePublished\":\"2021-09-08T11:42:37+00:00\",\"author\":{\"@id\":\"https:\/\/verdadeon.com.br\/portal\/#\/schema\/person\/8994718f49ee62ba5610471e29ca1f62\"},\"breadcrumb\":{\"@id\":\"https:\/\/verdadeon.com.br\/portal\/2021\/09\/08\/unifran-segue-com-o-processo-seletivo-para-o-2o-semestre-2021-com-taxa-de-inscricao-e-primeira-mensalidade-isentas\/#breadcrumb\"},\"inLanguage\":\"pt-BR\",\"potentialAction\":[{\"@type\":\"ReadAction\",\"target\":[\"https:\/\/verdadeon.com.br\/portal\/2021\/09\/08\/unifran-segue-com-o-processo-seletivo-para-o-2o-semestre-2021-com-taxa-de-inscricao-e-primeira-mensalidade-isentas\/\"]}]},{\"@type\":\"ImageObject\",\"inLanguage\":\"pt-BR\",\"@id\":\"https:\/\/verdadeon.com.br\/portal\/2021\/09\/08\/unifran-segue-com-o-processo-seletivo-para-o-2o-semestre-2021-com-taxa-de-inscricao-e-primeira-mensalidade-isentas\/#primaryimage\",\"url\":\"https:\/\/i0.wp.com\/verdadeon.com.br\/portal\/wp-content\/uploads\/2020\/12\/UNIFRAN-Fachada.jpg?fit=1000%2C670&ssl=1\",\"contentUrl\":\"https:\/\/i0.wp.com\/verdadeon.com.br\/portal\/wp-content\/uploads\/2020\/12\/UNIFRAN-Fachada.jpg?fit=1000%2C670&ssl=1\",\"width\":1000,\"height\":670,\"caption\":\"Doa\u00e7\u00f5es ser\u00e3o destinadas aos Correios, respons\u00e1vel pelo manuseio e distribui\u00e7\u00e3o em territ\u00f3rio ga\u00facho (\u00a9Divulga\u00e7\u00e3o)\"},{\"@type\":\"BreadcrumbList\",\"@id\":\"https:\/\/verdadeon.com.br\/portal\/2021\/09\/08\/unifran-segue-com-o-processo-seletivo-para-o-2o-semestre-2021-com-taxa-de-inscricao-e-primeira-mensalidade-isentas\/#breadcrumb\",\"itemListElement\":[{\"@type\":\"ListItem\",\"position\":1,\"name\":\"In\u00edcio\",\"item\":\"https:\/\/verdadeon.com.br\/portal\/\"},{\"@type\":\"ListItem\",\"position\":2,\"name\":\"UNIFRAN segue com o Processo Seletivo para o 2\u00ba semestre 2021 com taxa de inscri\u00e7\u00e3o e primeira mensalidade isentas\"}]},{\"@type\":\"WebSite\",\"@id\":\"https:\/\/verdadeon.com.br\/portal\/#website\",\"url\":\"https:\/\/verdadeon.com.br\/portal\/\",\"name\":\"VerdadeOn\",\"description\":\"Not\u00edcias di\u00e1rias sobre Franca, Regi\u00e3o, Esporte, Cultura, Cotidiano, Colunas. Cobertura nos principais eventos da cidade \u00e9 aqui - Verdadeon Franca\",\"potentialAction\":[{\"@type\":\"SearchAction\",\"target\":{\"@type\":\"EntryPoint\",\"urlTemplate\":\"https:\/\/verdadeon.com.br\/portal\/?s={search_term_string}\"},\"query-input\":{\"@type\":\"PropertyValueSpecification\",\"valueRequired\":true,\"valueName\":\"search_term_string\"}}],\"inLanguage\":\"pt-BR\"},{\"@type\":\"Person\",\"@id\":\"https:\/\/verdadeon.com.br\/portal\/#\/schema\/person\/8994718f49ee62ba5610471e29ca1f62\",\"name\":\"Fernando Calixto\",\"image\":{\"@type\":\"ImageObject\",\"inLanguage\":\"pt-BR\",\"@id\":\"https:\/\/verdadeon.com.br\/portal\/#\/schema\/person\/image\/\",\"url\":\"https:\/\/secure.gravatar.com\/avatar\/7578910c24966c0316c340f9dbd601e93ee9f9212e1033968b367af9306bd9fb?s=96&d=mm&r=g\",\"contentUrl\":\"https:\/\/secure.gravatar.com\/avatar\/7578910c24966c0316c340f9dbd601e93ee9f9212e1033968b367af9306bd9fb?s=96&d=mm&r=g\",\"caption\":\"Fernando Calixto\"},\"url\":\"https:\/\/verdadeon.com.br\/portal\/author\/fernando-calixto\/\"}]}<\/script>\n<!-- \/ Yoast SEO plugin. -->","yoast_head_json":{"title":"UNIFRAN segue com o Processo Seletivo para o 2\u00ba semestre 2021 com taxa de inscri\u00e7\u00e3o e primeira mensalidade isentas - VerdadeOn","robots":{"index":"index","follow":"follow","max-snippet":"max-snippet:-1","max-image-preview":"max-image-preview:large","max-video-preview":"max-video-preview:-1"},"canonical":"https:\/\/verdadeon.com.br\/portal\/2021\/09\/08\/unifran-segue-com-o-processo-seletivo-para-o-2o-semestre-2021-com-taxa-de-inscricao-e-primeira-mensalidade-isentas\/","og_locale":"pt_BR","og_type":"article","og_title":"UNIFRAN segue com o Processo Seletivo para o 2\u00ba semestre 2021 com taxa de inscri\u00e7\u00e3o e primeira mensalidade isentas - VerdadeOn","og_description":"Vestibulandos podem escolher uma das cinco op\u00e7\u00f5es de ingresso e ainda concorrem a Bolsa de Estudos de at\u00e9 100%; Inscri\u00e7\u00f5es podem ser feitas at\u00e9 o dia [\u2026]","og_url":"https:\/\/verdadeon.com.br\/portal\/2021\/09\/08\/unifran-segue-com-o-processo-seletivo-para-o-2o-semestre-2021-com-taxa-de-inscricao-e-primeira-mensalidade-isentas\/","og_site_name":"VerdadeOn","article_published_time":"2021-09-08T11:42:37+00:00","og_image":[{"width":1000,"height":670,"url":"https:\/\/verdadeon.com.br\/portal\/wp-content\/uploads\/2020\/12\/UNIFRAN-Fachada.jpg","type":"image\/jpeg"}],"author":"Fernando Calixto","twitter_card":"summary_large_image","twitter_misc":{"Escrito por":"Fernando Calixto","Est. tempo de leitura":"3 minutos"},"schema":{"@context":"https:\/\/schema.org","@graph":[{"@type":"WebPage","@id":"https:\/\/verdadeon.com.br\/portal\/2021\/09\/08\/unifran-segue-com-o-processo-seletivo-para-o-2o-semestre-2021-com-taxa-de-inscricao-e-primeira-mensalidade-isentas\/","url":"https:\/\/verdadeon.com.br\/portal\/2021\/09\/08\/unifran-segue-com-o-processo-seletivo-para-o-2o-semestre-2021-com-taxa-de-inscricao-e-primeira-mensalidade-isentas\/","name":"UNIFRAN segue com o Processo Seletivo para o 2\u00ba semestre 2021 com taxa de inscri\u00e7\u00e3o e primeira mensalidade isentas - VerdadeOn","isPartOf":{"@id":"https:\/\/verdadeon.com.br\/portal\/#website"},"primaryImageOfPage":{"@id":"https:\/\/verdadeon.com.br\/portal\/2021\/09\/08\/unifran-segue-com-o-processo-seletivo-para-o-2o-semestre-2021-com-taxa-de-inscricao-e-primeira-mensalidade-isentas\/#primaryimage"},"image":{"@id":"https:\/\/verdadeon.com.br\/portal\/2021\/09\/08\/unifran-segue-com-o-processo-seletivo-para-o-2o-semestre-2021-com-taxa-de-inscricao-e-primeira-mensalidade-isentas\/#primaryimage"},"thumbnailUrl":"https:\/\/i0.wp.com\/verdadeon.com.br\/portal\/wp-content\/uploads\/2020\/12\/UNIFRAN-Fachada.jpg?fit=1000%2C670&ssl=1","datePublished":"2021-09-08T11:42:37+00:00","author":{"@id":"https:\/\/verdadeon.com.br\/portal\/#\/schema\/person\/8994718f49ee62ba5610471e29ca1f62"},"breadcrumb":{"@id":"https:\/\/verdadeon.com.br\/portal\/2021\/09\/08\/unifran-segue-com-o-processo-seletivo-para-o-2o-semestre-2021-com-taxa-de-inscricao-e-primeira-mensalidade-isentas\/#breadcrumb"},"inLanguage":"pt-BR","potentialAction":[{"@type":"ReadAction","target":["https:\/\/verdadeon.com.br\/portal\/2021\/09\/08\/unifran-segue-com-o-processo-seletivo-para-o-2o-semestre-2021-com-taxa-de-inscricao-e-primeira-mensalidade-isentas\/"]}]},{"@type":"ImageObject","inLanguage":"pt-BR","@id":"https:\/\/verdadeon.com.br\/portal\/2021\/09\/08\/unifran-segue-com-o-processo-seletivo-para-o-2o-semestre-2021-com-taxa-de-inscricao-e-primeira-mensalidade-isentas\/#primaryimage","url":"https:\/\/i0.wp.com\/verdadeon.com.br\/portal\/wp-content\/uploads\/2020\/12\/UNIFRAN-Fachada.jpg?fit=1000%2C670&ssl=1","contentUrl":"https:\/\/i0.wp.com\/verdadeon.com.br\/portal\/wp-content\/uploads\/2020\/12\/UNIFRAN-Fachada.jpg?fit=1000%2C670&ssl=1","width":1000,"height":670,"caption":"Doa\u00e7\u00f5es ser\u00e3o destinadas aos Correios, respons\u00e1vel pelo manuseio e distribui\u00e7\u00e3o em territ\u00f3rio ga\u00facho (\u00a9Divulga\u00e7\u00e3o)"},{"@type":"BreadcrumbList","@id":"https:\/\/verdadeon.com.br\/portal\/2021\/09\/08\/unifran-segue-com-o-processo-seletivo-para-o-2o-semestre-2021-com-taxa-de-inscricao-e-primeira-mensalidade-isentas\/#breadcrumb","itemListElement":[{"@type":"ListItem","position":1,"name":"In\u00edcio","item":"https:\/\/verdadeon.com.br\/portal\/"},{"@type":"ListItem","position":2,"name":"UNIFRAN segue com o Processo Seletivo para o 2\u00ba semestre 2021 com taxa de inscri\u00e7\u00e3o e primeira mensalidade isentas"}]},{"@type":"WebSite","@id":"https:\/\/verdadeon.com.br\/portal\/#website","url":"https:\/\/verdadeon.com.br\/portal\/","name":"VerdadeOn","description":"Not\u00edcias di\u00e1rias sobre Franca, Regi\u00e3o, Esporte, Cultura, Cotidiano, Colunas. Cobertura nos principais eventos da cidade \u00e9 aqui - Verdadeon Franca","potentialAction":[{"@type":"SearchAction","target":{"@type":"EntryPoint","urlTemplate":"https:\/\/verdadeon.com.br\/portal\/?s={search_term_string}"},"query-input":{"@type":"PropertyValueSpecification","valueRequired":true,"valueName":"search_term_string"}}],"inLanguage":"pt-BR"},{"@type":"Person","@id":"https:\/\/verdadeon.com.br\/portal\/#\/schema\/person\/8994718f49ee62ba5610471e29ca1f62","name":"Fernando Calixto","image":{"@type":"ImageObject","inLanguage":"pt-BR","@id":"https:\/\/verdadeon.com.br\/portal\/#\/schema\/person\/image\/","url":"https:\/\/secure.gravatar.com\/avatar\/7578910c24966c0316c340f9dbd601e93ee9f9212e1033968b367af9306bd9fb?s=96&d=mm&r=g","contentUrl":"https:\/\/secure.gravatar.com\/avatar\/7578910c24966c0316c340f9dbd601e93ee9f9212e1033968b367af9306bd9fb?s=96&d=mm&r=g","caption":"Fernando Calixto"},"url":"https:\/\/verdadeon.com.br\/portal\/author\/fernando-calixto\/"}]}},"jetpack_publicize_connections":[],"jetpack_featured_media_url":"https:\/\/i0.wp.com\/verdadeon.com.br\/portal\/wp-content\/uploads\/2020\/12\/UNIFRAN-Fachada.jpg?fit=1000%2C670&ssl=1","jetpack_sharing_enabled":true,"_links":{"self":[{"href":"https:\/\/verdadeon.com.br\/portal\/wp-json\/wp\/v2\/posts\/19402","targetHints":{"allow":["GET"]}}],"collection":[{"href":"https:\/\/verdadeon.com.br\/portal\/wp-json\/wp\/v2\/posts"}],"about":[{"href":"https:\/\/verdadeon.com.br\/portal\/wp-json\/wp\/v2\/types\/post"}],"author":[{"embeddable":true,"href":"https:\/\/verdadeon.com.br\/portal\/wp-json\/wp\/v2\/users\/4"}],"replies":[{"embeddable":true,"href":"https:\/\/verdadeon.com.br\/portal\/wp-json\/wp\/v2\/comments?post=19402"}],"version-history":[{"count":0,"href":"https:\/\/verdadeon.com.br\/portal\/wp-json\/wp\/v2\/posts\/19402\/revisions"}],"wp:featuredmedia":[{"embeddable":true,"href":"https:\/\/verdadeon.com.br\/portal\/wp-json\/wp\/v2\/media\/12550"}],"wp:attachment":[{"href":"https:\/\/verdadeon.com.br\/portal\/wp-json\/wp\/v2\/media?parent=19402"}],"wp:term":[{"taxonomy":"category","embeddable":true,"href":"https:\/\/verdadeon.com.br\/portal\/wp-json\/wp\/v2\/categories?post=19402"},{"taxonomy":"post_tag","embeddable":true,"href":"https:\/\/verdadeon.com.br\/portal\/wp-json\/wp\/v2\/tags?post=19402"}],"curies":[{"name":"wp","href":"https:\/\/api.w.org\/{rel}","templated":true}]}}