{"id":19392,"date":"2021-09-06T19:10:18","date_gmt":"2021-09-06T22:10:18","guid":{"rendered":"https:\/\/verdadeon.com.br\/portal\/?p=19392"},"modified":"2021-09-06T21:18:23","modified_gmt":"2021-09-07T00:18:23","slug":"luisa-buaretti-bebe-de-5-meses-que-esteve-em-estado-grave-na-uti-ganha-perfil-no-instagram","status":"publish","type":"post","link":"https:\/\/verdadeon.com.br\/portal\/2021\/09\/06\/luisa-buaretti-bebe-de-5-meses-que-esteve-em-estado-grave-na-uti-ganha-perfil-no-instagram\/","title":{"rendered":"Lu\u00edsa Buaretti, beb\u00ea de 5 meses que esteve em estado grave na UTI, ganha perfil no Instagram"},"content":{"rendered":"<h2><span style=\"font-weight: 400;\">Pais decidiram usar as redes sociais para compartilhar o dia a dia da filha e testemunhar a hist\u00f3ria dela: \u2018ela vivenciou um milagre\u2019<\/span><\/h2>\n<p><span style=\"font-weight: 400;\">A hist\u00f3ria de vida da pequena Lu\u00edsa Buaretti, que ganhou repercuss\u00e3o ap\u00f3s ela ficar internada em estado grave na UTI de um hospital particular em Franca, pode agora ser acompanhada nas redes sociais. Desde o dia 24 de agosto, a beb\u00ea de 5 meses tem um perfil no Instagram. Acessando @luisabuaretti, os 567 seguidores t\u00eam acompanhado a boa evolu\u00e7\u00e3o da crian\u00e7a e s\u00e3o presenteados com sorrisos di\u00e1rios de Lu\u00edsa.<\/span><\/p>\n<p><span style=\"font-weight: 400;\">Na manh\u00e3 desta segunda-feira, 6, a beb\u00ea apareceu em um v\u00eddeo com sua m\u00e3e, Rafaela Buaretti, ao som da m\u00fasica <\/span><i><span style=\"font-weight: 400;\">Promete<\/span><\/i><span style=\"font-weight: 400;\">, da cantora Ana Villela. Para quem acompanhou a gravidade do seu caso, v\u00ea-la t\u00e3o bem \u00e9 um alento, traz al\u00edvio e renova esperan\u00e7as.<\/span><\/p>\n<p><span style=\"font-weight: 400;\">Rafaela disse que sua cunhada quem sugeriu que criassem um perfil para a Lu\u00edsa no Instagram porque muitas pessoas perguntavam sobre ela e seu estado de sa\u00fade. A repercuss\u00e3o da hist\u00f3ria foi intensa. \u201cCriamos o Instagram para que as pessoas possam acompanhar o dia a dia dela e, principalmente, com o intuito de testemunhar o milagre que ela vivenciou, que Deus aben\u00e7oou nossas vidas\u201d.<\/span><\/p>\n<p><span style=\"font-weight: 400;\">Ela comentou que as ora\u00e7\u00f5es fortaleceram a fam\u00edlia no momento em que Lu\u00edsa esteve internada. &#8220;Nesse per\u00edodo que a gente passou, eu percebi que a gente \u00e9 muito mais forte do que a gente imagina, e que Deus d\u00e1 for\u00e7a para a gente superar tudo. Hoje, gra\u00e7as a Deus, a gente enfrentou e venceu essa batalha\u201d.<\/span><\/p>\n<p><span style=\"font-weight: 400;\">Os pais afirmaram que a repercuss\u00e3o do Instagram est\u00e1 bastante positiva. \u201cRecebemos v\u00e1rias mensagens lindas, de pessoas que rezaram por n\u00f3s e \u00e9 muito bom ter essa parceria\u201d.<\/span><\/p>\n<p><b>Hist\u00f3ria<\/b><\/p>\n<p><span style=\"font-weight: 400;\">No dia 11 de agosto deste ano, a beb\u00ea estava com suspeita de virose e foi levada pelos pais ao plant\u00e3o m\u00e9dico ao Hospital S\u00e3o Joaquim\/Unimed. Segundo eles, a filha precisou tomar soro e quando aplicaram uma inje\u00e7\u00e3o na veia, ela sofreu uma parada card\u00edaca durante 40 minutos. A equipe conseguiu reanim\u00e1-la, mas Lu\u00edsa entrou em coma e permaneceu 11 dias internada, dez deles na UTI.\u00a0<\/span><\/p>\n<p><span style=\"font-weight: 400;\">A crian\u00e7a teve alta em 23 de agosto e est\u00e1 bem de sa\u00fade. A m\u00e3e disse que a beb\u00ea segue em acompanhamento com m\u00e9dico neurologista e fonoaudi\u00f3loga, da fisioterapia j\u00e1 recebeu alta. \u201cEstamos todos bem, a Lu\u00edsa est\u00e1 melhorando cada dia mais. Ela faz os acompanhamentos mais por seguran\u00e7a porque ela teve a parada card\u00edaca e convuls\u00e3o, ent\u00e3o precisamos monitorar, mas ela est\u00e1 bem\u201d, disse Rafaela.<\/span><\/p>\n<p><span style=\"font-weight: 400;\">A fam\u00edlia suspeita de erro m\u00e9dico. \u00c0 \u00e9poca, o hospital afirmou que o procedimento adotado pelos profissionais foi correto e os fatos estavam sendo apurados.<\/span><\/p>\n","protected":false},"excerpt":{"rendered":"<p>Pais decidiram usar as redes sociais para compartilhar o dia a dia da filha e testemunhar a hist\u00f3ria dela: \u2018ela vivenciou um milagre\u2019 A hist\u00f3ria de<span class=\"excerpt-hellip\"> [\u2026]<\/span><\/p>\n","protected":false},"author":12,"featured_media":19393,"comment_status":"open","ping_status":"open","sticky":false,"template":"","format":"standard","meta":{"_jetpack_memberships_contains_paid_content":false,"footnotes":"","jetpack_publicize_message":"","jetpack_publicize_feature_enabled":true,"jetpack_social_post_already_shared":false,"jetpack_social_options":{"image_generator_settings":{"template":"highway","default_image_id":0,"enabled":false},"version":2}},"categories":[28,81],"tags":[],"class_list":["post-19392","post","type-post","status-publish","format-standard","has-post-thumbnail","hentry","category-cotidiano","category-manchete"],"yoast_head":"<!-- This site is optimized with the Yoast SEO plugin v25.6 - https:\/\/yoast.com\/wordpress\/plugins\/seo\/ -->\n<title>Lu\u00edsa Buaretti, beb\u00ea de 5 meses que esteve em estado grave na UTI, ganha perfil no Instagram - VerdadeOn<\/title>\n<meta name=\"robots\" content=\"index, follow, max-snippet:-1, max-image-preview:large, max-video-preview:-1\" \/>\n<link rel=\"canonical\" href=\"https:\/\/verdadeon.com.br\/portal\/2021\/09\/06\/luisa-buaretti-bebe-de-5-meses-que-esteve-em-estado-grave-na-uti-ganha-perfil-no-instagram\/\" \/>\n<meta property=\"og:locale\" content=\"pt_BR\" \/>\n<meta property=\"og:type\" content=\"article\" \/>\n<meta property=\"og:title\" content=\"Lu\u00edsa Buaretti, beb\u00ea de 5 meses que esteve em estado grave na UTI, ganha perfil no Instagram - VerdadeOn\" \/>\n<meta property=\"og:description\" content=\"Pais decidiram usar as redes sociais para compartilhar o dia a dia da filha e testemunhar a hist\u00f3ria dela: \u2018ela vivenciou um milagre\u2019 A hist\u00f3ria de [\u2026]\" \/>\n<meta property=\"og:url\" content=\"https:\/\/verdadeon.com.br\/portal\/2021\/09\/06\/luisa-buaretti-bebe-de-5-meses-que-esteve-em-estado-grave-na-uti-ganha-perfil-no-instagram\/\" \/>\n<meta property=\"og:site_name\" content=\"VerdadeOn\" \/>\n<meta property=\"article:published_time\" content=\"2021-09-06T22:10:18+00:00\" \/>\n<meta property=\"article:modified_time\" content=\"2021-09-07T00:18:23+00:00\" \/>\n<meta property=\"og:image\" content=\"https:\/\/verdadeon.com.br\/portal\/wp-content\/uploads\/2021\/09\/Rafaela-e-Luisa-Buaretti-Neto-e-filho-Arthur.jpeg\" \/>\n\t<meta property=\"og:image:width\" content=\"1000\" \/>\n\t<meta property=\"og:image:height\" content=\"670\" \/>\n\t<meta property=\"og:image:type\" content=\"image\/jpeg\" \/>\n<meta name=\"author\" content=\"Nelise Luques\" \/>\n<meta name=\"twitter:card\" content=\"summary_large_image\" \/>\n<meta name=\"twitter:label1\" content=\"Escrito por\" \/>\n\t<meta name=\"twitter:data1\" content=\"Nelise Luques\" \/>\n\t<meta name=\"twitter:label2\" content=\"Est. tempo de leitura\" \/>\n\t<meta name=\"twitter:data2\" content=\"2 minutos\" \/>\n<script type=\"application\/ld+json\" class=\"yoast-schema-graph\">{\"@context\":\"https:\/\/schema.org\",\"@graph\":[{\"@type\":\"WebPage\",\"@id\":\"https:\/\/verdadeon.com.br\/portal\/2021\/09\/06\/luisa-buaretti-bebe-de-5-meses-que-esteve-em-estado-grave-na-uti-ganha-perfil-no-instagram\/\",\"url\":\"https:\/\/verdadeon.com.br\/portal\/2021\/09\/06\/luisa-buaretti-bebe-de-5-meses-que-esteve-em-estado-grave-na-uti-ganha-perfil-no-instagram\/\",\"name\":\"Lu\u00edsa Buaretti, beb\u00ea de 5 meses que esteve em estado grave na UTI, ganha perfil no Instagram - VerdadeOn\",\"isPartOf\":{\"@id\":\"https:\/\/verdadeon.com.br\/portal\/#website\"},\"primaryImageOfPage\":{\"@id\":\"https:\/\/verdadeon.com.br\/portal\/2021\/09\/06\/luisa-buaretti-bebe-de-5-meses-que-esteve-em-estado-grave-na-uti-ganha-perfil-no-instagram\/#primaryimage\"},\"image\":{\"@id\":\"https:\/\/verdadeon.com.br\/portal\/2021\/09\/06\/luisa-buaretti-bebe-de-5-meses-que-esteve-em-estado-grave-na-uti-ganha-perfil-no-instagram\/#primaryimage\"},\"thumbnailUrl\":\"https:\/\/i0.wp.com\/verdadeon.com.br\/portal\/wp-content\/uploads\/2021\/09\/Rafaela-e-Luisa-Buaretti-Neto-e-filho-Arthur.jpeg?fit=1000%2C670&ssl=1\",\"datePublished\":\"2021-09-06T22:10:18+00:00\",\"dateModified\":\"2021-09-07T00:18:23+00:00\",\"author\":{\"@id\":\"https:\/\/verdadeon.com.br\/portal\/#\/schema\/person\/8248726d36015c1916636fabb175d972\"},\"breadcrumb\":{\"@id\":\"https:\/\/verdadeon.com.br\/portal\/2021\/09\/06\/luisa-buaretti-bebe-de-5-meses-que-esteve-em-estado-grave-na-uti-ganha-perfil-no-instagram\/#breadcrumb\"},\"inLanguage\":\"pt-BR\",\"potentialAction\":[{\"@type\":\"ReadAction\",\"target\":[\"https:\/\/verdadeon.com.br\/portal\/2021\/09\/06\/luisa-buaretti-bebe-de-5-meses-que-esteve-em-estado-grave-na-uti-ganha-perfil-no-instagram\/\"]}]},{\"@type\":\"ImageObject\",\"inLanguage\":\"pt-BR\",\"@id\":\"https:\/\/verdadeon.com.br\/portal\/2021\/09\/06\/luisa-buaretti-bebe-de-5-meses-que-esteve-em-estado-grave-na-uti-ganha-perfil-no-instagram\/#primaryimage\",\"url\":\"https:\/\/i0.wp.com\/verdadeon.com.br\/portal\/wp-content\/uploads\/2021\/09\/Rafaela-e-Luisa-Buaretti-Neto-e-filho-Arthur.jpeg?fit=1000%2C670&ssl=1\",\"contentUrl\":\"https:\/\/i0.wp.com\/verdadeon.com.br\/portal\/wp-content\/uploads\/2021\/09\/Rafaela-e-Luisa-Buaretti-Neto-e-filho-Arthur.jpeg?fit=1000%2C670&ssl=1\",\"width\":1000,\"height\":670,\"caption\":\"Os pais Rafaela Buaretti e Jos\u00e9 Netto, com os filhos Lu\u00edsa e Arthur: fam\u00edlia agradece ora\u00e7\u00f5es e apoio \u00e0 beb\u00ea | Foto: Instagram\"},{\"@type\":\"BreadcrumbList\",\"@id\":\"https:\/\/verdadeon.com.br\/portal\/2021\/09\/06\/luisa-buaretti-bebe-de-5-meses-que-esteve-em-estado-grave-na-uti-ganha-perfil-no-instagram\/#breadcrumb\",\"itemListElement\":[{\"@type\":\"ListItem\",\"position\":1,\"name\":\"In\u00edcio\",\"item\":\"https:\/\/verdadeon.com.br\/portal\/\"},{\"@type\":\"ListItem\",\"position\":2,\"name\":\"Lu\u00edsa Buaretti, beb\u00ea de 5 meses que esteve em estado grave na UTI, ganha perfil no Instagram\"}]},{\"@type\":\"WebSite\",\"@id\":\"https:\/\/verdadeon.com.br\/portal\/#website\",\"url\":\"https:\/\/verdadeon.com.br\/portal\/\",\"name\":\"VerdadeOn\",\"description\":\"Not\u00edcias di\u00e1rias sobre Franca, Regi\u00e3o, Esporte, Cultura, Cotidiano, Colunas. Cobertura nos principais eventos da cidade \u00e9 aqui - Verdadeon Franca\",\"potentialAction\":[{\"@type\":\"SearchAction\",\"target\":{\"@type\":\"EntryPoint\",\"urlTemplate\":\"https:\/\/verdadeon.com.br\/portal\/?s={search_term_string}\"},\"query-input\":{\"@type\":\"PropertyValueSpecification\",\"valueRequired\":true,\"valueName\":\"search_term_string\"}}],\"inLanguage\":\"pt-BR\"},{\"@type\":\"Person\",\"@id\":\"https:\/\/verdadeon.com.br\/portal\/#\/schema\/person\/8248726d36015c1916636fabb175d972\",\"name\":\"Nelise Luques\",\"image\":{\"@type\":\"ImageObject\",\"inLanguage\":\"pt-BR\",\"@id\":\"https:\/\/verdadeon.com.br\/portal\/#\/schema\/person\/image\/\",\"url\":\"https:\/\/secure.gravatar.com\/avatar\/29b2a17f5bcadeb827411b66f48ac13c3e0ecaf5906c0f5745ecc5d41c24eada?s=96&d=mm&r=g\",\"contentUrl\":\"https:\/\/secure.gravatar.com\/avatar\/29b2a17f5bcadeb827411b66f48ac13c3e0ecaf5906c0f5745ecc5d41c24eada?s=96&d=mm&r=g\",\"caption\":\"Nelise Luques\"},\"url\":\"https:\/\/verdadeon.com.br\/portal\/author\/verdade\/\"}]}<\/script>\n<!-- \/ Yoast SEO plugin. -->","yoast_head_json":{"title":"Lu\u00edsa Buaretti, beb\u00ea de 5 meses que esteve em estado grave na UTI, ganha perfil no Instagram - VerdadeOn","robots":{"index":"index","follow":"follow","max-snippet":"max-snippet:-1","max-image-preview":"max-image-preview:large","max-video-preview":"max-video-preview:-1"},"canonical":"https:\/\/verdadeon.com.br\/portal\/2021\/09\/06\/luisa-buaretti-bebe-de-5-meses-que-esteve-em-estado-grave-na-uti-ganha-perfil-no-instagram\/","og_locale":"pt_BR","og_type":"article","og_title":"Lu\u00edsa Buaretti, beb\u00ea de 5 meses que esteve em estado grave na UTI, ganha perfil no Instagram - VerdadeOn","og_description":"Pais decidiram usar as redes sociais para compartilhar o dia a dia da filha e testemunhar a hist\u00f3ria dela: \u2018ela vivenciou um milagre\u2019 A hist\u00f3ria de [\u2026]","og_url":"https:\/\/verdadeon.com.br\/portal\/2021\/09\/06\/luisa-buaretti-bebe-de-5-meses-que-esteve-em-estado-grave-na-uti-ganha-perfil-no-instagram\/","og_site_name":"VerdadeOn","article_published_time":"2021-09-06T22:10:18+00:00","article_modified_time":"2021-09-07T00:18:23+00:00","og_image":[{"width":1000,"height":670,"url":"https:\/\/verdadeon.com.br\/portal\/wp-content\/uploads\/2021\/09\/Rafaela-e-Luisa-Buaretti-Neto-e-filho-Arthur.jpeg","type":"image\/jpeg"}],"author":"Nelise Luques","twitter_card":"summary_large_image","twitter_misc":{"Escrito por":"Nelise Luques","Est. tempo de leitura":"2 minutos"},"schema":{"@context":"https:\/\/schema.org","@graph":[{"@type":"WebPage","@id":"https:\/\/verdadeon.com.br\/portal\/2021\/09\/06\/luisa-buaretti-bebe-de-5-meses-que-esteve-em-estado-grave-na-uti-ganha-perfil-no-instagram\/","url":"https:\/\/verdadeon.com.br\/portal\/2021\/09\/06\/luisa-buaretti-bebe-de-5-meses-que-esteve-em-estado-grave-na-uti-ganha-perfil-no-instagram\/","name":"Lu\u00edsa Buaretti, beb\u00ea de 5 meses que esteve em estado grave na UTI, ganha perfil no Instagram - VerdadeOn","isPartOf":{"@id":"https:\/\/verdadeon.com.br\/portal\/#website"},"primaryImageOfPage":{"@id":"https:\/\/verdadeon.com.br\/portal\/2021\/09\/06\/luisa-buaretti-bebe-de-5-meses-que-esteve-em-estado-grave-na-uti-ganha-perfil-no-instagram\/#primaryimage"},"image":{"@id":"https:\/\/verdadeon.com.br\/portal\/2021\/09\/06\/luisa-buaretti-bebe-de-5-meses-que-esteve-em-estado-grave-na-uti-ganha-perfil-no-instagram\/#primaryimage"},"thumbnailUrl":"https:\/\/i0.wp.com\/verdadeon.com.br\/portal\/wp-content\/uploads\/2021\/09\/Rafaela-e-Luisa-Buaretti-Neto-e-filho-Arthur.jpeg?fit=1000%2C670&ssl=1","datePublished":"2021-09-06T22:10:18+00:00","dateModified":"2021-09-07T00:18:23+00:00","author":{"@id":"https:\/\/verdadeon.com.br\/portal\/#\/schema\/person\/8248726d36015c1916636fabb175d972"},"breadcrumb":{"@id":"https:\/\/verdadeon.com.br\/portal\/2021\/09\/06\/luisa-buaretti-bebe-de-5-meses-que-esteve-em-estado-grave-na-uti-ganha-perfil-no-instagram\/#breadcrumb"},"inLanguage":"pt-BR","potentialAction":[{"@type":"ReadAction","target":["https:\/\/verdadeon.com.br\/portal\/2021\/09\/06\/luisa-buaretti-bebe-de-5-meses-que-esteve-em-estado-grave-na-uti-ganha-perfil-no-instagram\/"]}]},{"@type":"ImageObject","inLanguage":"pt-BR","@id":"https:\/\/verdadeon.com.br\/portal\/2021\/09\/06\/luisa-buaretti-bebe-de-5-meses-que-esteve-em-estado-grave-na-uti-ganha-perfil-no-instagram\/#primaryimage","url":"https:\/\/i0.wp.com\/verdadeon.com.br\/portal\/wp-content\/uploads\/2021\/09\/Rafaela-e-Luisa-Buaretti-Neto-e-filho-Arthur.jpeg?fit=1000%2C670&ssl=1","contentUrl":"https:\/\/i0.wp.com\/verdadeon.com.br\/portal\/wp-content\/uploads\/2021\/09\/Rafaela-e-Luisa-Buaretti-Neto-e-filho-Arthur.jpeg?fit=1000%2C670&ssl=1","width":1000,"height":670,"caption":"Os pais Rafaela Buaretti e Jos\u00e9 Netto, com os filhos Lu\u00edsa e Arthur: fam\u00edlia agradece ora\u00e7\u00f5es e apoio \u00e0 beb\u00ea | Foto: Instagram"},{"@type":"BreadcrumbList","@id":"https:\/\/verdadeon.com.br\/portal\/2021\/09\/06\/luisa-buaretti-bebe-de-5-meses-que-esteve-em-estado-grave-na-uti-ganha-perfil-no-instagram\/#breadcrumb","itemListElement":[{"@type":"ListItem","position":1,"name":"In\u00edcio","item":"https:\/\/verdadeon.com.br\/portal\/"},{"@type":"ListItem","position":2,"name":"Lu\u00edsa Buaretti, beb\u00ea de 5 meses que esteve em estado grave na UTI, ganha perfil no Instagram"}]},{"@type":"WebSite","@id":"https:\/\/verdadeon.com.br\/portal\/#website","url":"https:\/\/verdadeon.com.br\/portal\/","name":"VerdadeOn","description":"Not\u00edcias di\u00e1rias sobre Franca, Regi\u00e3o, Esporte, Cultura, Cotidiano, Colunas. Cobertura nos principais eventos da cidade \u00e9 aqui - Verdadeon Franca","potentialAction":[{"@type":"SearchAction","target":{"@type":"EntryPoint","urlTemplate":"https:\/\/verdadeon.com.br\/portal\/?s={search_term_string}"},"query-input":{"@type":"PropertyValueSpecification","valueRequired":true,"valueName":"search_term_string"}}],"inLanguage":"pt-BR"},{"@type":"Person","@id":"https:\/\/verdadeon.com.br\/portal\/#\/schema\/person\/8248726d36015c1916636fabb175d972","name":"Nelise Luques","image":{"@type":"ImageObject","inLanguage":"pt-BR","@id":"https:\/\/verdadeon.com.br\/portal\/#\/schema\/person\/image\/","url":"https:\/\/secure.gravatar.com\/avatar\/29b2a17f5bcadeb827411b66f48ac13c3e0ecaf5906c0f5745ecc5d41c24eada?s=96&d=mm&r=g","contentUrl":"https:\/\/secure.gravatar.com\/avatar\/29b2a17f5bcadeb827411b66f48ac13c3e0ecaf5906c0f5745ecc5d41c24eada?s=96&d=mm&r=g","caption":"Nelise Luques"},"url":"https:\/\/verdadeon.com.br\/portal\/author\/verdade\/"}]}},"jetpack_publicize_connections":[],"jetpack_featured_media_url":"https:\/\/i0.wp.com\/verdadeon.com.br\/portal\/wp-content\/uploads\/2021\/09\/Rafaela-e-Luisa-Buaretti-Neto-e-filho-Arthur.jpeg?fit=1000%2C670&ssl=1","jetpack_sharing_enabled":true,"_links":{"self":[{"href":"https:\/\/verdadeon.com.br\/portal\/wp-json\/wp\/v2\/posts\/19392","targetHints":{"allow":["GET"]}}],"collection":[{"href":"https:\/\/verdadeon.com.br\/portal\/wp-json\/wp\/v2\/posts"}],"about":[{"href":"https:\/\/verdadeon.com.br\/portal\/wp-json\/wp\/v2\/types\/post"}],"author":[{"embeddable":true,"href":"https:\/\/verdadeon.com.br\/portal\/wp-json\/wp\/v2\/users\/12"}],"replies":[{"embeddable":true,"href":"https:\/\/verdadeon.com.br\/portal\/wp-json\/wp\/v2\/comments?post=19392"}],"version-history":[{"count":0,"href":"https:\/\/verdadeon.com.br\/portal\/wp-json\/wp\/v2\/posts\/19392\/revisions"}],"wp:featuredmedia":[{"embeddable":true,"href":"https:\/\/verdadeon.com.br\/portal\/wp-json\/wp\/v2\/media\/19393"}],"wp:attachment":[{"href":"https:\/\/verdadeon.com.br\/portal\/wp-json\/wp\/v2\/media?parent=19392"}],"wp:term":[{"taxonomy":"category","embeddable":true,"href":"https:\/\/verdadeon.com.br\/portal\/wp-json\/wp\/v2\/categories?post=19392"},{"taxonomy":"post_tag","embeddable":true,"href":"https:\/\/verdadeon.com.br\/portal\/wp-json\/wp\/v2\/tags?post=19392"}],"curies":[{"name":"wp","href":"https:\/\/api.w.org\/{rel}","templated":true}]}}