{"id":19369,"date":"2021-09-06T17:47:34","date_gmt":"2021-09-06T20:47:34","guid":{"rendered":"https:\/\/verdadeon.com.br\/portal\/?p=19369"},"modified":"2021-09-06T18:06:58","modified_gmt":"2021-09-06T21:06:58","slug":"cristais-paulista-endurece-racionamento-mais-de-80-bairros-ficam-sem-agua-em-franca-no-feriado","status":"publish","type":"post","link":"https:\/\/verdadeon.com.br\/portal\/2021\/09\/06\/cristais-paulista-endurece-racionamento-mais-de-80-bairros-ficam-sem-agua-em-franca-no-feriado\/","title":{"rendered":"Cristais Paulista endurece racionamento; mais de 80 bairros ficam sem \u00e1gua em Franca no feriado"},"content":{"rendered":"<h2><span style=\"font-weight: 400;\">Calor intenso e consumo elevado obrigaram Prefeitura a ampliar tempo de suspens\u00e3o de fornecimento<\/span><\/h2>\n<p><span style=\"font-weight: 400;\">A crise h\u00eddrica, altas temperaturas e clima seco fizeram o consumo de \u00e1gua em Cristais Paulista aumentar consideravelmente nos \u00faltimos dias, o que obrigou a Prefeitura a enrijecer o racionamento de \u00e1gua que vinha adotando desde julho. A partir desta segunda-feira, 6, o abastecimento ficar\u00e1 interrompido a partir das 21h at\u00e9 8h do dia seguinte. O fornecimento durante \u00e0 noite j\u00e1 estava suspenso, mas em um per\u00edodo mais curto.\u00a0<\/span><\/p>\n<p><span style=\"font-weight: 400;\">Se o consumo permanecer excessivo, n\u00e3o houver chuva e a situa\u00e7\u00e3o na represa que abastece o munic\u00edpio n\u00e3o melhorar, o racionamento poder\u00e1 ser ainda mais extremo e passar a ser feito durante o dia tamb\u00e9m.\u00a0<\/span><span style=\"font-weight: 400;\">O alerta foi feito pelo secret\u00e1rio de Obras, H\u00e9lio Domiciano. <\/span><\/p>\n<p><span style=\"font-weight: 400;\">Segundo ele, Cristais Paulista vinha acompanhando a crise h\u00eddrica e at\u00e9 20 dias atr\u00e1s a situa\u00e7\u00e3o estava sob controle, mas agora se encontra em um limite cr\u00edtico. \u201cAnteriormente a gente deixava o m\u00ednimo necess\u00e1rio para abastecer a rede das 23h \u00e0s 6h e a gente vinha equilibrando, mas de uns cinco dias para c\u00e1, piorou, n\u00e3o estamos conseguindo repor a \u00e1gua do reservat\u00f3rio e vamos fazer o desligamento por um per\u00edodo maior para ver se conseguimos equilibrar a represa. Se n\u00e3o der, vamos partir para um racionamento mais forte, que talvez seja durante o dia ou em um per\u00edodo integral muito maior\u201d.<\/span><\/p>\n<p><span style=\"font-weight: 400;\">Tida por especialistas como a mais severa dos \u00faltimos 90 anos, a estiagem 2021 continua impactando moradores da regi\u00e3o e de Franca tamb\u00e9m. Desde o dia 2 de setembro, a Sabesp adotou na cidade o rod\u00edzio de abastecimento. O Plano de Racionamento divide a cidade em quatro blocos com dezenas de bairros cada e no dia de rod\u00edzio eles permanecem sem \u00e1gua por 24 horas. Ap\u00f3s 72 horas, a regi\u00e3o volta a ficar sem abastecimento.\u00a0<\/span><\/p>\n<p><span style=\"font-weight: 400;\">A medida segue at\u00e9 o dia 17 de setembro e, nesta ter\u00e7a-feira, em pleno feriado e temperaturas acima dos 30 graus, vai atingir mais de 80 bairros do bloco 2 &#8211; verde. S\u00e3o eles: Ab\u00edlio Nogueira, Aeroporto II, \u00c2ngela Rosa, Anita, Avia\u00e7\u00e3o, Bonsucesso, Bosque dos Angicos, Castelo Soberano, Ch\u00e1cara Engenho Queimado, Ch\u00e1cara S\u00e3o Paulo, Ch\u00e1caras Espraiado, Continental, Derm\u00ednio, Eldorado, Elisa, Engenho Queimado, Franca Garden, Irineu Zanetti, Jacintho Nery, Jos\u00e9 de Carlos, Jovita de Melo, Luiza 1, Luiza 2, Mar\u00edlia, Martins, Moreira Jr., No\u00eamia, Palermo, Palermo City, Palmeiras, Pandolfo, Parte Colina do Espraiado, Parte do Aeroporto I, Parte do Piratininga I, Parte do Piratininga II, Parte Itapu\u00e3, Parte Jo\u00e3o Liporoni, Parte No\u00eamia, Parte Primo Meneghetti I, Parte Primo Meneghetti II, Parte S\u00e3o Joaquim, Parte Sta. Helena, Parte Sta. Rita, Parte Sta. Terezinha, Paulo Archetti, Pedigoni, Polo Clube, Polo Ind. Amazonas, Pq. Horto, Prol. \u00c2ngela Rosa, Pulicano, Quinta D\u2019Oeste, Rec. Felicidade, Res. J\u00falio D\u2019\u00c9lia, Res. Olavo Pinheiro, Res. S\u00e3o Paulo, Residencial Dourados, Rezende, Samello IV, Santa B\u00e1rbara, Santa Clara, S\u00e3o Gabriel, S\u00e3o Sebasti\u00e3o, S\u00e3o Vicente, Scarabucci, Sinsa\u00fade, Sta. Efig\u00eania, Sta. Em\u00edlia, Sta. Hilda, Santa Maria, Sumar\u00e9, Tangar\u00e1, Tr\u00eas Colinas, Vera Cruz 1, Vera Cruz 2, Vera Cruz 3, Vila Conquista, Vila H\u00edpica, Vila Real, Vila Santa. Cruz, Vit\u00f3ria R\u00e9gia, Zanetti.<\/span><\/p>\n<p><b>Improviso e respeito<\/b><\/p>\n<p><span style=\"font-weight: 400;\">A assistente administrativa aposentada Maria Terezinha Franceschini mora no Samello IV e o bairro entra na lista do racionamento neste 7 de setembro. Para se preparar, Terezinha armazenou em um tambor a \u00e1gua usada na m\u00e1quina de lavar roupas que vai servir para dar descarga e fazer a limpeza da casa. \u201cApesar da casa toda estar com fuligens, eu coloco essa \u00e1gua do tambor em um balde e vou passando um pano bem \u00famido, n\u00e3o lavo a casa. Usamos essa \u00e1gua da m\u00e1quina para descarga tamb\u00e9m porque a caixa est\u00e1 lotada, mas tenho receio da \u00e1gua n\u00e3o voltar no hor\u00e1rio previsto e precisarmos de usar a da caixa\u201d, afirmou.<\/span><\/p>\n<p><span style=\"font-weight: 400;\">Com a folga prolongada deste fim de semana, ela est\u00e1 com visitas em casa, mas o card\u00e1pio vai ser mais restrito nesta ter\u00e7a-feira. Terezinha disse que vai evitar fazer frituras para n\u00e3o ter muitas lou\u00e7as para lavar e poder economizar. Esse ser\u00e1 o segundo dia que a fam\u00edlia enfrenta o racionamento. \u201cNo primeiro dia n\u00e3o chegou a faltar \u00e1gua aqui em casa e eu fiz desse jeito, usei a \u00e1gua do tambor. Apesar de ter muita gente aqui em casa desta vez, eles est\u00e3o respeitando\u201d.<\/span><\/p>\n<p>&nbsp;<\/p>\n","protected":false},"excerpt":{"rendered":"<p>Calor intenso e consumo elevado obrigaram Prefeitura a ampliar tempo de suspens\u00e3o de fornecimento A crise h\u00eddrica, altas temperaturas e clima seco fizeram o consumo de<span class=\"excerpt-hellip\"> [\u2026]<\/span><\/p>\n","protected":false},"author":12,"featured_media":19371,"comment_status":"open","ping_status":"open","sticky":false,"template":"","format":"standard","meta":{"_jetpack_memberships_contains_paid_content":false,"footnotes":"","jetpack_publicize_message":"","jetpack_publicize_feature_enabled":true,"jetpack_social_post_already_shared":false,"jetpack_social_options":{"image_generator_settings":{"template":"highway","default_image_id":0,"enabled":false},"version":2}},"categories":[28,81],"tags":[],"class_list":["post-19369","post","type-post","status-publish","format-standard","has-post-thumbnail","hentry","category-cotidiano","category-manchete"],"yoast_head":"<!-- This site is optimized with the Yoast SEO plugin v25.6 - https:\/\/yoast.com\/wordpress\/plugins\/seo\/ -->\n<title>Cristais Paulista endurece racionamento; mais de 80 bairros ficam sem \u00e1gua em Franca no feriado - VerdadeOn<\/title>\n<meta name=\"robots\" content=\"index, follow, max-snippet:-1, max-image-preview:large, max-video-preview:-1\" \/>\n<link rel=\"canonical\" href=\"https:\/\/verdadeon.com.br\/portal\/2021\/09\/06\/cristais-paulista-endurece-racionamento-mais-de-80-bairros-ficam-sem-agua-em-franca-no-feriado\/\" \/>\n<meta property=\"og:locale\" content=\"pt_BR\" \/>\n<meta property=\"og:type\" content=\"article\" \/>\n<meta property=\"og:title\" content=\"Cristais Paulista endurece racionamento; mais de 80 bairros ficam sem \u00e1gua em Franca no feriado - VerdadeOn\" \/>\n<meta property=\"og:description\" content=\"Calor intenso e consumo elevado obrigaram Prefeitura a ampliar tempo de suspens\u00e3o de fornecimento A crise h\u00eddrica, altas temperaturas e clima seco fizeram o consumo de [\u2026]\" \/>\n<meta property=\"og:url\" content=\"https:\/\/verdadeon.com.br\/portal\/2021\/09\/06\/cristais-paulista-endurece-racionamento-mais-de-80-bairros-ficam-sem-agua-em-franca-no-feriado\/\" \/>\n<meta property=\"og:site_name\" content=\"VerdadeOn\" \/>\n<meta property=\"article:published_time\" content=\"2021-09-06T20:47:34+00:00\" \/>\n<meta property=\"article:modified_time\" content=\"2021-09-06T21:06:58+00:00\" \/>\n<meta property=\"og:image\" content=\"https:\/\/verdadeon.com.br\/portal\/wp-content\/uploads\/2021\/09\/sabesp-sede-Franca-Foto-Nelise-Luques-Jornal-Verdade-1-e1630961063758.jpeg\" \/>\n\t<meta property=\"og:image:width\" content=\"1001\" \/>\n\t<meta property=\"og:image:height\" content=\"668\" \/>\n\t<meta property=\"og:image:type\" content=\"image\/jpeg\" \/>\n<meta name=\"author\" content=\"Nelise Luques\" \/>\n<meta name=\"twitter:card\" content=\"summary_large_image\" \/>\n<meta name=\"twitter:label1\" content=\"Escrito por\" \/>\n\t<meta name=\"twitter:data1\" content=\"Nelise Luques\" \/>\n\t<meta name=\"twitter:label2\" content=\"Est. tempo de leitura\" \/>\n\t<meta name=\"twitter:data2\" content=\"4 minutos\" \/>\n<script type=\"application\/ld+json\" class=\"yoast-schema-graph\">{\"@context\":\"https:\/\/schema.org\",\"@graph\":[{\"@type\":\"WebPage\",\"@id\":\"https:\/\/verdadeon.com.br\/portal\/2021\/09\/06\/cristais-paulista-endurece-racionamento-mais-de-80-bairros-ficam-sem-agua-em-franca-no-feriado\/\",\"url\":\"https:\/\/verdadeon.com.br\/portal\/2021\/09\/06\/cristais-paulista-endurece-racionamento-mais-de-80-bairros-ficam-sem-agua-em-franca-no-feriado\/\",\"name\":\"Cristais Paulista endurece racionamento; mais de 80 bairros ficam sem \u00e1gua em Franca no feriado - VerdadeOn\",\"isPartOf\":{\"@id\":\"https:\/\/verdadeon.com.br\/portal\/#website\"},\"primaryImageOfPage\":{\"@id\":\"https:\/\/verdadeon.com.br\/portal\/2021\/09\/06\/cristais-paulista-endurece-racionamento-mais-de-80-bairros-ficam-sem-agua-em-franca-no-feriado\/#primaryimage\"},\"image\":{\"@id\":\"https:\/\/verdadeon.com.br\/portal\/2021\/09\/06\/cristais-paulista-endurece-racionamento-mais-de-80-bairros-ficam-sem-agua-em-franca-no-feriado\/#primaryimage\"},\"thumbnailUrl\":\"https:\/\/i0.wp.com\/verdadeon.com.br\/portal\/wp-content\/uploads\/2021\/09\/sabesp-sede-Franca-Foto-Nelise-Luques-Jornal-Verdade-1-e1630961063758.jpeg?fit=1001%2C668&ssl=1\",\"datePublished\":\"2021-09-06T20:47:34+00:00\",\"dateModified\":\"2021-09-06T21:06:58+00:00\",\"author\":{\"@id\":\"https:\/\/verdadeon.com.br\/portal\/#\/schema\/person\/8248726d36015c1916636fabb175d972\"},\"breadcrumb\":{\"@id\":\"https:\/\/verdadeon.com.br\/portal\/2021\/09\/06\/cristais-paulista-endurece-racionamento-mais-de-80-bairros-ficam-sem-agua-em-franca-no-feriado\/#breadcrumb\"},\"inLanguage\":\"pt-BR\",\"potentialAction\":[{\"@type\":\"ReadAction\",\"target\":[\"https:\/\/verdadeon.com.br\/portal\/2021\/09\/06\/cristais-paulista-endurece-racionamento-mais-de-80-bairros-ficam-sem-agua-em-franca-no-feriado\/\"]}]},{\"@type\":\"ImageObject\",\"inLanguage\":\"pt-BR\",\"@id\":\"https:\/\/verdadeon.com.br\/portal\/2021\/09\/06\/cristais-paulista-endurece-racionamento-mais-de-80-bairros-ficam-sem-agua-em-franca-no-feriado\/#primaryimage\",\"url\":\"https:\/\/i0.wp.com\/verdadeon.com.br\/portal\/wp-content\/uploads\/2021\/09\/sabesp-sede-Franca-Foto-Nelise-Luques-Jornal-Verdade-1-e1630961063758.jpeg?fit=1001%2C668&ssl=1\",\"contentUrl\":\"https:\/\/i0.wp.com\/verdadeon.com.br\/portal\/wp-content\/uploads\/2021\/09\/sabesp-sede-Franca-Foto-Nelise-Luques-Jornal-Verdade-1-e1630961063758.jpeg?fit=1001%2C668&ssl=1\",\"width\":1001,\"height\":668,\"caption\":\"Segue sugest\u00e3o de pauta sobre os cuidados que a Sabesp orienta a manter com as caixas d'\u00e1gua, inclusive para evitar a prolifera\u00e7\u00e3o do mosquito da dengue (\u00a9Jornal Verdade)\"},{\"@type\":\"BreadcrumbList\",\"@id\":\"https:\/\/verdadeon.com.br\/portal\/2021\/09\/06\/cristais-paulista-endurece-racionamento-mais-de-80-bairros-ficam-sem-agua-em-franca-no-feriado\/#breadcrumb\",\"itemListElement\":[{\"@type\":\"ListItem\",\"position\":1,\"name\":\"In\u00edcio\",\"item\":\"https:\/\/verdadeon.com.br\/portal\/\"},{\"@type\":\"ListItem\",\"position\":2,\"name\":\"Cristais Paulista endurece racionamento; mais de 80 bairros ficam sem \u00e1gua em Franca no feriado\"}]},{\"@type\":\"WebSite\",\"@id\":\"https:\/\/verdadeon.com.br\/portal\/#website\",\"url\":\"https:\/\/verdadeon.com.br\/portal\/\",\"name\":\"VerdadeOn\",\"description\":\"Not\u00edcias di\u00e1rias sobre Franca, Regi\u00e3o, Esporte, Cultura, Cotidiano, Colunas. Cobertura nos principais eventos da cidade \u00e9 aqui - Verdadeon Franca\",\"potentialAction\":[{\"@type\":\"SearchAction\",\"target\":{\"@type\":\"EntryPoint\",\"urlTemplate\":\"https:\/\/verdadeon.com.br\/portal\/?s={search_term_string}\"},\"query-input\":{\"@type\":\"PropertyValueSpecification\",\"valueRequired\":true,\"valueName\":\"search_term_string\"}}],\"inLanguage\":\"pt-BR\"},{\"@type\":\"Person\",\"@id\":\"https:\/\/verdadeon.com.br\/portal\/#\/schema\/person\/8248726d36015c1916636fabb175d972\",\"name\":\"Nelise Luques\",\"image\":{\"@type\":\"ImageObject\",\"inLanguage\":\"pt-BR\",\"@id\":\"https:\/\/verdadeon.com.br\/portal\/#\/schema\/person\/image\/\",\"url\":\"https:\/\/secure.gravatar.com\/avatar\/29b2a17f5bcadeb827411b66f48ac13c3e0ecaf5906c0f5745ecc5d41c24eada?s=96&d=mm&r=g\",\"contentUrl\":\"https:\/\/secure.gravatar.com\/avatar\/29b2a17f5bcadeb827411b66f48ac13c3e0ecaf5906c0f5745ecc5d41c24eada?s=96&d=mm&r=g\",\"caption\":\"Nelise Luques\"},\"url\":\"https:\/\/verdadeon.com.br\/portal\/author\/verdade\/\"}]}<\/script>\n<!-- \/ Yoast SEO plugin. -->","yoast_head_json":{"title":"Cristais Paulista endurece racionamento; mais de 80 bairros ficam sem \u00e1gua em Franca no feriado - VerdadeOn","robots":{"index":"index","follow":"follow","max-snippet":"max-snippet:-1","max-image-preview":"max-image-preview:large","max-video-preview":"max-video-preview:-1"},"canonical":"https:\/\/verdadeon.com.br\/portal\/2021\/09\/06\/cristais-paulista-endurece-racionamento-mais-de-80-bairros-ficam-sem-agua-em-franca-no-feriado\/","og_locale":"pt_BR","og_type":"article","og_title":"Cristais Paulista endurece racionamento; mais de 80 bairros ficam sem \u00e1gua em Franca no feriado - VerdadeOn","og_description":"Calor intenso e consumo elevado obrigaram Prefeitura a ampliar tempo de suspens\u00e3o de fornecimento A crise h\u00eddrica, altas temperaturas e clima seco fizeram o consumo de [\u2026]","og_url":"https:\/\/verdadeon.com.br\/portal\/2021\/09\/06\/cristais-paulista-endurece-racionamento-mais-de-80-bairros-ficam-sem-agua-em-franca-no-feriado\/","og_site_name":"VerdadeOn","article_published_time":"2021-09-06T20:47:34+00:00","article_modified_time":"2021-09-06T21:06:58+00:00","og_image":[{"width":1001,"height":668,"url":"https:\/\/verdadeon.com.br\/portal\/wp-content\/uploads\/2021\/09\/sabesp-sede-Franca-Foto-Nelise-Luques-Jornal-Verdade-1-e1630961063758.jpeg","type":"image\/jpeg"}],"author":"Nelise Luques","twitter_card":"summary_large_image","twitter_misc":{"Escrito por":"Nelise Luques","Est. tempo de leitura":"4 minutos"},"schema":{"@context":"https:\/\/schema.org","@graph":[{"@type":"WebPage","@id":"https:\/\/verdadeon.com.br\/portal\/2021\/09\/06\/cristais-paulista-endurece-racionamento-mais-de-80-bairros-ficam-sem-agua-em-franca-no-feriado\/","url":"https:\/\/verdadeon.com.br\/portal\/2021\/09\/06\/cristais-paulista-endurece-racionamento-mais-de-80-bairros-ficam-sem-agua-em-franca-no-feriado\/","name":"Cristais Paulista endurece racionamento; mais de 80 bairros ficam sem \u00e1gua em Franca no feriado - VerdadeOn","isPartOf":{"@id":"https:\/\/verdadeon.com.br\/portal\/#website"},"primaryImageOfPage":{"@id":"https:\/\/verdadeon.com.br\/portal\/2021\/09\/06\/cristais-paulista-endurece-racionamento-mais-de-80-bairros-ficam-sem-agua-em-franca-no-feriado\/#primaryimage"},"image":{"@id":"https:\/\/verdadeon.com.br\/portal\/2021\/09\/06\/cristais-paulista-endurece-racionamento-mais-de-80-bairros-ficam-sem-agua-em-franca-no-feriado\/#primaryimage"},"thumbnailUrl":"https:\/\/i0.wp.com\/verdadeon.com.br\/portal\/wp-content\/uploads\/2021\/09\/sabesp-sede-Franca-Foto-Nelise-Luques-Jornal-Verdade-1-e1630961063758.jpeg?fit=1001%2C668&ssl=1","datePublished":"2021-09-06T20:47:34+00:00","dateModified":"2021-09-06T21:06:58+00:00","author":{"@id":"https:\/\/verdadeon.com.br\/portal\/#\/schema\/person\/8248726d36015c1916636fabb175d972"},"breadcrumb":{"@id":"https:\/\/verdadeon.com.br\/portal\/2021\/09\/06\/cristais-paulista-endurece-racionamento-mais-de-80-bairros-ficam-sem-agua-em-franca-no-feriado\/#breadcrumb"},"inLanguage":"pt-BR","potentialAction":[{"@type":"ReadAction","target":["https:\/\/verdadeon.com.br\/portal\/2021\/09\/06\/cristais-paulista-endurece-racionamento-mais-de-80-bairros-ficam-sem-agua-em-franca-no-feriado\/"]}]},{"@type":"ImageObject","inLanguage":"pt-BR","@id":"https:\/\/verdadeon.com.br\/portal\/2021\/09\/06\/cristais-paulista-endurece-racionamento-mais-de-80-bairros-ficam-sem-agua-em-franca-no-feriado\/#primaryimage","url":"https:\/\/i0.wp.com\/verdadeon.com.br\/portal\/wp-content\/uploads\/2021\/09\/sabesp-sede-Franca-Foto-Nelise-Luques-Jornal-Verdade-1-e1630961063758.jpeg?fit=1001%2C668&ssl=1","contentUrl":"https:\/\/i0.wp.com\/verdadeon.com.br\/portal\/wp-content\/uploads\/2021\/09\/sabesp-sede-Franca-Foto-Nelise-Luques-Jornal-Verdade-1-e1630961063758.jpeg?fit=1001%2C668&ssl=1","width":1001,"height":668,"caption":"Segue sugest\u00e3o de pauta sobre os cuidados que a Sabesp orienta a manter com as caixas d'\u00e1gua, inclusive para evitar a prolifera\u00e7\u00e3o do mosquito da dengue (\u00a9Jornal Verdade)"},{"@type":"BreadcrumbList","@id":"https:\/\/verdadeon.com.br\/portal\/2021\/09\/06\/cristais-paulista-endurece-racionamento-mais-de-80-bairros-ficam-sem-agua-em-franca-no-feriado\/#breadcrumb","itemListElement":[{"@type":"ListItem","position":1,"name":"In\u00edcio","item":"https:\/\/verdadeon.com.br\/portal\/"},{"@type":"ListItem","position":2,"name":"Cristais Paulista endurece racionamento; mais de 80 bairros ficam sem \u00e1gua em Franca no feriado"}]},{"@type":"WebSite","@id":"https:\/\/verdadeon.com.br\/portal\/#website","url":"https:\/\/verdadeon.com.br\/portal\/","name":"VerdadeOn","description":"Not\u00edcias di\u00e1rias sobre Franca, Regi\u00e3o, Esporte, Cultura, Cotidiano, Colunas. Cobertura nos principais eventos da cidade \u00e9 aqui - Verdadeon Franca","potentialAction":[{"@type":"SearchAction","target":{"@type":"EntryPoint","urlTemplate":"https:\/\/verdadeon.com.br\/portal\/?s={search_term_string}"},"query-input":{"@type":"PropertyValueSpecification","valueRequired":true,"valueName":"search_term_string"}}],"inLanguage":"pt-BR"},{"@type":"Person","@id":"https:\/\/verdadeon.com.br\/portal\/#\/schema\/person\/8248726d36015c1916636fabb175d972","name":"Nelise Luques","image":{"@type":"ImageObject","inLanguage":"pt-BR","@id":"https:\/\/verdadeon.com.br\/portal\/#\/schema\/person\/image\/","url":"https:\/\/secure.gravatar.com\/avatar\/29b2a17f5bcadeb827411b66f48ac13c3e0ecaf5906c0f5745ecc5d41c24eada?s=96&d=mm&r=g","contentUrl":"https:\/\/secure.gravatar.com\/avatar\/29b2a17f5bcadeb827411b66f48ac13c3e0ecaf5906c0f5745ecc5d41c24eada?s=96&d=mm&r=g","caption":"Nelise Luques"},"url":"https:\/\/verdadeon.com.br\/portal\/author\/verdade\/"}]}},"jetpack_publicize_connections":[],"jetpack_featured_media_url":"https:\/\/i0.wp.com\/verdadeon.com.br\/portal\/wp-content\/uploads\/2021\/09\/sabesp-sede-Franca-Foto-Nelise-Luques-Jornal-Verdade-1-e1630961063758.jpeg?fit=1001%2C668&ssl=1","jetpack_sharing_enabled":true,"_links":{"self":[{"href":"https:\/\/verdadeon.com.br\/portal\/wp-json\/wp\/v2\/posts\/19369","targetHints":{"allow":["GET"]}}],"collection":[{"href":"https:\/\/verdadeon.com.br\/portal\/wp-json\/wp\/v2\/posts"}],"about":[{"href":"https:\/\/verdadeon.com.br\/portal\/wp-json\/wp\/v2\/types\/post"}],"author":[{"embeddable":true,"href":"https:\/\/verdadeon.com.br\/portal\/wp-json\/wp\/v2\/users\/12"}],"replies":[{"embeddable":true,"href":"https:\/\/verdadeon.com.br\/portal\/wp-json\/wp\/v2\/comments?post=19369"}],"version-history":[{"count":0,"href":"https:\/\/verdadeon.com.br\/portal\/wp-json\/wp\/v2\/posts\/19369\/revisions"}],"wp:featuredmedia":[{"embeddable":true,"href":"https:\/\/verdadeon.com.br\/portal\/wp-json\/wp\/v2\/media\/19371"}],"wp:attachment":[{"href":"https:\/\/verdadeon.com.br\/portal\/wp-json\/wp\/v2\/media?parent=19369"}],"wp:term":[{"taxonomy":"category","embeddable":true,"href":"https:\/\/verdadeon.com.br\/portal\/wp-json\/wp\/v2\/categories?post=19369"},{"taxonomy":"post_tag","embeddable":true,"href":"https:\/\/verdadeon.com.br\/portal\/wp-json\/wp\/v2\/tags?post=19369"}],"curies":[{"name":"wp","href":"https:\/\/api.w.org\/{rel}","templated":true}]}}