{"id":19333,"date":"2021-09-03T17:48:50","date_gmt":"2021-09-03T20:48:50","guid":{"rendered":"https:\/\/verdadeon.com.br\/portal\/?p=19333"},"modified":"2021-09-03T17:48:50","modified_gmt":"2021-09-03T20:48:50","slug":"calor-intenso-com-temperaturas-acima-dos-30o-devem-marcar-feriadao","status":"publish","type":"post","link":"https:\/\/verdadeon.com.br\/portal\/2021\/09\/03\/calor-intenso-com-temperaturas-acima-dos-30o-devem-marcar-feriadao\/","title":{"rendered":"Calor intenso com temperaturas acima dos 30\u00ba devem marcar feriad\u00e3o\u00a0"},"content":{"rendered":"<h2>Segundo o Instituto Climatempo, term\u00f4metros devem marcar 40\u00ba em Rifaina na ter\u00e7a-feira. Cidades seguem sem previs\u00e3o de chuva<\/h2>\n<p><span style=\"font-weight: 400;\">O feriado prolongado promete ser de calor intenso em Franca e regi\u00e3o. Os term\u00f4metros devem marcar acima dos 30 graus a partir de s\u00e1bado e as cidades seguem sem previs\u00e3o de chuva.<\/span><\/p>\n<p><span style=\"font-weight: 400;\">Em Franca, segundo o Climatempo, as temperaturas tendem a oscilar entre 16\u00ba e 32\u00ba no s\u00e1bado e domingo. Na ter\u00e7a-feira, feriado da Independ\u00eancia do Brasil, de acordo com a previs\u00e3o, a m\u00ednima deve ser de 18\u00ba e m\u00e1xima de 36\u00ba ao longo do dia.<\/span><\/p>\n<p><span style=\"font-weight: 400;\">Os turistas que decidiram curtir o feriad\u00e3o em Rifaina podem preparar o protetor solar, chap\u00e9us e ingerir muito l\u00edquido. A m\u00e1xima tende a chegar aos 40\u00ba no dia 7 de setembro. No fim de semana, um pouco menor, mas ainda assim muito quente. As temperaturas devem oscilar de 19\u00ba a 36\u00aa.<\/span><\/p>\n<h4>Litoral<\/h4>\n<p><span style=\"font-weight: 400;\">O Climatempo divulgou informa\u00e7\u00f5es sobre a previs\u00e3o na regi\u00e3o do Sudeste do Estado de S\u00e3o Paulo, que segue com predom\u00ednio de sol nos quatro estados e term\u00f4metros com \u00edndices elevados. H\u00e1 condi\u00e7\u00e3o de chuva fraca e de forma pontual na faixa norte do Esp\u00edrito Santo.<\/span><\/p>\n<p><span style=\"font-weight: 400;\">Com a aproxima\u00e7\u00e3o de uma frente fria em S\u00e3o Paulo, a nebulosidade aumenta a partir de segunda-feira, mas apenas na regi\u00e3o sul paulista, e pode chover fraco na baixada santista e vale do Ribeira, segundo os meteorologistas. A temperatura cai um pouco, mas n\u00e3o faz frio.<\/span><\/p>\n","protected":false},"excerpt":{"rendered":"<p>Segundo o Instituto Climatempo, term\u00f4metros devem marcar 40\u00ba em Rifaina na ter\u00e7a-feira. Cidades seguem sem previs\u00e3o de chuva O feriado prolongado promete ser de calor intenso<span class=\"excerpt-hellip\"> [\u2026]<\/span><\/p>\n","protected":false},"author":12,"featured_media":9301,"comment_status":"open","ping_status":"open","sticky":false,"template":"","format":"standard","meta":{"_jetpack_memberships_contains_paid_content":false,"footnotes":"","jetpack_publicize_message":"","jetpack_publicize_feature_enabled":true,"jetpack_social_post_already_shared":false,"jetpack_social_options":{"image_generator_settings":{"template":"highway","default_image_id":0,"enabled":false},"version":2}},"categories":[28,81],"tags":[],"class_list":["post-19333","post","type-post","status-publish","format-standard","has-post-thumbnail","hentry","category-cotidiano","category-manchete"],"yoast_head":"<!-- This site is optimized with the Yoast SEO plugin v25.6 - https:\/\/yoast.com\/wordpress\/plugins\/seo\/ -->\n<title>Calor intenso com temperaturas acima dos 30\u00ba devem marcar feriad\u00e3o\u00a0 - VerdadeOn<\/title>\n<meta name=\"robots\" content=\"index, follow, max-snippet:-1, max-image-preview:large, max-video-preview:-1\" \/>\n<link rel=\"canonical\" href=\"https:\/\/verdadeon.com.br\/portal\/2021\/09\/03\/calor-intenso-com-temperaturas-acima-dos-30o-devem-marcar-feriadao\/\" \/>\n<meta property=\"og:locale\" content=\"pt_BR\" \/>\n<meta property=\"og:type\" content=\"article\" \/>\n<meta property=\"og:title\" content=\"Calor intenso com temperaturas acima dos 30\u00ba devem marcar feriad\u00e3o\u00a0 - VerdadeOn\" \/>\n<meta property=\"og:description\" content=\"Segundo o Instituto Climatempo, term\u00f4metros devem marcar 40\u00ba em Rifaina na ter\u00e7a-feira. Cidades seguem sem previs\u00e3o de chuva O feriado prolongado promete ser de calor intenso [\u2026]\" \/>\n<meta property=\"og:url\" content=\"https:\/\/verdadeon.com.br\/portal\/2021\/09\/03\/calor-intenso-com-temperaturas-acima-dos-30o-devem-marcar-feriadao\/\" \/>\n<meta property=\"og:site_name\" content=\"VerdadeOn\" \/>\n<meta property=\"article:published_time\" content=\"2021-09-03T20:48:50+00:00\" \/>\n<meta property=\"og:image\" content=\"https:\/\/verdadeon.com.br\/portal\/wp-content\/uploads\/2020\/07\/WhatsApp-Image-2020-07-29-at-15.31.00.jpeg\" \/>\n\t<meta property=\"og:image:width\" content=\"1000\" \/>\n\t<meta property=\"og:image:height\" content=\"670\" \/>\n\t<meta property=\"og:image:type\" content=\"image\/jpeg\" \/>\n<meta name=\"author\" content=\"Nelise Luques\" \/>\n<meta name=\"twitter:card\" content=\"summary_large_image\" \/>\n<meta name=\"twitter:label1\" content=\"Escrito por\" \/>\n\t<meta name=\"twitter:data1\" content=\"Nelise Luques\" \/>\n\t<meta name=\"twitter:label2\" content=\"Est. tempo de leitura\" \/>\n\t<meta name=\"twitter:data2\" content=\"2 minutos\" \/>\n<script type=\"application\/ld+json\" class=\"yoast-schema-graph\">{\"@context\":\"https:\/\/schema.org\",\"@graph\":[{\"@type\":\"WebPage\",\"@id\":\"https:\/\/verdadeon.com.br\/portal\/2021\/09\/03\/calor-intenso-com-temperaturas-acima-dos-30o-devem-marcar-feriadao\/\",\"url\":\"https:\/\/verdadeon.com.br\/portal\/2021\/09\/03\/calor-intenso-com-temperaturas-acima-dos-30o-devem-marcar-feriadao\/\",\"name\":\"Calor intenso com temperaturas acima dos 30\u00ba devem marcar feriad\u00e3o\u00a0 - VerdadeOn\",\"isPartOf\":{\"@id\":\"https:\/\/verdadeon.com.br\/portal\/#website\"},\"primaryImageOfPage\":{\"@id\":\"https:\/\/verdadeon.com.br\/portal\/2021\/09\/03\/calor-intenso-com-temperaturas-acima-dos-30o-devem-marcar-feriadao\/#primaryimage\"},\"image\":{\"@id\":\"https:\/\/verdadeon.com.br\/portal\/2021\/09\/03\/calor-intenso-com-temperaturas-acima-dos-30o-devem-marcar-feriadao\/#primaryimage\"},\"thumbnailUrl\":\"https:\/\/i0.wp.com\/verdadeon.com.br\/portal\/wp-content\/uploads\/2020\/07\/WhatsApp-Image-2020-07-29-at-15.31.00.jpeg?fit=1000%2C670&ssl=1\",\"datePublished\":\"2021-09-03T20:48:50+00:00\",\"author\":{\"@id\":\"https:\/\/verdadeon.com.br\/portal\/#\/schema\/person\/8248726d36015c1916636fabb175d972\"},\"breadcrumb\":{\"@id\":\"https:\/\/verdadeon.com.br\/portal\/2021\/09\/03\/calor-intenso-com-temperaturas-acima-dos-30o-devem-marcar-feriadao\/#breadcrumb\"},\"inLanguage\":\"pt-BR\",\"potentialAction\":[{\"@type\":\"ReadAction\",\"target\":[\"https:\/\/verdadeon.com.br\/portal\/2021\/09\/03\/calor-intenso-com-temperaturas-acima-dos-30o-devem-marcar-feriadao\/\"]}]},{\"@type\":\"ImageObject\",\"inLanguage\":\"pt-BR\",\"@id\":\"https:\/\/verdadeon.com.br\/portal\/2021\/09\/03\/calor-intenso-com-temperaturas-acima-dos-30o-devem-marcar-feriadao\/#primaryimage\",\"url\":\"https:\/\/i0.wp.com\/verdadeon.com.br\/portal\/wp-content\/uploads\/2020\/07\/WhatsApp-Image-2020-07-29-at-15.31.00.jpeg?fit=1000%2C670&ssl=1\",\"contentUrl\":\"https:\/\/i0.wp.com\/verdadeon.com.br\/portal\/wp-content\/uploads\/2020\/07\/WhatsApp-Image-2020-07-29-at-15.31.00.jpeg?fit=1000%2C670&ssl=1\",\"width\":1000,\"height\":670,\"caption\":\"Previs\u00e3o do Climatempo \u00e9 de calor intenso no feriado da Independ\u00eancia na regi\u00e3o. Rifaina ter\u00e1 altas temperaturas | Foto: Divulga\u00e7\u00e3o\"},{\"@type\":\"BreadcrumbList\",\"@id\":\"https:\/\/verdadeon.com.br\/portal\/2021\/09\/03\/calor-intenso-com-temperaturas-acima-dos-30o-devem-marcar-feriadao\/#breadcrumb\",\"itemListElement\":[{\"@type\":\"ListItem\",\"position\":1,\"name\":\"In\u00edcio\",\"item\":\"https:\/\/verdadeon.com.br\/portal\/\"},{\"@type\":\"ListItem\",\"position\":2,\"name\":\"Calor intenso com temperaturas acima dos 30\u00ba devem marcar feriad\u00e3o\u00a0\"}]},{\"@type\":\"WebSite\",\"@id\":\"https:\/\/verdadeon.com.br\/portal\/#website\",\"url\":\"https:\/\/verdadeon.com.br\/portal\/\",\"name\":\"VerdadeOn\",\"description\":\"Not\u00edcias di\u00e1rias sobre Franca, Regi\u00e3o, Esporte, Cultura, Cotidiano, Colunas. Cobertura nos principais eventos da cidade \u00e9 aqui - Verdadeon Franca\",\"potentialAction\":[{\"@type\":\"SearchAction\",\"target\":{\"@type\":\"EntryPoint\",\"urlTemplate\":\"https:\/\/verdadeon.com.br\/portal\/?s={search_term_string}\"},\"query-input\":{\"@type\":\"PropertyValueSpecification\",\"valueRequired\":true,\"valueName\":\"search_term_string\"}}],\"inLanguage\":\"pt-BR\"},{\"@type\":\"Person\",\"@id\":\"https:\/\/verdadeon.com.br\/portal\/#\/schema\/person\/8248726d36015c1916636fabb175d972\",\"name\":\"Nelise Luques\",\"image\":{\"@type\":\"ImageObject\",\"inLanguage\":\"pt-BR\",\"@id\":\"https:\/\/verdadeon.com.br\/portal\/#\/schema\/person\/image\/\",\"url\":\"https:\/\/secure.gravatar.com\/avatar\/29b2a17f5bcadeb827411b66f48ac13c3e0ecaf5906c0f5745ecc5d41c24eada?s=96&d=mm&r=g\",\"contentUrl\":\"https:\/\/secure.gravatar.com\/avatar\/29b2a17f5bcadeb827411b66f48ac13c3e0ecaf5906c0f5745ecc5d41c24eada?s=96&d=mm&r=g\",\"caption\":\"Nelise Luques\"},\"url\":\"https:\/\/verdadeon.com.br\/portal\/author\/verdade\/\"}]}<\/script>\n<!-- \/ Yoast SEO plugin. -->","yoast_head_json":{"title":"Calor intenso com temperaturas acima dos 30\u00ba devem marcar feriad\u00e3o\u00a0 - VerdadeOn","robots":{"index":"index","follow":"follow","max-snippet":"max-snippet:-1","max-image-preview":"max-image-preview:large","max-video-preview":"max-video-preview:-1"},"canonical":"https:\/\/verdadeon.com.br\/portal\/2021\/09\/03\/calor-intenso-com-temperaturas-acima-dos-30o-devem-marcar-feriadao\/","og_locale":"pt_BR","og_type":"article","og_title":"Calor intenso com temperaturas acima dos 30\u00ba devem marcar feriad\u00e3o\u00a0 - VerdadeOn","og_description":"Segundo o Instituto Climatempo, term\u00f4metros devem marcar 40\u00ba em Rifaina na ter\u00e7a-feira. Cidades seguem sem previs\u00e3o de chuva O feriado prolongado promete ser de calor intenso [\u2026]","og_url":"https:\/\/verdadeon.com.br\/portal\/2021\/09\/03\/calor-intenso-com-temperaturas-acima-dos-30o-devem-marcar-feriadao\/","og_site_name":"VerdadeOn","article_published_time":"2021-09-03T20:48:50+00:00","og_image":[{"width":1000,"height":670,"url":"https:\/\/verdadeon.com.br\/portal\/wp-content\/uploads\/2020\/07\/WhatsApp-Image-2020-07-29-at-15.31.00.jpeg","type":"image\/jpeg"}],"author":"Nelise Luques","twitter_card":"summary_large_image","twitter_misc":{"Escrito por":"Nelise Luques","Est. tempo de leitura":"2 minutos"},"schema":{"@context":"https:\/\/schema.org","@graph":[{"@type":"WebPage","@id":"https:\/\/verdadeon.com.br\/portal\/2021\/09\/03\/calor-intenso-com-temperaturas-acima-dos-30o-devem-marcar-feriadao\/","url":"https:\/\/verdadeon.com.br\/portal\/2021\/09\/03\/calor-intenso-com-temperaturas-acima-dos-30o-devem-marcar-feriadao\/","name":"Calor intenso com temperaturas acima dos 30\u00ba devem marcar feriad\u00e3o\u00a0 - VerdadeOn","isPartOf":{"@id":"https:\/\/verdadeon.com.br\/portal\/#website"},"primaryImageOfPage":{"@id":"https:\/\/verdadeon.com.br\/portal\/2021\/09\/03\/calor-intenso-com-temperaturas-acima-dos-30o-devem-marcar-feriadao\/#primaryimage"},"image":{"@id":"https:\/\/verdadeon.com.br\/portal\/2021\/09\/03\/calor-intenso-com-temperaturas-acima-dos-30o-devem-marcar-feriadao\/#primaryimage"},"thumbnailUrl":"https:\/\/i0.wp.com\/verdadeon.com.br\/portal\/wp-content\/uploads\/2020\/07\/WhatsApp-Image-2020-07-29-at-15.31.00.jpeg?fit=1000%2C670&ssl=1","datePublished":"2021-09-03T20:48:50+00:00","author":{"@id":"https:\/\/verdadeon.com.br\/portal\/#\/schema\/person\/8248726d36015c1916636fabb175d972"},"breadcrumb":{"@id":"https:\/\/verdadeon.com.br\/portal\/2021\/09\/03\/calor-intenso-com-temperaturas-acima-dos-30o-devem-marcar-feriadao\/#breadcrumb"},"inLanguage":"pt-BR","potentialAction":[{"@type":"ReadAction","target":["https:\/\/verdadeon.com.br\/portal\/2021\/09\/03\/calor-intenso-com-temperaturas-acima-dos-30o-devem-marcar-feriadao\/"]}]},{"@type":"ImageObject","inLanguage":"pt-BR","@id":"https:\/\/verdadeon.com.br\/portal\/2021\/09\/03\/calor-intenso-com-temperaturas-acima-dos-30o-devem-marcar-feriadao\/#primaryimage","url":"https:\/\/i0.wp.com\/verdadeon.com.br\/portal\/wp-content\/uploads\/2020\/07\/WhatsApp-Image-2020-07-29-at-15.31.00.jpeg?fit=1000%2C670&ssl=1","contentUrl":"https:\/\/i0.wp.com\/verdadeon.com.br\/portal\/wp-content\/uploads\/2020\/07\/WhatsApp-Image-2020-07-29-at-15.31.00.jpeg?fit=1000%2C670&ssl=1","width":1000,"height":670,"caption":"Previs\u00e3o do Climatempo \u00e9 de calor intenso no feriado da Independ\u00eancia na regi\u00e3o. Rifaina ter\u00e1 altas temperaturas | Foto: Divulga\u00e7\u00e3o"},{"@type":"BreadcrumbList","@id":"https:\/\/verdadeon.com.br\/portal\/2021\/09\/03\/calor-intenso-com-temperaturas-acima-dos-30o-devem-marcar-feriadao\/#breadcrumb","itemListElement":[{"@type":"ListItem","position":1,"name":"In\u00edcio","item":"https:\/\/verdadeon.com.br\/portal\/"},{"@type":"ListItem","position":2,"name":"Calor intenso com temperaturas acima dos 30\u00ba devem marcar feriad\u00e3o\u00a0"}]},{"@type":"WebSite","@id":"https:\/\/verdadeon.com.br\/portal\/#website","url":"https:\/\/verdadeon.com.br\/portal\/","name":"VerdadeOn","description":"Not\u00edcias di\u00e1rias sobre Franca, Regi\u00e3o, Esporte, Cultura, Cotidiano, Colunas. Cobertura nos principais eventos da cidade \u00e9 aqui - Verdadeon Franca","potentialAction":[{"@type":"SearchAction","target":{"@type":"EntryPoint","urlTemplate":"https:\/\/verdadeon.com.br\/portal\/?s={search_term_string}"},"query-input":{"@type":"PropertyValueSpecification","valueRequired":true,"valueName":"search_term_string"}}],"inLanguage":"pt-BR"},{"@type":"Person","@id":"https:\/\/verdadeon.com.br\/portal\/#\/schema\/person\/8248726d36015c1916636fabb175d972","name":"Nelise Luques","image":{"@type":"ImageObject","inLanguage":"pt-BR","@id":"https:\/\/verdadeon.com.br\/portal\/#\/schema\/person\/image\/","url":"https:\/\/secure.gravatar.com\/avatar\/29b2a17f5bcadeb827411b66f48ac13c3e0ecaf5906c0f5745ecc5d41c24eada?s=96&d=mm&r=g","contentUrl":"https:\/\/secure.gravatar.com\/avatar\/29b2a17f5bcadeb827411b66f48ac13c3e0ecaf5906c0f5745ecc5d41c24eada?s=96&d=mm&r=g","caption":"Nelise Luques"},"url":"https:\/\/verdadeon.com.br\/portal\/author\/verdade\/"}]}},"jetpack_publicize_connections":[],"jetpack_featured_media_url":"https:\/\/i0.wp.com\/verdadeon.com.br\/portal\/wp-content\/uploads\/2020\/07\/WhatsApp-Image-2020-07-29-at-15.31.00.jpeg?fit=1000%2C670&ssl=1","jetpack_sharing_enabled":true,"_links":{"self":[{"href":"https:\/\/verdadeon.com.br\/portal\/wp-json\/wp\/v2\/posts\/19333","targetHints":{"allow":["GET"]}}],"collection":[{"href":"https:\/\/verdadeon.com.br\/portal\/wp-json\/wp\/v2\/posts"}],"about":[{"href":"https:\/\/verdadeon.com.br\/portal\/wp-json\/wp\/v2\/types\/post"}],"author":[{"embeddable":true,"href":"https:\/\/verdadeon.com.br\/portal\/wp-json\/wp\/v2\/users\/12"}],"replies":[{"embeddable":true,"href":"https:\/\/verdadeon.com.br\/portal\/wp-json\/wp\/v2\/comments?post=19333"}],"version-history":[{"count":0,"href":"https:\/\/verdadeon.com.br\/portal\/wp-json\/wp\/v2\/posts\/19333\/revisions"}],"wp:featuredmedia":[{"embeddable":true,"href":"https:\/\/verdadeon.com.br\/portal\/wp-json\/wp\/v2\/media\/9301"}],"wp:attachment":[{"href":"https:\/\/verdadeon.com.br\/portal\/wp-json\/wp\/v2\/media?parent=19333"}],"wp:term":[{"taxonomy":"category","embeddable":true,"href":"https:\/\/verdadeon.com.br\/portal\/wp-json\/wp\/v2\/categories?post=19333"},{"taxonomy":"post_tag","embeddable":true,"href":"https:\/\/verdadeon.com.br\/portal\/wp-json\/wp\/v2\/tags?post=19333"}],"curies":[{"name":"wp","href":"https:\/\/api.w.org\/{rel}","templated":true}]}}