{"id":19314,"date":"2021-09-03T10:41:42","date_gmt":"2021-09-03T13:41:42","guid":{"rendered":"https:\/\/verdadeon.com.br\/portal\/?p=19314"},"modified":"2021-09-03T10:41:58","modified_gmt":"2021-09-03T13:41:58","slug":"notificacao-extrajudicial-5","status":"publish","type":"post","link":"https:\/\/verdadeon.com.br\/portal\/2021\/09\/03\/notificacao-extrajudicial-5\/","title":{"rendered":"NOTIFICA\u00c7\u00c3O EXTRAJUDICIAL"},"content":{"rendered":"<p>NOTIFICANTE: WR CRUZ CONTABILIDADE EIRELI, CNPJ 11.065.971\/0001-36, na Rua Ab\u00edlio Coutinho, n\u00b0 201, B. S\u00e3o Joaquim, Franca\/SP, CEP 14406-355.<\/p>\n<p>NOTIFICADA: SUL FRANCA PRODUTOS PARA COURO LTDA, CNPJ 05.034.307\/0001-27, na Rua Ant\u00f4nio Totoli, n\u00b0 1307, B. S\u00e3o Joaquim, Franca\/SP, CEP 14406-303.<\/p>\n<p>Notifica\u00e7\u00e3o Extrajudicial referente ao contrato de presta\u00e7\u00e3o de servi\u00e7os cont\u00e1beis. A Notificante solicita que no prazo de 30 dias contados do recebimento desta notifica\u00e7\u00e3o que a notificada, compare\u00e7a ao escrit\u00f3rio, por quest\u00f5es de inadimpl\u00eancia e aus\u00eancia na entregando documentos ao escrit\u00f3rio e caso este pedido n\u00e3o seja atendido, ser\u00e1 feita a entrega de toda documenta\u00e7\u00e3o que se encontra em sua posse, realizando a desvincula\u00e7\u00e3o de seu CRC, deixando assim, de ser respons\u00e1vel pela entrega das obriga\u00e7\u00f5es tribut\u00e1rias, fiscais, trabalhistas.<br \/>\nEm caso de in\u00e9rcia da empresa Notificada, a Notificante buscar\u00e1 as medidas judiciais para resguardar o seu direito quanto ao recebimento dos valores devidos de mensalidade.<br \/>\nFranca\/SP, 01 de Setembro de 2021.<\/p>\n","protected":false},"excerpt":{"rendered":"<p>NOTIFICANTE: WR CRUZ CONTABILIDADE EIRELI, CNPJ 11.065.971\/0001-36, na Rua Ab\u00edlio Coutinho, n\u00b0 201, B. S\u00e3o Joaquim, Franca\/SP, CEP 14406-355. NOTIFICADA: SUL FRANCA PRODUTOS PARA COURO LTDA,<span class=\"excerpt-hellip\"> [\u2026]<\/span><\/p>\n","protected":false},"author":4,"featured_media":0,"comment_status":"open","ping_status":"open","sticky":false,"template":"","format":"standard","meta":{"_jetpack_memberships_contains_paid_content":false,"footnotes":"","jetpack_publicize_message":"","jetpack_publicize_feature_enabled":true,"jetpack_social_post_already_shared":false,"jetpack_social_options":{"image_generator_settings":{"template":"highway","default_image_id":0,"enabled":false},"version":2}},"categories":[122],"tags":[],"class_list":["post-19314","post","type-post","status-publish","format-standard","hentry","category-editais"],"yoast_head":"<!-- This site is optimized with the Yoast SEO plugin v25.6 - https:\/\/yoast.com\/wordpress\/plugins\/seo\/ -->\n<title>NOTIFICA\u00c7\u00c3O EXTRAJUDICIAL - VerdadeOn<\/title>\n<meta name=\"robots\" content=\"index, follow, max-snippet:-1, max-image-preview:large, max-video-preview:-1\" \/>\n<link rel=\"canonical\" href=\"https:\/\/verdadeon.com.br\/portal\/2021\/09\/03\/notificacao-extrajudicial-5\/\" \/>\n<meta property=\"og:locale\" content=\"pt_BR\" \/>\n<meta property=\"og:type\" content=\"article\" \/>\n<meta property=\"og:title\" content=\"NOTIFICA\u00c7\u00c3O EXTRAJUDICIAL - VerdadeOn\" \/>\n<meta property=\"og:description\" content=\"NOTIFICANTE: WR CRUZ CONTABILIDADE EIRELI, CNPJ 11.065.971\/0001-36, na Rua Ab\u00edlio Coutinho, n\u00b0 201, B. S\u00e3o Joaquim, Franca\/SP, CEP 14406-355. NOTIFICADA: SUL FRANCA PRODUTOS PARA COURO LTDA, [\u2026]\" \/>\n<meta property=\"og:url\" content=\"https:\/\/verdadeon.com.br\/portal\/2021\/09\/03\/notificacao-extrajudicial-5\/\" \/>\n<meta property=\"og:site_name\" content=\"VerdadeOn\" \/>\n<meta property=\"article:published_time\" content=\"2021-09-03T13:41:42+00:00\" \/>\n<meta property=\"article:modified_time\" content=\"2021-09-03T13:41:58+00:00\" \/>\n<meta name=\"author\" content=\"Fernando Calixto\" \/>\n<meta name=\"twitter:card\" content=\"summary_large_image\" \/>\n<meta name=\"twitter:label1\" content=\"Escrito por\" \/>\n\t<meta name=\"twitter:data1\" content=\"Fernando Calixto\" \/>\n\t<meta name=\"twitter:label2\" content=\"Est. tempo de leitura\" \/>\n\t<meta name=\"twitter:data2\" content=\"1 minuto\" \/>\n<script type=\"application\/ld+json\" class=\"yoast-schema-graph\">{\"@context\":\"https:\/\/schema.org\",\"@graph\":[{\"@type\":\"WebPage\",\"@id\":\"https:\/\/verdadeon.com.br\/portal\/2021\/09\/03\/notificacao-extrajudicial-5\/\",\"url\":\"https:\/\/verdadeon.com.br\/portal\/2021\/09\/03\/notificacao-extrajudicial-5\/\",\"name\":\"NOTIFICA\u00c7\u00c3O EXTRAJUDICIAL - VerdadeOn\",\"isPartOf\":{\"@id\":\"https:\/\/verdadeon.com.br\/portal\/#website\"},\"datePublished\":\"2021-09-03T13:41:42+00:00\",\"dateModified\":\"2021-09-03T13:41:58+00:00\",\"author\":{\"@id\":\"https:\/\/verdadeon.com.br\/portal\/#\/schema\/person\/8994718f49ee62ba5610471e29ca1f62\"},\"breadcrumb\":{\"@id\":\"https:\/\/verdadeon.com.br\/portal\/2021\/09\/03\/notificacao-extrajudicial-5\/#breadcrumb\"},\"inLanguage\":\"pt-BR\",\"potentialAction\":[{\"@type\":\"ReadAction\",\"target\":[\"https:\/\/verdadeon.com.br\/portal\/2021\/09\/03\/notificacao-extrajudicial-5\/\"]}]},{\"@type\":\"BreadcrumbList\",\"@id\":\"https:\/\/verdadeon.com.br\/portal\/2021\/09\/03\/notificacao-extrajudicial-5\/#breadcrumb\",\"itemListElement\":[{\"@type\":\"ListItem\",\"position\":1,\"name\":\"In\u00edcio\",\"item\":\"https:\/\/verdadeon.com.br\/portal\/\"},{\"@type\":\"ListItem\",\"position\":2,\"name\":\"NOTIFICA\u00c7\u00c3O EXTRAJUDICIAL\"}]},{\"@type\":\"WebSite\",\"@id\":\"https:\/\/verdadeon.com.br\/portal\/#website\",\"url\":\"https:\/\/verdadeon.com.br\/portal\/\",\"name\":\"VerdadeOn\",\"description\":\"Not\u00edcias di\u00e1rias sobre Franca, Regi\u00e3o, Esporte, Cultura, Cotidiano, Colunas. Cobertura nos principais eventos da cidade \u00e9 aqui - Verdadeon Franca\",\"potentialAction\":[{\"@type\":\"SearchAction\",\"target\":{\"@type\":\"EntryPoint\",\"urlTemplate\":\"https:\/\/verdadeon.com.br\/portal\/?s={search_term_string}\"},\"query-input\":{\"@type\":\"PropertyValueSpecification\",\"valueRequired\":true,\"valueName\":\"search_term_string\"}}],\"inLanguage\":\"pt-BR\"},{\"@type\":\"Person\",\"@id\":\"https:\/\/verdadeon.com.br\/portal\/#\/schema\/person\/8994718f49ee62ba5610471e29ca1f62\",\"name\":\"Fernando Calixto\",\"image\":{\"@type\":\"ImageObject\",\"inLanguage\":\"pt-BR\",\"@id\":\"https:\/\/verdadeon.com.br\/portal\/#\/schema\/person\/image\/\",\"url\":\"https:\/\/secure.gravatar.com\/avatar\/7578910c24966c0316c340f9dbd601e93ee9f9212e1033968b367af9306bd9fb?s=96&d=mm&r=g\",\"contentUrl\":\"https:\/\/secure.gravatar.com\/avatar\/7578910c24966c0316c340f9dbd601e93ee9f9212e1033968b367af9306bd9fb?s=96&d=mm&r=g\",\"caption\":\"Fernando Calixto\"},\"url\":\"https:\/\/verdadeon.com.br\/portal\/author\/fernando-calixto\/\"}]}<\/script>\n<!-- \/ Yoast SEO plugin. -->","yoast_head_json":{"title":"NOTIFICA\u00c7\u00c3O EXTRAJUDICIAL - VerdadeOn","robots":{"index":"index","follow":"follow","max-snippet":"max-snippet:-1","max-image-preview":"max-image-preview:large","max-video-preview":"max-video-preview:-1"},"canonical":"https:\/\/verdadeon.com.br\/portal\/2021\/09\/03\/notificacao-extrajudicial-5\/","og_locale":"pt_BR","og_type":"article","og_title":"NOTIFICA\u00c7\u00c3O EXTRAJUDICIAL - VerdadeOn","og_description":"NOTIFICANTE: WR CRUZ CONTABILIDADE EIRELI, CNPJ 11.065.971\/0001-36, na Rua Ab\u00edlio Coutinho, n\u00b0 201, B. S\u00e3o Joaquim, Franca\/SP, CEP 14406-355. NOTIFICADA: SUL FRANCA PRODUTOS PARA COURO LTDA, [\u2026]","og_url":"https:\/\/verdadeon.com.br\/portal\/2021\/09\/03\/notificacao-extrajudicial-5\/","og_site_name":"VerdadeOn","article_published_time":"2021-09-03T13:41:42+00:00","article_modified_time":"2021-09-03T13:41:58+00:00","author":"Fernando Calixto","twitter_card":"summary_large_image","twitter_misc":{"Escrito por":"Fernando Calixto","Est. tempo de leitura":"1 minuto"},"schema":{"@context":"https:\/\/schema.org","@graph":[{"@type":"WebPage","@id":"https:\/\/verdadeon.com.br\/portal\/2021\/09\/03\/notificacao-extrajudicial-5\/","url":"https:\/\/verdadeon.com.br\/portal\/2021\/09\/03\/notificacao-extrajudicial-5\/","name":"NOTIFICA\u00c7\u00c3O EXTRAJUDICIAL - VerdadeOn","isPartOf":{"@id":"https:\/\/verdadeon.com.br\/portal\/#website"},"datePublished":"2021-09-03T13:41:42+00:00","dateModified":"2021-09-03T13:41:58+00:00","author":{"@id":"https:\/\/verdadeon.com.br\/portal\/#\/schema\/person\/8994718f49ee62ba5610471e29ca1f62"},"breadcrumb":{"@id":"https:\/\/verdadeon.com.br\/portal\/2021\/09\/03\/notificacao-extrajudicial-5\/#breadcrumb"},"inLanguage":"pt-BR","potentialAction":[{"@type":"ReadAction","target":["https:\/\/verdadeon.com.br\/portal\/2021\/09\/03\/notificacao-extrajudicial-5\/"]}]},{"@type":"BreadcrumbList","@id":"https:\/\/verdadeon.com.br\/portal\/2021\/09\/03\/notificacao-extrajudicial-5\/#breadcrumb","itemListElement":[{"@type":"ListItem","position":1,"name":"In\u00edcio","item":"https:\/\/verdadeon.com.br\/portal\/"},{"@type":"ListItem","position":2,"name":"NOTIFICA\u00c7\u00c3O EXTRAJUDICIAL"}]},{"@type":"WebSite","@id":"https:\/\/verdadeon.com.br\/portal\/#website","url":"https:\/\/verdadeon.com.br\/portal\/","name":"VerdadeOn","description":"Not\u00edcias di\u00e1rias sobre Franca, Regi\u00e3o, Esporte, Cultura, Cotidiano, Colunas. Cobertura nos principais eventos da cidade \u00e9 aqui - Verdadeon Franca","potentialAction":[{"@type":"SearchAction","target":{"@type":"EntryPoint","urlTemplate":"https:\/\/verdadeon.com.br\/portal\/?s={search_term_string}"},"query-input":{"@type":"PropertyValueSpecification","valueRequired":true,"valueName":"search_term_string"}}],"inLanguage":"pt-BR"},{"@type":"Person","@id":"https:\/\/verdadeon.com.br\/portal\/#\/schema\/person\/8994718f49ee62ba5610471e29ca1f62","name":"Fernando Calixto","image":{"@type":"ImageObject","inLanguage":"pt-BR","@id":"https:\/\/verdadeon.com.br\/portal\/#\/schema\/person\/image\/","url":"https:\/\/secure.gravatar.com\/avatar\/7578910c24966c0316c340f9dbd601e93ee9f9212e1033968b367af9306bd9fb?s=96&d=mm&r=g","contentUrl":"https:\/\/secure.gravatar.com\/avatar\/7578910c24966c0316c340f9dbd601e93ee9f9212e1033968b367af9306bd9fb?s=96&d=mm&r=g","caption":"Fernando Calixto"},"url":"https:\/\/verdadeon.com.br\/portal\/author\/fernando-calixto\/"}]}},"jetpack_publicize_connections":[],"jetpack_featured_media_url":"","jetpack_sharing_enabled":true,"_links":{"self":[{"href":"https:\/\/verdadeon.com.br\/portal\/wp-json\/wp\/v2\/posts\/19314","targetHints":{"allow":["GET"]}}],"collection":[{"href":"https:\/\/verdadeon.com.br\/portal\/wp-json\/wp\/v2\/posts"}],"about":[{"href":"https:\/\/verdadeon.com.br\/portal\/wp-json\/wp\/v2\/types\/post"}],"author":[{"embeddable":true,"href":"https:\/\/verdadeon.com.br\/portal\/wp-json\/wp\/v2\/users\/4"}],"replies":[{"embeddable":true,"href":"https:\/\/verdadeon.com.br\/portal\/wp-json\/wp\/v2\/comments?post=19314"}],"version-history":[{"count":0,"href":"https:\/\/verdadeon.com.br\/portal\/wp-json\/wp\/v2\/posts\/19314\/revisions"}],"wp:attachment":[{"href":"https:\/\/verdadeon.com.br\/portal\/wp-json\/wp\/v2\/media?parent=19314"}],"wp:term":[{"taxonomy":"category","embeddable":true,"href":"https:\/\/verdadeon.com.br\/portal\/wp-json\/wp\/v2\/categories?post=19314"},{"taxonomy":"post_tag","embeddable":true,"href":"https:\/\/verdadeon.com.br\/portal\/wp-json\/wp\/v2\/tags?post=19314"}],"curies":[{"name":"wp","href":"https:\/\/api.w.org\/{rel}","templated":true}]}}