{"id":19244,"date":"2021-09-02T08:00:14","date_gmt":"2021-09-02T11:00:14","guid":{"rendered":"https:\/\/verdadeon.com.br\/portal\/?p=19244"},"modified":"2021-09-02T13:29:46","modified_gmt":"2021-09-02T16:29:46","slug":"wilker-rabelo-e-carla-bueno-trazem-a-rede-de-estetica-ad-clinic-para-franca-e-colocam-o-empreendedorismo-da-regiao-em-forma","status":"publish","type":"post","link":"https:\/\/verdadeon.com.br\/portal\/2021\/09\/02\/wilker-rabelo-e-carla-bueno-trazem-a-rede-de-estetica-ad-clinic-para-franca-e-colocam-o-empreendedorismo-da-regiao-em-forma\/","title":{"rendered":"Wilker Rabelo e Carla Bueno trazem a rede de est\u00e9tica\u00a0Ad\u00a0Clinic\u00a0para Franca e colocam o empreendedorismo da regi\u00e3o em forma"},"content":{"rendered":"<h2><i>A capital nacional do sapato, coloca cidades como Goi\u00e2nia (GO), Belo Horizonte (MG) e Salvador (BA) no chinelo no quesito empreendedorismo. Com o desemprego alto na regi\u00e3o, a crise impulsionou o n\u00famero de abertura de 2.687 novos neg\u00f3cios no 1\u00ba trimestre. Um desses neg\u00f3cios foi a\u00a0<span class=\"il\">Ad<\/span>\u00a0<span class=\"il\">Clinic<\/span>\u00a0que chega na cidade dia 2 de setembro<\/i><\/h2>\n<div>\n<p>A franquia de Franca chega para agregar ainda mais valor a marca <span class=\"il\">Ad<\/span>\u00a0<span class=\"il\">Clinic<\/span>\u00a0que vem ganhando cada vez mais novas unidades no Plano de expans\u00e3o. Com a inaugura\u00e7\u00e3o da unidade de Franca, a\u00a0<span class=\"il\">Ad<\/span>\u00a0<span class=\"il\">Clinic<\/span>\u00a0d\u00e1 sequ\u00eancia ao seu plano de expans\u00e3o. Para os pr\u00f3ximos tr\u00eas meses, a franqueadora visa atingir a marca de 200 unidades em funcionamento.<\/p>\n<p>Segundo o levantamento do \u00cdndice de Cidades Empreendedoras de 2020, elaborado pela Endeavor em conjunto com a Enap (Escola Nacional de Administra\u00e7\u00e3o P\u00fablica), Franca est\u00e1 na 27\u00aa posi\u00e7\u00e3o no ranking de cidades mais empreendedoras do Brasil. Al\u00e9m disso, ela tamb\u00e9m se difere nos demais indicadores do estudo, como por exemplo a burocracia para abrir empresas e a tributa\u00e7\u00e3o feita nos munic\u00edpios, nesse quesito, a cidade fica na 33a posi\u00e7\u00e3o, ultrapassando grandes capitais como Goi\u00e2nia (GO), Belo Horizonte (MG) e Salvador (BA) e a vizinha Ribeir\u00e3o Preto.<\/p>\n<p>De fato, com a pandemia o cen\u00e1rio econ\u00f4mico expandiu na regi\u00e3o, e grandes polos de renda, como o do mercado cal\u00e7adista que movimenta anualmente 25,9 milh\u00f5es de pares de sapatos no mundo, acabou perdendo seu posto para outros neg\u00f3cios mais lucrativos.<\/p>\n<p>Em compensa\u00e7\u00e3o, algumas coisas continuam as mesmas na cidade. Franca ainda \u00e9 o lugar onde o basquete brilha nas quadras e possui o maior n\u00famero de Campeonatos Brasileiros. A cidade da alta mogiana passou a bater um bolo em outras \u00e1reas. Uma delas, que \u00e9 a do empreendedorismo, foi diretamente impulsionada pela tecnologia com a Incubadora de Empresas de Base Tecnol\u00f3gica (Impera) de Franca (SP), que seleciona projetos e proporciona para os idealizadores uma mentoria exclusiva. Segmentos de diversas \u00e1reas s\u00e3o contempladas, ind\u00fastria, com\u00e9rcio, educa\u00e7\u00e3o e sa\u00fade.<\/p>\n<p>Mesmo aqueles que n\u00e3o fazem parte da Impera, o empreendedorismo segue na veia dos moradores da regi\u00e3o. Segundo dados do Portal do Empreendedor, do Sebrae, foi registrado um aumento de\u00a09,4% no primeiro trimestre deste ano, ou seja, de janeiro a mar\u00e7o, 2.687 pessoas decidiram abrir a pr\u00f3pria empresa, contra 2.456 no mesmo per\u00edodo de 2020.<\/p>\n<p>Esse \u00e9 o caso do casal Wilker Rabelo e Carla Bueno, que inclusive resolveram investir seus recursos, energia, conhecimento e experi\u00eancia para abrir uma das\u00a0 franquias de est\u00e9tica que mais cresce do Brasil.<\/p>\n<p>A\u00a0<span class=\"il\">Ad<\/span>\u00a0<span class=\"il\">Clinic<\/span>\u00a0\u00e9 uma das maiores franquias de est\u00e9tica do Brasil, com quase 90 unidades espalhadas pelo pa\u00eds. Possui tamb\u00e9m mais de 100 tratamentos est\u00e9ticos, e promete ser mais que uma cl\u00ednica na regi\u00e3o. \u2018<em>\u2019Eu me identifiquei muito com o modelo de neg\u00f3cios da\u00a0<span class=\"il\">Ad<\/span>\u00a0<span class=\"il\">Clinic<\/span>\u00a0por eles proporcionarem mais que um tratamento est\u00e9tico, mas sim um tempo de bem-estar para seus clientes. Al\u00e9m disso, a franquia est\u00e1 expandindo cada vez mais, e o setor de beleza, mesmo na pandemia, foi um dos que mais faturou<\/em>\u2019\u2019, comenta Wilker.<\/p>\n<p>Realmente, o mercado na \u00e1rea \u00e9 promissor. Segundo dados de pesquisa do Euromonitor, o Brasil \u00e9 o quarto maior mercado de beleza e cuidados pessoais do mundo, ficando atr\u00e1s somente dos Estados Unidos, China e Jap\u00e3o; No ramo de franquias, na \u00e1rea da Sa\u00fade, Beleza e Bem-estar, faturou-se aproximadamente R$34,2 bilh\u00f5es no ano de 2019.<\/p>\n<p>A cl\u00ednica abre as portas no dia 2 de setembro, e convida todos os moradores de Franca a conhecerem o espa\u00e7o com um coquetel de boas-vindas!<\/p>\n<p>&nbsp;<\/p>\n<p><strong>Servi\u00e7o\u00a0<\/strong><\/p>\n<p>Data: 02\/09\/2021<\/p>\n<p>Endere\u00e7o:\u00a0Rua \u00c1lvaro Abranches, 654, Cidade Nova<\/p>\n<p>14401094 Franca, SP<\/p>\n<p>Redes Sociais:\u00a0<a href=\"https:\/\/www.instagram.com\/adclinic.franca\/\" target=\"_blank\" rel=\"noopener\" data-saferedirecturl=\"https:\/\/www.google.com\/url?q=https:\/\/www.instagram.com\/adclinic.franca\/&amp;source=gmail&amp;ust=1630686262631000&amp;usg=AFQjCNExDxkvSDC06JKJ21tbcZ0JlAixEQ\">https:\/\/www.<wbr \/>instagram.com\/adclinic.franca\/<\/a><\/p>\n<p><a href=\"https:\/\/www.facebook.com\/adclinic.franca\/\" target=\"_blank\" rel=\"noopener\" data-saferedirecturl=\"https:\/\/www.google.com\/url?q=https:\/\/www.facebook.com\/adclinic.franca\/&amp;source=gmail&amp;ust=1630686262631000&amp;usg=AFQjCNGvB2qavQkt2BupLxQUwhtqECmeOg\">https:\/\/www.facebook.com\/<wbr \/>adclinic.franca\/<\/a><\/p>\n<\/div>\n","protected":false},"excerpt":{"rendered":"<p>A capital nacional do sapato, coloca cidades como Goi\u00e2nia (GO), Belo Horizonte (MG) e Salvador (BA) no chinelo no quesito empreendedorismo. Com o desemprego alto na<span class=\"excerpt-hellip\"> [\u2026]<\/span><\/p>\n","protected":false},"author":4,"featured_media":19246,"comment_status":"open","ping_status":"open","sticky":false,"template":"","format":"standard","meta":{"_jetpack_memberships_contains_paid_content":false,"footnotes":"","jetpack_publicize_message":"","jetpack_publicize_feature_enabled":true,"jetpack_social_post_already_shared":false,"jetpack_social_options":{"image_generator_settings":{"template":"highway","default_image_id":0,"enabled":false},"version":2}},"categories":[28],"tags":[],"class_list":["post-19244","post","type-post","status-publish","format-standard","has-post-thumbnail","hentry","category-cotidiano"],"yoast_head":"<!-- This site is optimized with the Yoast SEO plugin v25.6 - https:\/\/yoast.com\/wordpress\/plugins\/seo\/ -->\n<title>Wilker Rabelo e Carla Bueno trazem a rede de est\u00e9tica\u00a0Ad\u00a0Clinic\u00a0para Franca e colocam o empreendedorismo da regi\u00e3o em forma - VerdadeOn<\/title>\n<meta name=\"robots\" content=\"index, follow, max-snippet:-1, max-image-preview:large, max-video-preview:-1\" \/>\n<link rel=\"canonical\" href=\"https:\/\/verdadeon.com.br\/portal\/2021\/09\/02\/wilker-rabelo-e-carla-bueno-trazem-a-rede-de-estetica-ad-clinic-para-franca-e-colocam-o-empreendedorismo-da-regiao-em-forma\/\" \/>\n<meta property=\"og:locale\" content=\"pt_BR\" \/>\n<meta property=\"og:type\" content=\"article\" \/>\n<meta property=\"og:title\" content=\"Wilker Rabelo e Carla Bueno trazem a rede de est\u00e9tica\u00a0Ad\u00a0Clinic\u00a0para Franca e colocam o empreendedorismo da regi\u00e3o em forma - VerdadeOn\" \/>\n<meta property=\"og:description\" content=\"A capital nacional do sapato, coloca cidades como Goi\u00e2nia (GO), Belo Horizonte (MG) e Salvador (BA) no chinelo no quesito empreendedorismo. Com o desemprego alto na [\u2026]\" \/>\n<meta property=\"og:url\" content=\"https:\/\/verdadeon.com.br\/portal\/2021\/09\/02\/wilker-rabelo-e-carla-bueno-trazem-a-rede-de-estetica-ad-clinic-para-franca-e-colocam-o-empreendedorismo-da-regiao-em-forma\/\" \/>\n<meta property=\"og:site_name\" content=\"VerdadeOn\" \/>\n<meta property=\"article:published_time\" content=\"2021-09-02T11:00:14+00:00\" \/>\n<meta property=\"article:modified_time\" content=\"2021-09-02T16:29:46+00:00\" \/>\n<meta property=\"og:image\" content=\"https:\/\/verdadeon.com.br\/portal\/wp-content\/uploads\/2021\/09\/AD-FRANCA.jpg\" \/>\n\t<meta property=\"og:image:width\" content=\"1000\" \/>\n\t<meta property=\"og:image:height\" content=\"670\" \/>\n\t<meta property=\"og:image:type\" content=\"image\/jpeg\" \/>\n<meta name=\"author\" content=\"Fernando Calixto\" \/>\n<meta name=\"twitter:card\" content=\"summary_large_image\" \/>\n<meta name=\"twitter:label1\" content=\"Escrito por\" \/>\n\t<meta name=\"twitter:data1\" content=\"Fernando Calixto\" \/>\n\t<meta name=\"twitter:label2\" content=\"Est. tempo de leitura\" \/>\n\t<meta name=\"twitter:data2\" content=\"3 minutos\" \/>\n<script type=\"application\/ld+json\" class=\"yoast-schema-graph\">{\"@context\":\"https:\/\/schema.org\",\"@graph\":[{\"@type\":\"WebPage\",\"@id\":\"https:\/\/verdadeon.com.br\/portal\/2021\/09\/02\/wilker-rabelo-e-carla-bueno-trazem-a-rede-de-estetica-ad-clinic-para-franca-e-colocam-o-empreendedorismo-da-regiao-em-forma\/\",\"url\":\"https:\/\/verdadeon.com.br\/portal\/2021\/09\/02\/wilker-rabelo-e-carla-bueno-trazem-a-rede-de-estetica-ad-clinic-para-franca-e-colocam-o-empreendedorismo-da-regiao-em-forma\/\",\"name\":\"Wilker Rabelo e Carla Bueno trazem a rede de est\u00e9tica\u00a0Ad\u00a0Clinic\u00a0para Franca e colocam o empreendedorismo da regi\u00e3o em forma - VerdadeOn\",\"isPartOf\":{\"@id\":\"https:\/\/verdadeon.com.br\/portal\/#website\"},\"primaryImageOfPage\":{\"@id\":\"https:\/\/verdadeon.com.br\/portal\/2021\/09\/02\/wilker-rabelo-e-carla-bueno-trazem-a-rede-de-estetica-ad-clinic-para-franca-e-colocam-o-empreendedorismo-da-regiao-em-forma\/#primaryimage\"},\"image\":{\"@id\":\"https:\/\/verdadeon.com.br\/portal\/2021\/09\/02\/wilker-rabelo-e-carla-bueno-trazem-a-rede-de-estetica-ad-clinic-para-franca-e-colocam-o-empreendedorismo-da-regiao-em-forma\/#primaryimage\"},\"thumbnailUrl\":\"https:\/\/i0.wp.com\/verdadeon.com.br\/portal\/wp-content\/uploads\/2021\/09\/AD-FRANCA.jpg?fit=1000%2C670&ssl=1\",\"datePublished\":\"2021-09-02T11:00:14+00:00\",\"dateModified\":\"2021-09-02T16:29:46+00:00\",\"author\":{\"@id\":\"https:\/\/verdadeon.com.br\/portal\/#\/schema\/person\/8994718f49ee62ba5610471e29ca1f62\"},\"breadcrumb\":{\"@id\":\"https:\/\/verdadeon.com.br\/portal\/2021\/09\/02\/wilker-rabelo-e-carla-bueno-trazem-a-rede-de-estetica-ad-clinic-para-franca-e-colocam-o-empreendedorismo-da-regiao-em-forma\/#breadcrumb\"},\"inLanguage\":\"pt-BR\",\"potentialAction\":[{\"@type\":\"ReadAction\",\"target\":[\"https:\/\/verdadeon.com.br\/portal\/2021\/09\/02\/wilker-rabelo-e-carla-bueno-trazem-a-rede-de-estetica-ad-clinic-para-franca-e-colocam-o-empreendedorismo-da-regiao-em-forma\/\"]}]},{\"@type\":\"ImageObject\",\"inLanguage\":\"pt-BR\",\"@id\":\"https:\/\/verdadeon.com.br\/portal\/2021\/09\/02\/wilker-rabelo-e-carla-bueno-trazem-a-rede-de-estetica-ad-clinic-para-franca-e-colocam-o-empreendedorismo-da-regiao-em-forma\/#primaryimage\",\"url\":\"https:\/\/i0.wp.com\/verdadeon.com.br\/portal\/wp-content\/uploads\/2021\/09\/AD-FRANCA.jpg?fit=1000%2C670&ssl=1\",\"contentUrl\":\"https:\/\/i0.wp.com\/verdadeon.com.br\/portal\/wp-content\/uploads\/2021\/09\/AD-FRANCA.jpg?fit=1000%2C670&ssl=1\",\"width\":1000,\"height\":670},{\"@type\":\"BreadcrumbList\",\"@id\":\"https:\/\/verdadeon.com.br\/portal\/2021\/09\/02\/wilker-rabelo-e-carla-bueno-trazem-a-rede-de-estetica-ad-clinic-para-franca-e-colocam-o-empreendedorismo-da-regiao-em-forma\/#breadcrumb\",\"itemListElement\":[{\"@type\":\"ListItem\",\"position\":1,\"name\":\"In\u00edcio\",\"item\":\"https:\/\/verdadeon.com.br\/portal\/\"},{\"@type\":\"ListItem\",\"position\":2,\"name\":\"Wilker Rabelo e Carla Bueno trazem a rede de est\u00e9tica\u00a0Ad\u00a0Clinic\u00a0para Franca e colocam o empreendedorismo da regi\u00e3o em forma\"}]},{\"@type\":\"WebSite\",\"@id\":\"https:\/\/verdadeon.com.br\/portal\/#website\",\"url\":\"https:\/\/verdadeon.com.br\/portal\/\",\"name\":\"VerdadeOn\",\"description\":\"Not\u00edcias di\u00e1rias sobre Franca, Regi\u00e3o, Esporte, Cultura, Cotidiano, Colunas. Cobertura nos principais eventos da cidade \u00e9 aqui - Verdadeon Franca\",\"potentialAction\":[{\"@type\":\"SearchAction\",\"target\":{\"@type\":\"EntryPoint\",\"urlTemplate\":\"https:\/\/verdadeon.com.br\/portal\/?s={search_term_string}\"},\"query-input\":{\"@type\":\"PropertyValueSpecification\",\"valueRequired\":true,\"valueName\":\"search_term_string\"}}],\"inLanguage\":\"pt-BR\"},{\"@type\":\"Person\",\"@id\":\"https:\/\/verdadeon.com.br\/portal\/#\/schema\/person\/8994718f49ee62ba5610471e29ca1f62\",\"name\":\"Fernando Calixto\",\"image\":{\"@type\":\"ImageObject\",\"inLanguage\":\"pt-BR\",\"@id\":\"https:\/\/verdadeon.com.br\/portal\/#\/schema\/person\/image\/\",\"url\":\"https:\/\/secure.gravatar.com\/avatar\/7578910c24966c0316c340f9dbd601e93ee9f9212e1033968b367af9306bd9fb?s=96&d=mm&r=g\",\"contentUrl\":\"https:\/\/secure.gravatar.com\/avatar\/7578910c24966c0316c340f9dbd601e93ee9f9212e1033968b367af9306bd9fb?s=96&d=mm&r=g\",\"caption\":\"Fernando Calixto\"},\"url\":\"https:\/\/verdadeon.com.br\/portal\/author\/fernando-calixto\/\"}]}<\/script>\n<!-- \/ Yoast SEO plugin. -->","yoast_head_json":{"title":"Wilker Rabelo e Carla Bueno trazem a rede de est\u00e9tica\u00a0Ad\u00a0Clinic\u00a0para Franca e colocam o empreendedorismo da regi\u00e3o em forma - VerdadeOn","robots":{"index":"index","follow":"follow","max-snippet":"max-snippet:-1","max-image-preview":"max-image-preview:large","max-video-preview":"max-video-preview:-1"},"canonical":"https:\/\/verdadeon.com.br\/portal\/2021\/09\/02\/wilker-rabelo-e-carla-bueno-trazem-a-rede-de-estetica-ad-clinic-para-franca-e-colocam-o-empreendedorismo-da-regiao-em-forma\/","og_locale":"pt_BR","og_type":"article","og_title":"Wilker Rabelo e Carla Bueno trazem a rede de est\u00e9tica\u00a0Ad\u00a0Clinic\u00a0para Franca e colocam o empreendedorismo da regi\u00e3o em forma - VerdadeOn","og_description":"A capital nacional do sapato, coloca cidades como Goi\u00e2nia (GO), Belo Horizonte (MG) e Salvador (BA) no chinelo no quesito empreendedorismo. Com o desemprego alto na [\u2026]","og_url":"https:\/\/verdadeon.com.br\/portal\/2021\/09\/02\/wilker-rabelo-e-carla-bueno-trazem-a-rede-de-estetica-ad-clinic-para-franca-e-colocam-o-empreendedorismo-da-regiao-em-forma\/","og_site_name":"VerdadeOn","article_published_time":"2021-09-02T11:00:14+00:00","article_modified_time":"2021-09-02T16:29:46+00:00","og_image":[{"width":1000,"height":670,"url":"https:\/\/verdadeon.com.br\/portal\/wp-content\/uploads\/2021\/09\/AD-FRANCA.jpg","type":"image\/jpeg"}],"author":"Fernando Calixto","twitter_card":"summary_large_image","twitter_misc":{"Escrito por":"Fernando Calixto","Est. tempo de leitura":"3 minutos"},"schema":{"@context":"https:\/\/schema.org","@graph":[{"@type":"WebPage","@id":"https:\/\/verdadeon.com.br\/portal\/2021\/09\/02\/wilker-rabelo-e-carla-bueno-trazem-a-rede-de-estetica-ad-clinic-para-franca-e-colocam-o-empreendedorismo-da-regiao-em-forma\/","url":"https:\/\/verdadeon.com.br\/portal\/2021\/09\/02\/wilker-rabelo-e-carla-bueno-trazem-a-rede-de-estetica-ad-clinic-para-franca-e-colocam-o-empreendedorismo-da-regiao-em-forma\/","name":"Wilker Rabelo e Carla Bueno trazem a rede de est\u00e9tica\u00a0Ad\u00a0Clinic\u00a0para Franca e colocam o empreendedorismo da regi\u00e3o em forma - VerdadeOn","isPartOf":{"@id":"https:\/\/verdadeon.com.br\/portal\/#website"},"primaryImageOfPage":{"@id":"https:\/\/verdadeon.com.br\/portal\/2021\/09\/02\/wilker-rabelo-e-carla-bueno-trazem-a-rede-de-estetica-ad-clinic-para-franca-e-colocam-o-empreendedorismo-da-regiao-em-forma\/#primaryimage"},"image":{"@id":"https:\/\/verdadeon.com.br\/portal\/2021\/09\/02\/wilker-rabelo-e-carla-bueno-trazem-a-rede-de-estetica-ad-clinic-para-franca-e-colocam-o-empreendedorismo-da-regiao-em-forma\/#primaryimage"},"thumbnailUrl":"https:\/\/i0.wp.com\/verdadeon.com.br\/portal\/wp-content\/uploads\/2021\/09\/AD-FRANCA.jpg?fit=1000%2C670&ssl=1","datePublished":"2021-09-02T11:00:14+00:00","dateModified":"2021-09-02T16:29:46+00:00","author":{"@id":"https:\/\/verdadeon.com.br\/portal\/#\/schema\/person\/8994718f49ee62ba5610471e29ca1f62"},"breadcrumb":{"@id":"https:\/\/verdadeon.com.br\/portal\/2021\/09\/02\/wilker-rabelo-e-carla-bueno-trazem-a-rede-de-estetica-ad-clinic-para-franca-e-colocam-o-empreendedorismo-da-regiao-em-forma\/#breadcrumb"},"inLanguage":"pt-BR","potentialAction":[{"@type":"ReadAction","target":["https:\/\/verdadeon.com.br\/portal\/2021\/09\/02\/wilker-rabelo-e-carla-bueno-trazem-a-rede-de-estetica-ad-clinic-para-franca-e-colocam-o-empreendedorismo-da-regiao-em-forma\/"]}]},{"@type":"ImageObject","inLanguage":"pt-BR","@id":"https:\/\/verdadeon.com.br\/portal\/2021\/09\/02\/wilker-rabelo-e-carla-bueno-trazem-a-rede-de-estetica-ad-clinic-para-franca-e-colocam-o-empreendedorismo-da-regiao-em-forma\/#primaryimage","url":"https:\/\/i0.wp.com\/verdadeon.com.br\/portal\/wp-content\/uploads\/2021\/09\/AD-FRANCA.jpg?fit=1000%2C670&ssl=1","contentUrl":"https:\/\/i0.wp.com\/verdadeon.com.br\/portal\/wp-content\/uploads\/2021\/09\/AD-FRANCA.jpg?fit=1000%2C670&ssl=1","width":1000,"height":670},{"@type":"BreadcrumbList","@id":"https:\/\/verdadeon.com.br\/portal\/2021\/09\/02\/wilker-rabelo-e-carla-bueno-trazem-a-rede-de-estetica-ad-clinic-para-franca-e-colocam-o-empreendedorismo-da-regiao-em-forma\/#breadcrumb","itemListElement":[{"@type":"ListItem","position":1,"name":"In\u00edcio","item":"https:\/\/verdadeon.com.br\/portal\/"},{"@type":"ListItem","position":2,"name":"Wilker Rabelo e Carla Bueno trazem a rede de est\u00e9tica\u00a0Ad\u00a0Clinic\u00a0para Franca e colocam o empreendedorismo da regi\u00e3o em forma"}]},{"@type":"WebSite","@id":"https:\/\/verdadeon.com.br\/portal\/#website","url":"https:\/\/verdadeon.com.br\/portal\/","name":"VerdadeOn","description":"Not\u00edcias di\u00e1rias sobre Franca, Regi\u00e3o, Esporte, Cultura, Cotidiano, Colunas. Cobertura nos principais eventos da cidade \u00e9 aqui - Verdadeon Franca","potentialAction":[{"@type":"SearchAction","target":{"@type":"EntryPoint","urlTemplate":"https:\/\/verdadeon.com.br\/portal\/?s={search_term_string}"},"query-input":{"@type":"PropertyValueSpecification","valueRequired":true,"valueName":"search_term_string"}}],"inLanguage":"pt-BR"},{"@type":"Person","@id":"https:\/\/verdadeon.com.br\/portal\/#\/schema\/person\/8994718f49ee62ba5610471e29ca1f62","name":"Fernando Calixto","image":{"@type":"ImageObject","inLanguage":"pt-BR","@id":"https:\/\/verdadeon.com.br\/portal\/#\/schema\/person\/image\/","url":"https:\/\/secure.gravatar.com\/avatar\/7578910c24966c0316c340f9dbd601e93ee9f9212e1033968b367af9306bd9fb?s=96&d=mm&r=g","contentUrl":"https:\/\/secure.gravatar.com\/avatar\/7578910c24966c0316c340f9dbd601e93ee9f9212e1033968b367af9306bd9fb?s=96&d=mm&r=g","caption":"Fernando Calixto"},"url":"https:\/\/verdadeon.com.br\/portal\/author\/fernando-calixto\/"}]}},"jetpack_publicize_connections":[],"jetpack_featured_media_url":"https:\/\/i0.wp.com\/verdadeon.com.br\/portal\/wp-content\/uploads\/2021\/09\/AD-FRANCA.jpg?fit=1000%2C670&ssl=1","jetpack_sharing_enabled":true,"_links":{"self":[{"href":"https:\/\/verdadeon.com.br\/portal\/wp-json\/wp\/v2\/posts\/19244","targetHints":{"allow":["GET"]}}],"collection":[{"href":"https:\/\/verdadeon.com.br\/portal\/wp-json\/wp\/v2\/posts"}],"about":[{"href":"https:\/\/verdadeon.com.br\/portal\/wp-json\/wp\/v2\/types\/post"}],"author":[{"embeddable":true,"href":"https:\/\/verdadeon.com.br\/portal\/wp-json\/wp\/v2\/users\/4"}],"replies":[{"embeddable":true,"href":"https:\/\/verdadeon.com.br\/portal\/wp-json\/wp\/v2\/comments?post=19244"}],"version-history":[{"count":0,"href":"https:\/\/verdadeon.com.br\/portal\/wp-json\/wp\/v2\/posts\/19244\/revisions"}],"wp:featuredmedia":[{"embeddable":true,"href":"https:\/\/verdadeon.com.br\/portal\/wp-json\/wp\/v2\/media\/19246"}],"wp:attachment":[{"href":"https:\/\/verdadeon.com.br\/portal\/wp-json\/wp\/v2\/media?parent=19244"}],"wp:term":[{"taxonomy":"category","embeddable":true,"href":"https:\/\/verdadeon.com.br\/portal\/wp-json\/wp\/v2\/categories?post=19244"},{"taxonomy":"post_tag","embeddable":true,"href":"https:\/\/verdadeon.com.br\/portal\/wp-json\/wp\/v2\/tags?post=19244"}],"curies":[{"name":"wp","href":"https:\/\/api.w.org\/{rel}","templated":true}]}}