{"id":19217,"date":"2021-09-02T08:55:17","date_gmt":"2021-09-02T11:55:17","guid":{"rendered":"https:\/\/verdadeon.com.br\/portal\/?p=19217"},"modified":"2021-09-02T08:55:17","modified_gmt":"2021-09-02T11:55:17","slug":"vagas-de-emprego","status":"publish","type":"post","link":"https:\/\/verdadeon.com.br\/portal\/2021\/09\/02\/vagas-de-emprego\/","title":{"rendered":"Vagas de Emprego"},"content":{"rendered":"<p><strong>VAGAS ADMINISTRATIVAS E COMERCIAIS<\/strong><\/p>\n<p>\ud83d\udd39Analista Financeiro (profissional com ampla experi\u00eancia nas rotinas do setor\/ sal\u00e1rio r$ 2.500,00\/ Ind\u00fastria de Cal\u00e7ados)<\/p>\n<p>\ud83d\udd39Analista Financeiro (profissional com experi\u00eancia em toda rotina relacionada ao setor financeiro\/\u00a0 \/contas a pagar\/receber, concilia\u00e7\u00e3o bancaria, fluxo de caixa, controle financeiro, faturamento\/ Ind\u00fastria Qu\u00edmica)<\/p>\n<p>\ud83d\udd39 Assistente Cont\u00e1bil (profissional com experi\u00eancia na \u00e1rea administrativa e cont\u00e1bil, para auxiliar o setor dando todo o suporte necess\u00e1rio\/ R$1.700,00 + vale-alimenta\u00e7\u00e3o\/ Segmento 3\u00ba Setor)<\/p>\n<p>\ud83d\udd39Assistente de Legaliza\u00e7\u00e3o (profissional com experi\u00eancia em aberturas de empresas\/ Requisitos disponibilidade para peri\u0301odo integral, ter experi\u00eancia no m\u00ednimo\u00a0 de 1 ano na \u00e0rea, ter dom\u00ednio em abertura e altera\u00e7\u00e3o de empresa\/ Sal\u00e1rio: R$ 1.700,00\/ Benef\u00edcios: vale-alimenta\u00e7\u00e3o + vale-transporte\/ Contrato: CLT)<\/p>\n<p>\ud83d\udd39 Assistente de Opera\u00e7\u00e3o E-Commerce\/ Marketplace (Buscamos profissionais din\u00e2micos, com energia para trabalhar com pessoas e processos, que pensem harmoniosamente, com foco e resultado no cliente e neg\u00f3cios da empresa\/ necess\u00e1rio conhecimento em Pacote Office e Excel avan\u00e7ado\/ sal\u00e1rio R$ 1.462,00 + benef\u00edcios + bonifica\u00e7\u00e3o\/ empresa possui plano de carreira\/ diferencial: vivencia em E-commerce\/ Segmento de E-Commerce\/ Marketplace)<\/p>\n<p>\ud83d\udd39 Assistente Comercial (profissional com experi\u00eancia em vendas, atendimento ao cliente, apresenta\u00e7\u00e3o de proposta, prospec\u00e7\u00e3o de novos alunos\/ conhecimento no pacote Office\/ diferencial: Viv\u00eancia na \u00e1rea da Educa\u00e7\u00e3o\/ sal\u00e1rio R$ R$1.200,00 + comiss\u00e3o + cesta b\u00e1sica\/ hor\u00e1rio: 08h00 \u00e0s 17h00 (segunda a sexta-feira)\u00a0 08h00 \u00e0s 12h00 (s\u00e1bados)\/ Segmento \u00c1rea da Educa\u00e7\u00e3o)<\/p>\n<p>\ud83d\udd39 Auxiliar Administrativo (profissional com experi\u00eancia em corretora de seguros, para auxiliar o departamento\/ Corretora de Seguros)<\/p>\n<p>\ud83d\udd39 Auxiliar Administrativo\/Atendimento (profissional com experi\u00eancia em atendimento e rotinas administrativas, planilha, controle de pagamento e toda rotina do setor\/ sal\u00e1rio: R$1.534,00\/ hor\u00e1rio: 8h00 \u00e0s 17h30 (segunda a sexta-feira) 8h00 ao 12h00 (aos s\u00e1bados) \/ Segmento Assist\u00eancia T\u00e9cnica<\/p>\n<p>\ud83d\udd39Auxiliar de Laborat\u00f3rio de Pr\u00f3tese (profissional para auxiliar o prot\u00e9tico em confec\u00e7\u00f5es de pr\u00f3tese fixa e m\u00f3vel, controle de material, estoque e rotinas da \u00e1rea\/ diferencial: Curso T\u00e9cnico na fun\u00e7\u00e3o\/ sal\u00e1rio: R$Fixo + Insalubridade + R$300,00 vale-refei\u00e7\u00e3o\u00a0 + vale-transporte\/ Cl\u00ednica Odontol\u00f3gica)<\/p>\n<p>\ud83d\udd39 Web Designer e Social M\u00eddia (profissional com experi\u00eancia em redes sociais e cria\u00e7\u00e3o de conte\u00fados para postagens\/ Segmento Ind\u00fastria Gr\u00e1fica)<\/p>\n<p>\ud83d\udd39 T\u00e9cnica de Sa\u00fade Bucal (profissional com experi\u00eancia, para auxiliar em cirurgias, esteriliza\u00e7\u00e3o, raio x, entre outras fun\u00e7\u00f5es pertinentes a fun\u00e7\u00e3o\/ ter o curso de TSB\/ sal\u00e1rio R$1.400,00 + Insalubridade \/benef\u00edcios: R$300,00 (vale-refei\u00e7\u00e3o) + vale-transporte \/ hor\u00e1rio: segunda-feira a s\u00e1bado\/ Cl\u00ednica Odontol\u00f3gica)<\/p>\n<p>\ud83d\udd39 Programador Genexus (profissional com experi\u00eancia em desenvolvimento e manuten\u00e7\u00e3o de programas desenvolvidos em Genexus, conhecimento nas seguintes vers\u00f5es: Gx10, Gx15, Gx16 ou Gx17, para plataformas Windows, Web e Banco de Dados Sql Server\/\u00a0 sal\u00e1rio: combinar + vale-refei\u00e7\u00e3o, PLR, assist\u00eancia m\u00e9dica e seguro de vida em grupo\/ hor\u00e1rio: de segunda a sexta-feira\/ CLT\/ Segmento empresa de Sistemas)<\/p>\n<p>\ud83d\udd39\u00a0 Recepcionista (profissional com experi\u00eancia na fun\u00e7\u00e3o\/ Realizar\u00e1 atendimento ao p\u00fablico, preenchimento de cadastro, movimento de banco, NF e promiss\u00f3rias\/ sal\u00e1rio R$ 1.320,00\/ hor\u00e1rio: 12h00 \u00e0s 21h00 (segunda a sexta-feira)\/ 15h00 \u00e0s 19h00 (aos s\u00e1bados)\/ Clinica Veterin\u00e1ria)<\/p>\n<p>\ud83d\udd39 Atendente de Cr\u00e9dito Consignado (profissional com experi\u00eancia para realizar venda presencial e via telefone para cr\u00e9dito consignado\/ sal\u00e1rio R$1.439,00 + vale-refei\u00e7\u00e3o\/ hor\u00e1rio: 08h30 \u00e0s 18h00\/ Segmento de Cr\u00e9dito Consignado)<\/p>\n<p>\ud83d\udd39 Vendas (profissional com experi\u00eancia e habilidade em vendas\/ Sal\u00e1rio: R$ 1.385,00 + comiss\u00e3o\/ Benef\u00edcios: vale-transporte\/ Hor\u00e1rio: 09h00 \u00e0s 18h00 (segunda \u00e1 s\u00e1bado) \/ 09h00 \u00e0s 13h00 (aos s\u00e1bados\/ Loja de Vestu\u00e1rio Esportivo)<\/p>\n<p>\ud83d\udd39 Vendas (profissional com experi\u00eancia no Segmento\/ necess\u00e1rio possuir CNH\/ sal\u00e1rio: R$ 1.365,00\/ hor\u00e1rio: comercial\/ Segmento de Agropecu\u00e1ria e Pet Shop)<\/p>\n<p>\ud83d\udd39 Vendedor (a) Externo (profissional com experi\u00eancia na fun\u00e7\u00e3o\/ necess\u00e1rio CNH A\/B \/ empresa disponibiliza carro\/ sal\u00e1rio R$ 1.505,00\/ hor\u00e1rio: 07h30 \u00e0s 18h00 (segunda a sexta-feira)\/ Segmento Atacado Aliment\u00edcio)<\/p>\n<p>&nbsp;<\/p>\n<p><strong>VAGAS OPERACIONAIS<\/strong><\/p>\n<p>\ud83d\udd39 Encarregado de Expedi\u00e7\u00e3o (profissional com experi\u00eancia na fun\u00e7\u00e3o\/ sal\u00e1rio R$ 2.000,00 + adicional noturno\/ hor\u00e1rio: 16h45 \u00e0s 01h23\/ Segmento Componentes para Cal\u00e7ados)<\/p>\n<p>\ud83d\udd39 Inspetor de Qualidade (profissional com conhecimento em processo de gest\u00e3o de qualidade\/ Desej\u00e1vel forma\u00e7\u00e3o Qu\u00edmica Industrial, Engenharia de Alimentos ou T\u00e9cnico Qu\u00edmico\/ sal\u00e1rio R$2.270,00 + R$220,00 insalubridade + R$230,00 vale-alimenta\u00e7\u00e3o + R$180,00 vale combust\u00edvel\/ Escala 12&#215;36\/ Segmento Aliment\u00edcio)<\/p>\n<p>\ud83d\udd39 Mec\u00e2nico de M\u00e1quinas de Cal\u00e7ados (profissional com experi\u00eancia, para manuten\u00e7\u00e3o e processo de inje\u00e7\u00e3o\/ Ind\u00fastria de Cal\u00e7ados)<\/p>\n<p>\ud83d\udd39 Mec\u00e2nico de Manuten\u00e7\u00e3o (profissional com experi\u00eancia na fun\u00e7\u00e3o\/ sal\u00e1rio R$ 1.965,00\/ Segmento Bebida)<\/p>\n<p>\ud83d\udd39 Mec\u00e2nico (profissional com experi\u00eancia na fun\u00e7\u00e3o\/ Necess\u00e1rio curso t\u00e9cnico na \u00e1rea e condu\u00e7\u00e3o pr\u00f3pria\/ disponibilidade para turnos\/ Segmento Aliment\u00edcio)<\/p>\n<p>\ud83d\udd39 Eletromec\u00e2nico (profissional com experi\u00eancia na fun\u00e7\u00e3o\/ Necess\u00e1rio curso t\u00e9cnico na \u00e1rea e condu\u00e7\u00e3o pr\u00f3pria\/ disponibilidade para turnos\/ Segmento Aliment\u00edcio)<\/p>\n<p>\ud83d\udd39Almoxarifado\/Estoque (profissional com experi\u00eancia em toda rotina do setor de estoque com foco de vendas de e-commerce\/ Segmento Vestu\u00e1rio)<\/p>\n<p>\ud83d\udd39Auxiliar de almoxarifado com viv\u00eancia no setor cal\u00e7adista (profissional com experi\u00eancia na fun\u00e7\u00e3o \/ realizar fechamento e fluxo, lan\u00e7ar NF\/ necess\u00e1rio conhecimento em opera\u00e7\u00e3o tribut\u00e1ria Ind\u00fastria de Cal\u00e7ados)<\/p>\n<p>\ud83d\udd39 Auxiliar de almoxarifado (profissional com vivencia na \u00e1rea, para organizar o estoque, atender os t\u00e9cnicos em pe\u00e7as, vendas no balc\u00e3o de pe\u00e7as e organiza\u00e7\u00e3o do local\/ Ensino M\u00e9dio Completo<br \/>\nsal\u00e1rio: R$ 1.534,00\/ hor\u00e1rio: 8h00 \u00e0s 17h30 (segunda a sexta-feira)\u00a0 8h00 \u00e0s 12h00 (aos s\u00e1bados)\/ Segmento Assist\u00eancia T\u00e9cnica)<\/p>\n<p>\ud83d\udd39 Auxiliar de Estoque e Balc\u00e3o (profissional com viv\u00eancia na \u00e1rea, para auxiliar no atendimento, organiza\u00e7\u00e3o do estoque e recebimento de mercadorias\/ R$1.230 ,00 ap\u00f3s de 6 meses R$1.385,00\/ Diferencial: Residir na regi\u00e3o do Jardim do \u00c9den\/ Segmento Componentes)<\/p>\n<p>\ud83d\udd39 Atendente\/Caixa (profissional com experi\u00eancia em atendimento, caixa e organiza\u00e7\u00e3o do local\/ R$1.415,00+ Ticket Alimenta\u00e7\u00e3o\/ Hor\u00e1rio: Escala 6&#215;1 (16h00 \u00e0s 00h00) com folga 1 domingo no m\u00eas\/ Segmento Pizzaria)<\/p>\n<p>\ud83d\udd39Sapateiro Aposentado (oportunidade para sapateiro aposentado\/ profissional com experi\u00eancia em todo processo produtivo de cal\u00e7ados\/ trabalhar no setor de amostrar\/ Ind\u00fastria de Cal\u00e7ados)<\/p>\n<p>\ud83d\udd39 Auxiliar de Entreposto\/ Plancheamento (profissional com experi\u00eancia na fun\u00e7\u00e3o e habilidade em inform\u00e1tica\/ sal\u00e1rio R$ 1.600,00\/ Ind\u00fastria de Cal\u00e7ados)<\/p>\n<p>\ud83d\udd39Revisora\/Costureira (profissional com viv\u00eancia em costura\/revis\u00e3o de vestu\u00e1rio\/conhecimento em M\u00e1quinas de Costura (Overloque\/Reta\/Galoneira)\/Segmento Vestu\u00e1rio)<\/p>\n<p>\ud83d\udd39 Operador de Produ\u00e7\u00e3o (profissional com experi\u00eancia na fun\u00e7\u00e3o\/ Necess\u00e1rio curso t\u00e9cnico na \u00e1rea e condu\u00e7\u00e3o pr\u00f3pria\/ disponibilidade para turnos\/ Segmento Aliment\u00edcio)<\/p>\n<p>\ud83d\udd39\u00a0 Cursando ou Formado em Engenharia de Produ\u00e7\u00e3o(profissional atuar\u00e1 no setor de cronoanalise\/ linhas de produ\u00e7\u00e3o \/ sal\u00e1rio R$1.300,00 + vale-transporte + assist\u00eancia m\u00e9dica + restaurante no local\/ Ind\u00fastria de Cal\u00e7ados)<\/p>\n<p>\ud83d\udd39 Banca de Pesponto (banca para realizar sapat\u00eanis e coturno masculino\/ produ\u00e7\u00e3o de 36 a 48 pares por dia\/ Ind\u00fastria de Cal\u00e7ados)<\/p>\n<p>\ud83d\udd39Pregador de Palmilha\/ Escalador (profissional com experi\u00eancia na fun\u00e7\u00e3o \/ Ind\u00fastria de Cal\u00e7ados)<\/p>\n<p>\ud83d\udd39 Moldador de Contra Forte (profissional com experi\u00eancia na fun\u00e7\u00e3o\/ sal\u00e1rio R$ 1.342,00 + R$150,00 (vale-alimenta\u00e7\u00e3o)\/ hor\u00e1rio: 06h45 \u00e0s 11h00 &#8211; 12h24 \u00e0s 16h58\/ Ind\u00fastria de Cal\u00e7ados)<\/p>\n<p>\ud83d\udd39 Pespontador (profissional com experi\u00eancia na fun\u00e7\u00e3o\/ Ind\u00fastria de Cal\u00e7ados)<\/p>\n<p>\ud83d\udd39 Coladeira de Pe\u00e7as (profissional com experi\u00eancia na fun\u00e7\u00e3o\/ Ind\u00fastria de Cal\u00e7ados)<\/p>\n<p>\ud83d\udd39 Revisor Final\/ Esteira (profissional com experi\u00eancia na fun\u00e7\u00e3o\/ Ind\u00fastria de Cal\u00e7ados)<\/p>\n<p>\ud83d\udd39 Auxiliar de Lavanderia (profissional com experi\u00eancia na fun\u00e7\u00e3o\/ R$1.415 + cesta b\u00e1sica\/ Hor\u00e1rio: 8h00 \u00e0s 17h00 (escala 6&#215;1)\/ Segmento Hotelaria)<\/p>\n<p>\ud83d\udd39 Dom\u00e9stica (profissional para realizar limpeza e organiza\u00e7\u00e3o da resid\u00eancia, lavar e passar, cozinhar somente para duas crian\u00e7as\/ sal\u00e1rio: R$ 1.358,00\/ hor\u00e1rio: 07h00 \u00e0s 17h00\/ Residencia localizada no Jardim S\u00e3o Vicente)<\/p>\n<p>\ud83d\udd39 Casal de caseiros (cortar grama, limpar piscina, cuidar de lancha, limpeza e organiza\u00e7\u00e3o da casa, cozinhar\/ R$1.300,00 (para cada) + assist\u00eancia m\u00e9dica + cesta b\u00e1sica) \/Rancho em Itamb\u00e9)<\/p>\n<p>&nbsp;<\/p>\n<p><strong>EST\u00c1GIO<\/strong><\/p>\n<p>\ud83d\udd39 Laborat\u00f3rio de Microbiologia (cursando \u00e1 partir do 2\u00b0 ano de Biologia, Farm\u00e1cia, Engenharia de alimentos e afins\/ bolsa auxilio+ vale-alimenta\u00e7\u00e3o+ alimenta\u00e7\u00e3o na empresa + assist\u00eancia m\u00e9dica+ assist\u00eancia odontol\u00f3gica + auxilio transporte + PRL\/ hor\u00e1rio: 08h00 \u00e0s 15h00 disponibilidade aos s\u00e1bados)<\/p>\n<p>\ud83d\udd39\u00a0 Laborat\u00f3rio de F\u00edsico -Qu\u00edmica (cursando \u00e1 partir do 2\u00b0 ano de Qu\u00edmica e afins\/ bolsa auxilio+ vale-alimenta\u00e7\u00e3o+ alimenta\u00e7\u00e3o na empresa + assist\u00eancia m\u00e9dica+ assist\u00eancia odontol\u00f3gica + auxilio transporte + PRL \/ hor\u00e1rio: 08h00 \u00e0s 15h00 disponibilidade aos s\u00e1bados)<\/p>\n<p>\ud83d\udd39 Engenharia Mec\u00e2nica\/ T\u00e9cnico Mec\u00e2nica (cursando Ensino Superior ou T\u00e9cnico em Mec\u00e2nica noturno\/ bolsa R$980,00)<\/p>\n<p>\ud83d\udd39 Cursando Ensino Universit\u00e1rio ou T\u00e9cnico em Administra\u00e7\u00e3o ou Recursos Humanos\/ cursas noturno\/ bolsa R$800,00 + R$100,00 (aux\u00edlio-transporte)\/ hor\u00e1rio: segunda a sexta-feira\/ Setor Imobili\u00e1rio)<\/p>\n<p>\ud83d\udd39 Cursando Ensino Universit\u00e1rio ou T\u00e9cnico em Administra\u00e7\u00e3o ou Recursos Humanos\/ cursar noturno\/ bolsa 700,00 + R$50,00 (aux\u00edlio-transporte)\/ hor\u00e1rio: 12h00 \u00e0s 17h50 (segunda a sexta-feira)<\/p>\n<p>&nbsp;<\/p>\n<p>VAGAS FRANCA\/RESTINGA<\/p>\n<p>Empresa do Segmento Aliment\u00edcio seleciona:<br \/>\n\u2022 Supervisor(a) de Produ\u00e7\u00e3o &#8211; (com experi\u00eancia no segmento Aliment\u00edcio)<br \/>\n\u2022 L\u00edderes de Opera\u00e7\u00e3o de Produ\u00e7\u00e3o &#8211; (com experi\u00eancia em processos no segmento aliment\u00edcio)<br \/>\n\u2022 Encarregado de Expedi\u00e7\u00e3o\/Almoxarifado &#8211; (com experi\u00eancia em insumos, consumos, recebimentos em geral da fun\u00e7\u00e3o)<br \/>\n\u2022 L\u00edderes de Controle de Qualidade de Laborat\u00f3rio &#8211; (Forma\u00e7\u00e3o e conhecimento em Microbiologia\/ efluentes\/ F\u00edsico-qu\u00edmica\/ Aliment\u00edcio)<br \/>\n\u2022 Analista de Laborat\u00f3rio<br \/>\n\u2022 Assistente de Laborat\u00f3rio<br \/>\n\u2022 Auxiliar de Almoxarifado<br \/>\n\u2022 Eletromec\u00e2nicos (Ter o Curso e experi\u00eancia na fun\u00e7\u00e3o)<br \/>\n\u2022 Operadores de Empilhadeira (Ter o Curso e experi\u00eancia na fun\u00e7\u00e3o)<br \/>\n\u2022 Operadores de Caldeira (Ter o Curso e experi\u00eancia na fun\u00e7\u00e3o)<br \/>\n\u2022 Operadores de Produ\u00e7\u00e3o:<br \/>\n\u2022 Operadores I<br \/>\n\u2022 Operadores II<br \/>\n\u2022 Operadores III<\/p>\n<p>Detalhes:<br \/>\n\u2022 Para as fun\u00e7\u00f5es de Produ\u00e7\u00e3o e Operadores \u2013 Necess\u00e1rio Ter ensino m\u00e9dio Completo.<br \/>\nDiferencial: Experi\u00eancia em segmento Aliment\u00edcio<br \/>\n\u2022 Disponibilidade de hor\u00e1rio para 3 (tr\u00eas) Turnos \u2013 (Todas as fun\u00e7\u00f5es)<\/p>\n<p>&nbsp;<\/p>\n<p>REGI\u00c3O (Residir na regi\u00e3o de Minas (Passos\/Prat\u00e1polis\/ Ita\u00fa de Minas\/Cassia)<\/p>\n<p>\ud83d\udd39Analista Fiscal S\u00eanior (profissional com experi\u00eancia para realizar planejamento, administra\u00e7\u00e3o e controle de todas as rotinas da \u00e1rea Fiscal, escritura\u00e7\u00e3o e apura\u00e7\u00e3o de todos os impostos incidentes e entrega de todos os arquivos das obriga\u00e7\u00f5es acess\u00f3rias, bem como acompanhar e providenciar todos<\/p>\n<p>os laudos, licen\u00e7as e cadastros exigidos pela legisla\u00e7\u00e3o\/ forma\u00e7\u00e3o: Superior completo em Ci\u00eancias Cont\u00e1beis, Administra\u00e7\u00e3o ou \u00e1reas afins\/ conhecimento nos sistemas Protheus ou SAP e Excel avan\u00e7ado\/ diferencial: Experi\u00eancia em apura\u00e7\u00e3o Lucro Real, Legisla\u00e7\u00e3o Tribut\u00e1ria e Contabilidade Geral\/\u00a0 sal\u00e1rio: combinar\/ Benef\u00edcios: Plano de sa\u00fade; Transporte; Alimenta\u00e7\u00e3o; Seguro de vida\/ Segmento Ind\u00fastria)<\/p>\n<p>&nbsp;<\/p>\n<p>VAGAS ITUVERAVA<\/p>\n<p>\ud83d\udd39 T\u00e9cnico de Manuten\u00e7\u00e3o El\u00e9trica (profissional com ampla viv\u00eancia em manuten\u00e7\u00e3o el\u00e9trica de m\u00e1quinas industriais para manuten\u00e7\u00e3o preventiva e corretiva\/ necess\u00e1rio curso T\u00e9cnico de El\u00e9trica ou Eletr\u00f4nico conclu\u00eddo\/ conhecimento no Pacote Office \/ disponibilidade de turnos\/ sal\u00e1rio R$2. 339,17 + 30% insalubridade (total R$ 3041,08)<\/p>\n","protected":false},"excerpt":{"rendered":"<p>VAGAS ADMINISTRATIVAS E COMERCIAIS \ud83d\udd39Analista Financeiro (profissional com ampla experi\u00eancia nas rotinas do setor\/ sal\u00e1rio r$ 2.500,00\/ Ind\u00fastria de Cal\u00e7ados) \ud83d\udd39Analista Financeiro (profissional com experi\u00eancia em<span class=\"excerpt-hellip\"> [\u2026]<\/span><\/p>\n","protected":false},"author":4,"featured_media":19218,"comment_status":"open","ping_status":"open","sticky":false,"template":"","format":"standard","meta":{"_jetpack_memberships_contains_paid_content":false,"footnotes":"","jetpack_publicize_message":"","jetpack_publicize_feature_enabled":true,"jetpack_social_post_already_shared":false,"jetpack_social_options":{"image_generator_settings":{"template":"highway","default_image_id":0,"enabled":false},"version":2}},"categories":[134,81],"tags":[],"class_list":["post-19217","post","type-post","status-publish","format-standard","has-post-thumbnail","hentry","category-empregos","category-manchete"],"yoast_head":"<!-- This site is optimized with the Yoast SEO plugin v25.6 - https:\/\/yoast.com\/wordpress\/plugins\/seo\/ -->\n<title>Vagas de Emprego - VerdadeOn<\/title>\n<meta name=\"robots\" content=\"index, follow, max-snippet:-1, max-image-preview:large, max-video-preview:-1\" \/>\n<link rel=\"canonical\" href=\"https:\/\/verdadeon.com.br\/portal\/2021\/09\/02\/vagas-de-emprego\/\" \/>\n<meta property=\"og:locale\" content=\"pt_BR\" \/>\n<meta property=\"og:type\" content=\"article\" \/>\n<meta property=\"og:title\" content=\"Vagas de Emprego - VerdadeOn\" \/>\n<meta property=\"og:description\" content=\"VAGAS ADMINISTRATIVAS E COMERCIAIS \ud83d\udd39Analista Financeiro (profissional com ampla experi\u00eancia nas rotinas do setor\/ sal\u00e1rio r$ 2.500,00\/ Ind\u00fastria de Cal\u00e7ados) \ud83d\udd39Analista Financeiro (profissional com experi\u00eancia em [\u2026]\" \/>\n<meta property=\"og:url\" content=\"https:\/\/verdadeon.com.br\/portal\/2021\/09\/02\/vagas-de-emprego\/\" \/>\n<meta property=\"og:site_name\" content=\"VerdadeOn\" \/>\n<meta property=\"article:published_time\" content=\"2021-09-02T11:55:17+00:00\" \/>\n<meta property=\"og:image\" content=\"https:\/\/verdadeon.com.br\/portal\/wp-content\/uploads\/2021\/09\/post-empregos.jpg\" \/>\n\t<meta property=\"og:image:width\" content=\"1000\" \/>\n\t<meta property=\"og:image:height\" content=\"670\" \/>\n\t<meta property=\"og:image:type\" content=\"image\/jpeg\" \/>\n<meta name=\"author\" content=\"Fernando Calixto\" \/>\n<meta name=\"twitter:card\" content=\"summary_large_image\" \/>\n<meta name=\"twitter:label1\" content=\"Escrito por\" \/>\n\t<meta name=\"twitter:data1\" content=\"Fernando Calixto\" \/>\n\t<meta name=\"twitter:label2\" content=\"Est. tempo de leitura\" \/>\n\t<meta name=\"twitter:data2\" content=\"7 minutos\" \/>\n<script type=\"application\/ld+json\" class=\"yoast-schema-graph\">{\"@context\":\"https:\/\/schema.org\",\"@graph\":[{\"@type\":\"WebPage\",\"@id\":\"https:\/\/verdadeon.com.br\/portal\/2021\/09\/02\/vagas-de-emprego\/\",\"url\":\"https:\/\/verdadeon.com.br\/portal\/2021\/09\/02\/vagas-de-emprego\/\",\"name\":\"Vagas de Emprego - VerdadeOn\",\"isPartOf\":{\"@id\":\"https:\/\/verdadeon.com.br\/portal\/#website\"},\"primaryImageOfPage\":{\"@id\":\"https:\/\/verdadeon.com.br\/portal\/2021\/09\/02\/vagas-de-emprego\/#primaryimage\"},\"image\":{\"@id\":\"https:\/\/verdadeon.com.br\/portal\/2021\/09\/02\/vagas-de-emprego\/#primaryimage\"},\"thumbnailUrl\":\"https:\/\/i0.wp.com\/verdadeon.com.br\/portal\/wp-content\/uploads\/2021\/09\/post-empregos.jpg?fit=1000%2C670&ssl=1\",\"datePublished\":\"2021-09-02T11:55:17+00:00\",\"author\":{\"@id\":\"https:\/\/verdadeon.com.br\/portal\/#\/schema\/person\/8994718f49ee62ba5610471e29ca1f62\"},\"breadcrumb\":{\"@id\":\"https:\/\/verdadeon.com.br\/portal\/2021\/09\/02\/vagas-de-emprego\/#breadcrumb\"},\"inLanguage\":\"pt-BR\",\"potentialAction\":[{\"@type\":\"ReadAction\",\"target\":[\"https:\/\/verdadeon.com.br\/portal\/2021\/09\/02\/vagas-de-emprego\/\"]}]},{\"@type\":\"ImageObject\",\"inLanguage\":\"pt-BR\",\"@id\":\"https:\/\/verdadeon.com.br\/portal\/2021\/09\/02\/vagas-de-emprego\/#primaryimage\",\"url\":\"https:\/\/i0.wp.com\/verdadeon.com.br\/portal\/wp-content\/uploads\/2021\/09\/post-empregos.jpg?fit=1000%2C670&ssl=1\",\"contentUrl\":\"https:\/\/i0.wp.com\/verdadeon.com.br\/portal\/wp-content\/uploads\/2021\/09\/post-empregos.jpg?fit=1000%2C670&ssl=1\",\"width\":1000,\"height\":670},{\"@type\":\"BreadcrumbList\",\"@id\":\"https:\/\/verdadeon.com.br\/portal\/2021\/09\/02\/vagas-de-emprego\/#breadcrumb\",\"itemListElement\":[{\"@type\":\"ListItem\",\"position\":1,\"name\":\"In\u00edcio\",\"item\":\"https:\/\/verdadeon.com.br\/portal\/\"},{\"@type\":\"ListItem\",\"position\":2,\"name\":\"Vagas de Emprego\"}]},{\"@type\":\"WebSite\",\"@id\":\"https:\/\/verdadeon.com.br\/portal\/#website\",\"url\":\"https:\/\/verdadeon.com.br\/portal\/\",\"name\":\"VerdadeOn\",\"description\":\"Not\u00edcias di\u00e1rias sobre Franca, Regi\u00e3o, Esporte, Cultura, Cotidiano, Colunas. Cobertura nos principais eventos da cidade \u00e9 aqui - Verdadeon Franca\",\"potentialAction\":[{\"@type\":\"SearchAction\",\"target\":{\"@type\":\"EntryPoint\",\"urlTemplate\":\"https:\/\/verdadeon.com.br\/portal\/?s={search_term_string}\"},\"query-input\":{\"@type\":\"PropertyValueSpecification\",\"valueRequired\":true,\"valueName\":\"search_term_string\"}}],\"inLanguage\":\"pt-BR\"},{\"@type\":\"Person\",\"@id\":\"https:\/\/verdadeon.com.br\/portal\/#\/schema\/person\/8994718f49ee62ba5610471e29ca1f62\",\"name\":\"Fernando Calixto\",\"image\":{\"@type\":\"ImageObject\",\"inLanguage\":\"pt-BR\",\"@id\":\"https:\/\/verdadeon.com.br\/portal\/#\/schema\/person\/image\/\",\"url\":\"https:\/\/secure.gravatar.com\/avatar\/7578910c24966c0316c340f9dbd601e93ee9f9212e1033968b367af9306bd9fb?s=96&d=mm&r=g\",\"contentUrl\":\"https:\/\/secure.gravatar.com\/avatar\/7578910c24966c0316c340f9dbd601e93ee9f9212e1033968b367af9306bd9fb?s=96&d=mm&r=g\",\"caption\":\"Fernando Calixto\"},\"url\":\"https:\/\/verdadeon.com.br\/portal\/author\/fernando-calixto\/\"}]}<\/script>\n<!-- \/ Yoast SEO plugin. -->","yoast_head_json":{"title":"Vagas de Emprego - VerdadeOn","robots":{"index":"index","follow":"follow","max-snippet":"max-snippet:-1","max-image-preview":"max-image-preview:large","max-video-preview":"max-video-preview:-1"},"canonical":"https:\/\/verdadeon.com.br\/portal\/2021\/09\/02\/vagas-de-emprego\/","og_locale":"pt_BR","og_type":"article","og_title":"Vagas de Emprego - VerdadeOn","og_description":"VAGAS ADMINISTRATIVAS E COMERCIAIS \ud83d\udd39Analista Financeiro (profissional com ampla experi\u00eancia nas rotinas do setor\/ sal\u00e1rio r$ 2.500,00\/ Ind\u00fastria de Cal\u00e7ados) \ud83d\udd39Analista Financeiro (profissional com experi\u00eancia em [\u2026]","og_url":"https:\/\/verdadeon.com.br\/portal\/2021\/09\/02\/vagas-de-emprego\/","og_site_name":"VerdadeOn","article_published_time":"2021-09-02T11:55:17+00:00","og_image":[{"width":1000,"height":670,"url":"https:\/\/verdadeon.com.br\/portal\/wp-content\/uploads\/2021\/09\/post-empregos.jpg","type":"image\/jpeg"}],"author":"Fernando Calixto","twitter_card":"summary_large_image","twitter_misc":{"Escrito por":"Fernando Calixto","Est. tempo de leitura":"7 minutos"},"schema":{"@context":"https:\/\/schema.org","@graph":[{"@type":"WebPage","@id":"https:\/\/verdadeon.com.br\/portal\/2021\/09\/02\/vagas-de-emprego\/","url":"https:\/\/verdadeon.com.br\/portal\/2021\/09\/02\/vagas-de-emprego\/","name":"Vagas de Emprego - VerdadeOn","isPartOf":{"@id":"https:\/\/verdadeon.com.br\/portal\/#website"},"primaryImageOfPage":{"@id":"https:\/\/verdadeon.com.br\/portal\/2021\/09\/02\/vagas-de-emprego\/#primaryimage"},"image":{"@id":"https:\/\/verdadeon.com.br\/portal\/2021\/09\/02\/vagas-de-emprego\/#primaryimage"},"thumbnailUrl":"https:\/\/i0.wp.com\/verdadeon.com.br\/portal\/wp-content\/uploads\/2021\/09\/post-empregos.jpg?fit=1000%2C670&ssl=1","datePublished":"2021-09-02T11:55:17+00:00","author":{"@id":"https:\/\/verdadeon.com.br\/portal\/#\/schema\/person\/8994718f49ee62ba5610471e29ca1f62"},"breadcrumb":{"@id":"https:\/\/verdadeon.com.br\/portal\/2021\/09\/02\/vagas-de-emprego\/#breadcrumb"},"inLanguage":"pt-BR","potentialAction":[{"@type":"ReadAction","target":["https:\/\/verdadeon.com.br\/portal\/2021\/09\/02\/vagas-de-emprego\/"]}]},{"@type":"ImageObject","inLanguage":"pt-BR","@id":"https:\/\/verdadeon.com.br\/portal\/2021\/09\/02\/vagas-de-emprego\/#primaryimage","url":"https:\/\/i0.wp.com\/verdadeon.com.br\/portal\/wp-content\/uploads\/2021\/09\/post-empregos.jpg?fit=1000%2C670&ssl=1","contentUrl":"https:\/\/i0.wp.com\/verdadeon.com.br\/portal\/wp-content\/uploads\/2021\/09\/post-empregos.jpg?fit=1000%2C670&ssl=1","width":1000,"height":670},{"@type":"BreadcrumbList","@id":"https:\/\/verdadeon.com.br\/portal\/2021\/09\/02\/vagas-de-emprego\/#breadcrumb","itemListElement":[{"@type":"ListItem","position":1,"name":"In\u00edcio","item":"https:\/\/verdadeon.com.br\/portal\/"},{"@type":"ListItem","position":2,"name":"Vagas de Emprego"}]},{"@type":"WebSite","@id":"https:\/\/verdadeon.com.br\/portal\/#website","url":"https:\/\/verdadeon.com.br\/portal\/","name":"VerdadeOn","description":"Not\u00edcias di\u00e1rias sobre Franca, Regi\u00e3o, Esporte, Cultura, Cotidiano, Colunas. Cobertura nos principais eventos da cidade \u00e9 aqui - Verdadeon Franca","potentialAction":[{"@type":"SearchAction","target":{"@type":"EntryPoint","urlTemplate":"https:\/\/verdadeon.com.br\/portal\/?s={search_term_string}"},"query-input":{"@type":"PropertyValueSpecification","valueRequired":true,"valueName":"search_term_string"}}],"inLanguage":"pt-BR"},{"@type":"Person","@id":"https:\/\/verdadeon.com.br\/portal\/#\/schema\/person\/8994718f49ee62ba5610471e29ca1f62","name":"Fernando Calixto","image":{"@type":"ImageObject","inLanguage":"pt-BR","@id":"https:\/\/verdadeon.com.br\/portal\/#\/schema\/person\/image\/","url":"https:\/\/secure.gravatar.com\/avatar\/7578910c24966c0316c340f9dbd601e93ee9f9212e1033968b367af9306bd9fb?s=96&d=mm&r=g","contentUrl":"https:\/\/secure.gravatar.com\/avatar\/7578910c24966c0316c340f9dbd601e93ee9f9212e1033968b367af9306bd9fb?s=96&d=mm&r=g","caption":"Fernando Calixto"},"url":"https:\/\/verdadeon.com.br\/portal\/author\/fernando-calixto\/"}]}},"jetpack_publicize_connections":[],"jetpack_featured_media_url":"https:\/\/i0.wp.com\/verdadeon.com.br\/portal\/wp-content\/uploads\/2021\/09\/post-empregos.jpg?fit=1000%2C670&ssl=1","jetpack_sharing_enabled":true,"_links":{"self":[{"href":"https:\/\/verdadeon.com.br\/portal\/wp-json\/wp\/v2\/posts\/19217","targetHints":{"allow":["GET"]}}],"collection":[{"href":"https:\/\/verdadeon.com.br\/portal\/wp-json\/wp\/v2\/posts"}],"about":[{"href":"https:\/\/verdadeon.com.br\/portal\/wp-json\/wp\/v2\/types\/post"}],"author":[{"embeddable":true,"href":"https:\/\/verdadeon.com.br\/portal\/wp-json\/wp\/v2\/users\/4"}],"replies":[{"embeddable":true,"href":"https:\/\/verdadeon.com.br\/portal\/wp-json\/wp\/v2\/comments?post=19217"}],"version-history":[{"count":0,"href":"https:\/\/verdadeon.com.br\/portal\/wp-json\/wp\/v2\/posts\/19217\/revisions"}],"wp:featuredmedia":[{"embeddable":true,"href":"https:\/\/verdadeon.com.br\/portal\/wp-json\/wp\/v2\/media\/19218"}],"wp:attachment":[{"href":"https:\/\/verdadeon.com.br\/portal\/wp-json\/wp\/v2\/media?parent=19217"}],"wp:term":[{"taxonomy":"category","embeddable":true,"href":"https:\/\/verdadeon.com.br\/portal\/wp-json\/wp\/v2\/categories?post=19217"},{"taxonomy":"post_tag","embeddable":true,"href":"https:\/\/verdadeon.com.br\/portal\/wp-json\/wp\/v2\/tags?post=19217"}],"curies":[{"name":"wp","href":"https:\/\/api.w.org\/{rel}","templated":true}]}}