{"id":19202,"date":"2021-09-01T19:28:12","date_gmt":"2021-09-01T22:28:12","guid":{"rendered":"https:\/\/verdadeon.com.br\/portal\/?p=19202"},"modified":"2021-09-01T19:31:21","modified_gmt":"2021-09-01T22:31:21","slug":"governo-lanca-bolsa-do-povo-educacao-para-2-mil-responsaveis-por-alunos-do-centro-paula-souza","status":"publish","type":"post","link":"https:\/\/verdadeon.com.br\/portal\/2021\/09\/01\/governo-lanca-bolsa-do-povo-educacao-para-2-mil-responsaveis-por-alunos-do-centro-paula-souza\/","title":{"rendered":"Governo lan\u00e7a Bolsa do Povo Educa\u00e7\u00e3o para 2 mil respons\u00e1veis por alunos do Centro Paula Souza"},"content":{"rendered":"<h2><span style=\"font-weight: 400;\">Investimento inicial ser\u00e1 de R$ 7,1 milh\u00f5es; a<\/span><span style=\"font-weight: 400;\">ux\u00edlio mensal de R$ 500 \u00e9 destinado para quem quiser atuar dentro das escolas<\/span><\/h2>\n<p><span style=\"font-weight: 400;\">O governador Jo\u00e3o Doria lan\u00e7ou nesta quarta-feira, 1, o Bolsa do Povo Educa\u00e7\u00e3o Centro Paula Souza. O aux\u00edlio ser\u00e1 destinado a 2.368 respons\u00e1veis legais de alunos da rede estadual de ensino t\u00e9cnico em situa\u00e7\u00e3o de vulnerabilidade social. A a\u00e7\u00e3o prev\u00ea pagamento de benef\u00edcio mensal no valor de R$ 500 a cada bolsista.<\/span><\/p>\n<p><span style=\"font-weight: 400;\">\u201cO Bolsa do Povo \u00e9 um programa inovador e exemplo para o Brasil. Vamos destinar bolsas de R$ 500 mensais para atender quem mais precisa. S\u00e3o fam\u00edlias vulner\u00e1veis que precisam de apoio, ensino e oportunidades\u201d, afirmou Doria em cerim\u00f4nia no Pal\u00e1cio dos Bandeirantes.\u00a0<\/span><\/p>\n<p><span style=\"font-weight: 400;\">O programa faz parte do Bolsa do Povo, criado pelo Governo de S\u00e3o Paulo para auxiliar a popula\u00e7\u00e3o mais vulner\u00e1vel prejudicadas por impactos negativos da Covid-19. A iniciativa permite ainda que pais, m\u00e3es e outros familiares se aproximem das escolas, com benef\u00edcios para toda a comunidade.<\/span><\/p>\n<p><span style=\"font-weight: 400;\">Na primeira fase, o Estado vai investir R$ 7,1 milh\u00f5es no programa. Os bolsistas v\u00e3o auxiliar equipes gestoras das Etecs e Fatecs no cumprimento do protocolo sanit\u00e1rio para o retorno facultativo \u00e0s aulas presenciais. Cada unidade ter\u00e1 ao menos quatro vagas \u2013 o n\u00famero pode variar de acordo com o tamanho da escola ou faculdade e total de alunos atendidos.\u00a0<\/span><\/p>\n<p><span style=\"font-weight: 400;\">Os benefici\u00e1rios do programa ser\u00e3o entrevistados pelos diretores de cada unidade. Todos os aux\u00edlios devem ser aprovados pelo N\u00facleo Regional de Administra\u00e7\u00e3o do Centro Paula Souza.<\/span><\/p>\n<p><span style=\"font-weight: 400;\">Os selecionados devem cumprir jornada de 20 horas semanais (quatro horas di\u00e1rias). O contrato vai durar seis meses, com a possibilidade de prorroga\u00e7\u00e3o at\u00e9 31 de dezembro de 2022. Para participar do processo seletivo, os interessados devem se inscrever no site www.bolsadopovo.sp.gov.br at\u00e9 o dia 12 de setembro e cumprir os seguintes requisitos:<\/span><\/p>\n<p><span style=\"font-weight: 400;\">&#8211; ser respons\u00e1vel legal de estudante matriculado<\/span><\/p>\n<p><span style=\"font-weight: 400;\">&#8211; ter idade entre 18 a 59 anos<\/span><\/p>\n<p><span style=\"font-weight: 400;\">&#8211; estar desempregado h\u00e1 pelo menos tr\u00eas meses<\/span><\/p>\n<p><span style=\"font-weight: 400;\">&#8211; n\u00e3o possuir comorbidades associadas \u00e0 Covid-19<\/span><\/p>\n<p><span style=\"font-weight: 400;\">&#8211; residir no munic\u00edpio onde est\u00e1 a Etec ou Fatec em que pretende atuar. Cada candidato pode se inscrever em at\u00e9 tr\u00eas unidades de ensino.<\/span><\/p>\n<h4>Notebooks<\/h4>\n<p><span style=\"font-weight: 400;\">O governador Jo\u00e3o Doria assinou ainda nesta quarta-feira, 1, o projeto de altera\u00e7\u00e3o da Lei Estadual n\u00ba 17.149, de 2003, que prev\u00ea subs\u00eddio de R$ 2 mil para aquisi\u00e7\u00e3o de notebooks pessoais para os professores concursados de Etecs e Fatecs do Centro Paula Souza. A proposta ser\u00e1 enviada para an\u00e1lise da Assembleia Legislativa.<\/span><\/p>\n<p><span style=\"font-weight: 400;\">&#8220;Todos os professores das Etecs e Fatecs receber\u00e3o R$ 2 mil para compra do notebook de sua prefer\u00eancia e estar com a melhor tecnologia dispon\u00edvel. Essa \u00e9 a forma de reconhecer o trabalho que voc\u00eas est\u00e3o realizando e tamb\u00e9m atender a uma demanda de tantos anos&#8221;, afirmou o Governador.<\/span><\/p>\n<p><span style=\"font-weight: 400;\">Os professores ter\u00e3o a oportunidade de escolher o equipamento que melhor atenda suas necessidades e utilizar o subs\u00eddio oferecido pelo Governo do Estado. Inicialmente, ser\u00e3o beneficiados cerca de 15 mil docentes com uma previs\u00e3o de investimento para este primeiro momento de R$ 29,7 milh\u00f5es.<\/span><\/p>\n<p><span style=\"font-weight: 400;\">A medida integra o Programa de Forma\u00e7\u00e3o Continuada que, atualmente, prev\u00ea o benef\u00edcio aos professores da Secretaria de Estado da Educa\u00e7\u00e3o. Ap\u00f3s a aprova\u00e7\u00e3o pelos deputados estaduais, a proposta ser\u00e1 devolvida ao Executivo para san\u00e7\u00e3o do Governador e aplica\u00e7\u00e3o pelo Centro Paula Souza.<\/span><\/p>\n","protected":false},"excerpt":{"rendered":"<p>Investimento inicial ser\u00e1 de R$ 7,1 milh\u00f5es; aux\u00edlio mensal de R$ 500 \u00e9 destinado para quem quiser atuar dentro das escolas O governador Jo\u00e3o Doria lan\u00e7ou<span class=\"excerpt-hellip\"> [\u2026]<\/span><\/p>\n","protected":false},"author":3,"featured_media":9630,"comment_status":"open","ping_status":"open","sticky":false,"template":"","format":"standard","meta":{"_jetpack_memberships_contains_paid_content":false,"footnotes":"","jetpack_publicize_message":"","jetpack_publicize_feature_enabled":true,"jetpack_social_post_already_shared":false,"jetpack_social_options":{"image_generator_settings":{"template":"highway","default_image_id":0,"enabled":false},"version":2}},"categories":[28,44],"tags":[],"class_list":["post-19202","post","type-post","status-publish","format-standard","has-post-thumbnail","hentry","category-cotidiano","category-noticias"],"yoast_head":"<!-- This site is optimized with the Yoast SEO plugin v25.6 - https:\/\/yoast.com\/wordpress\/plugins\/seo\/ -->\n<title>Governo lan\u00e7a Bolsa do Povo Educa\u00e7\u00e3o para 2 mil respons\u00e1veis por alunos do Centro Paula Souza - VerdadeOn<\/title>\n<meta name=\"robots\" content=\"index, follow, max-snippet:-1, max-image-preview:large, max-video-preview:-1\" \/>\n<link rel=\"canonical\" href=\"https:\/\/verdadeon.com.br\/portal\/2021\/09\/01\/governo-lanca-bolsa-do-povo-educacao-para-2-mil-responsaveis-por-alunos-do-centro-paula-souza\/\" \/>\n<meta property=\"og:locale\" content=\"pt_BR\" \/>\n<meta property=\"og:type\" content=\"article\" \/>\n<meta property=\"og:title\" content=\"Governo lan\u00e7a Bolsa do Povo Educa\u00e7\u00e3o para 2 mil respons\u00e1veis por alunos do Centro Paula Souza - VerdadeOn\" \/>\n<meta property=\"og:description\" content=\"Investimento inicial ser\u00e1 de R$ 7,1 milh\u00f5es; aux\u00edlio mensal de R$ 500 \u00e9 destinado para quem quiser atuar dentro das escolas O governador Jo\u00e3o Doria lan\u00e7ou [\u2026]\" \/>\n<meta property=\"og:url\" content=\"https:\/\/verdadeon.com.br\/portal\/2021\/09\/01\/governo-lanca-bolsa-do-povo-educacao-para-2-mil-responsaveis-por-alunos-do-centro-paula-souza\/\" \/>\n<meta property=\"og:site_name\" content=\"VerdadeOn\" \/>\n<meta property=\"article:published_time\" content=\"2021-09-01T22:28:12+00:00\" \/>\n<meta property=\"article:modified_time\" content=\"2021-09-01T22:31:21+00:00\" \/>\n<meta property=\"og:image\" content=\"https:\/\/verdadeon.com.br\/portal\/wp-content\/uploads\/2020\/08\/edit_vac_abr_ebc_221020196104.jpg\" \/>\n\t<meta property=\"og:image:width\" content=\"1000\" \/>\n\t<meta property=\"og:image:height\" content=\"670\" \/>\n\t<meta property=\"og:image:type\" content=\"image\/jpeg\" \/>\n<meta name=\"author\" content=\"Admin\" \/>\n<meta name=\"twitter:card\" content=\"summary_large_image\" \/>\n<meta name=\"twitter:label1\" content=\"Escrito por\" \/>\n\t<meta name=\"twitter:data1\" content=\"Admin\" \/>\n\t<meta name=\"twitter:label2\" content=\"Est. tempo de leitura\" \/>\n\t<meta name=\"twitter:data2\" content=\"3 minutos\" \/>\n<script type=\"application\/ld+json\" class=\"yoast-schema-graph\">{\"@context\":\"https:\/\/schema.org\",\"@graph\":[{\"@type\":\"WebPage\",\"@id\":\"https:\/\/verdadeon.com.br\/portal\/2021\/09\/01\/governo-lanca-bolsa-do-povo-educacao-para-2-mil-responsaveis-por-alunos-do-centro-paula-souza\/\",\"url\":\"https:\/\/verdadeon.com.br\/portal\/2021\/09\/01\/governo-lanca-bolsa-do-povo-educacao-para-2-mil-responsaveis-por-alunos-do-centro-paula-souza\/\",\"name\":\"Governo lan\u00e7a Bolsa do Povo Educa\u00e7\u00e3o para 2 mil respons\u00e1veis por alunos do Centro Paula Souza - VerdadeOn\",\"isPartOf\":{\"@id\":\"https:\/\/verdadeon.com.br\/portal\/#website\"},\"primaryImageOfPage\":{\"@id\":\"https:\/\/verdadeon.com.br\/portal\/2021\/09\/01\/governo-lanca-bolsa-do-povo-educacao-para-2-mil-responsaveis-por-alunos-do-centro-paula-souza\/#primaryimage\"},\"image\":{\"@id\":\"https:\/\/verdadeon.com.br\/portal\/2021\/09\/01\/governo-lanca-bolsa-do-povo-educacao-para-2-mil-responsaveis-por-alunos-do-centro-paula-souza\/#primaryimage\"},\"thumbnailUrl\":\"https:\/\/i0.wp.com\/verdadeon.com.br\/portal\/wp-content\/uploads\/2020\/08\/edit_vac_abr_ebc_221020196104.jpg?fit=1000%2C670&ssl=1\",\"datePublished\":\"2021-09-01T22:28:12+00:00\",\"dateModified\":\"2021-09-01T22:31:21+00:00\",\"author\":{\"@id\":\"https:\/\/verdadeon.com.br\/portal\/#\/schema\/person\/31b3f1eb559e4ce9d3c1dc1f2268a70c\"},\"breadcrumb\":{\"@id\":\"https:\/\/verdadeon.com.br\/portal\/2021\/09\/01\/governo-lanca-bolsa-do-povo-educacao-para-2-mil-responsaveis-por-alunos-do-centro-paula-souza\/#breadcrumb\"},\"inLanguage\":\"pt-BR\",\"potentialAction\":[{\"@type\":\"ReadAction\",\"target\":[\"https:\/\/verdadeon.com.br\/portal\/2021\/09\/01\/governo-lanca-bolsa-do-povo-educacao-para-2-mil-responsaveis-por-alunos-do-centro-paula-souza\/\"]}]},{\"@type\":\"ImageObject\",\"inLanguage\":\"pt-BR\",\"@id\":\"https:\/\/verdadeon.com.br\/portal\/2021\/09\/01\/governo-lanca-bolsa-do-povo-educacao-para-2-mil-responsaveis-por-alunos-do-centro-paula-souza\/#primaryimage\",\"url\":\"https:\/\/i0.wp.com\/verdadeon.com.br\/portal\/wp-content\/uploads\/2020\/08\/edit_vac_abr_ebc_221020196104.jpg?fit=1000%2C670&ssl=1\",\"contentUrl\":\"https:\/\/i0.wp.com\/verdadeon.com.br\/portal\/wp-content\/uploads\/2020\/08\/edit_vac_abr_ebc_221020196104.jpg?fit=1000%2C670&ssl=1\",\"width\":1000,\"height\":670,\"caption\":\"O governador de S\u00e3o Paulo, Jo\u00e3o Doria, fala \u00e0 imprensa, ap\u00f3s encontro com o presidente em exerc\u00edcio , General Hamilton Mour\u00e3o\"},{\"@type\":\"BreadcrumbList\",\"@id\":\"https:\/\/verdadeon.com.br\/portal\/2021\/09\/01\/governo-lanca-bolsa-do-povo-educacao-para-2-mil-responsaveis-por-alunos-do-centro-paula-souza\/#breadcrumb\",\"itemListElement\":[{\"@type\":\"ListItem\",\"position\":1,\"name\":\"In\u00edcio\",\"item\":\"https:\/\/verdadeon.com.br\/portal\/\"},{\"@type\":\"ListItem\",\"position\":2,\"name\":\"Governo lan\u00e7a Bolsa do Povo Educa\u00e7\u00e3o para 2 mil respons\u00e1veis por alunos do Centro Paula Souza\"}]},{\"@type\":\"WebSite\",\"@id\":\"https:\/\/verdadeon.com.br\/portal\/#website\",\"url\":\"https:\/\/verdadeon.com.br\/portal\/\",\"name\":\"VerdadeOn\",\"description\":\"Not\u00edcias di\u00e1rias sobre Franca, Regi\u00e3o, Esporte, Cultura, Cotidiano, Colunas. Cobertura nos principais eventos da cidade \u00e9 aqui - Verdadeon Franca\",\"potentialAction\":[{\"@type\":\"SearchAction\",\"target\":{\"@type\":\"EntryPoint\",\"urlTemplate\":\"https:\/\/verdadeon.com.br\/portal\/?s={search_term_string}\"},\"query-input\":{\"@type\":\"PropertyValueSpecification\",\"valueRequired\":true,\"valueName\":\"search_term_string\"}}],\"inLanguage\":\"pt-BR\"},{\"@type\":\"Person\",\"@id\":\"https:\/\/verdadeon.com.br\/portal\/#\/schema\/person\/31b3f1eb559e4ce9d3c1dc1f2268a70c\",\"name\":\"Admin\",\"image\":{\"@type\":\"ImageObject\",\"inLanguage\":\"pt-BR\",\"@id\":\"https:\/\/verdadeon.com.br\/portal\/#\/schema\/person\/image\/\",\"url\":\"https:\/\/secure.gravatar.com\/avatar\/e550a5b4dab3efe8ca3a8bf0fb981073a921f9a24159040707270602980dd8af?s=96&d=mm&r=g\",\"contentUrl\":\"https:\/\/secure.gravatar.com\/avatar\/e550a5b4dab3efe8ca3a8bf0fb981073a921f9a24159040707270602980dd8af?s=96&d=mm&r=g\",\"caption\":\"Admin\"},\"url\":\"https:\/\/verdadeon.com.br\/portal\/author\/admin\/\"}]}<\/script>\n<!-- \/ Yoast SEO plugin. -->","yoast_head_json":{"title":"Governo lan\u00e7a Bolsa do Povo Educa\u00e7\u00e3o para 2 mil respons\u00e1veis por alunos do Centro Paula Souza - VerdadeOn","robots":{"index":"index","follow":"follow","max-snippet":"max-snippet:-1","max-image-preview":"max-image-preview:large","max-video-preview":"max-video-preview:-1"},"canonical":"https:\/\/verdadeon.com.br\/portal\/2021\/09\/01\/governo-lanca-bolsa-do-povo-educacao-para-2-mil-responsaveis-por-alunos-do-centro-paula-souza\/","og_locale":"pt_BR","og_type":"article","og_title":"Governo lan\u00e7a Bolsa do Povo Educa\u00e7\u00e3o para 2 mil respons\u00e1veis por alunos do Centro Paula Souza - VerdadeOn","og_description":"Investimento inicial ser\u00e1 de R$ 7,1 milh\u00f5es; aux\u00edlio mensal de R$ 500 \u00e9 destinado para quem quiser atuar dentro das escolas O governador Jo\u00e3o Doria lan\u00e7ou [\u2026]","og_url":"https:\/\/verdadeon.com.br\/portal\/2021\/09\/01\/governo-lanca-bolsa-do-povo-educacao-para-2-mil-responsaveis-por-alunos-do-centro-paula-souza\/","og_site_name":"VerdadeOn","article_published_time":"2021-09-01T22:28:12+00:00","article_modified_time":"2021-09-01T22:31:21+00:00","og_image":[{"width":1000,"height":670,"url":"https:\/\/verdadeon.com.br\/portal\/wp-content\/uploads\/2020\/08\/edit_vac_abr_ebc_221020196104.jpg","type":"image\/jpeg"}],"author":"Admin","twitter_card":"summary_large_image","twitter_misc":{"Escrito por":"Admin","Est. tempo de leitura":"3 minutos"},"schema":{"@context":"https:\/\/schema.org","@graph":[{"@type":"WebPage","@id":"https:\/\/verdadeon.com.br\/portal\/2021\/09\/01\/governo-lanca-bolsa-do-povo-educacao-para-2-mil-responsaveis-por-alunos-do-centro-paula-souza\/","url":"https:\/\/verdadeon.com.br\/portal\/2021\/09\/01\/governo-lanca-bolsa-do-povo-educacao-para-2-mil-responsaveis-por-alunos-do-centro-paula-souza\/","name":"Governo lan\u00e7a Bolsa do Povo Educa\u00e7\u00e3o para 2 mil respons\u00e1veis por alunos do Centro Paula Souza - VerdadeOn","isPartOf":{"@id":"https:\/\/verdadeon.com.br\/portal\/#website"},"primaryImageOfPage":{"@id":"https:\/\/verdadeon.com.br\/portal\/2021\/09\/01\/governo-lanca-bolsa-do-povo-educacao-para-2-mil-responsaveis-por-alunos-do-centro-paula-souza\/#primaryimage"},"image":{"@id":"https:\/\/verdadeon.com.br\/portal\/2021\/09\/01\/governo-lanca-bolsa-do-povo-educacao-para-2-mil-responsaveis-por-alunos-do-centro-paula-souza\/#primaryimage"},"thumbnailUrl":"https:\/\/i0.wp.com\/verdadeon.com.br\/portal\/wp-content\/uploads\/2020\/08\/edit_vac_abr_ebc_221020196104.jpg?fit=1000%2C670&ssl=1","datePublished":"2021-09-01T22:28:12+00:00","dateModified":"2021-09-01T22:31:21+00:00","author":{"@id":"https:\/\/verdadeon.com.br\/portal\/#\/schema\/person\/31b3f1eb559e4ce9d3c1dc1f2268a70c"},"breadcrumb":{"@id":"https:\/\/verdadeon.com.br\/portal\/2021\/09\/01\/governo-lanca-bolsa-do-povo-educacao-para-2-mil-responsaveis-por-alunos-do-centro-paula-souza\/#breadcrumb"},"inLanguage":"pt-BR","potentialAction":[{"@type":"ReadAction","target":["https:\/\/verdadeon.com.br\/portal\/2021\/09\/01\/governo-lanca-bolsa-do-povo-educacao-para-2-mil-responsaveis-por-alunos-do-centro-paula-souza\/"]}]},{"@type":"ImageObject","inLanguage":"pt-BR","@id":"https:\/\/verdadeon.com.br\/portal\/2021\/09\/01\/governo-lanca-bolsa-do-povo-educacao-para-2-mil-responsaveis-por-alunos-do-centro-paula-souza\/#primaryimage","url":"https:\/\/i0.wp.com\/verdadeon.com.br\/portal\/wp-content\/uploads\/2020\/08\/edit_vac_abr_ebc_221020196104.jpg?fit=1000%2C670&ssl=1","contentUrl":"https:\/\/i0.wp.com\/verdadeon.com.br\/portal\/wp-content\/uploads\/2020\/08\/edit_vac_abr_ebc_221020196104.jpg?fit=1000%2C670&ssl=1","width":1000,"height":670,"caption":"O governador de S\u00e3o Paulo, Jo\u00e3o Doria, fala \u00e0 imprensa, ap\u00f3s encontro com o presidente em exerc\u00edcio , General Hamilton Mour\u00e3o"},{"@type":"BreadcrumbList","@id":"https:\/\/verdadeon.com.br\/portal\/2021\/09\/01\/governo-lanca-bolsa-do-povo-educacao-para-2-mil-responsaveis-por-alunos-do-centro-paula-souza\/#breadcrumb","itemListElement":[{"@type":"ListItem","position":1,"name":"In\u00edcio","item":"https:\/\/verdadeon.com.br\/portal\/"},{"@type":"ListItem","position":2,"name":"Governo lan\u00e7a Bolsa do Povo Educa\u00e7\u00e3o para 2 mil respons\u00e1veis por alunos do Centro Paula Souza"}]},{"@type":"WebSite","@id":"https:\/\/verdadeon.com.br\/portal\/#website","url":"https:\/\/verdadeon.com.br\/portal\/","name":"VerdadeOn","description":"Not\u00edcias di\u00e1rias sobre Franca, Regi\u00e3o, Esporte, Cultura, Cotidiano, Colunas. Cobertura nos principais eventos da cidade \u00e9 aqui - Verdadeon Franca","potentialAction":[{"@type":"SearchAction","target":{"@type":"EntryPoint","urlTemplate":"https:\/\/verdadeon.com.br\/portal\/?s={search_term_string}"},"query-input":{"@type":"PropertyValueSpecification","valueRequired":true,"valueName":"search_term_string"}}],"inLanguage":"pt-BR"},{"@type":"Person","@id":"https:\/\/verdadeon.com.br\/portal\/#\/schema\/person\/31b3f1eb559e4ce9d3c1dc1f2268a70c","name":"Admin","image":{"@type":"ImageObject","inLanguage":"pt-BR","@id":"https:\/\/verdadeon.com.br\/portal\/#\/schema\/person\/image\/","url":"https:\/\/secure.gravatar.com\/avatar\/e550a5b4dab3efe8ca3a8bf0fb981073a921f9a24159040707270602980dd8af?s=96&d=mm&r=g","contentUrl":"https:\/\/secure.gravatar.com\/avatar\/e550a5b4dab3efe8ca3a8bf0fb981073a921f9a24159040707270602980dd8af?s=96&d=mm&r=g","caption":"Admin"},"url":"https:\/\/verdadeon.com.br\/portal\/author\/admin\/"}]}},"jetpack_publicize_connections":[],"jetpack_featured_media_url":"https:\/\/i0.wp.com\/verdadeon.com.br\/portal\/wp-content\/uploads\/2020\/08\/edit_vac_abr_ebc_221020196104.jpg?fit=1000%2C670&ssl=1","jetpack_sharing_enabled":true,"_links":{"self":[{"href":"https:\/\/verdadeon.com.br\/portal\/wp-json\/wp\/v2\/posts\/19202","targetHints":{"allow":["GET"]}}],"collection":[{"href":"https:\/\/verdadeon.com.br\/portal\/wp-json\/wp\/v2\/posts"}],"about":[{"href":"https:\/\/verdadeon.com.br\/portal\/wp-json\/wp\/v2\/types\/post"}],"author":[{"embeddable":true,"href":"https:\/\/verdadeon.com.br\/portal\/wp-json\/wp\/v2\/users\/3"}],"replies":[{"embeddable":true,"href":"https:\/\/verdadeon.com.br\/portal\/wp-json\/wp\/v2\/comments?post=19202"}],"version-history":[{"count":0,"href":"https:\/\/verdadeon.com.br\/portal\/wp-json\/wp\/v2\/posts\/19202\/revisions"}],"wp:featuredmedia":[{"embeddable":true,"href":"https:\/\/verdadeon.com.br\/portal\/wp-json\/wp\/v2\/media\/9630"}],"wp:attachment":[{"href":"https:\/\/verdadeon.com.br\/portal\/wp-json\/wp\/v2\/media?parent=19202"}],"wp:term":[{"taxonomy":"category","embeddable":true,"href":"https:\/\/verdadeon.com.br\/portal\/wp-json\/wp\/v2\/categories?post=19202"},{"taxonomy":"post_tag","embeddable":true,"href":"https:\/\/verdadeon.com.br\/portal\/wp-json\/wp\/v2\/tags?post=19202"}],"curies":[{"name":"wp","href":"https:\/\/api.w.org\/{rel}","templated":true}]}}