{"id":19200,"date":"2021-09-01T18:42:17","date_gmt":"2021-09-01T21:42:17","guid":{"rendered":"https:\/\/verdadeon.com.br\/portal\/?p=19200"},"modified":"2021-09-01T18:42:17","modified_gmt":"2021-09-01T21:42:17","slug":"cristais-adota-racionamento-noturno-pedregulho-ja-depende-de-captacao-emergencial","status":"publish","type":"post","link":"https:\/\/verdadeon.com.br\/portal\/2021\/09\/01\/cristais-adota-racionamento-noturno-pedregulho-ja-depende-de-captacao-emergencial\/","title":{"rendered":"Cristais adota racionamento noturno; Pedregulho j\u00e1 depende de capta\u00e7\u00e3o emergencial"},"content":{"rendered":"<h2>Risco de falta d\u00b4\u00e1gua tamb\u00e9m amea\u00e7a regi\u00e3o. Prefeituras adotam campanhas para evitar desperd\u00edcio<\/h2>\n<p><span style=\"font-weight: 400;\">O racionamento de \u00e1gua n\u00e3o \u00e9 realidade apenas em Franca. Na regi\u00e3o, j\u00e1 \u00e9 adotado em Cristais Paulista e pode chegar a outras cidades se n\u00e3o houver chuvas e se a popula\u00e7\u00e3o n\u00e3o adotar o uso consciente. Pedregulho j\u00e1 opera com uma capta\u00e7\u00e3o emergencial para garantir \u00e1gua nas torneiras. Alex Veronez, gerente distrital da Sabesp, que \u00e9 respons\u00e1vel pelo abastecimento de \u00e1gua em Franca e 15 cidades vizinhas, disse que a situa\u00e7\u00e3o n\u00e3o \u00e9 t\u00e3o severa quanto em Franca, mas requer cuidado.<\/span><\/p>\n<p><span style=\"font-weight: 400;\">Desde o final de julho, a Prefeitura de Cristais Paulista colocou em pr\u00e1tica um plano de racionamento noturno. A partir das 22 horas, a capta\u00e7\u00e3o na represa \u00e9 reduzida em 90% e da meia-noite \u00e0s 5 horas a Esta\u00e7\u00e3o de Tratamento de Esgoto \u00e9 desligada. Com a redu\u00e7\u00e3o na capta\u00e7\u00e3o e o desligamento, a represa recupera o volume e o fornecimento de \u00e1gua pode ser restabelecido durante o dia. As casas sem caixa d\u00b4\u00e1gua ficam desabastecidas, mas a grande maioria disp\u00f5e desse recurso, de acordo com a assessoria de imprensa da Prefeitura.<\/span><\/p>\n<p><span style=\"font-weight: 400;\">O sistema de capta\u00e7\u00e3o permanece sendo monitorado tr\u00eas vezes por dia e, se a situa\u00e7\u00e3o se agravar, as medidas passar\u00e3o a ser adotadas durante o dia tamb\u00e9m.<\/span><\/p>\n<h4><span style=\"font-weight: 400;\">Suporte<\/span><\/h4>\n<p><span style=\"font-weight: 400;\">Em Pedregulho, como em Franca, tamb\u00e9m \u00e9 feita a chamada capta\u00e7\u00e3o superficial &#8211; e n\u00e3o em po\u00e7os &#8211; no C\u00f3rrego Indai\u00e1, que se encontra com n\u00edvel bem abaixo do normal para este per\u00edodo do ano, segundo Alex Veronez, gerente da Sabesp. A companhia montou uma capta\u00e7\u00e3o emergencial que est\u00e1 em opera\u00e7\u00e3o h\u00e1 dois meses. \u201cEstamos monitorando Pedregulho diariamente. A situa\u00e7\u00e3o est\u00e1 um pouco mais controlada que em Franca, que \u00e9 uma cidade maior e tem consumo mais elevado, mas requer cuidados e aten\u00e7\u00e3o, assim como outros munic\u00edpios\u201d, afirmou ele.<\/span><\/p>\n<p><span style=\"font-weight: 400;\">Na regi\u00e3o, a Sabesp \u00e9 respons\u00e1vel pelo abastecimento em 16 cidades, como Rifaina, Restinga, Itirapu\u00e3, Jeriquara e Ribeir\u00e3o Corrente. A companhia tem feito campanhas de conscientiza\u00e7\u00e3o em r\u00e1dios e redes sociais. \u201cPedimos para que todos fa\u00e7am uso consciente de \u00e1gua. Todo mundo est\u00e1 vendo que a crise h\u00eddrica n\u00e3o \u00e9 uma quest\u00e3o local, atinge v\u00e1rias cidades. A gente precisa economizar para atravessar esse momento com menos impacto poss\u00edvel\u201d.<\/span><\/p>\n<p><span style=\"font-weight: 400;\">A recomenda\u00e7\u00e3o \u00e9 para que a popula\u00e7\u00e3o tome banhos mais r\u00e1pidos, n\u00e3o lave \u00e1reas externas ou use balde e vassoura para evitar gasto excessivo com mangueira de \u00e1gua. Consertar vazamentos internos tamb\u00e9m \u00e9 importante porque s\u00e3o grandes vil\u00f5es do desperd\u00edcio.<\/span><\/p>\n<h4><span style=\"font-weight: 400;\">Campanhas contra desperd\u00edcio<\/span><\/h4>\n<p><span style=\"font-weight: 400;\">As prefeituras tamb\u00e9m t\u00eam feito campanhas para estimular o uso racional de \u00e1gua. As assessorias de imprensa das Prefeituras Patroc\u00ednio Paulista, Ribeir\u00e3o Corrente e Pedregulho informaram que adotam carros de som, divulga\u00e7\u00e3o nas redes sociais e far\u00e3o a\u00e7\u00f5es nas escolas para orientar a popula\u00e7\u00e3o sobre o risco de racionamento por causa da falta de chuvas neste ano.<\/span><\/p>\n","protected":false},"excerpt":{"rendered":"<p>Risco de falta d\u00b4\u00e1gua tamb\u00e9m amea\u00e7a regi\u00e3o. Prefeituras adotam campanhas para evitar desperd\u00edcio O racionamento de \u00e1gua n\u00e3o \u00e9 realidade apenas em Franca. Na regi\u00e3o, j\u00e1<span class=\"excerpt-hellip\"> [\u2026]<\/span><\/p>\n","protected":false},"author":12,"featured_media":18656,"comment_status":"open","ping_status":"open","sticky":false,"template":"","format":"standard","meta":{"_jetpack_memberships_contains_paid_content":false,"footnotes":"","jetpack_publicize_message":"","jetpack_publicize_feature_enabled":true,"jetpack_social_post_already_shared":false,"jetpack_social_options":{"image_generator_settings":{"template":"highway","default_image_id":0,"enabled":false},"version":2}},"categories":[28,44],"tags":[],"class_list":["post-19200","post","type-post","status-publish","format-standard","has-post-thumbnail","hentry","category-cotidiano","category-noticias"],"yoast_head":"<!-- This site is optimized with the Yoast SEO plugin v25.6 - https:\/\/yoast.com\/wordpress\/plugins\/seo\/ -->\n<title>Cristais adota racionamento noturno; Pedregulho j\u00e1 depende de capta\u00e7\u00e3o emergencial - VerdadeOn<\/title>\n<meta name=\"robots\" content=\"index, follow, max-snippet:-1, max-image-preview:large, max-video-preview:-1\" \/>\n<link rel=\"canonical\" href=\"https:\/\/verdadeon.com.br\/portal\/2021\/09\/01\/cristais-adota-racionamento-noturno-pedregulho-ja-depende-de-captacao-emergencial\/\" \/>\n<meta property=\"og:locale\" content=\"pt_BR\" \/>\n<meta property=\"og:type\" content=\"article\" \/>\n<meta property=\"og:title\" content=\"Cristais adota racionamento noturno; Pedregulho j\u00e1 depende de capta\u00e7\u00e3o emergencial - VerdadeOn\" \/>\n<meta property=\"og:description\" content=\"Risco de falta d\u00b4\u00e1gua tamb\u00e9m amea\u00e7a regi\u00e3o. Prefeituras adotam campanhas para evitar desperd\u00edcio O racionamento de \u00e1gua n\u00e3o \u00e9 realidade apenas em Franca. Na regi\u00e3o, j\u00e1 [\u2026]\" \/>\n<meta property=\"og:url\" content=\"https:\/\/verdadeon.com.br\/portal\/2021\/09\/01\/cristais-adota-racionamento-noturno-pedregulho-ja-depende-de-captacao-emergencial\/\" \/>\n<meta property=\"og:site_name\" content=\"VerdadeOn\" \/>\n<meta property=\"article:published_time\" content=\"2021-09-01T21:42:17+00:00\" \/>\n<meta property=\"og:image\" content=\"https:\/\/verdadeon.com.br\/portal\/wp-content\/uploads\/2021\/08\/AGUA_CRISTAISPAULISTA1-e1630532416451.png\" \/>\n\t<meta property=\"og:image:width\" content=\"937\" \/>\n\t<meta property=\"og:image:height\" content=\"628\" \/>\n\t<meta property=\"og:image:type\" content=\"image\/png\" \/>\n<meta name=\"author\" content=\"Nelise Luques\" \/>\n<meta name=\"twitter:card\" content=\"summary_large_image\" \/>\n<meta name=\"twitter:label1\" content=\"Escrito por\" \/>\n\t<meta name=\"twitter:data1\" content=\"Nelise Luques\" \/>\n\t<meta name=\"twitter:label2\" content=\"Est. tempo de leitura\" \/>\n\t<meta name=\"twitter:data2\" content=\"3 minutos\" \/>\n<script type=\"application\/ld+json\" class=\"yoast-schema-graph\">{\"@context\":\"https:\/\/schema.org\",\"@graph\":[{\"@type\":\"WebPage\",\"@id\":\"https:\/\/verdadeon.com.br\/portal\/2021\/09\/01\/cristais-adota-racionamento-noturno-pedregulho-ja-depende-de-captacao-emergencial\/\",\"url\":\"https:\/\/verdadeon.com.br\/portal\/2021\/09\/01\/cristais-adota-racionamento-noturno-pedregulho-ja-depende-de-captacao-emergencial\/\",\"name\":\"Cristais adota racionamento noturno; Pedregulho j\u00e1 depende de capta\u00e7\u00e3o emergencial - VerdadeOn\",\"isPartOf\":{\"@id\":\"https:\/\/verdadeon.com.br\/portal\/#website\"},\"primaryImageOfPage\":{\"@id\":\"https:\/\/verdadeon.com.br\/portal\/2021\/09\/01\/cristais-adota-racionamento-noturno-pedregulho-ja-depende-de-captacao-emergencial\/#primaryimage\"},\"image\":{\"@id\":\"https:\/\/verdadeon.com.br\/portal\/2021\/09\/01\/cristais-adota-racionamento-noturno-pedregulho-ja-depende-de-captacao-emergencial\/#primaryimage\"},\"thumbnailUrl\":\"https:\/\/i0.wp.com\/verdadeon.com.br\/portal\/wp-content\/uploads\/2021\/08\/AGUA_CRISTAISPAULISTA1-e1630532416451.png?fit=937%2C628&ssl=1\",\"datePublished\":\"2021-09-01T21:42:17+00:00\",\"author\":{\"@id\":\"https:\/\/verdadeon.com.br\/portal\/#\/schema\/person\/8248726d36015c1916636fabb175d972\"},\"breadcrumb\":{\"@id\":\"https:\/\/verdadeon.com.br\/portal\/2021\/09\/01\/cristais-adota-racionamento-noturno-pedregulho-ja-depende-de-captacao-emergencial\/#breadcrumb\"},\"inLanguage\":\"pt-BR\",\"potentialAction\":[{\"@type\":\"ReadAction\",\"target\":[\"https:\/\/verdadeon.com.br\/portal\/2021\/09\/01\/cristais-adota-racionamento-noturno-pedregulho-ja-depende-de-captacao-emergencial\/\"]}]},{\"@type\":\"ImageObject\",\"inLanguage\":\"pt-BR\",\"@id\":\"https:\/\/verdadeon.com.br\/portal\/2021\/09\/01\/cristais-adota-racionamento-noturno-pedregulho-ja-depende-de-captacao-emergencial\/#primaryimage\",\"url\":\"https:\/\/i0.wp.com\/verdadeon.com.br\/portal\/wp-content\/uploads\/2021\/08\/AGUA_CRISTAISPAULISTA1-e1630532416451.png?fit=937%2C628&ssl=1\",\"contentUrl\":\"https:\/\/i0.wp.com\/verdadeon.com.br\/portal\/wp-content\/uploads\/2021\/08\/AGUA_CRISTAISPAULISTA1-e1630532416451.png?fit=937%2C628&ssl=1\",\"width\":937,\"height\":628,\"caption\":\"Opera\u00e7\u00e3o ter\u00e1 in\u00edcio nesta ter\u00e7a-feira e segue at\u00e9 a quarta-feira. Opera\u00e7\u00f5es ser\u00e3o intensificadas | Foto: Prefeitura de Cristais Paulista\"},{\"@type\":\"BreadcrumbList\",\"@id\":\"https:\/\/verdadeon.com.br\/portal\/2021\/09\/01\/cristais-adota-racionamento-noturno-pedregulho-ja-depende-de-captacao-emergencial\/#breadcrumb\",\"itemListElement\":[{\"@type\":\"ListItem\",\"position\":1,\"name\":\"In\u00edcio\",\"item\":\"https:\/\/verdadeon.com.br\/portal\/\"},{\"@type\":\"ListItem\",\"position\":2,\"name\":\"Cristais adota racionamento noturno; Pedregulho j\u00e1 depende de capta\u00e7\u00e3o emergencial\"}]},{\"@type\":\"WebSite\",\"@id\":\"https:\/\/verdadeon.com.br\/portal\/#website\",\"url\":\"https:\/\/verdadeon.com.br\/portal\/\",\"name\":\"VerdadeOn\",\"description\":\"Not\u00edcias di\u00e1rias sobre Franca, Regi\u00e3o, Esporte, Cultura, Cotidiano, Colunas. Cobertura nos principais eventos da cidade \u00e9 aqui - Verdadeon Franca\",\"potentialAction\":[{\"@type\":\"SearchAction\",\"target\":{\"@type\":\"EntryPoint\",\"urlTemplate\":\"https:\/\/verdadeon.com.br\/portal\/?s={search_term_string}\"},\"query-input\":{\"@type\":\"PropertyValueSpecification\",\"valueRequired\":true,\"valueName\":\"search_term_string\"}}],\"inLanguage\":\"pt-BR\"},{\"@type\":\"Person\",\"@id\":\"https:\/\/verdadeon.com.br\/portal\/#\/schema\/person\/8248726d36015c1916636fabb175d972\",\"name\":\"Nelise Luques\",\"image\":{\"@type\":\"ImageObject\",\"inLanguage\":\"pt-BR\",\"@id\":\"https:\/\/verdadeon.com.br\/portal\/#\/schema\/person\/image\/\",\"url\":\"https:\/\/secure.gravatar.com\/avatar\/29b2a17f5bcadeb827411b66f48ac13c3e0ecaf5906c0f5745ecc5d41c24eada?s=96&d=mm&r=g\",\"contentUrl\":\"https:\/\/secure.gravatar.com\/avatar\/29b2a17f5bcadeb827411b66f48ac13c3e0ecaf5906c0f5745ecc5d41c24eada?s=96&d=mm&r=g\",\"caption\":\"Nelise Luques\"},\"url\":\"https:\/\/verdadeon.com.br\/portal\/author\/verdade\/\"}]}<\/script>\n<!-- \/ Yoast SEO plugin. -->","yoast_head_json":{"title":"Cristais adota racionamento noturno; Pedregulho j\u00e1 depende de capta\u00e7\u00e3o emergencial - VerdadeOn","robots":{"index":"index","follow":"follow","max-snippet":"max-snippet:-1","max-image-preview":"max-image-preview:large","max-video-preview":"max-video-preview:-1"},"canonical":"https:\/\/verdadeon.com.br\/portal\/2021\/09\/01\/cristais-adota-racionamento-noturno-pedregulho-ja-depende-de-captacao-emergencial\/","og_locale":"pt_BR","og_type":"article","og_title":"Cristais adota racionamento noturno; Pedregulho j\u00e1 depende de capta\u00e7\u00e3o emergencial - VerdadeOn","og_description":"Risco de falta d\u00b4\u00e1gua tamb\u00e9m amea\u00e7a regi\u00e3o. Prefeituras adotam campanhas para evitar desperd\u00edcio O racionamento de \u00e1gua n\u00e3o \u00e9 realidade apenas em Franca. Na regi\u00e3o, j\u00e1 [\u2026]","og_url":"https:\/\/verdadeon.com.br\/portal\/2021\/09\/01\/cristais-adota-racionamento-noturno-pedregulho-ja-depende-de-captacao-emergencial\/","og_site_name":"VerdadeOn","article_published_time":"2021-09-01T21:42:17+00:00","og_image":[{"width":937,"height":628,"url":"https:\/\/verdadeon.com.br\/portal\/wp-content\/uploads\/2021\/08\/AGUA_CRISTAISPAULISTA1-e1630532416451.png","type":"image\/png"}],"author":"Nelise Luques","twitter_card":"summary_large_image","twitter_misc":{"Escrito por":"Nelise Luques","Est. tempo de leitura":"3 minutos"},"schema":{"@context":"https:\/\/schema.org","@graph":[{"@type":"WebPage","@id":"https:\/\/verdadeon.com.br\/portal\/2021\/09\/01\/cristais-adota-racionamento-noturno-pedregulho-ja-depende-de-captacao-emergencial\/","url":"https:\/\/verdadeon.com.br\/portal\/2021\/09\/01\/cristais-adota-racionamento-noturno-pedregulho-ja-depende-de-captacao-emergencial\/","name":"Cristais adota racionamento noturno; Pedregulho j\u00e1 depende de capta\u00e7\u00e3o emergencial - VerdadeOn","isPartOf":{"@id":"https:\/\/verdadeon.com.br\/portal\/#website"},"primaryImageOfPage":{"@id":"https:\/\/verdadeon.com.br\/portal\/2021\/09\/01\/cristais-adota-racionamento-noturno-pedregulho-ja-depende-de-captacao-emergencial\/#primaryimage"},"image":{"@id":"https:\/\/verdadeon.com.br\/portal\/2021\/09\/01\/cristais-adota-racionamento-noturno-pedregulho-ja-depende-de-captacao-emergencial\/#primaryimage"},"thumbnailUrl":"https:\/\/i0.wp.com\/verdadeon.com.br\/portal\/wp-content\/uploads\/2021\/08\/AGUA_CRISTAISPAULISTA1-e1630532416451.png?fit=937%2C628&ssl=1","datePublished":"2021-09-01T21:42:17+00:00","author":{"@id":"https:\/\/verdadeon.com.br\/portal\/#\/schema\/person\/8248726d36015c1916636fabb175d972"},"breadcrumb":{"@id":"https:\/\/verdadeon.com.br\/portal\/2021\/09\/01\/cristais-adota-racionamento-noturno-pedregulho-ja-depende-de-captacao-emergencial\/#breadcrumb"},"inLanguage":"pt-BR","potentialAction":[{"@type":"ReadAction","target":["https:\/\/verdadeon.com.br\/portal\/2021\/09\/01\/cristais-adota-racionamento-noturno-pedregulho-ja-depende-de-captacao-emergencial\/"]}]},{"@type":"ImageObject","inLanguage":"pt-BR","@id":"https:\/\/verdadeon.com.br\/portal\/2021\/09\/01\/cristais-adota-racionamento-noturno-pedregulho-ja-depende-de-captacao-emergencial\/#primaryimage","url":"https:\/\/i0.wp.com\/verdadeon.com.br\/portal\/wp-content\/uploads\/2021\/08\/AGUA_CRISTAISPAULISTA1-e1630532416451.png?fit=937%2C628&ssl=1","contentUrl":"https:\/\/i0.wp.com\/verdadeon.com.br\/portal\/wp-content\/uploads\/2021\/08\/AGUA_CRISTAISPAULISTA1-e1630532416451.png?fit=937%2C628&ssl=1","width":937,"height":628,"caption":"Opera\u00e7\u00e3o ter\u00e1 in\u00edcio nesta ter\u00e7a-feira e segue at\u00e9 a quarta-feira. Opera\u00e7\u00f5es ser\u00e3o intensificadas | Foto: Prefeitura de Cristais Paulista"},{"@type":"BreadcrumbList","@id":"https:\/\/verdadeon.com.br\/portal\/2021\/09\/01\/cristais-adota-racionamento-noturno-pedregulho-ja-depende-de-captacao-emergencial\/#breadcrumb","itemListElement":[{"@type":"ListItem","position":1,"name":"In\u00edcio","item":"https:\/\/verdadeon.com.br\/portal\/"},{"@type":"ListItem","position":2,"name":"Cristais adota racionamento noturno; Pedregulho j\u00e1 depende de capta\u00e7\u00e3o emergencial"}]},{"@type":"WebSite","@id":"https:\/\/verdadeon.com.br\/portal\/#website","url":"https:\/\/verdadeon.com.br\/portal\/","name":"VerdadeOn","description":"Not\u00edcias di\u00e1rias sobre Franca, Regi\u00e3o, Esporte, Cultura, Cotidiano, Colunas. Cobertura nos principais eventos da cidade \u00e9 aqui - Verdadeon Franca","potentialAction":[{"@type":"SearchAction","target":{"@type":"EntryPoint","urlTemplate":"https:\/\/verdadeon.com.br\/portal\/?s={search_term_string}"},"query-input":{"@type":"PropertyValueSpecification","valueRequired":true,"valueName":"search_term_string"}}],"inLanguage":"pt-BR"},{"@type":"Person","@id":"https:\/\/verdadeon.com.br\/portal\/#\/schema\/person\/8248726d36015c1916636fabb175d972","name":"Nelise Luques","image":{"@type":"ImageObject","inLanguage":"pt-BR","@id":"https:\/\/verdadeon.com.br\/portal\/#\/schema\/person\/image\/","url":"https:\/\/secure.gravatar.com\/avatar\/29b2a17f5bcadeb827411b66f48ac13c3e0ecaf5906c0f5745ecc5d41c24eada?s=96&d=mm&r=g","contentUrl":"https:\/\/secure.gravatar.com\/avatar\/29b2a17f5bcadeb827411b66f48ac13c3e0ecaf5906c0f5745ecc5d41c24eada?s=96&d=mm&r=g","caption":"Nelise Luques"},"url":"https:\/\/verdadeon.com.br\/portal\/author\/verdade\/"}]}},"jetpack_publicize_connections":[],"jetpack_featured_media_url":"https:\/\/i0.wp.com\/verdadeon.com.br\/portal\/wp-content\/uploads\/2021\/08\/AGUA_CRISTAISPAULISTA1-e1630532416451.png?fit=937%2C628&ssl=1","jetpack_sharing_enabled":true,"_links":{"self":[{"href":"https:\/\/verdadeon.com.br\/portal\/wp-json\/wp\/v2\/posts\/19200","targetHints":{"allow":["GET"]}}],"collection":[{"href":"https:\/\/verdadeon.com.br\/portal\/wp-json\/wp\/v2\/posts"}],"about":[{"href":"https:\/\/verdadeon.com.br\/portal\/wp-json\/wp\/v2\/types\/post"}],"author":[{"embeddable":true,"href":"https:\/\/verdadeon.com.br\/portal\/wp-json\/wp\/v2\/users\/12"}],"replies":[{"embeddable":true,"href":"https:\/\/verdadeon.com.br\/portal\/wp-json\/wp\/v2\/comments?post=19200"}],"version-history":[{"count":0,"href":"https:\/\/verdadeon.com.br\/portal\/wp-json\/wp\/v2\/posts\/19200\/revisions"}],"wp:featuredmedia":[{"embeddable":true,"href":"https:\/\/verdadeon.com.br\/portal\/wp-json\/wp\/v2\/media\/18656"}],"wp:attachment":[{"href":"https:\/\/verdadeon.com.br\/portal\/wp-json\/wp\/v2\/media?parent=19200"}],"wp:term":[{"taxonomy":"category","embeddable":true,"href":"https:\/\/verdadeon.com.br\/portal\/wp-json\/wp\/v2\/categories?post=19200"},{"taxonomy":"post_tag","embeddable":true,"href":"https:\/\/verdadeon.com.br\/portal\/wp-json\/wp\/v2\/tags?post=19200"}],"curies":[{"name":"wp","href":"https:\/\/api.w.org\/{rel}","templated":true}]}}