{"id":19192,"date":"2021-09-01T16:30:20","date_gmt":"2021-09-01T19:30:20","guid":{"rendered":"https:\/\/verdadeon.com.br\/portal\/?p=19192"},"modified":"2021-09-01T16:30:20","modified_gmt":"2021-09-01T19:30:20","slug":"inicio-do-racionamento-de-agua-em-franca-muda-comportamento-da-populacao","status":"publish","type":"post","link":"https:\/\/verdadeon.com.br\/portal\/2021\/09\/01\/inicio-do-racionamento-de-agua-em-franca-muda-comportamento-da-populacao\/","title":{"rendered":"In\u00edcio do racionamento de \u00e1gua em Franca muda comportamento da popula\u00e7\u00e3o"},"content":{"rendered":"<h2>Do dia 2 a 17 de setembro, cidade enfrentar\u00e1 racionamento, bairros foram divididos em quatro regi\u00f5es<\/h2>\n<p>O in\u00edcio do racionamento de \u00e1gua em Franca nesta quinta-feira (2), mudou a rotina dos moradores especialmente nesta v\u00e9spera, o comportamento mais comum \u00e9 o de estocar \u00e1gua, al\u00e9m da economia da caixa d\u2019\u00e1gua, para ser usada durante o per\u00edodo de 24h sem o abastecimento. O grupo 1 que abre o racionamento \u00e9 composto por mais de 100 bairros de todas as regi\u00f5es de Franca.<\/p>\n<p>\u201cFicamos sabendo na segunda-feira mesmo e j\u00e1 come\u00e7amos os preparativos. Compramos gal\u00f5es de \u00e1gua e estamos usando apenas o necess\u00e1rio. Vai ser muito complicado, mas entendemos a necessidade\u201d, contou a respons\u00e1vel de setor de uma papelaria de Franca, \u00c9rica Helo\u00edsa de Souza. \u201cO nosso endere\u00e7o est\u00e1 no grupo 1, ent\u00e3o vamos abrir o racionamento. No total trabalhamos em 10 pessoas aqui e estamos dispostos a colaborar\u201d, finalizou.<\/p>\n<p>A Ana Carolina Ferreira tem um restaurante no Parque Universit\u00e1rio, na zona sul de Franca, que tamb\u00e9m est\u00e1 no primeiro dia do racionamento. Ela contou que sentiu receio quando soube da medida, mas come\u00e7ou a se preparar desde a segunda-feira quando o an\u00fancio foi feito. \u201cDeu tempo de preparar sim, a \u00e1gua \u00e9 essencial para fazer as marmitas que entregamos para os clientes, mas tivemos que nos adaptar estocando \u00e1gua em garrafas, gal\u00f5es e tamb\u00e9m na geladeira para o nosso consumo\u201d, explicou.<\/p>\n<p>Ana detalhou ainda que desde o in\u00edcio da pandemia tem apenas clientes fixos, aqueles que pagam mensalmente, o que facilitou a situa\u00e7\u00e3o dela j\u00e1 que as marmitas que s\u00e3o feitas, s\u00e3o contadas. \u201cEu calculo exatamente o que vamos gastar de arroz, feij\u00e3o, carne e legumes, al\u00e9m de salada. Com esse c\u00e1lculo eu tamb\u00e9m consigo dimensionar bem o quanto vamos gastar de \u00e1gua\u201d, finalizou.<\/p>\n<h4>Racionamento<\/h4>\n<p>Foi na segunda-feira (30), que a Sabesp anunciou o racionamento de \u00e1gua em Franca, por conta da pior crise h\u00eddrica que a cidade enfrenta nos \u00faltimos 90 anos. Na \u00faltima semana, foi anunciada a capta\u00e7\u00e3o emergencial do Rio Canoas, este segundo a Sabesp, era o \u00faltimo passo antes do racionamento, que se tornou realidade nesta quinta-feira.<\/p>\n<h4>Confira os bairros que ficar\u00e3o sem \u00e1gua por 24h nesta quinta-feira:<\/h4>\n<p>Alvorada, Antonio Petr\u00e1glia, Bernardino Pucci, Boa Vista, C.H. Ot\u00e1vio Cilurzo, Campo Belo, Candeias I, Candeias II, CDHU Pq. dos Mutantes, CDP, Cel. Antonio Jacinto Sobrinho, Ch\u00e1caras Belvedere Bandeirantes, Chico Neca, Cidade Nova, Conj. Hab. Imperador, Consola\u00e7\u00e3o, Dom Bosco, Dom Pedro I, Dora Maria, Elimar I, Elimar II, Esplanada Primo Meneghetti II, ETE, Europa, Flores, Fl\u00f3rida, Formosa, Franca Shopping, Fund. Casa, Gramados I, Gramados II, Ipanema, Jardim Bot\u00e2nico, Jd. Am\u00e9rica, Jd. Bet\u00e2nia, Jd. Boa Esperan\u00e7a, Jd. Bueno, Jd. Maria, Jd. Nsa. das Gra\u00e7as, Jd. Semin\u00e1rio, Jd. Sta. Eug\u00eania, Marambaia, Milena, Miramontes, Miron, Moema, Nic\u00e1cio, Nosso Lar, Nova Franca, N\u00facleo Alpha, Olivito, Paineiras, Para\u00edso, Parati, Parte Amazonas, Parte Cambu\u00ed, Parte Ch\u00e1c. Sto. Antonio, Parte Champagnat, Parte City Petr\u00f3polis, Parte do Centro, Parte do Sta. L\u00facia, Parte Esta\u00e7\u00e3o, Parte Francal, Parte Francal, Parte Francano, Parte Francano, Parte Higien\u00f3polis, Parte Higien\u00f3polis, Parte Lima, Parte Lima, Parte Vila Isabel, Parte Vila. Totoli, Pedreira, Piemonte I, Piemonte II, Pinhais, Planalto, Policia Rodovi\u00e1ria, Pq. das Ac\u00e1cias, Pq. das \u00c1guas, Progresso, Prol. Antonio Petr\u00e1glia II, Prol. Elimar, Prol. Fl\u00f3rida, Rec. Cap. Heliodoro, Redentor, Regina Helena, Res. Baldassari, Residencial Ana Dorothea, Rosel\u00e2ndia, Samel Park, Samello, San Diego, S\u00e3o Domingos, S\u00e3o Jer\u00f4nimo, S\u00e3o Jos\u00e9, S\u00e3o Vicente, S\u00e3o Vicente de Paula, Sta. Maria do Carmo, Sta. Terezinha, Sto. Agostinho, Toscana, Universit\u00e1rio, Veredas de Franca, Vila Aparecida, Vila Benelli, Vila Gosuem, Vila Marta, Vila Molina, Vila Sto Antonio, Vila Teixeira, Villaggio de Firenze.<\/p>\n","protected":false},"excerpt":{"rendered":"<p>Do dia 2 a 17 de setembro, cidade enfrentar\u00e1 racionamento, bairros foram divididos em quatro regi\u00f5es O in\u00edcio do racionamento de \u00e1gua em Franca nesta quinta-feira<span class=\"excerpt-hellip\"> [\u2026]<\/span><\/p>\n","protected":false},"author":7,"featured_media":6693,"comment_status":"open","ping_status":"open","sticky":false,"template":"","format":"standard","meta":{"_jetpack_memberships_contains_paid_content":false,"footnotes":"","jetpack_publicize_message":"","jetpack_publicize_feature_enabled":true,"jetpack_social_post_already_shared":false,"jetpack_social_options":{"image_generator_settings":{"template":"highway","default_image_id":0,"enabled":false},"version":2}},"categories":[28,81],"tags":[],"class_list":["post-19192","post","type-post","status-publish","format-standard","has-post-thumbnail","hentry","category-cotidiano","category-manchete"],"yoast_head":"<!-- This site is optimized with the Yoast SEO plugin v25.6 - https:\/\/yoast.com\/wordpress\/plugins\/seo\/ -->\n<title>In\u00edcio do racionamento de \u00e1gua em Franca muda comportamento da popula\u00e7\u00e3o - VerdadeOn<\/title>\n<meta name=\"robots\" content=\"index, follow, max-snippet:-1, max-image-preview:large, max-video-preview:-1\" \/>\n<link rel=\"canonical\" href=\"https:\/\/verdadeon.com.br\/portal\/2021\/09\/01\/inicio-do-racionamento-de-agua-em-franca-muda-comportamento-da-populacao\/\" \/>\n<meta property=\"og:locale\" content=\"pt_BR\" \/>\n<meta property=\"og:type\" content=\"article\" \/>\n<meta property=\"og:title\" content=\"In\u00edcio do racionamento de \u00e1gua em Franca muda comportamento da popula\u00e7\u00e3o - VerdadeOn\" \/>\n<meta property=\"og:description\" content=\"Do dia 2 a 17 de setembro, cidade enfrentar\u00e1 racionamento, bairros foram divididos em quatro regi\u00f5es O in\u00edcio do racionamento de \u00e1gua em Franca nesta quinta-feira [\u2026]\" \/>\n<meta property=\"og:url\" content=\"https:\/\/verdadeon.com.br\/portal\/2021\/09\/01\/inicio-do-racionamento-de-agua-em-franca-muda-comportamento-da-populacao\/\" \/>\n<meta property=\"og:site_name\" content=\"VerdadeOn\" \/>\n<meta property=\"article:published_time\" content=\"2021-09-01T19:30:20+00:00\" \/>\n<meta property=\"og:image\" content=\"https:\/\/verdadeon.com.br\/portal\/wp-content\/uploads\/2020\/04\/franca-pq.jpg\" \/>\n\t<meta property=\"og:image:width\" content=\"1000\" \/>\n\t<meta property=\"og:image:height\" content=\"670\" \/>\n\t<meta property=\"og:image:type\" content=\"image\/jpeg\" \/>\n<meta name=\"author\" content=\"Fernando Lima\" \/>\n<meta name=\"twitter:card\" content=\"summary_large_image\" \/>\n<meta name=\"twitter:label1\" content=\"Escrito por\" \/>\n\t<meta name=\"twitter:data1\" content=\"Fernando Lima\" \/>\n\t<meta name=\"twitter:label2\" content=\"Est. tempo de leitura\" \/>\n\t<meta name=\"twitter:data2\" content=\"3 minutos\" \/>\n<script type=\"application\/ld+json\" class=\"yoast-schema-graph\">{\"@context\":\"https:\/\/schema.org\",\"@graph\":[{\"@type\":\"WebPage\",\"@id\":\"https:\/\/verdadeon.com.br\/portal\/2021\/09\/01\/inicio-do-racionamento-de-agua-em-franca-muda-comportamento-da-populacao\/\",\"url\":\"https:\/\/verdadeon.com.br\/portal\/2021\/09\/01\/inicio-do-racionamento-de-agua-em-franca-muda-comportamento-da-populacao\/\",\"name\":\"In\u00edcio do racionamento de \u00e1gua em Franca muda comportamento da popula\u00e7\u00e3o - VerdadeOn\",\"isPartOf\":{\"@id\":\"https:\/\/verdadeon.com.br\/portal\/#website\"},\"primaryImageOfPage\":{\"@id\":\"https:\/\/verdadeon.com.br\/portal\/2021\/09\/01\/inicio-do-racionamento-de-agua-em-franca-muda-comportamento-da-populacao\/#primaryimage\"},\"image\":{\"@id\":\"https:\/\/verdadeon.com.br\/portal\/2021\/09\/01\/inicio-do-racionamento-de-agua-em-franca-muda-comportamento-da-populacao\/#primaryimage\"},\"thumbnailUrl\":\"https:\/\/i0.wp.com\/verdadeon.com.br\/portal\/wp-content\/uploads\/2020\/04\/franca-pq.jpg?fit=1000%2C670&ssl=1\",\"datePublished\":\"2021-09-01T19:30:20+00:00\",\"author\":{\"@id\":\"https:\/\/verdadeon.com.br\/portal\/#\/schema\/person\/cc32be22b8e8599387c480bc83e1d11a\"},\"breadcrumb\":{\"@id\":\"https:\/\/verdadeon.com.br\/portal\/2021\/09\/01\/inicio-do-racionamento-de-agua-em-franca-muda-comportamento-da-populacao\/#breadcrumb\"},\"inLanguage\":\"pt-BR\",\"potentialAction\":[{\"@type\":\"ReadAction\",\"target\":[\"https:\/\/verdadeon.com.br\/portal\/2021\/09\/01\/inicio-do-racionamento-de-agua-em-franca-muda-comportamento-da-populacao\/\"]}]},{\"@type\":\"ImageObject\",\"inLanguage\":\"pt-BR\",\"@id\":\"https:\/\/verdadeon.com.br\/portal\/2021\/09\/01\/inicio-do-racionamento-de-agua-em-franca-muda-comportamento-da-populacao\/#primaryimage\",\"url\":\"https:\/\/i0.wp.com\/verdadeon.com.br\/portal\/wp-content\/uploads\/2020\/04\/franca-pq.jpg?fit=1000%2C670&ssl=1\",\"contentUrl\":\"https:\/\/i0.wp.com\/verdadeon.com.br\/portal\/wp-content\/uploads\/2020\/04\/franca-pq.jpg?fit=1000%2C670&ssl=1\",\"width\":1000,\"height\":670,\"caption\":\"Em Franca, o ano de 2023 teve 643 escrituras, n\u00famero superior \u00e0s 597 escrituras de 2022 (\u00a9Divulga\u00e7\u00e3o)\"},{\"@type\":\"BreadcrumbList\",\"@id\":\"https:\/\/verdadeon.com.br\/portal\/2021\/09\/01\/inicio-do-racionamento-de-agua-em-franca-muda-comportamento-da-populacao\/#breadcrumb\",\"itemListElement\":[{\"@type\":\"ListItem\",\"position\":1,\"name\":\"In\u00edcio\",\"item\":\"https:\/\/verdadeon.com.br\/portal\/\"},{\"@type\":\"ListItem\",\"position\":2,\"name\":\"In\u00edcio do racionamento de \u00e1gua em Franca muda comportamento da popula\u00e7\u00e3o\"}]},{\"@type\":\"WebSite\",\"@id\":\"https:\/\/verdadeon.com.br\/portal\/#website\",\"url\":\"https:\/\/verdadeon.com.br\/portal\/\",\"name\":\"VerdadeOn\",\"description\":\"Not\u00edcias di\u00e1rias sobre Franca, Regi\u00e3o, Esporte, Cultura, Cotidiano, Colunas. Cobertura nos principais eventos da cidade \u00e9 aqui - Verdadeon Franca\",\"potentialAction\":[{\"@type\":\"SearchAction\",\"target\":{\"@type\":\"EntryPoint\",\"urlTemplate\":\"https:\/\/verdadeon.com.br\/portal\/?s={search_term_string}\"},\"query-input\":{\"@type\":\"PropertyValueSpecification\",\"valueRequired\":true,\"valueName\":\"search_term_string\"}}],\"inLanguage\":\"pt-BR\"},{\"@type\":\"Person\",\"@id\":\"https:\/\/verdadeon.com.br\/portal\/#\/schema\/person\/cc32be22b8e8599387c480bc83e1d11a\",\"name\":\"Fernando Lima\",\"image\":{\"@type\":\"ImageObject\",\"inLanguage\":\"pt-BR\",\"@id\":\"https:\/\/verdadeon.com.br\/portal\/#\/schema\/person\/image\/\",\"url\":\"https:\/\/secure.gravatar.com\/avatar\/df4c8e132080d2b3a4841d5d232045464e0eed11a1d6e43115ca0843d48768d3?s=96&d=mm&r=g\",\"contentUrl\":\"https:\/\/secure.gravatar.com\/avatar\/df4c8e132080d2b3a4841d5d232045464e0eed11a1d6e43115ca0843d48768d3?s=96&d=mm&r=g\",\"caption\":\"Fernando Lima\"},\"sameAs\":[\"http:\/\/verdadeon.com.br\/\"],\"url\":\"https:\/\/verdadeon.com.br\/portal\/author\/fernando-lima\/\"}]}<\/script>\n<!-- \/ Yoast SEO plugin. -->","yoast_head_json":{"title":"In\u00edcio do racionamento de \u00e1gua em Franca muda comportamento da popula\u00e7\u00e3o - VerdadeOn","robots":{"index":"index","follow":"follow","max-snippet":"max-snippet:-1","max-image-preview":"max-image-preview:large","max-video-preview":"max-video-preview:-1"},"canonical":"https:\/\/verdadeon.com.br\/portal\/2021\/09\/01\/inicio-do-racionamento-de-agua-em-franca-muda-comportamento-da-populacao\/","og_locale":"pt_BR","og_type":"article","og_title":"In\u00edcio do racionamento de \u00e1gua em Franca muda comportamento da popula\u00e7\u00e3o - VerdadeOn","og_description":"Do dia 2 a 17 de setembro, cidade enfrentar\u00e1 racionamento, bairros foram divididos em quatro regi\u00f5es O in\u00edcio do racionamento de \u00e1gua em Franca nesta quinta-feira [\u2026]","og_url":"https:\/\/verdadeon.com.br\/portal\/2021\/09\/01\/inicio-do-racionamento-de-agua-em-franca-muda-comportamento-da-populacao\/","og_site_name":"VerdadeOn","article_published_time":"2021-09-01T19:30:20+00:00","og_image":[{"width":1000,"height":670,"url":"https:\/\/verdadeon.com.br\/portal\/wp-content\/uploads\/2020\/04\/franca-pq.jpg","type":"image\/jpeg"}],"author":"Fernando Lima","twitter_card":"summary_large_image","twitter_misc":{"Escrito por":"Fernando Lima","Est. tempo de leitura":"3 minutos"},"schema":{"@context":"https:\/\/schema.org","@graph":[{"@type":"WebPage","@id":"https:\/\/verdadeon.com.br\/portal\/2021\/09\/01\/inicio-do-racionamento-de-agua-em-franca-muda-comportamento-da-populacao\/","url":"https:\/\/verdadeon.com.br\/portal\/2021\/09\/01\/inicio-do-racionamento-de-agua-em-franca-muda-comportamento-da-populacao\/","name":"In\u00edcio do racionamento de \u00e1gua em Franca muda comportamento da popula\u00e7\u00e3o - VerdadeOn","isPartOf":{"@id":"https:\/\/verdadeon.com.br\/portal\/#website"},"primaryImageOfPage":{"@id":"https:\/\/verdadeon.com.br\/portal\/2021\/09\/01\/inicio-do-racionamento-de-agua-em-franca-muda-comportamento-da-populacao\/#primaryimage"},"image":{"@id":"https:\/\/verdadeon.com.br\/portal\/2021\/09\/01\/inicio-do-racionamento-de-agua-em-franca-muda-comportamento-da-populacao\/#primaryimage"},"thumbnailUrl":"https:\/\/i0.wp.com\/verdadeon.com.br\/portal\/wp-content\/uploads\/2020\/04\/franca-pq.jpg?fit=1000%2C670&ssl=1","datePublished":"2021-09-01T19:30:20+00:00","author":{"@id":"https:\/\/verdadeon.com.br\/portal\/#\/schema\/person\/cc32be22b8e8599387c480bc83e1d11a"},"breadcrumb":{"@id":"https:\/\/verdadeon.com.br\/portal\/2021\/09\/01\/inicio-do-racionamento-de-agua-em-franca-muda-comportamento-da-populacao\/#breadcrumb"},"inLanguage":"pt-BR","potentialAction":[{"@type":"ReadAction","target":["https:\/\/verdadeon.com.br\/portal\/2021\/09\/01\/inicio-do-racionamento-de-agua-em-franca-muda-comportamento-da-populacao\/"]}]},{"@type":"ImageObject","inLanguage":"pt-BR","@id":"https:\/\/verdadeon.com.br\/portal\/2021\/09\/01\/inicio-do-racionamento-de-agua-em-franca-muda-comportamento-da-populacao\/#primaryimage","url":"https:\/\/i0.wp.com\/verdadeon.com.br\/portal\/wp-content\/uploads\/2020\/04\/franca-pq.jpg?fit=1000%2C670&ssl=1","contentUrl":"https:\/\/i0.wp.com\/verdadeon.com.br\/portal\/wp-content\/uploads\/2020\/04\/franca-pq.jpg?fit=1000%2C670&ssl=1","width":1000,"height":670,"caption":"Em Franca, o ano de 2023 teve 643 escrituras, n\u00famero superior \u00e0s 597 escrituras de 2022 (\u00a9Divulga\u00e7\u00e3o)"},{"@type":"BreadcrumbList","@id":"https:\/\/verdadeon.com.br\/portal\/2021\/09\/01\/inicio-do-racionamento-de-agua-em-franca-muda-comportamento-da-populacao\/#breadcrumb","itemListElement":[{"@type":"ListItem","position":1,"name":"In\u00edcio","item":"https:\/\/verdadeon.com.br\/portal\/"},{"@type":"ListItem","position":2,"name":"In\u00edcio do racionamento de \u00e1gua em Franca muda comportamento da popula\u00e7\u00e3o"}]},{"@type":"WebSite","@id":"https:\/\/verdadeon.com.br\/portal\/#website","url":"https:\/\/verdadeon.com.br\/portal\/","name":"VerdadeOn","description":"Not\u00edcias di\u00e1rias sobre Franca, Regi\u00e3o, Esporte, Cultura, Cotidiano, Colunas. Cobertura nos principais eventos da cidade \u00e9 aqui - Verdadeon Franca","potentialAction":[{"@type":"SearchAction","target":{"@type":"EntryPoint","urlTemplate":"https:\/\/verdadeon.com.br\/portal\/?s={search_term_string}"},"query-input":{"@type":"PropertyValueSpecification","valueRequired":true,"valueName":"search_term_string"}}],"inLanguage":"pt-BR"},{"@type":"Person","@id":"https:\/\/verdadeon.com.br\/portal\/#\/schema\/person\/cc32be22b8e8599387c480bc83e1d11a","name":"Fernando Lima","image":{"@type":"ImageObject","inLanguage":"pt-BR","@id":"https:\/\/verdadeon.com.br\/portal\/#\/schema\/person\/image\/","url":"https:\/\/secure.gravatar.com\/avatar\/df4c8e132080d2b3a4841d5d232045464e0eed11a1d6e43115ca0843d48768d3?s=96&d=mm&r=g","contentUrl":"https:\/\/secure.gravatar.com\/avatar\/df4c8e132080d2b3a4841d5d232045464e0eed11a1d6e43115ca0843d48768d3?s=96&d=mm&r=g","caption":"Fernando Lima"},"sameAs":["http:\/\/verdadeon.com.br\/"],"url":"https:\/\/verdadeon.com.br\/portal\/author\/fernando-lima\/"}]}},"jetpack_publicize_connections":[],"jetpack_featured_media_url":"https:\/\/i0.wp.com\/verdadeon.com.br\/portal\/wp-content\/uploads\/2020\/04\/franca-pq.jpg?fit=1000%2C670&ssl=1","jetpack_sharing_enabled":true,"_links":{"self":[{"href":"https:\/\/verdadeon.com.br\/portal\/wp-json\/wp\/v2\/posts\/19192","targetHints":{"allow":["GET"]}}],"collection":[{"href":"https:\/\/verdadeon.com.br\/portal\/wp-json\/wp\/v2\/posts"}],"about":[{"href":"https:\/\/verdadeon.com.br\/portal\/wp-json\/wp\/v2\/types\/post"}],"author":[{"embeddable":true,"href":"https:\/\/verdadeon.com.br\/portal\/wp-json\/wp\/v2\/users\/7"}],"replies":[{"embeddable":true,"href":"https:\/\/verdadeon.com.br\/portal\/wp-json\/wp\/v2\/comments?post=19192"}],"version-history":[{"count":0,"href":"https:\/\/verdadeon.com.br\/portal\/wp-json\/wp\/v2\/posts\/19192\/revisions"}],"wp:featuredmedia":[{"embeddable":true,"href":"https:\/\/verdadeon.com.br\/portal\/wp-json\/wp\/v2\/media\/6693"}],"wp:attachment":[{"href":"https:\/\/verdadeon.com.br\/portal\/wp-json\/wp\/v2\/media?parent=19192"}],"wp:term":[{"taxonomy":"category","embeddable":true,"href":"https:\/\/verdadeon.com.br\/portal\/wp-json\/wp\/v2\/categories?post=19192"},{"taxonomy":"post_tag","embeddable":true,"href":"https:\/\/verdadeon.com.br\/portal\/wp-json\/wp\/v2\/tags?post=19192"}],"curies":[{"name":"wp","href":"https:\/\/api.w.org\/{rel}","templated":true}]}}