{"id":19160,"date":"2021-08-31T17:40:02","date_gmt":"2021-08-31T20:40:02","guid":{"rendered":"https:\/\/verdadeon.com.br\/portal\/?p=19160"},"modified":"2021-08-31T17:40:02","modified_gmt":"2021-08-31T20:40:02","slug":"canil-municipal-anuncia-quinto-leilao-de-cavalos-para-dia-16-de-setembro","status":"publish","type":"post","link":"https:\/\/verdadeon.com.br\/portal\/2021\/08\/31\/canil-municipal-anuncia-quinto-leilao-de-cavalos-para-dia-16-de-setembro\/","title":{"rendered":"Canil Municipal anuncia quinto leil\u00e3o de cavalos para dia 16 de setembro"},"content":{"rendered":"<h2>Lances ser\u00e3o a partir de R$ 100; compradores dever\u00e3o assinar termo de responsabilidade pela posse<\/h2>\n<p><span style=\"font-weight: 400;\">Franca ter\u00e1 mais um leil\u00e3o presencial de animais de grande porte. Onze equinos e muares recolhidos no Canil Municipal ser\u00e3o colocados \u00e0 venda no dia 16 de setembro, a partir das 9h30.<\/span><\/p>\n<p><span style=\"font-weight: 400;\">Os animais foram encontrados em vias p\u00fablicas, com risco de acidente de tr\u00e2nsito, ou precisaram ser retirados de seus donos por serem v\u00edtimas de maus tratos. Passados os prazos legais para os propriet\u00e1rios fazerem o resgate, eles ser\u00e3o levados a leil\u00e3o.<\/span><\/p>\n<p><span style=\"font-weight: 400;\">Os interessados devem comparecer ao Canil Municipal, na rua Jos\u00e9 Gianesela, n\u00famero 415, Bairro City Petr\u00f3polis, no dia 16 de setembro pela manh\u00e3. Os lances m\u00ednimos ser\u00e3o de R$ 100. \u00c9 preciso apresentar o documento de identidade, CPF e comprovante de endere\u00e7o.<\/span><\/p>\n<p><span style=\"font-weight: 400;\">Os compradores dever\u00e3o assinar um termo de responsabilidade, pois os animais saem com chip contendo um n\u00famero de identifica\u00e7\u00e3o e os novos donos ser\u00e3o responsabilizados caso os animais sejam deixados em vias p\u00fablicas ou locais proibidos, como as \u00e1reas de preserva\u00e7\u00e3o. Mais informa\u00e7\u00f5es podem ser obtidas pelo telefone (16) 3703-9389.\u00a0<\/span><\/p>\n<p>&nbsp;<\/p>\n","protected":false},"excerpt":{"rendered":"<p>Lances ser\u00e3o a partir de R$ 100; compradores dever\u00e3o assinar termo de responsabilidade pela posse Franca ter\u00e1 mais um leil\u00e3o presencial de animais de grande porte.<span class=\"excerpt-hellip\"> [\u2026]<\/span><\/p>\n","protected":false},"author":12,"featured_media":19162,"comment_status":"open","ping_status":"open","sticky":false,"template":"","format":"standard","meta":{"_jetpack_memberships_contains_paid_content":false,"footnotes":"","jetpack_publicize_message":"","jetpack_publicize_feature_enabled":true,"jetpack_social_post_already_shared":false,"jetpack_social_options":{"image_generator_settings":{"template":"highway","default_image_id":0,"enabled":false},"version":2}},"categories":[28,44],"tags":[],"class_list":["post-19160","post","type-post","status-publish","format-standard","has-post-thumbnail","hentry","category-cotidiano","category-noticias"],"yoast_head":"<!-- This site is optimized with the Yoast SEO plugin v25.6 - https:\/\/yoast.com\/wordpress\/plugins\/seo\/ -->\n<title>Canil Municipal anuncia quinto leil\u00e3o de cavalos para dia 16 de setembro - VerdadeOn<\/title>\n<meta name=\"robots\" content=\"index, follow, max-snippet:-1, max-image-preview:large, max-video-preview:-1\" \/>\n<link rel=\"canonical\" href=\"https:\/\/verdadeon.com.br\/portal\/2021\/08\/31\/canil-municipal-anuncia-quinto-leilao-de-cavalos-para-dia-16-de-setembro\/\" \/>\n<meta property=\"og:locale\" content=\"pt_BR\" \/>\n<meta property=\"og:type\" content=\"article\" \/>\n<meta property=\"og:title\" content=\"Canil Municipal anuncia quinto leil\u00e3o de cavalos para dia 16 de setembro - VerdadeOn\" \/>\n<meta property=\"og:description\" content=\"Lances ser\u00e3o a partir de R$ 100; compradores dever\u00e3o assinar termo de responsabilidade pela posse Franca ter\u00e1 mais um leil\u00e3o presencial de animais de grande porte. [\u2026]\" \/>\n<meta property=\"og:url\" content=\"https:\/\/verdadeon.com.br\/portal\/2021\/08\/31\/canil-municipal-anuncia-quinto-leilao-de-cavalos-para-dia-16-de-setembro\/\" \/>\n<meta property=\"og:site_name\" content=\"VerdadeOn\" \/>\n<meta property=\"article:published_time\" content=\"2021-08-31T20:40:02+00:00\" \/>\n<meta property=\"og:image\" content=\"https:\/\/verdadeon.com.br\/portal\/wp-content\/uploads\/2021\/08\/LEILAO-ANIMAIS-DE-GRANDE-PORTE-CANIL-MUNICIPAL-1-e1630442193338.jpeg\" \/>\n\t<meta property=\"og:image:width\" content=\"1001\" \/>\n\t<meta property=\"og:image:height\" content=\"668\" \/>\n\t<meta property=\"og:image:type\" content=\"image\/jpeg\" \/>\n<meta name=\"author\" content=\"Nelise Luques\" \/>\n<meta name=\"twitter:card\" content=\"summary_large_image\" \/>\n<meta name=\"twitter:label1\" content=\"Escrito por\" \/>\n\t<meta name=\"twitter:data1\" content=\"Nelise Luques\" \/>\n\t<meta name=\"twitter:label2\" content=\"Est. tempo de leitura\" \/>\n\t<meta name=\"twitter:data2\" content=\"1 minuto\" \/>\n<script type=\"application\/ld+json\" class=\"yoast-schema-graph\">{\"@context\":\"https:\/\/schema.org\",\"@graph\":[{\"@type\":\"WebPage\",\"@id\":\"https:\/\/verdadeon.com.br\/portal\/2021\/08\/31\/canil-municipal-anuncia-quinto-leilao-de-cavalos-para-dia-16-de-setembro\/\",\"url\":\"https:\/\/verdadeon.com.br\/portal\/2021\/08\/31\/canil-municipal-anuncia-quinto-leilao-de-cavalos-para-dia-16-de-setembro\/\",\"name\":\"Canil Municipal anuncia quinto leil\u00e3o de cavalos para dia 16 de setembro - VerdadeOn\",\"isPartOf\":{\"@id\":\"https:\/\/verdadeon.com.br\/portal\/#website\"},\"primaryImageOfPage\":{\"@id\":\"https:\/\/verdadeon.com.br\/portal\/2021\/08\/31\/canil-municipal-anuncia-quinto-leilao-de-cavalos-para-dia-16-de-setembro\/#primaryimage\"},\"image\":{\"@id\":\"https:\/\/verdadeon.com.br\/portal\/2021\/08\/31\/canil-municipal-anuncia-quinto-leilao-de-cavalos-para-dia-16-de-setembro\/#primaryimage\"},\"thumbnailUrl\":\"https:\/\/i0.wp.com\/verdadeon.com.br\/portal\/wp-content\/uploads\/2021\/08\/LEILAO-ANIMAIS-DE-GRANDE-PORTE-CANIL-MUNICIPAL-1-e1630442193338.jpeg?fit=1001%2C668&ssl=1\",\"datePublished\":\"2021-08-31T20:40:02+00:00\",\"author\":{\"@id\":\"https:\/\/verdadeon.com.br\/portal\/#\/schema\/person\/8248726d36015c1916636fabb175d972\"},\"breadcrumb\":{\"@id\":\"https:\/\/verdadeon.com.br\/portal\/2021\/08\/31\/canil-municipal-anuncia-quinto-leilao-de-cavalos-para-dia-16-de-setembro\/#breadcrumb\"},\"inLanguage\":\"pt-BR\",\"potentialAction\":[{\"@type\":\"ReadAction\",\"target\":[\"https:\/\/verdadeon.com.br\/portal\/2021\/08\/31\/canil-municipal-anuncia-quinto-leilao-de-cavalos-para-dia-16-de-setembro\/\"]}]},{\"@type\":\"ImageObject\",\"inLanguage\":\"pt-BR\",\"@id\":\"https:\/\/verdadeon.com.br\/portal\/2021\/08\/31\/canil-municipal-anuncia-quinto-leilao-de-cavalos-para-dia-16-de-setembro\/#primaryimage\",\"url\":\"https:\/\/i0.wp.com\/verdadeon.com.br\/portal\/wp-content\/uploads\/2021\/08\/LEILAO-ANIMAIS-DE-GRANDE-PORTE-CANIL-MUNICIPAL-1-e1630442193338.jpeg?fit=1001%2C668&ssl=1\",\"contentUrl\":\"https:\/\/i0.wp.com\/verdadeon.com.br\/portal\/wp-content\/uploads\/2021\/08\/LEILAO-ANIMAIS-DE-GRANDE-PORTE-CANIL-MUNICIPAL-1-e1630442193338.jpeg?fit=1001%2C668&ssl=1\",\"width\":1001,\"height\":668,\"caption\":\"Canil Municipal far\u00e1 mais um leil\u00e3o de animais de grande porte em setembro | Foto: Divulga\u00e7\u00e3o\"},{\"@type\":\"BreadcrumbList\",\"@id\":\"https:\/\/verdadeon.com.br\/portal\/2021\/08\/31\/canil-municipal-anuncia-quinto-leilao-de-cavalos-para-dia-16-de-setembro\/#breadcrumb\",\"itemListElement\":[{\"@type\":\"ListItem\",\"position\":1,\"name\":\"In\u00edcio\",\"item\":\"https:\/\/verdadeon.com.br\/portal\/\"},{\"@type\":\"ListItem\",\"position\":2,\"name\":\"Canil Municipal anuncia quinto leil\u00e3o de cavalos para dia 16 de setembro\"}]},{\"@type\":\"WebSite\",\"@id\":\"https:\/\/verdadeon.com.br\/portal\/#website\",\"url\":\"https:\/\/verdadeon.com.br\/portal\/\",\"name\":\"VerdadeOn\",\"description\":\"Not\u00edcias di\u00e1rias sobre Franca, Regi\u00e3o, Esporte, Cultura, Cotidiano, Colunas. Cobertura nos principais eventos da cidade \u00e9 aqui - Verdadeon Franca\",\"potentialAction\":[{\"@type\":\"SearchAction\",\"target\":{\"@type\":\"EntryPoint\",\"urlTemplate\":\"https:\/\/verdadeon.com.br\/portal\/?s={search_term_string}\"},\"query-input\":{\"@type\":\"PropertyValueSpecification\",\"valueRequired\":true,\"valueName\":\"search_term_string\"}}],\"inLanguage\":\"pt-BR\"},{\"@type\":\"Person\",\"@id\":\"https:\/\/verdadeon.com.br\/portal\/#\/schema\/person\/8248726d36015c1916636fabb175d972\",\"name\":\"Nelise Luques\",\"image\":{\"@type\":\"ImageObject\",\"inLanguage\":\"pt-BR\",\"@id\":\"https:\/\/verdadeon.com.br\/portal\/#\/schema\/person\/image\/\",\"url\":\"https:\/\/secure.gravatar.com\/avatar\/29b2a17f5bcadeb827411b66f48ac13c3e0ecaf5906c0f5745ecc5d41c24eada?s=96&d=mm&r=g\",\"contentUrl\":\"https:\/\/secure.gravatar.com\/avatar\/29b2a17f5bcadeb827411b66f48ac13c3e0ecaf5906c0f5745ecc5d41c24eada?s=96&d=mm&r=g\",\"caption\":\"Nelise Luques\"},\"url\":\"https:\/\/verdadeon.com.br\/portal\/author\/verdade\/\"}]}<\/script>\n<!-- \/ Yoast SEO plugin. -->","yoast_head_json":{"title":"Canil Municipal anuncia quinto leil\u00e3o de cavalos para dia 16 de setembro - VerdadeOn","robots":{"index":"index","follow":"follow","max-snippet":"max-snippet:-1","max-image-preview":"max-image-preview:large","max-video-preview":"max-video-preview:-1"},"canonical":"https:\/\/verdadeon.com.br\/portal\/2021\/08\/31\/canil-municipal-anuncia-quinto-leilao-de-cavalos-para-dia-16-de-setembro\/","og_locale":"pt_BR","og_type":"article","og_title":"Canil Municipal anuncia quinto leil\u00e3o de cavalos para dia 16 de setembro - VerdadeOn","og_description":"Lances ser\u00e3o a partir de R$ 100; compradores dever\u00e3o assinar termo de responsabilidade pela posse Franca ter\u00e1 mais um leil\u00e3o presencial de animais de grande porte. [\u2026]","og_url":"https:\/\/verdadeon.com.br\/portal\/2021\/08\/31\/canil-municipal-anuncia-quinto-leilao-de-cavalos-para-dia-16-de-setembro\/","og_site_name":"VerdadeOn","article_published_time":"2021-08-31T20:40:02+00:00","og_image":[{"width":1001,"height":668,"url":"https:\/\/verdadeon.com.br\/portal\/wp-content\/uploads\/2021\/08\/LEILAO-ANIMAIS-DE-GRANDE-PORTE-CANIL-MUNICIPAL-1-e1630442193338.jpeg","type":"image\/jpeg"}],"author":"Nelise Luques","twitter_card":"summary_large_image","twitter_misc":{"Escrito por":"Nelise Luques","Est. tempo de leitura":"1 minuto"},"schema":{"@context":"https:\/\/schema.org","@graph":[{"@type":"WebPage","@id":"https:\/\/verdadeon.com.br\/portal\/2021\/08\/31\/canil-municipal-anuncia-quinto-leilao-de-cavalos-para-dia-16-de-setembro\/","url":"https:\/\/verdadeon.com.br\/portal\/2021\/08\/31\/canil-municipal-anuncia-quinto-leilao-de-cavalos-para-dia-16-de-setembro\/","name":"Canil Municipal anuncia quinto leil\u00e3o de cavalos para dia 16 de setembro - VerdadeOn","isPartOf":{"@id":"https:\/\/verdadeon.com.br\/portal\/#website"},"primaryImageOfPage":{"@id":"https:\/\/verdadeon.com.br\/portal\/2021\/08\/31\/canil-municipal-anuncia-quinto-leilao-de-cavalos-para-dia-16-de-setembro\/#primaryimage"},"image":{"@id":"https:\/\/verdadeon.com.br\/portal\/2021\/08\/31\/canil-municipal-anuncia-quinto-leilao-de-cavalos-para-dia-16-de-setembro\/#primaryimage"},"thumbnailUrl":"https:\/\/i0.wp.com\/verdadeon.com.br\/portal\/wp-content\/uploads\/2021\/08\/LEILAO-ANIMAIS-DE-GRANDE-PORTE-CANIL-MUNICIPAL-1-e1630442193338.jpeg?fit=1001%2C668&ssl=1","datePublished":"2021-08-31T20:40:02+00:00","author":{"@id":"https:\/\/verdadeon.com.br\/portal\/#\/schema\/person\/8248726d36015c1916636fabb175d972"},"breadcrumb":{"@id":"https:\/\/verdadeon.com.br\/portal\/2021\/08\/31\/canil-municipal-anuncia-quinto-leilao-de-cavalos-para-dia-16-de-setembro\/#breadcrumb"},"inLanguage":"pt-BR","potentialAction":[{"@type":"ReadAction","target":["https:\/\/verdadeon.com.br\/portal\/2021\/08\/31\/canil-municipal-anuncia-quinto-leilao-de-cavalos-para-dia-16-de-setembro\/"]}]},{"@type":"ImageObject","inLanguage":"pt-BR","@id":"https:\/\/verdadeon.com.br\/portal\/2021\/08\/31\/canil-municipal-anuncia-quinto-leilao-de-cavalos-para-dia-16-de-setembro\/#primaryimage","url":"https:\/\/i0.wp.com\/verdadeon.com.br\/portal\/wp-content\/uploads\/2021\/08\/LEILAO-ANIMAIS-DE-GRANDE-PORTE-CANIL-MUNICIPAL-1-e1630442193338.jpeg?fit=1001%2C668&ssl=1","contentUrl":"https:\/\/i0.wp.com\/verdadeon.com.br\/portal\/wp-content\/uploads\/2021\/08\/LEILAO-ANIMAIS-DE-GRANDE-PORTE-CANIL-MUNICIPAL-1-e1630442193338.jpeg?fit=1001%2C668&ssl=1","width":1001,"height":668,"caption":"Canil Municipal far\u00e1 mais um leil\u00e3o de animais de grande porte em setembro | Foto: Divulga\u00e7\u00e3o"},{"@type":"BreadcrumbList","@id":"https:\/\/verdadeon.com.br\/portal\/2021\/08\/31\/canil-municipal-anuncia-quinto-leilao-de-cavalos-para-dia-16-de-setembro\/#breadcrumb","itemListElement":[{"@type":"ListItem","position":1,"name":"In\u00edcio","item":"https:\/\/verdadeon.com.br\/portal\/"},{"@type":"ListItem","position":2,"name":"Canil Municipal anuncia quinto leil\u00e3o de cavalos para dia 16 de setembro"}]},{"@type":"WebSite","@id":"https:\/\/verdadeon.com.br\/portal\/#website","url":"https:\/\/verdadeon.com.br\/portal\/","name":"VerdadeOn","description":"Not\u00edcias di\u00e1rias sobre Franca, Regi\u00e3o, Esporte, Cultura, Cotidiano, Colunas. Cobertura nos principais eventos da cidade \u00e9 aqui - Verdadeon Franca","potentialAction":[{"@type":"SearchAction","target":{"@type":"EntryPoint","urlTemplate":"https:\/\/verdadeon.com.br\/portal\/?s={search_term_string}"},"query-input":{"@type":"PropertyValueSpecification","valueRequired":true,"valueName":"search_term_string"}}],"inLanguage":"pt-BR"},{"@type":"Person","@id":"https:\/\/verdadeon.com.br\/portal\/#\/schema\/person\/8248726d36015c1916636fabb175d972","name":"Nelise Luques","image":{"@type":"ImageObject","inLanguage":"pt-BR","@id":"https:\/\/verdadeon.com.br\/portal\/#\/schema\/person\/image\/","url":"https:\/\/secure.gravatar.com\/avatar\/29b2a17f5bcadeb827411b66f48ac13c3e0ecaf5906c0f5745ecc5d41c24eada?s=96&d=mm&r=g","contentUrl":"https:\/\/secure.gravatar.com\/avatar\/29b2a17f5bcadeb827411b66f48ac13c3e0ecaf5906c0f5745ecc5d41c24eada?s=96&d=mm&r=g","caption":"Nelise Luques"},"url":"https:\/\/verdadeon.com.br\/portal\/author\/verdade\/"}]}},"jetpack_publicize_connections":[],"jetpack_featured_media_url":"https:\/\/i0.wp.com\/verdadeon.com.br\/portal\/wp-content\/uploads\/2021\/08\/LEILAO-ANIMAIS-DE-GRANDE-PORTE-CANIL-MUNICIPAL-1-e1630442193338.jpeg?fit=1001%2C668&ssl=1","jetpack_sharing_enabled":true,"_links":{"self":[{"href":"https:\/\/verdadeon.com.br\/portal\/wp-json\/wp\/v2\/posts\/19160","targetHints":{"allow":["GET"]}}],"collection":[{"href":"https:\/\/verdadeon.com.br\/portal\/wp-json\/wp\/v2\/posts"}],"about":[{"href":"https:\/\/verdadeon.com.br\/portal\/wp-json\/wp\/v2\/types\/post"}],"author":[{"embeddable":true,"href":"https:\/\/verdadeon.com.br\/portal\/wp-json\/wp\/v2\/users\/12"}],"replies":[{"embeddable":true,"href":"https:\/\/verdadeon.com.br\/portal\/wp-json\/wp\/v2\/comments?post=19160"}],"version-history":[{"count":0,"href":"https:\/\/verdadeon.com.br\/portal\/wp-json\/wp\/v2\/posts\/19160\/revisions"}],"wp:featuredmedia":[{"embeddable":true,"href":"https:\/\/verdadeon.com.br\/portal\/wp-json\/wp\/v2\/media\/19162"}],"wp:attachment":[{"href":"https:\/\/verdadeon.com.br\/portal\/wp-json\/wp\/v2\/media?parent=19160"}],"wp:term":[{"taxonomy":"category","embeddable":true,"href":"https:\/\/verdadeon.com.br\/portal\/wp-json\/wp\/v2\/categories?post=19160"},{"taxonomy":"post_tag","embeddable":true,"href":"https:\/\/verdadeon.com.br\/portal\/wp-json\/wp\/v2\/tags?post=19160"}],"curies":[{"name":"wp","href":"https:\/\/api.w.org\/{rel}","templated":true}]}}