{"id":19130,"date":"2021-08-30T17:00:39","date_gmt":"2021-08-30T20:00:39","guid":{"rendered":"https:\/\/verdadeon.com.br\/portal\/?p=19130"},"modified":"2021-08-30T17:00:39","modified_gmt":"2021-08-30T20:00:39","slug":"franca-semana-comeca-com-44-de-ocupacao-dos-leitos-sus-para-covid-19","status":"publish","type":"post","link":"https:\/\/verdadeon.com.br\/portal\/2021\/08\/30\/franca-semana-comeca-com-44-de-ocupacao-dos-leitos-sus-para-covid-19\/","title":{"rendered":"Franca: Semana come\u00e7a com 44% de ocupa\u00e7\u00e3o dos leitos SUS para Covid-19"},"content":{"rendered":"<h2>Queda tem sido registrada nas \u00faltimas semanas, mesmo assim os cuidados devem ser cont\u00ednuos<\/h2>\n<p>A Santa Casa de Franca divulgou na tarde desta segunda-feira (30), que tem 44% de ocupa\u00e7\u00e3o nos leitos do Sistema \u00danico de Sa\u00fade (SUS), para o tratamento da Covid-19. Segundo os dados do hospital, dos 55 leitos, 26 est\u00e3o ocupados. Estas unidades ficam no Hospital do Cora\u00e7\u00e3o, que faz parte do Grupo Santa Casa de Franca.<\/p>\n<p>J\u00e1 nos leitos de enfermaria a situa\u00e7\u00e3o n\u00e3o \u00e9 t\u00e3o confort\u00e1vel, isso porque dos 10 dispon\u00edveis, 9 est\u00e3o em uso, o que deixa a ocupa\u00e7\u00e3o em 90%.<\/p>\n<p>A calmaria na ocupa\u00e7\u00e3o dos leitos veio depois de um longo per\u00edodo com a cidade com 100% de ocupa\u00e7\u00e3o das unidades. No dia 20 de agosto, o Jornal Verdade mostrou que o fechamento de 25 leitos para o tratamento da Covid-19 no Ambulat\u00f3rio M\u00e9dico de Especialidades (AME), pegou muita gente de surpresa. No total foram fechados 22 leitos de UTI e mais tr\u00eas de enfermaria, que estavam no AME desde o m\u00eas de fevereiro deste ano.<\/p>\n<p>Na oportunidade o Estado afirmou ao Jornal Verdade que o AME vai retomar seus atendimentos ambulatoriais a partir de 1\u00ba setembro, a decis\u00e3o era planejada e foi tomada por conta da queda da demanda do hospital de campanha dedicado \u00e0 covid,\u00a0 e por conta da baixa ocupa\u00e7\u00e3o de leitos na regi\u00e3o.<\/p>\n<p>&#8220;O servi\u00e7o hospitalar foi implantado pelo Governo do Estado de S\u00e3o Paulo para atender casos graves da COVID-19 na segunda onda da pandemia, e atendeu 261 pacientes da regi\u00e3o de Franca. A partir de agora, o AME far\u00e1 toda a readequa\u00e7\u00e3o do local at\u00e9 o final de agosto, e a partir do pr\u00f3ximo m\u00eas volta a oferecer consultas m\u00e9dicas e n\u00e3o m\u00e9dicas em 19 especialidades, exames e procedimentos de menor complexidade, mediante agendamento. Ser\u00e3o ofertadas mais de 6 mil consultas, 15 mil exames e cerca de 570 cirurgias ambulatoriais&#8221;, informou o Estado.<\/p>\n","protected":false},"excerpt":{"rendered":"<p>Queda tem sido registrada nas \u00faltimas semanas, mesmo assim os cuidados devem ser cont\u00ednuos A Santa Casa de Franca divulgou na tarde desta segunda-feira (30), que<span class=\"excerpt-hellip\"> [\u2026]<\/span><\/p>\n","protected":false},"author":7,"featured_media":15343,"comment_status":"open","ping_status":"open","sticky":false,"template":"","format":"standard","meta":{"_jetpack_memberships_contains_paid_content":false,"footnotes":"","jetpack_publicize_message":"","jetpack_publicize_feature_enabled":true,"jetpack_social_post_already_shared":false,"jetpack_social_options":{"image_generator_settings":{"template":"highway","default_image_id":0,"enabled":false},"version":2}},"categories":[28,81],"tags":[],"class_list":["post-19130","post","type-post","status-publish","format-standard","has-post-thumbnail","hentry","category-cotidiano","category-manchete"],"yoast_head":"<!-- This site is optimized with the Yoast SEO plugin v25.6 - https:\/\/yoast.com\/wordpress\/plugins\/seo\/ -->\n<title>Franca: Semana come\u00e7a com 44% de ocupa\u00e7\u00e3o dos leitos SUS para Covid-19 - VerdadeOn<\/title>\n<meta name=\"robots\" content=\"index, follow, max-snippet:-1, max-image-preview:large, max-video-preview:-1\" \/>\n<link rel=\"canonical\" href=\"https:\/\/verdadeon.com.br\/portal\/2021\/08\/30\/franca-semana-comeca-com-44-de-ocupacao-dos-leitos-sus-para-covid-19\/\" \/>\n<meta property=\"og:locale\" content=\"pt_BR\" \/>\n<meta property=\"og:type\" content=\"article\" \/>\n<meta property=\"og:title\" content=\"Franca: Semana come\u00e7a com 44% de ocupa\u00e7\u00e3o dos leitos SUS para Covid-19 - VerdadeOn\" \/>\n<meta property=\"og:description\" content=\"Queda tem sido registrada nas \u00faltimas semanas, mesmo assim os cuidados devem ser cont\u00ednuos A Santa Casa de Franca divulgou na tarde desta segunda-feira (30), que [\u2026]\" \/>\n<meta property=\"og:url\" content=\"https:\/\/verdadeon.com.br\/portal\/2021\/08\/30\/franca-semana-comeca-com-44-de-ocupacao-dos-leitos-sus-para-covid-19\/\" \/>\n<meta property=\"og:site_name\" content=\"VerdadeOn\" \/>\n<meta property=\"article:published_time\" content=\"2021-08-30T20:00:39+00:00\" \/>\n<meta property=\"og:image\" content=\"https:\/\/verdadeon.com.br\/portal\/wp-content\/uploads\/2021\/03\/WhatsApp-Image-2021-03-18-at-14.27.47.jpeg\" \/>\n\t<meta property=\"og:image:width\" content=\"1000\" \/>\n\t<meta property=\"og:image:height\" content=\"670\" \/>\n\t<meta property=\"og:image:type\" content=\"image\/jpeg\" \/>\n<meta name=\"author\" content=\"Fernando Lima\" \/>\n<meta name=\"twitter:card\" content=\"summary_large_image\" \/>\n<meta name=\"twitter:label1\" content=\"Escrito por\" \/>\n\t<meta name=\"twitter:data1\" content=\"Fernando Lima\" \/>\n\t<meta name=\"twitter:label2\" content=\"Est. tempo de leitura\" \/>\n\t<meta name=\"twitter:data2\" content=\"2 minutos\" \/>\n<script type=\"application\/ld+json\" class=\"yoast-schema-graph\">{\"@context\":\"https:\/\/schema.org\",\"@graph\":[{\"@type\":\"WebPage\",\"@id\":\"https:\/\/verdadeon.com.br\/portal\/2021\/08\/30\/franca-semana-comeca-com-44-de-ocupacao-dos-leitos-sus-para-covid-19\/\",\"url\":\"https:\/\/verdadeon.com.br\/portal\/2021\/08\/30\/franca-semana-comeca-com-44-de-ocupacao-dos-leitos-sus-para-covid-19\/\",\"name\":\"Franca: Semana come\u00e7a com 44% de ocupa\u00e7\u00e3o dos leitos SUS para Covid-19 - VerdadeOn\",\"isPartOf\":{\"@id\":\"https:\/\/verdadeon.com.br\/portal\/#website\"},\"primaryImageOfPage\":{\"@id\":\"https:\/\/verdadeon.com.br\/portal\/2021\/08\/30\/franca-semana-comeca-com-44-de-ocupacao-dos-leitos-sus-para-covid-19\/#primaryimage\"},\"image\":{\"@id\":\"https:\/\/verdadeon.com.br\/portal\/2021\/08\/30\/franca-semana-comeca-com-44-de-ocupacao-dos-leitos-sus-para-covid-19\/#primaryimage\"},\"thumbnailUrl\":\"https:\/\/i0.wp.com\/verdadeon.com.br\/portal\/wp-content\/uploads\/2021\/03\/WhatsApp-Image-2021-03-18-at-14.27.47.jpeg?fit=1000%2C670&ssl=1\",\"datePublished\":\"2021-08-30T20:00:39+00:00\",\"author\":{\"@id\":\"https:\/\/verdadeon.com.br\/portal\/#\/schema\/person\/cc32be22b8e8599387c480bc83e1d11a\"},\"breadcrumb\":{\"@id\":\"https:\/\/verdadeon.com.br\/portal\/2021\/08\/30\/franca-semana-comeca-com-44-de-ocupacao-dos-leitos-sus-para-covid-19\/#breadcrumb\"},\"inLanguage\":\"pt-BR\",\"potentialAction\":[{\"@type\":\"ReadAction\",\"target\":[\"https:\/\/verdadeon.com.br\/portal\/2021\/08\/30\/franca-semana-comeca-com-44-de-ocupacao-dos-leitos-sus-para-covid-19\/\"]}]},{\"@type\":\"ImageObject\",\"inLanguage\":\"pt-BR\",\"@id\":\"https:\/\/verdadeon.com.br\/portal\/2021\/08\/30\/franca-semana-comeca-com-44-de-ocupacao-dos-leitos-sus-para-covid-19\/#primaryimage\",\"url\":\"https:\/\/i0.wp.com\/verdadeon.com.br\/portal\/wp-content\/uploads\/2021\/03\/WhatsApp-Image-2021-03-18-at-14.27.47.jpeg?fit=1000%2C670&ssl=1\",\"contentUrl\":\"https:\/\/i0.wp.com\/verdadeon.com.br\/portal\/wp-content\/uploads\/2021\/03\/WhatsApp-Image-2021-03-18-at-14.27.47.jpeg?fit=1000%2C670&ssl=1\",\"width\":1000,\"height\":670,\"caption\":\"A v\u00edtima foi encaminhada ao hospital com perfura\u00e7\u00f5es no pulm\u00e3o que exigiram drenagem| Foto: Jornal Verdade\"},{\"@type\":\"BreadcrumbList\",\"@id\":\"https:\/\/verdadeon.com.br\/portal\/2021\/08\/30\/franca-semana-comeca-com-44-de-ocupacao-dos-leitos-sus-para-covid-19\/#breadcrumb\",\"itemListElement\":[{\"@type\":\"ListItem\",\"position\":1,\"name\":\"In\u00edcio\",\"item\":\"https:\/\/verdadeon.com.br\/portal\/\"},{\"@type\":\"ListItem\",\"position\":2,\"name\":\"Franca: Semana come\u00e7a com 44% de ocupa\u00e7\u00e3o dos leitos SUS para Covid-19\"}]},{\"@type\":\"WebSite\",\"@id\":\"https:\/\/verdadeon.com.br\/portal\/#website\",\"url\":\"https:\/\/verdadeon.com.br\/portal\/\",\"name\":\"VerdadeOn\",\"description\":\"Not\u00edcias di\u00e1rias sobre Franca, Regi\u00e3o, Esporte, Cultura, Cotidiano, Colunas. Cobertura nos principais eventos da cidade \u00e9 aqui - Verdadeon Franca\",\"potentialAction\":[{\"@type\":\"SearchAction\",\"target\":{\"@type\":\"EntryPoint\",\"urlTemplate\":\"https:\/\/verdadeon.com.br\/portal\/?s={search_term_string}\"},\"query-input\":{\"@type\":\"PropertyValueSpecification\",\"valueRequired\":true,\"valueName\":\"search_term_string\"}}],\"inLanguage\":\"pt-BR\"},{\"@type\":\"Person\",\"@id\":\"https:\/\/verdadeon.com.br\/portal\/#\/schema\/person\/cc32be22b8e8599387c480bc83e1d11a\",\"name\":\"Fernando Lima\",\"image\":{\"@type\":\"ImageObject\",\"inLanguage\":\"pt-BR\",\"@id\":\"https:\/\/verdadeon.com.br\/portal\/#\/schema\/person\/image\/\",\"url\":\"https:\/\/secure.gravatar.com\/avatar\/df4c8e132080d2b3a4841d5d232045464e0eed11a1d6e43115ca0843d48768d3?s=96&d=mm&r=g\",\"contentUrl\":\"https:\/\/secure.gravatar.com\/avatar\/df4c8e132080d2b3a4841d5d232045464e0eed11a1d6e43115ca0843d48768d3?s=96&d=mm&r=g\",\"caption\":\"Fernando Lima\"},\"sameAs\":[\"http:\/\/verdadeon.com.br\/\"],\"url\":\"https:\/\/verdadeon.com.br\/portal\/author\/fernando-lima\/\"}]}<\/script>\n<!-- \/ Yoast SEO plugin. -->","yoast_head_json":{"title":"Franca: Semana come\u00e7a com 44% de ocupa\u00e7\u00e3o dos leitos SUS para Covid-19 - VerdadeOn","robots":{"index":"index","follow":"follow","max-snippet":"max-snippet:-1","max-image-preview":"max-image-preview:large","max-video-preview":"max-video-preview:-1"},"canonical":"https:\/\/verdadeon.com.br\/portal\/2021\/08\/30\/franca-semana-comeca-com-44-de-ocupacao-dos-leitos-sus-para-covid-19\/","og_locale":"pt_BR","og_type":"article","og_title":"Franca: Semana come\u00e7a com 44% de ocupa\u00e7\u00e3o dos leitos SUS para Covid-19 - VerdadeOn","og_description":"Queda tem sido registrada nas \u00faltimas semanas, mesmo assim os cuidados devem ser cont\u00ednuos A Santa Casa de Franca divulgou na tarde desta segunda-feira (30), que [\u2026]","og_url":"https:\/\/verdadeon.com.br\/portal\/2021\/08\/30\/franca-semana-comeca-com-44-de-ocupacao-dos-leitos-sus-para-covid-19\/","og_site_name":"VerdadeOn","article_published_time":"2021-08-30T20:00:39+00:00","og_image":[{"width":1000,"height":670,"url":"https:\/\/verdadeon.com.br\/portal\/wp-content\/uploads\/2021\/03\/WhatsApp-Image-2021-03-18-at-14.27.47.jpeg","type":"image\/jpeg"}],"author":"Fernando Lima","twitter_card":"summary_large_image","twitter_misc":{"Escrito por":"Fernando Lima","Est. tempo de leitura":"2 minutos"},"schema":{"@context":"https:\/\/schema.org","@graph":[{"@type":"WebPage","@id":"https:\/\/verdadeon.com.br\/portal\/2021\/08\/30\/franca-semana-comeca-com-44-de-ocupacao-dos-leitos-sus-para-covid-19\/","url":"https:\/\/verdadeon.com.br\/portal\/2021\/08\/30\/franca-semana-comeca-com-44-de-ocupacao-dos-leitos-sus-para-covid-19\/","name":"Franca: Semana come\u00e7a com 44% de ocupa\u00e7\u00e3o dos leitos SUS para Covid-19 - VerdadeOn","isPartOf":{"@id":"https:\/\/verdadeon.com.br\/portal\/#website"},"primaryImageOfPage":{"@id":"https:\/\/verdadeon.com.br\/portal\/2021\/08\/30\/franca-semana-comeca-com-44-de-ocupacao-dos-leitos-sus-para-covid-19\/#primaryimage"},"image":{"@id":"https:\/\/verdadeon.com.br\/portal\/2021\/08\/30\/franca-semana-comeca-com-44-de-ocupacao-dos-leitos-sus-para-covid-19\/#primaryimage"},"thumbnailUrl":"https:\/\/i0.wp.com\/verdadeon.com.br\/portal\/wp-content\/uploads\/2021\/03\/WhatsApp-Image-2021-03-18-at-14.27.47.jpeg?fit=1000%2C670&ssl=1","datePublished":"2021-08-30T20:00:39+00:00","author":{"@id":"https:\/\/verdadeon.com.br\/portal\/#\/schema\/person\/cc32be22b8e8599387c480bc83e1d11a"},"breadcrumb":{"@id":"https:\/\/verdadeon.com.br\/portal\/2021\/08\/30\/franca-semana-comeca-com-44-de-ocupacao-dos-leitos-sus-para-covid-19\/#breadcrumb"},"inLanguage":"pt-BR","potentialAction":[{"@type":"ReadAction","target":["https:\/\/verdadeon.com.br\/portal\/2021\/08\/30\/franca-semana-comeca-com-44-de-ocupacao-dos-leitos-sus-para-covid-19\/"]}]},{"@type":"ImageObject","inLanguage":"pt-BR","@id":"https:\/\/verdadeon.com.br\/portal\/2021\/08\/30\/franca-semana-comeca-com-44-de-ocupacao-dos-leitos-sus-para-covid-19\/#primaryimage","url":"https:\/\/i0.wp.com\/verdadeon.com.br\/portal\/wp-content\/uploads\/2021\/03\/WhatsApp-Image-2021-03-18-at-14.27.47.jpeg?fit=1000%2C670&ssl=1","contentUrl":"https:\/\/i0.wp.com\/verdadeon.com.br\/portal\/wp-content\/uploads\/2021\/03\/WhatsApp-Image-2021-03-18-at-14.27.47.jpeg?fit=1000%2C670&ssl=1","width":1000,"height":670,"caption":"A v\u00edtima foi encaminhada ao hospital com perfura\u00e7\u00f5es no pulm\u00e3o que exigiram drenagem| Foto: Jornal Verdade"},{"@type":"BreadcrumbList","@id":"https:\/\/verdadeon.com.br\/portal\/2021\/08\/30\/franca-semana-comeca-com-44-de-ocupacao-dos-leitos-sus-para-covid-19\/#breadcrumb","itemListElement":[{"@type":"ListItem","position":1,"name":"In\u00edcio","item":"https:\/\/verdadeon.com.br\/portal\/"},{"@type":"ListItem","position":2,"name":"Franca: Semana come\u00e7a com 44% de ocupa\u00e7\u00e3o dos leitos SUS para Covid-19"}]},{"@type":"WebSite","@id":"https:\/\/verdadeon.com.br\/portal\/#website","url":"https:\/\/verdadeon.com.br\/portal\/","name":"VerdadeOn","description":"Not\u00edcias di\u00e1rias sobre Franca, Regi\u00e3o, Esporte, Cultura, Cotidiano, Colunas. Cobertura nos principais eventos da cidade \u00e9 aqui - Verdadeon Franca","potentialAction":[{"@type":"SearchAction","target":{"@type":"EntryPoint","urlTemplate":"https:\/\/verdadeon.com.br\/portal\/?s={search_term_string}"},"query-input":{"@type":"PropertyValueSpecification","valueRequired":true,"valueName":"search_term_string"}}],"inLanguage":"pt-BR"},{"@type":"Person","@id":"https:\/\/verdadeon.com.br\/portal\/#\/schema\/person\/cc32be22b8e8599387c480bc83e1d11a","name":"Fernando Lima","image":{"@type":"ImageObject","inLanguage":"pt-BR","@id":"https:\/\/verdadeon.com.br\/portal\/#\/schema\/person\/image\/","url":"https:\/\/secure.gravatar.com\/avatar\/df4c8e132080d2b3a4841d5d232045464e0eed11a1d6e43115ca0843d48768d3?s=96&d=mm&r=g","contentUrl":"https:\/\/secure.gravatar.com\/avatar\/df4c8e132080d2b3a4841d5d232045464e0eed11a1d6e43115ca0843d48768d3?s=96&d=mm&r=g","caption":"Fernando Lima"},"sameAs":["http:\/\/verdadeon.com.br\/"],"url":"https:\/\/verdadeon.com.br\/portal\/author\/fernando-lima\/"}]}},"jetpack_publicize_connections":[],"jetpack_featured_media_url":"https:\/\/i0.wp.com\/verdadeon.com.br\/portal\/wp-content\/uploads\/2021\/03\/WhatsApp-Image-2021-03-18-at-14.27.47.jpeg?fit=1000%2C670&ssl=1","jetpack_sharing_enabled":true,"_links":{"self":[{"href":"https:\/\/verdadeon.com.br\/portal\/wp-json\/wp\/v2\/posts\/19130","targetHints":{"allow":["GET"]}}],"collection":[{"href":"https:\/\/verdadeon.com.br\/portal\/wp-json\/wp\/v2\/posts"}],"about":[{"href":"https:\/\/verdadeon.com.br\/portal\/wp-json\/wp\/v2\/types\/post"}],"author":[{"embeddable":true,"href":"https:\/\/verdadeon.com.br\/portal\/wp-json\/wp\/v2\/users\/7"}],"replies":[{"embeddable":true,"href":"https:\/\/verdadeon.com.br\/portal\/wp-json\/wp\/v2\/comments?post=19130"}],"version-history":[{"count":0,"href":"https:\/\/verdadeon.com.br\/portal\/wp-json\/wp\/v2\/posts\/19130\/revisions"}],"wp:featuredmedia":[{"embeddable":true,"href":"https:\/\/verdadeon.com.br\/portal\/wp-json\/wp\/v2\/media\/15343"}],"wp:attachment":[{"href":"https:\/\/verdadeon.com.br\/portal\/wp-json\/wp\/v2\/media?parent=19130"}],"wp:term":[{"taxonomy":"category","embeddable":true,"href":"https:\/\/verdadeon.com.br\/portal\/wp-json\/wp\/v2\/categories?post=19130"},{"taxonomy":"post_tag","embeddable":true,"href":"https:\/\/verdadeon.com.br\/portal\/wp-json\/wp\/v2\/tags?post=19130"}],"curies":[{"name":"wp","href":"https:\/\/api.w.org\/{rel}","templated":true}]}}