{"id":19063,"date":"2021-08-27T15:40:47","date_gmt":"2021-08-27T18:40:47","guid":{"rendered":"https:\/\/verdadeon.com.br\/portal\/?p=19063"},"modified":"2021-08-27T18:30:21","modified_gmt":"2021-08-27T21:30:21","slug":"pedal-solidario-e-passeio-de-bike-noturno-devem-movimentar-regiao","status":"publish","type":"post","link":"https:\/\/verdadeon.com.br\/portal\/2021\/08\/27\/pedal-solidario-e-passeio-de-bike-noturno-devem-movimentar-regiao\/","title":{"rendered":"Pedal Solid\u00e1rio e passeio de bike noturno devem movimentar regi\u00e3o"},"content":{"rendered":"<h2>A\u00e7\u00e3o solid\u00e1ria quer arrecadar alimentos para fam\u00edlias carentes em Ribeir\u00e3o Corrente neste domingo. Feac lan\u00e7a Passeio Cicl\u00edstico na quarta-feira, com trajeto do P\u00f3li ao Fernando Costa<\/h2>\n<p><span style=\"font-weight: 400;\">Unir o incentivo \u00e0 pr\u00e1tica esportiva com solidariedade. Com esse objetivo acontece neste domingo, 29, pela manh\u00e3 o Pedal Solid\u00e1rio em Ribeir\u00e3o Corrente. A categoria \u00e9 livre e s\u00e3o esperados 250 participantes para percorrer o trajeto de 22 quil\u00f4metros.\u00a0<\/span><\/p>\n<p><span style=\"font-weight: 400;\">A concentra\u00e7\u00e3o ser\u00e1 \u00e0s 7h30 na Pra\u00e7a do Cemit\u00e9rio de Ribeir\u00e3o Corrente e a sa\u00edda est\u00e1 prevista para \u00e0s 8 horas. Os participantes v\u00e3o pedalar at\u00e9 a Fazenda Labareda, onde ter\u00e3o estrutura de apoio, distribui\u00e7\u00e3o de \u00e1gua e sorteio de uma cesta de caf\u00e9. Em seguida, os ciclistas retornar\u00e3o ao ponto de partida.\u00a0<\/span><\/p>\n<p><span style=\"font-weight: 400;\">Para a inscri\u00e7\u00e3o, que pode ser feita no local, \u00e9 preciso doar um quilo de alimento. Os donativos ser\u00e3o repassados para a Igreja Matriz Santa Cruz para serem doados a fam\u00edlias carentes. \u201cRecebemos mais de cem inscri\u00e7\u00f5es at\u00e9 o momento e acreditamos que haver\u00e1 mais ades\u00e3o ao Pedal Solid\u00e1rio. A iniciativa conta com apoio de muitos parceiros e, al\u00e9m de reunir fam\u00edlias para andar de bike, vai ajudar pessoas carentes, principalmente neste momento de dificuldades com a pandemia do coronav\u00edrus\u201d, comentou Diego Ricardo, propriet\u00e1rio da Pedala Bike Brasil, uma das organizadoras.<\/span><\/p>\n<h4>Bike \u00e0 noite<\/h4>\n<p><span style=\"font-weight: 400;\">A Feac (Funda\u00e7\u00e3o de Esporte, Arte e Cultura) tamb\u00e9m promover\u00e1 eventos com ciclistas atrav\u00e9s do projeto Passeio Cicl\u00edstico Noturno. A primeira edi\u00e7\u00e3o ser\u00e1 na pr\u00f3xima quarta-feira, 1\u00ba de setembro, das 19h \u00e0s 22 horas, com percurso entre o Complexo Poliesportivo e o Parque Fernando Costa, sendo o trajeto ida e volta. A a\u00e7\u00e3o continuar\u00e1 ao longo do m\u00eas, sempre \u00e0s quartas-feiras e no mesmo hor\u00e1rio.<\/span><\/p>\n<p><span style=\"font-weight: 400;\">Mateus Caetano, presidente da Feac, informou que o evento \u00e9 aberto a toda popula\u00e7\u00e3o, a quem gosta de andar de bicicleta e para os ciclistas que j\u00e1 praticam o esporte, visando a integra\u00e7\u00e3o e a pr\u00e1tica esportiva para melhoria da qualidade de vida.<\/span><\/p>\n<p><span style=\"font-weight: 400;\">Os passeios contar\u00e3o com o apoio da Secretaria de Seguran\u00e7a, por meio da Guarda Civil Municipal, e da Pol\u00edcia Militar, al\u00e9m de um profissional de educa\u00e7\u00e3o f\u00edsica e a equipe da Feac.<\/span><\/p>\n<p><span style=\"font-weight: 400;\">Os participantes devem usar roupas apropriadas para pedalar, m\u00e1scara e equipamentos de prote\u00e7\u00e3o, al\u00e9m de sinalizadores, para garantir a seguran\u00e7a no percurso. Todos os protocolos sanit\u00e1rios para preven\u00e7\u00e3o do coronav\u00edrus ser\u00e3o adotados durante o passeio.<\/span><\/p>\n<p><span style=\"font-weight: 400;\">O cronograma do Passeio Cicl\u00edstico Noturno ser\u00e1 realizado a partir do dia 1\u00ba de setembro e depois nos dias 8, 15, 22 e 29 de setembro, com percursos a serem divulgados pela Feac.\u00a0<\/span><\/p>\n","protected":false},"excerpt":{"rendered":"<p>A\u00e7\u00e3o solid\u00e1ria quer arrecadar alimentos para fam\u00edlias carentes em Ribeir\u00e3o Corrente neste domingo. Feac lan\u00e7a Passeio Cicl\u00edstico na quarta-feira, com trajeto do P\u00f3li ao Fernando Costa<span class=\"excerpt-hellip\"> [\u2026]<\/span><\/p>\n","protected":false},"author":12,"featured_media":19064,"comment_status":"open","ping_status":"open","sticky":false,"template":"","format":"standard","meta":{"_jetpack_memberships_contains_paid_content":false,"footnotes":"","jetpack_publicize_message":"","jetpack_publicize_feature_enabled":true,"jetpack_social_post_already_shared":false,"jetpack_social_options":{"image_generator_settings":{"template":"highway","default_image_id":0,"enabled":false},"version":2}},"categories":[28,81],"tags":[],"class_list":["post-19063","post","type-post","status-publish","format-standard","has-post-thumbnail","hentry","category-cotidiano","category-manchete"],"yoast_head":"<!-- This site is optimized with the Yoast SEO plugin v25.6 - https:\/\/yoast.com\/wordpress\/plugins\/seo\/ -->\n<title>Pedal Solid\u00e1rio e passeio de bike noturno devem movimentar regi\u00e3o - VerdadeOn<\/title>\n<meta name=\"robots\" content=\"index, follow, max-snippet:-1, max-image-preview:large, max-video-preview:-1\" \/>\n<link rel=\"canonical\" href=\"https:\/\/verdadeon.com.br\/portal\/2021\/08\/27\/pedal-solidario-e-passeio-de-bike-noturno-devem-movimentar-regiao\/\" \/>\n<meta property=\"og:locale\" content=\"pt_BR\" \/>\n<meta property=\"og:type\" content=\"article\" \/>\n<meta property=\"og:title\" content=\"Pedal Solid\u00e1rio e passeio de bike noturno devem movimentar regi\u00e3o - VerdadeOn\" \/>\n<meta property=\"og:description\" content=\"A\u00e7\u00e3o solid\u00e1ria quer arrecadar alimentos para fam\u00edlias carentes em Ribeir\u00e3o Corrente neste domingo. Feac lan\u00e7a Passeio Cicl\u00edstico na quarta-feira, com trajeto do P\u00f3li ao Fernando Costa [\u2026]\" \/>\n<meta property=\"og:url\" content=\"https:\/\/verdadeon.com.br\/portal\/2021\/08\/27\/pedal-solidario-e-passeio-de-bike-noturno-devem-movimentar-regiao\/\" \/>\n<meta property=\"og:site_name\" content=\"VerdadeOn\" \/>\n<meta property=\"article:published_time\" content=\"2021-08-27T18:40:47+00:00\" \/>\n<meta property=\"article:modified_time\" content=\"2021-08-27T21:30:21+00:00\" \/>\n<meta property=\"og:image\" content=\"https:\/\/verdadeon.com.br\/portal\/wp-content\/uploads\/2021\/08\/Bike.jpeg\" \/>\n\t<meta property=\"og:image:width\" content=\"1000\" \/>\n\t<meta property=\"og:image:height\" content=\"670\" \/>\n\t<meta property=\"og:image:type\" content=\"image\/jpeg\" \/>\n<meta name=\"author\" content=\"Nelise Luques\" \/>\n<meta name=\"twitter:card\" content=\"summary_large_image\" \/>\n<meta name=\"twitter:label1\" content=\"Escrito por\" \/>\n\t<meta name=\"twitter:data1\" content=\"Nelise Luques\" \/>\n\t<meta name=\"twitter:label2\" content=\"Est. tempo de leitura\" \/>\n\t<meta name=\"twitter:data2\" content=\"2 minutos\" \/>\n<script type=\"application\/ld+json\" class=\"yoast-schema-graph\">{\"@context\":\"https:\/\/schema.org\",\"@graph\":[{\"@type\":\"WebPage\",\"@id\":\"https:\/\/verdadeon.com.br\/portal\/2021\/08\/27\/pedal-solidario-e-passeio-de-bike-noturno-devem-movimentar-regiao\/\",\"url\":\"https:\/\/verdadeon.com.br\/portal\/2021\/08\/27\/pedal-solidario-e-passeio-de-bike-noturno-devem-movimentar-regiao\/\",\"name\":\"Pedal Solid\u00e1rio e passeio de bike noturno devem movimentar regi\u00e3o - VerdadeOn\",\"isPartOf\":{\"@id\":\"https:\/\/verdadeon.com.br\/portal\/#website\"},\"primaryImageOfPage\":{\"@id\":\"https:\/\/verdadeon.com.br\/portal\/2021\/08\/27\/pedal-solidario-e-passeio-de-bike-noturno-devem-movimentar-regiao\/#primaryimage\"},\"image\":{\"@id\":\"https:\/\/verdadeon.com.br\/portal\/2021\/08\/27\/pedal-solidario-e-passeio-de-bike-noturno-devem-movimentar-regiao\/#primaryimage\"},\"thumbnailUrl\":\"https:\/\/i0.wp.com\/verdadeon.com.br\/portal\/wp-content\/uploads\/2021\/08\/Bike.jpeg?fit=1000%2C670&ssl=1\",\"datePublished\":\"2021-08-27T18:40:47+00:00\",\"dateModified\":\"2021-08-27T21:30:21+00:00\",\"author\":{\"@id\":\"https:\/\/verdadeon.com.br\/portal\/#\/schema\/person\/8248726d36015c1916636fabb175d972\"},\"breadcrumb\":{\"@id\":\"https:\/\/verdadeon.com.br\/portal\/2021\/08\/27\/pedal-solidario-e-passeio-de-bike-noturno-devem-movimentar-regiao\/#breadcrumb\"},\"inLanguage\":\"pt-BR\",\"potentialAction\":[{\"@type\":\"ReadAction\",\"target\":[\"https:\/\/verdadeon.com.br\/portal\/2021\/08\/27\/pedal-solidario-e-passeio-de-bike-noturno-devem-movimentar-regiao\/\"]}]},{\"@type\":\"ImageObject\",\"inLanguage\":\"pt-BR\",\"@id\":\"https:\/\/verdadeon.com.br\/portal\/2021\/08\/27\/pedal-solidario-e-passeio-de-bike-noturno-devem-movimentar-regiao\/#primaryimage\",\"url\":\"https:\/\/i0.wp.com\/verdadeon.com.br\/portal\/wp-content\/uploads\/2021\/08\/Bike.jpeg?fit=1000%2C670&ssl=1\",\"contentUrl\":\"https:\/\/i0.wp.com\/verdadeon.com.br\/portal\/wp-content\/uploads\/2021\/08\/Bike.jpeg?fit=1000%2C670&ssl=1\",\"width\":1000,\"height\":670,\"caption\":\"Passeios de bike devem movimentar Ribeir\u00e3o Corrente e Franca na pr\u00f3xima semana | Foto: Divulga\u00e7\u00e3o\"},{\"@type\":\"BreadcrumbList\",\"@id\":\"https:\/\/verdadeon.com.br\/portal\/2021\/08\/27\/pedal-solidario-e-passeio-de-bike-noturno-devem-movimentar-regiao\/#breadcrumb\",\"itemListElement\":[{\"@type\":\"ListItem\",\"position\":1,\"name\":\"In\u00edcio\",\"item\":\"https:\/\/verdadeon.com.br\/portal\/\"},{\"@type\":\"ListItem\",\"position\":2,\"name\":\"Pedal Solid\u00e1rio e passeio de bike noturno devem movimentar regi\u00e3o\"}]},{\"@type\":\"WebSite\",\"@id\":\"https:\/\/verdadeon.com.br\/portal\/#website\",\"url\":\"https:\/\/verdadeon.com.br\/portal\/\",\"name\":\"VerdadeOn\",\"description\":\"Not\u00edcias di\u00e1rias sobre Franca, Regi\u00e3o, Esporte, Cultura, Cotidiano, Colunas. Cobertura nos principais eventos da cidade \u00e9 aqui - Verdadeon Franca\",\"potentialAction\":[{\"@type\":\"SearchAction\",\"target\":{\"@type\":\"EntryPoint\",\"urlTemplate\":\"https:\/\/verdadeon.com.br\/portal\/?s={search_term_string}\"},\"query-input\":{\"@type\":\"PropertyValueSpecification\",\"valueRequired\":true,\"valueName\":\"search_term_string\"}}],\"inLanguage\":\"pt-BR\"},{\"@type\":\"Person\",\"@id\":\"https:\/\/verdadeon.com.br\/portal\/#\/schema\/person\/8248726d36015c1916636fabb175d972\",\"name\":\"Nelise Luques\",\"image\":{\"@type\":\"ImageObject\",\"inLanguage\":\"pt-BR\",\"@id\":\"https:\/\/verdadeon.com.br\/portal\/#\/schema\/person\/image\/\",\"url\":\"https:\/\/secure.gravatar.com\/avatar\/29b2a17f5bcadeb827411b66f48ac13c3e0ecaf5906c0f5745ecc5d41c24eada?s=96&d=mm&r=g\",\"contentUrl\":\"https:\/\/secure.gravatar.com\/avatar\/29b2a17f5bcadeb827411b66f48ac13c3e0ecaf5906c0f5745ecc5d41c24eada?s=96&d=mm&r=g\",\"caption\":\"Nelise Luques\"},\"url\":\"https:\/\/verdadeon.com.br\/portal\/author\/verdade\/\"}]}<\/script>\n<!-- \/ Yoast SEO plugin. -->","yoast_head_json":{"title":"Pedal Solid\u00e1rio e passeio de bike noturno devem movimentar regi\u00e3o - VerdadeOn","robots":{"index":"index","follow":"follow","max-snippet":"max-snippet:-1","max-image-preview":"max-image-preview:large","max-video-preview":"max-video-preview:-1"},"canonical":"https:\/\/verdadeon.com.br\/portal\/2021\/08\/27\/pedal-solidario-e-passeio-de-bike-noturno-devem-movimentar-regiao\/","og_locale":"pt_BR","og_type":"article","og_title":"Pedal Solid\u00e1rio e passeio de bike noturno devem movimentar regi\u00e3o - VerdadeOn","og_description":"A\u00e7\u00e3o solid\u00e1ria quer arrecadar alimentos para fam\u00edlias carentes em Ribeir\u00e3o Corrente neste domingo. Feac lan\u00e7a Passeio Cicl\u00edstico na quarta-feira, com trajeto do P\u00f3li ao Fernando Costa [\u2026]","og_url":"https:\/\/verdadeon.com.br\/portal\/2021\/08\/27\/pedal-solidario-e-passeio-de-bike-noturno-devem-movimentar-regiao\/","og_site_name":"VerdadeOn","article_published_time":"2021-08-27T18:40:47+00:00","article_modified_time":"2021-08-27T21:30:21+00:00","og_image":[{"width":1000,"height":670,"url":"https:\/\/verdadeon.com.br\/portal\/wp-content\/uploads\/2021\/08\/Bike.jpeg","type":"image\/jpeg"}],"author":"Nelise Luques","twitter_card":"summary_large_image","twitter_misc":{"Escrito por":"Nelise Luques","Est. tempo de leitura":"2 minutos"},"schema":{"@context":"https:\/\/schema.org","@graph":[{"@type":"WebPage","@id":"https:\/\/verdadeon.com.br\/portal\/2021\/08\/27\/pedal-solidario-e-passeio-de-bike-noturno-devem-movimentar-regiao\/","url":"https:\/\/verdadeon.com.br\/portal\/2021\/08\/27\/pedal-solidario-e-passeio-de-bike-noturno-devem-movimentar-regiao\/","name":"Pedal Solid\u00e1rio e passeio de bike noturno devem movimentar regi\u00e3o - VerdadeOn","isPartOf":{"@id":"https:\/\/verdadeon.com.br\/portal\/#website"},"primaryImageOfPage":{"@id":"https:\/\/verdadeon.com.br\/portal\/2021\/08\/27\/pedal-solidario-e-passeio-de-bike-noturno-devem-movimentar-regiao\/#primaryimage"},"image":{"@id":"https:\/\/verdadeon.com.br\/portal\/2021\/08\/27\/pedal-solidario-e-passeio-de-bike-noturno-devem-movimentar-regiao\/#primaryimage"},"thumbnailUrl":"https:\/\/i0.wp.com\/verdadeon.com.br\/portal\/wp-content\/uploads\/2021\/08\/Bike.jpeg?fit=1000%2C670&ssl=1","datePublished":"2021-08-27T18:40:47+00:00","dateModified":"2021-08-27T21:30:21+00:00","author":{"@id":"https:\/\/verdadeon.com.br\/portal\/#\/schema\/person\/8248726d36015c1916636fabb175d972"},"breadcrumb":{"@id":"https:\/\/verdadeon.com.br\/portal\/2021\/08\/27\/pedal-solidario-e-passeio-de-bike-noturno-devem-movimentar-regiao\/#breadcrumb"},"inLanguage":"pt-BR","potentialAction":[{"@type":"ReadAction","target":["https:\/\/verdadeon.com.br\/portal\/2021\/08\/27\/pedal-solidario-e-passeio-de-bike-noturno-devem-movimentar-regiao\/"]}]},{"@type":"ImageObject","inLanguage":"pt-BR","@id":"https:\/\/verdadeon.com.br\/portal\/2021\/08\/27\/pedal-solidario-e-passeio-de-bike-noturno-devem-movimentar-regiao\/#primaryimage","url":"https:\/\/i0.wp.com\/verdadeon.com.br\/portal\/wp-content\/uploads\/2021\/08\/Bike.jpeg?fit=1000%2C670&ssl=1","contentUrl":"https:\/\/i0.wp.com\/verdadeon.com.br\/portal\/wp-content\/uploads\/2021\/08\/Bike.jpeg?fit=1000%2C670&ssl=1","width":1000,"height":670,"caption":"Passeios de bike devem movimentar Ribeir\u00e3o Corrente e Franca na pr\u00f3xima semana | Foto: Divulga\u00e7\u00e3o"},{"@type":"BreadcrumbList","@id":"https:\/\/verdadeon.com.br\/portal\/2021\/08\/27\/pedal-solidario-e-passeio-de-bike-noturno-devem-movimentar-regiao\/#breadcrumb","itemListElement":[{"@type":"ListItem","position":1,"name":"In\u00edcio","item":"https:\/\/verdadeon.com.br\/portal\/"},{"@type":"ListItem","position":2,"name":"Pedal Solid\u00e1rio e passeio de bike noturno devem movimentar regi\u00e3o"}]},{"@type":"WebSite","@id":"https:\/\/verdadeon.com.br\/portal\/#website","url":"https:\/\/verdadeon.com.br\/portal\/","name":"VerdadeOn","description":"Not\u00edcias di\u00e1rias sobre Franca, Regi\u00e3o, Esporte, Cultura, Cotidiano, Colunas. Cobertura nos principais eventos da cidade \u00e9 aqui - Verdadeon Franca","potentialAction":[{"@type":"SearchAction","target":{"@type":"EntryPoint","urlTemplate":"https:\/\/verdadeon.com.br\/portal\/?s={search_term_string}"},"query-input":{"@type":"PropertyValueSpecification","valueRequired":true,"valueName":"search_term_string"}}],"inLanguage":"pt-BR"},{"@type":"Person","@id":"https:\/\/verdadeon.com.br\/portal\/#\/schema\/person\/8248726d36015c1916636fabb175d972","name":"Nelise Luques","image":{"@type":"ImageObject","inLanguage":"pt-BR","@id":"https:\/\/verdadeon.com.br\/portal\/#\/schema\/person\/image\/","url":"https:\/\/secure.gravatar.com\/avatar\/29b2a17f5bcadeb827411b66f48ac13c3e0ecaf5906c0f5745ecc5d41c24eada?s=96&d=mm&r=g","contentUrl":"https:\/\/secure.gravatar.com\/avatar\/29b2a17f5bcadeb827411b66f48ac13c3e0ecaf5906c0f5745ecc5d41c24eada?s=96&d=mm&r=g","caption":"Nelise Luques"},"url":"https:\/\/verdadeon.com.br\/portal\/author\/verdade\/"}]}},"jetpack_publicize_connections":[],"jetpack_featured_media_url":"https:\/\/i0.wp.com\/verdadeon.com.br\/portal\/wp-content\/uploads\/2021\/08\/Bike.jpeg?fit=1000%2C670&ssl=1","jetpack_sharing_enabled":true,"_links":{"self":[{"href":"https:\/\/verdadeon.com.br\/portal\/wp-json\/wp\/v2\/posts\/19063","targetHints":{"allow":["GET"]}}],"collection":[{"href":"https:\/\/verdadeon.com.br\/portal\/wp-json\/wp\/v2\/posts"}],"about":[{"href":"https:\/\/verdadeon.com.br\/portal\/wp-json\/wp\/v2\/types\/post"}],"author":[{"embeddable":true,"href":"https:\/\/verdadeon.com.br\/portal\/wp-json\/wp\/v2\/users\/12"}],"replies":[{"embeddable":true,"href":"https:\/\/verdadeon.com.br\/portal\/wp-json\/wp\/v2\/comments?post=19063"}],"version-history":[{"count":0,"href":"https:\/\/verdadeon.com.br\/portal\/wp-json\/wp\/v2\/posts\/19063\/revisions"}],"wp:featuredmedia":[{"embeddable":true,"href":"https:\/\/verdadeon.com.br\/portal\/wp-json\/wp\/v2\/media\/19064"}],"wp:attachment":[{"href":"https:\/\/verdadeon.com.br\/portal\/wp-json\/wp\/v2\/media?parent=19063"}],"wp:term":[{"taxonomy":"category","embeddable":true,"href":"https:\/\/verdadeon.com.br\/portal\/wp-json\/wp\/v2\/categories?post=19063"},{"taxonomy":"post_tag","embeddable":true,"href":"https:\/\/verdadeon.com.br\/portal\/wp-json\/wp\/v2\/tags?post=19063"}],"curies":[{"name":"wp","href":"https:\/\/api.w.org\/{rel}","templated":true}]}}