{"id":19052,"date":"2021-08-27T16:18:27","date_gmt":"2021-08-27T19:18:27","guid":{"rendered":"https:\/\/verdadeon.com.br\/portal\/?p=19052"},"modified":"2021-08-27T16:18:27","modified_gmt":"2021-08-27T19:18:27","slug":"desaparecimento-de-wesley-pires-um-ano-de-muitas-perguntas-poucas-respostas-e-desespero-de-uma-familia","status":"publish","type":"post","link":"https:\/\/verdadeon.com.br\/portal\/2021\/08\/27\/desaparecimento-de-wesley-pires-um-ano-de-muitas-perguntas-poucas-respostas-e-desespero-de-uma-familia\/","title":{"rendered":"Desaparecimento de Wesley Pires: um ano de muitas perguntas, poucas respostas e desespero de uma fam\u00edlia"},"content":{"rendered":"<h2>O caso que teve repercuss\u00e3o nacional completa 12 meses, adolescente agora tem 14 anos<\/h2>\n<p>Fernando Lima<\/p>\n<p>Neste s\u00e1bado 28 de agosto, o desaparecimento do adolescente Wesley Pires, completa um ano. S\u00e3o muitas perguntas e poucas respostas, buscas incans\u00e1veis da fam\u00edlia e da Pol\u00edcia Civil, o caso teve repercuss\u00e3o nacional, mesmo assim o garoto n\u00e3o foi encontrado.<\/p>\n<p>A mais recente estrat\u00e9gia da pol\u00edcia foi o pedido do retrato atualizado de Wesley, quando ele saiu de casa tinha 13 anos, agora com 14 pode ter passado por importantes mudan\u00e7as.<\/p>\n<p>\u201cUma crian\u00e7a de 13 anos muda, passa por transforma\u00e7\u00f5es consider\u00e1veis no visual, ent\u00e3o o rosto est\u00e1 diferente, cabelo pode ter crescido, por isso decidimos por essa atualiza\u00e7\u00e3o que \u00e9 uma progress\u00e3o de imagem. Conversei com a fam\u00edlia eles j\u00e1 trouxeram fotos do garoto, e assim que ficar pronto vamos divulgar em uma busca nacional\u201d, informou o delegado M\u00e1rcio Murari, titular da DIG que est\u00e1 \u00e0 frente das investiga\u00e7\u00f5es.<\/p>\n<p>O caso \u00e9 complexo e intriga a pol\u00edcia. Nas semanas seguintes do desaparecimento em 2020, at\u00e9 mesmo c\u00e3es farejadores foram usados nas buscas, campanhas foram realizadas, al\u00e9m de buscas em v\u00e1rias cidades da regi\u00e3o de Franca e em outros estados, mas nada levou ao paradeiro do garoto.<\/p>\n<p>Em setembro do ano passado, um motorista de van contou para a pol\u00edcia que levou Wesley de Serrana para Ribeir\u00e3o Preto, e que ele foi deixado na rodovi\u00e1ria. O condutor deu certeza de ser Wesley, ele afirmou para os investigadores que o menino queria voltar para Franca, mas ele ofereceu ajuda dizendo que poderia transport\u00e1-lo somente at\u00e9 Ribeir\u00e3o Preto.<\/p>\n<p>A pol\u00edcia e at\u00e9 mesmo familiares de Wesley fizeram buscas na rodovi\u00e1ria de Ribeir\u00e3o, mas sem sinal do menino.<\/p>\n<p>Esta tem sido a rotina da fam\u00edlia do adolescente, que j\u00e1 foi at\u00e9 mesmo para Ubatuba e para o ABC Paulista atr\u00e1s de pistas, mas que n\u00e3o foram suficientes para trazer um desfecho ao caso.<\/p>\n<h4>Sem motivos<\/h4>\n<p>Foi na tarde do dia 28 de agosto de 2020, ap\u00f3s sair de casa para ir a um varej\u00e3o, que Wesley Pires desapareceu. At\u00e9 ent\u00e3o tudo seguia a rotina normal da fam\u00edlia, que morava no Jardim Aeroporto 1 na zona sul.<\/p>\n<p>Ele foi visto nas imedia\u00e7\u00f5es da zona sul, inclusive uma c\u00e2mera de seguran\u00e7a flagrou o menino andando tranquilamente pela rua Jos\u00e9 Ant\u00f4nio dos Santos, na Vila Real. Wesley caminha tranquilamente, sem parecer incomodado com nada e nem mesmo assustado, como se estivesse fugindo de algo.<\/p>\n<p>Logo ap\u00f3s Wesley foi filmado na rodovia Ronan Rocha com uma bicicleta, ele segue com ela no sentido Patroc\u00ednio Paulista, onde inclusive buscas foram feitas, mas sem sucesso.<\/p>\n<p>Na \u00e9poca o delegado que estava \u00e0 frente do caso, Eduardo Lopes Bonfim, afirmou que aparentemente Wesley n\u00e3o demonstrava vontade de retornar para casa, j\u00e1 que agia por vontade pr\u00f3pria e n\u00e3o se esfor\u00e7ou para retornar.<\/p>\n<p>M\u00e1rcio Murari afirmou que na oitiva da fam\u00edlia, amigos, ficou claro que tudo estava indo bem entre Wesley e os pais, e o garoto n\u00e3o teria motivo para fugir de casa.<\/p>\n<p>A m\u00e3e de Wesley n\u00e3o quis gravar entrevista, mas nas redes sociais ela conta como a rotina tem sido dura, principalmente por conta de pistas falsas e coment\u00e1rios que ela recebe nas redes sociais. H\u00e1 alguns meses ele gravou um v\u00eddeo implorando para que quem estivesse com o garoto, o devolvesse em um hospital ou para a pol\u00edcia.<\/p>\n<p>\u201cExiste muita maldade, muita gente acha que estamos para brincadeira, mas quem tiver alguma pista verdadeira deve entrar em contato com a Pol\u00edcia Civil ou militar da sua cidade. O nosso principal objetivo \u00e9 encontrar o Wesley e tudo o que a pol\u00edcia pode fazer, est\u00e1 sendo realizado\u201d, finalizou M\u00e1rcio Murari.<\/p>\n","protected":false},"excerpt":{"rendered":"<p>O caso que teve repercuss\u00e3o nacional completa 12 meses, adolescente agora tem 14 anos Fernando Lima Neste s\u00e1bado 28 de agosto, o desaparecimento do adolescente Wesley<span class=\"excerpt-hellip\"> [\u2026]<\/span><\/p>\n","protected":false},"author":7,"featured_media":19054,"comment_status":"open","ping_status":"open","sticky":false,"template":"","format":"standard","meta":{"_jetpack_memberships_contains_paid_content":false,"footnotes":"","jetpack_publicize_message":"","jetpack_publicize_feature_enabled":true,"jetpack_social_post_already_shared":false,"jetpack_social_options":{"image_generator_settings":{"template":"highway","default_image_id":0,"enabled":false},"version":2}},"categories":[28,81],"tags":[],"class_list":["post-19052","post","type-post","status-publish","format-standard","has-post-thumbnail","hentry","category-cotidiano","category-manchete"],"yoast_head":"<!-- This site is optimized with the Yoast SEO plugin v25.6 - https:\/\/yoast.com\/wordpress\/plugins\/seo\/ -->\n<title>Desaparecimento de Wesley Pires: um ano de muitas perguntas, poucas respostas e desespero de uma fam\u00edlia - VerdadeOn<\/title>\n<meta name=\"robots\" content=\"index, follow, max-snippet:-1, max-image-preview:large, max-video-preview:-1\" \/>\n<link rel=\"canonical\" href=\"https:\/\/verdadeon.com.br\/portal\/2021\/08\/27\/desaparecimento-de-wesley-pires-um-ano-de-muitas-perguntas-poucas-respostas-e-desespero-de-uma-familia\/\" \/>\n<meta property=\"og:locale\" content=\"pt_BR\" \/>\n<meta property=\"og:type\" content=\"article\" \/>\n<meta property=\"og:title\" content=\"Desaparecimento de Wesley Pires: um ano de muitas perguntas, poucas respostas e desespero de uma fam\u00edlia - VerdadeOn\" \/>\n<meta property=\"og:description\" content=\"O caso que teve repercuss\u00e3o nacional completa 12 meses, adolescente agora tem 14 anos Fernando Lima Neste s\u00e1bado 28 de agosto, o desaparecimento do adolescente Wesley [\u2026]\" \/>\n<meta property=\"og:url\" content=\"https:\/\/verdadeon.com.br\/portal\/2021\/08\/27\/desaparecimento-de-wesley-pires-um-ano-de-muitas-perguntas-poucas-respostas-e-desespero-de-uma-familia\/\" \/>\n<meta property=\"og:site_name\" content=\"VerdadeOn\" \/>\n<meta property=\"article:published_time\" content=\"2021-08-27T19:18:27+00:00\" \/>\n<meta property=\"og:image\" content=\"https:\/\/verdadeon.com.br\/portal\/wp-content\/uploads\/2021\/08\/MONTAGEM-WESLEY-e1630091770941.png\" \/>\n\t<meta property=\"og:image:width\" content=\"1001\" \/>\n\t<meta property=\"og:image:height\" content=\"668\" \/>\n\t<meta property=\"og:image:type\" content=\"image\/png\" \/>\n<meta name=\"author\" content=\"Fernando Lima\" \/>\n<meta name=\"twitter:card\" content=\"summary_large_image\" \/>\n<meta name=\"twitter:label1\" content=\"Escrito por\" \/>\n\t<meta name=\"twitter:data1\" content=\"Fernando Lima\" \/>\n\t<meta name=\"twitter:label2\" content=\"Est. tempo de leitura\" \/>\n\t<meta name=\"twitter:data2\" content=\"3 minutos\" \/>\n<script type=\"application\/ld+json\" class=\"yoast-schema-graph\">{\"@context\":\"https:\/\/schema.org\",\"@graph\":[{\"@type\":\"WebPage\",\"@id\":\"https:\/\/verdadeon.com.br\/portal\/2021\/08\/27\/desaparecimento-de-wesley-pires-um-ano-de-muitas-perguntas-poucas-respostas-e-desespero-de-uma-familia\/\",\"url\":\"https:\/\/verdadeon.com.br\/portal\/2021\/08\/27\/desaparecimento-de-wesley-pires-um-ano-de-muitas-perguntas-poucas-respostas-e-desespero-de-uma-familia\/\",\"name\":\"Desaparecimento de Wesley Pires: um ano de muitas perguntas, poucas respostas e desespero de uma fam\u00edlia - VerdadeOn\",\"isPartOf\":{\"@id\":\"https:\/\/verdadeon.com.br\/portal\/#website\"},\"primaryImageOfPage\":{\"@id\":\"https:\/\/verdadeon.com.br\/portal\/2021\/08\/27\/desaparecimento-de-wesley-pires-um-ano-de-muitas-perguntas-poucas-respostas-e-desespero-de-uma-familia\/#primaryimage\"},\"image\":{\"@id\":\"https:\/\/verdadeon.com.br\/portal\/2021\/08\/27\/desaparecimento-de-wesley-pires-um-ano-de-muitas-perguntas-poucas-respostas-e-desespero-de-uma-familia\/#primaryimage\"},\"thumbnailUrl\":\"https:\/\/i0.wp.com\/verdadeon.com.br\/portal\/wp-content\/uploads\/2021\/08\/MONTAGEM-WESLEY-e1630091770941.png?fit=1001%2C668&ssl=1\",\"datePublished\":\"2021-08-27T19:18:27+00:00\",\"author\":{\"@id\":\"https:\/\/verdadeon.com.br\/portal\/#\/schema\/person\/cc32be22b8e8599387c480bc83e1d11a\"},\"breadcrumb\":{\"@id\":\"https:\/\/verdadeon.com.br\/portal\/2021\/08\/27\/desaparecimento-de-wesley-pires-um-ano-de-muitas-perguntas-poucas-respostas-e-desespero-de-uma-familia\/#breadcrumb\"},\"inLanguage\":\"pt-BR\",\"potentialAction\":[{\"@type\":\"ReadAction\",\"target\":[\"https:\/\/verdadeon.com.br\/portal\/2021\/08\/27\/desaparecimento-de-wesley-pires-um-ano-de-muitas-perguntas-poucas-respostas-e-desespero-de-uma-familia\/\"]}]},{\"@type\":\"ImageObject\",\"inLanguage\":\"pt-BR\",\"@id\":\"https:\/\/verdadeon.com.br\/portal\/2021\/08\/27\/desaparecimento-de-wesley-pires-um-ano-de-muitas-perguntas-poucas-respostas-e-desespero-de-uma-familia\/#primaryimage\",\"url\":\"https:\/\/i0.wp.com\/verdadeon.com.br\/portal\/wp-content\/uploads\/2021\/08\/MONTAGEM-WESLEY-e1630091770941.png?fit=1001%2C668&ssl=1\",\"contentUrl\":\"https:\/\/i0.wp.com\/verdadeon.com.br\/portal\/wp-content\/uploads\/2021\/08\/MONTAGEM-WESLEY-e1630091770941.png?fit=1001%2C668&ssl=1\",\"width\":1001,\"height\":668,\"caption\":\"A ang\u00fastia da fam\u00edlia de Wesley Pires j\u00e1 dura mais de um ano. Desde que saiu de casa no dia 28 de agosto de 2020, ele n\u00e3o foi mais visto | Foto: Divulga\u00e7\u00e3o\"},{\"@type\":\"BreadcrumbList\",\"@id\":\"https:\/\/verdadeon.com.br\/portal\/2021\/08\/27\/desaparecimento-de-wesley-pires-um-ano-de-muitas-perguntas-poucas-respostas-e-desespero-de-uma-familia\/#breadcrumb\",\"itemListElement\":[{\"@type\":\"ListItem\",\"position\":1,\"name\":\"In\u00edcio\",\"item\":\"https:\/\/verdadeon.com.br\/portal\/\"},{\"@type\":\"ListItem\",\"position\":2,\"name\":\"Desaparecimento de Wesley Pires: um ano de muitas perguntas, poucas respostas e desespero de uma fam\u00edlia\"}]},{\"@type\":\"WebSite\",\"@id\":\"https:\/\/verdadeon.com.br\/portal\/#website\",\"url\":\"https:\/\/verdadeon.com.br\/portal\/\",\"name\":\"VerdadeOn\",\"description\":\"Not\u00edcias di\u00e1rias sobre Franca, Regi\u00e3o, Esporte, Cultura, Cotidiano, Colunas. Cobertura nos principais eventos da cidade \u00e9 aqui - Verdadeon Franca\",\"potentialAction\":[{\"@type\":\"SearchAction\",\"target\":{\"@type\":\"EntryPoint\",\"urlTemplate\":\"https:\/\/verdadeon.com.br\/portal\/?s={search_term_string}\"},\"query-input\":{\"@type\":\"PropertyValueSpecification\",\"valueRequired\":true,\"valueName\":\"search_term_string\"}}],\"inLanguage\":\"pt-BR\"},{\"@type\":\"Person\",\"@id\":\"https:\/\/verdadeon.com.br\/portal\/#\/schema\/person\/cc32be22b8e8599387c480bc83e1d11a\",\"name\":\"Fernando Lima\",\"image\":{\"@type\":\"ImageObject\",\"inLanguage\":\"pt-BR\",\"@id\":\"https:\/\/verdadeon.com.br\/portal\/#\/schema\/person\/image\/\",\"url\":\"https:\/\/secure.gravatar.com\/avatar\/df4c8e132080d2b3a4841d5d232045464e0eed11a1d6e43115ca0843d48768d3?s=96&d=mm&r=g\",\"contentUrl\":\"https:\/\/secure.gravatar.com\/avatar\/df4c8e132080d2b3a4841d5d232045464e0eed11a1d6e43115ca0843d48768d3?s=96&d=mm&r=g\",\"caption\":\"Fernando Lima\"},\"sameAs\":[\"http:\/\/verdadeon.com.br\/\"],\"url\":\"https:\/\/verdadeon.com.br\/portal\/author\/fernando-lima\/\"}]}<\/script>\n<!-- \/ Yoast SEO plugin. -->","yoast_head_json":{"title":"Desaparecimento de Wesley Pires: um ano de muitas perguntas, poucas respostas e desespero de uma fam\u00edlia - VerdadeOn","robots":{"index":"index","follow":"follow","max-snippet":"max-snippet:-1","max-image-preview":"max-image-preview:large","max-video-preview":"max-video-preview:-1"},"canonical":"https:\/\/verdadeon.com.br\/portal\/2021\/08\/27\/desaparecimento-de-wesley-pires-um-ano-de-muitas-perguntas-poucas-respostas-e-desespero-de-uma-familia\/","og_locale":"pt_BR","og_type":"article","og_title":"Desaparecimento de Wesley Pires: um ano de muitas perguntas, poucas respostas e desespero de uma fam\u00edlia - VerdadeOn","og_description":"O caso que teve repercuss\u00e3o nacional completa 12 meses, adolescente agora tem 14 anos Fernando Lima Neste s\u00e1bado 28 de agosto, o desaparecimento do adolescente Wesley [\u2026]","og_url":"https:\/\/verdadeon.com.br\/portal\/2021\/08\/27\/desaparecimento-de-wesley-pires-um-ano-de-muitas-perguntas-poucas-respostas-e-desespero-de-uma-familia\/","og_site_name":"VerdadeOn","article_published_time":"2021-08-27T19:18:27+00:00","og_image":[{"width":1001,"height":668,"url":"https:\/\/verdadeon.com.br\/portal\/wp-content\/uploads\/2021\/08\/MONTAGEM-WESLEY-e1630091770941.png","type":"image\/png"}],"author":"Fernando Lima","twitter_card":"summary_large_image","twitter_misc":{"Escrito por":"Fernando Lima","Est. tempo de leitura":"3 minutos"},"schema":{"@context":"https:\/\/schema.org","@graph":[{"@type":"WebPage","@id":"https:\/\/verdadeon.com.br\/portal\/2021\/08\/27\/desaparecimento-de-wesley-pires-um-ano-de-muitas-perguntas-poucas-respostas-e-desespero-de-uma-familia\/","url":"https:\/\/verdadeon.com.br\/portal\/2021\/08\/27\/desaparecimento-de-wesley-pires-um-ano-de-muitas-perguntas-poucas-respostas-e-desespero-de-uma-familia\/","name":"Desaparecimento de Wesley Pires: um ano de muitas perguntas, poucas respostas e desespero de uma fam\u00edlia - VerdadeOn","isPartOf":{"@id":"https:\/\/verdadeon.com.br\/portal\/#website"},"primaryImageOfPage":{"@id":"https:\/\/verdadeon.com.br\/portal\/2021\/08\/27\/desaparecimento-de-wesley-pires-um-ano-de-muitas-perguntas-poucas-respostas-e-desespero-de-uma-familia\/#primaryimage"},"image":{"@id":"https:\/\/verdadeon.com.br\/portal\/2021\/08\/27\/desaparecimento-de-wesley-pires-um-ano-de-muitas-perguntas-poucas-respostas-e-desespero-de-uma-familia\/#primaryimage"},"thumbnailUrl":"https:\/\/i0.wp.com\/verdadeon.com.br\/portal\/wp-content\/uploads\/2021\/08\/MONTAGEM-WESLEY-e1630091770941.png?fit=1001%2C668&ssl=1","datePublished":"2021-08-27T19:18:27+00:00","author":{"@id":"https:\/\/verdadeon.com.br\/portal\/#\/schema\/person\/cc32be22b8e8599387c480bc83e1d11a"},"breadcrumb":{"@id":"https:\/\/verdadeon.com.br\/portal\/2021\/08\/27\/desaparecimento-de-wesley-pires-um-ano-de-muitas-perguntas-poucas-respostas-e-desespero-de-uma-familia\/#breadcrumb"},"inLanguage":"pt-BR","potentialAction":[{"@type":"ReadAction","target":["https:\/\/verdadeon.com.br\/portal\/2021\/08\/27\/desaparecimento-de-wesley-pires-um-ano-de-muitas-perguntas-poucas-respostas-e-desespero-de-uma-familia\/"]}]},{"@type":"ImageObject","inLanguage":"pt-BR","@id":"https:\/\/verdadeon.com.br\/portal\/2021\/08\/27\/desaparecimento-de-wesley-pires-um-ano-de-muitas-perguntas-poucas-respostas-e-desespero-de-uma-familia\/#primaryimage","url":"https:\/\/i0.wp.com\/verdadeon.com.br\/portal\/wp-content\/uploads\/2021\/08\/MONTAGEM-WESLEY-e1630091770941.png?fit=1001%2C668&ssl=1","contentUrl":"https:\/\/i0.wp.com\/verdadeon.com.br\/portal\/wp-content\/uploads\/2021\/08\/MONTAGEM-WESLEY-e1630091770941.png?fit=1001%2C668&ssl=1","width":1001,"height":668,"caption":"A ang\u00fastia da fam\u00edlia de Wesley Pires j\u00e1 dura mais de um ano. Desde que saiu de casa no dia 28 de agosto de 2020, ele n\u00e3o foi mais visto | Foto: Divulga\u00e7\u00e3o"},{"@type":"BreadcrumbList","@id":"https:\/\/verdadeon.com.br\/portal\/2021\/08\/27\/desaparecimento-de-wesley-pires-um-ano-de-muitas-perguntas-poucas-respostas-e-desespero-de-uma-familia\/#breadcrumb","itemListElement":[{"@type":"ListItem","position":1,"name":"In\u00edcio","item":"https:\/\/verdadeon.com.br\/portal\/"},{"@type":"ListItem","position":2,"name":"Desaparecimento de Wesley Pires: um ano de muitas perguntas, poucas respostas e desespero de uma fam\u00edlia"}]},{"@type":"WebSite","@id":"https:\/\/verdadeon.com.br\/portal\/#website","url":"https:\/\/verdadeon.com.br\/portal\/","name":"VerdadeOn","description":"Not\u00edcias di\u00e1rias sobre Franca, Regi\u00e3o, Esporte, Cultura, Cotidiano, Colunas. Cobertura nos principais eventos da cidade \u00e9 aqui - Verdadeon Franca","potentialAction":[{"@type":"SearchAction","target":{"@type":"EntryPoint","urlTemplate":"https:\/\/verdadeon.com.br\/portal\/?s={search_term_string}"},"query-input":{"@type":"PropertyValueSpecification","valueRequired":true,"valueName":"search_term_string"}}],"inLanguage":"pt-BR"},{"@type":"Person","@id":"https:\/\/verdadeon.com.br\/portal\/#\/schema\/person\/cc32be22b8e8599387c480bc83e1d11a","name":"Fernando Lima","image":{"@type":"ImageObject","inLanguage":"pt-BR","@id":"https:\/\/verdadeon.com.br\/portal\/#\/schema\/person\/image\/","url":"https:\/\/secure.gravatar.com\/avatar\/df4c8e132080d2b3a4841d5d232045464e0eed11a1d6e43115ca0843d48768d3?s=96&d=mm&r=g","contentUrl":"https:\/\/secure.gravatar.com\/avatar\/df4c8e132080d2b3a4841d5d232045464e0eed11a1d6e43115ca0843d48768d3?s=96&d=mm&r=g","caption":"Fernando Lima"},"sameAs":["http:\/\/verdadeon.com.br\/"],"url":"https:\/\/verdadeon.com.br\/portal\/author\/fernando-lima\/"}]}},"jetpack_publicize_connections":[],"jetpack_featured_media_url":"https:\/\/i0.wp.com\/verdadeon.com.br\/portal\/wp-content\/uploads\/2021\/08\/MONTAGEM-WESLEY-e1630091770941.png?fit=1001%2C668&ssl=1","jetpack_sharing_enabled":true,"_links":{"self":[{"href":"https:\/\/verdadeon.com.br\/portal\/wp-json\/wp\/v2\/posts\/19052","targetHints":{"allow":["GET"]}}],"collection":[{"href":"https:\/\/verdadeon.com.br\/portal\/wp-json\/wp\/v2\/posts"}],"about":[{"href":"https:\/\/verdadeon.com.br\/portal\/wp-json\/wp\/v2\/types\/post"}],"author":[{"embeddable":true,"href":"https:\/\/verdadeon.com.br\/portal\/wp-json\/wp\/v2\/users\/7"}],"replies":[{"embeddable":true,"href":"https:\/\/verdadeon.com.br\/portal\/wp-json\/wp\/v2\/comments?post=19052"}],"version-history":[{"count":0,"href":"https:\/\/verdadeon.com.br\/portal\/wp-json\/wp\/v2\/posts\/19052\/revisions"}],"wp:featuredmedia":[{"embeddable":true,"href":"https:\/\/verdadeon.com.br\/portal\/wp-json\/wp\/v2\/media\/19054"}],"wp:attachment":[{"href":"https:\/\/verdadeon.com.br\/portal\/wp-json\/wp\/v2\/media?parent=19052"}],"wp:term":[{"taxonomy":"category","embeddable":true,"href":"https:\/\/verdadeon.com.br\/portal\/wp-json\/wp\/v2\/categories?post=19052"},{"taxonomy":"post_tag","embeddable":true,"href":"https:\/\/verdadeon.com.br\/portal\/wp-json\/wp\/v2\/tags?post=19052"}],"curies":[{"name":"wp","href":"https:\/\/api.w.org\/{rel}","templated":true}]}}