{"id":18997,"date":"2021-08-25T17:17:11","date_gmt":"2021-08-25T20:17:11","guid":{"rendered":"https:\/\/verdadeon.com.br\/portal\/?p=18997"},"modified":"2021-08-25T17:17:11","modified_gmt":"2021-08-25T20:17:11","slug":"policia-ambiental-multa-usina-em-mais-de-r-2-milhoes-por-queimadas-na-regiao","status":"publish","type":"post","link":"https:\/\/verdadeon.com.br\/portal\/2021\/08\/25\/policia-ambiental-multa-usina-em-mais-de-r-2-milhoes-por-queimadas-na-regiao\/","title":{"rendered":"Pol\u00edcia Ambiental multa usina em mais de R$ 2 milh\u00f5es por queimadas na regi\u00e3o"},"content":{"rendered":"<h2>A suspeita \u00e9 a de que o fogo causado pela usina tenha se espalhado para \u00e1reas de prote\u00e7\u00e3o<\/h2>\n<p>Uma usina da cidade de Aramina na regi\u00e3o de Franca, foi multada em mais de R$ 2 milh\u00f5es pela Pol\u00edcia Ambiental por queimadas em \u00e1reas de preserva\u00e7\u00e3o. De acordo com a pol\u00edcia, as \u00e1reas cobertas com vegeta\u00e7\u00e3o nativa atingidas pelo fogo tamb\u00e9m foram embargadas. No total o inc\u00eandio atingiu 308,36 hectares, sendo 32,34 hectares dentro de \u00c1reas de Preserva\u00e7\u00e3o Permanente (APP), onde a vegeta\u00e7\u00e3o \u00e9 nativa do Bioma Cerrado. Tamb\u00e9m foram atingidos 150,29hectares de vegeta\u00e7\u00e3o nativa do Bioma Cerrado fora da \u00e1rea de prote\u00e7\u00e3o.<\/p>\n<p>As \u00e1reas de lavoura de cana-de-a\u00e7\u00facar atingidas pelo inc\u00eandio, somam 103,74 hectares em \u00e1rea comum, em diferentes est\u00e1gios de desenvolvimento. Uma \u00e1rea de reflorestamento de 16,35 hectares tamb\u00e9m foi atingida.<\/p>\n<p>A suspeita \u00e9 a de que os inc\u00eandios causados pela usina, tenham atingido as \u00e1reas de vegeta\u00e7\u00e3o nativa, por isso a empresa foi autuada por omiss\u00e3o voluntariosa.<\/p>\n<p>De acordo com a Pol\u00edcia Ambiental, a \u00c1rea de Prote\u00e7\u00e3o Permanente coberta com Cerrad\u00e3o em est\u00e1gio m\u00e9dio de regenera\u00e7\u00e3o natural foi danificada pelo fogo em 16,03 hectares, portanto, a empresa respons\u00e1vel foi autuada e multada em R$ 721.350,00.\u00a0 J\u00e1 a APP coberta com Cerrad\u00e3o em est\u00e1gio inicial de regenera\u00e7\u00e3o natural foi danificada pelo fogo em 7,03 hectares, o que resultou em uma multa de R$ 158.175,00.<\/p>\n<p>J\u00e1 a APP coberta com demais formas de vegeta\u00e7\u00e3o natural sendo o Campo de Cerrado (Campo \u00damido e Campo Sujo) foram danificadas pelo fogo em 8,68 ha, o que se converteu em uma multa de R$ 65.100,00.<\/p>\n<p>A APP coberta com vegeta\u00e7\u00e3o ex\u00f3tica (capim) e com o reflorestamento em fase inicial foi danificada pelo fogo em 0,6 hectares, portanto, a empresa respons\u00e1vel foi autuada e multada em R$ 4.500,00.<\/p>\n<p>A queimada causada no Cerrad\u00e3o em est\u00e1gio m\u00e9dio de regenera\u00e7\u00e3o natural, considerado objeto de especial preserva\u00e7\u00e3o pela Lei Estadual 13.550\/09, danificou 7 hectares, o que causou multa de R$ 73 mil.<\/p>\n<p>\u201cAs demais formas de vegeta\u00e7\u00e3o natural, sendo o Campo de Cerrado (Campo \u00damido e Campo Sujo), consideradas objeto de especial preserva\u00e7\u00e3o pela Lei Estadual 13.550\/09, foram danificadas em \u00e1rea comum pelo fogo em 135,28 ha, portanto, a empresa respons\u00e1vel foi autuada, conforme o Auto de Infra\u00e7\u00e3o Ambiental &#8211; AIA n\u00ba 20210816013448-7, por incorrer no art. 49 da Resolu\u00e7\u00e3o SIMA-05\/2021. A san\u00e7\u00e3o aplicada \u00e9 multa simples majorada pela metade nos termos do art. 59 da mesma Resolu\u00e7\u00e3o, valorada em R$ 1.116.060,00 (um milh\u00e3o cento e dezesseis mil e sessenta reais\u201d, finalizou a ambiental.<\/p>\n","protected":false},"excerpt":{"rendered":"<p>A suspeita \u00e9 a de que o fogo causado pela usina tenha se espalhado para \u00e1reas de prote\u00e7\u00e3o Uma usina da cidade de Aramina na regi\u00e3o<span class=\"excerpt-hellip\"> [\u2026]<\/span><\/p>\n","protected":false},"author":7,"featured_media":18998,"comment_status":"open","ping_status":"open","sticky":false,"template":"","format":"standard","meta":{"_jetpack_memberships_contains_paid_content":false,"footnotes":"","jetpack_publicize_message":"","jetpack_publicize_feature_enabled":true,"jetpack_social_post_already_shared":false,"jetpack_social_options":{"image_generator_settings":{"template":"highway","default_image_id":0,"enabled":false},"version":2}},"categories":[28,81],"tags":[],"class_list":["post-18997","post","type-post","status-publish","format-standard","has-post-thumbnail","hentry","category-cotidiano","category-manchete"],"yoast_head":"<!-- This site is optimized with the Yoast SEO plugin v25.6 - https:\/\/yoast.com\/wordpress\/plugins\/seo\/ -->\n<title>Pol\u00edcia Ambiental multa usina em mais de R$ 2 milh\u00f5es por queimadas na regi\u00e3o - VerdadeOn<\/title>\n<meta name=\"robots\" content=\"index, follow, max-snippet:-1, max-image-preview:large, max-video-preview:-1\" \/>\n<link rel=\"canonical\" href=\"https:\/\/verdadeon.com.br\/portal\/2021\/08\/25\/policia-ambiental-multa-usina-em-mais-de-r-2-milhoes-por-queimadas-na-regiao\/\" \/>\n<meta property=\"og:locale\" content=\"pt_BR\" \/>\n<meta property=\"og:type\" content=\"article\" \/>\n<meta property=\"og:title\" content=\"Pol\u00edcia Ambiental multa usina em mais de R$ 2 milh\u00f5es por queimadas na regi\u00e3o - VerdadeOn\" \/>\n<meta property=\"og:description\" content=\"A suspeita \u00e9 a de que o fogo causado pela usina tenha se espalhado para \u00e1reas de prote\u00e7\u00e3o Uma usina da cidade de Aramina na regi\u00e3o [\u2026]\" \/>\n<meta property=\"og:url\" content=\"https:\/\/verdadeon.com.br\/portal\/2021\/08\/25\/policia-ambiental-multa-usina-em-mais-de-r-2-milhoes-por-queimadas-na-regiao\/\" \/>\n<meta property=\"og:site_name\" content=\"VerdadeOn\" \/>\n<meta property=\"article:published_time\" content=\"2021-08-25T20:17:11+00:00\" \/>\n<meta property=\"og:image\" content=\"https:\/\/verdadeon.com.br\/portal\/wp-content\/uploads\/2021\/08\/WhatsApp-Image-2021-08-25-at-09.43.56-e1629922468874.jpeg\" \/>\n\t<meta property=\"og:image:width\" content=\"1001\" \/>\n\t<meta property=\"og:image:height\" content=\"668\" \/>\n\t<meta property=\"og:image:type\" content=\"image\/jpeg\" \/>\n<meta name=\"author\" content=\"Fernando Lima\" \/>\n<meta name=\"twitter:card\" content=\"summary_large_image\" \/>\n<meta name=\"twitter:label1\" content=\"Escrito por\" \/>\n\t<meta name=\"twitter:data1\" content=\"Fernando Lima\" \/>\n\t<meta name=\"twitter:label2\" content=\"Est. tempo de leitura\" \/>\n\t<meta name=\"twitter:data2\" content=\"2 minutos\" \/>\n<script type=\"application\/ld+json\" class=\"yoast-schema-graph\">{\"@context\":\"https:\/\/schema.org\",\"@graph\":[{\"@type\":\"WebPage\",\"@id\":\"https:\/\/verdadeon.com.br\/portal\/2021\/08\/25\/policia-ambiental-multa-usina-em-mais-de-r-2-milhoes-por-queimadas-na-regiao\/\",\"url\":\"https:\/\/verdadeon.com.br\/portal\/2021\/08\/25\/policia-ambiental-multa-usina-em-mais-de-r-2-milhoes-por-queimadas-na-regiao\/\",\"name\":\"Pol\u00edcia Ambiental multa usina em mais de R$ 2 milh\u00f5es por queimadas na regi\u00e3o - VerdadeOn\",\"isPartOf\":{\"@id\":\"https:\/\/verdadeon.com.br\/portal\/#website\"},\"primaryImageOfPage\":{\"@id\":\"https:\/\/verdadeon.com.br\/portal\/2021\/08\/25\/policia-ambiental-multa-usina-em-mais-de-r-2-milhoes-por-queimadas-na-regiao\/#primaryimage\"},\"image\":{\"@id\":\"https:\/\/verdadeon.com.br\/portal\/2021\/08\/25\/policia-ambiental-multa-usina-em-mais-de-r-2-milhoes-por-queimadas-na-regiao\/#primaryimage\"},\"thumbnailUrl\":\"https:\/\/i0.wp.com\/verdadeon.com.br\/portal\/wp-content\/uploads\/2021\/08\/WhatsApp-Image-2021-08-25-at-09.43.56-e1629922468874.jpeg?fit=1001%2C668&ssl=1\",\"datePublished\":\"2021-08-25T20:17:11+00:00\",\"author\":{\"@id\":\"https:\/\/verdadeon.com.br\/portal\/#\/schema\/person\/cc32be22b8e8599387c480bc83e1d11a\"},\"breadcrumb\":{\"@id\":\"https:\/\/verdadeon.com.br\/portal\/2021\/08\/25\/policia-ambiental-multa-usina-em-mais-de-r-2-milhoes-por-queimadas-na-regiao\/#breadcrumb\"},\"inLanguage\":\"pt-BR\",\"potentialAction\":[{\"@type\":\"ReadAction\",\"target\":[\"https:\/\/verdadeon.com.br\/portal\/2021\/08\/25\/policia-ambiental-multa-usina-em-mais-de-r-2-milhoes-por-queimadas-na-regiao\/\"]}]},{\"@type\":\"ImageObject\",\"inLanguage\":\"pt-BR\",\"@id\":\"https:\/\/verdadeon.com.br\/portal\/2021\/08\/25\/policia-ambiental-multa-usina-em-mais-de-r-2-milhoes-por-queimadas-na-regiao\/#primaryimage\",\"url\":\"https:\/\/i0.wp.com\/verdadeon.com.br\/portal\/wp-content\/uploads\/2021\/08\/WhatsApp-Image-2021-08-25-at-09.43.56-e1629922468874.jpeg?fit=1001%2C668&ssl=1\",\"contentUrl\":\"https:\/\/i0.wp.com\/verdadeon.com.br\/portal\/wp-content\/uploads\/2021\/08\/WhatsApp-Image-2021-08-25-at-09.43.56-e1629922468874.jpeg?fit=1001%2C668&ssl=1\",\"width\":1001,\"height\":668,\"caption\":\"As irregularidades foram constatadas pela Pol\u00edcia Ambiental durante opera\u00e7\u00e3o. Usina pode recorrer da multas que foram aplicadas | Foto: Pol\u00edcia Ambiental\"},{\"@type\":\"BreadcrumbList\",\"@id\":\"https:\/\/verdadeon.com.br\/portal\/2021\/08\/25\/policia-ambiental-multa-usina-em-mais-de-r-2-milhoes-por-queimadas-na-regiao\/#breadcrumb\",\"itemListElement\":[{\"@type\":\"ListItem\",\"position\":1,\"name\":\"In\u00edcio\",\"item\":\"https:\/\/verdadeon.com.br\/portal\/\"},{\"@type\":\"ListItem\",\"position\":2,\"name\":\"Pol\u00edcia Ambiental multa usina em mais de R$ 2 milh\u00f5es por queimadas na regi\u00e3o\"}]},{\"@type\":\"WebSite\",\"@id\":\"https:\/\/verdadeon.com.br\/portal\/#website\",\"url\":\"https:\/\/verdadeon.com.br\/portal\/\",\"name\":\"VerdadeOn\",\"description\":\"Not\u00edcias di\u00e1rias sobre Franca, Regi\u00e3o, Esporte, Cultura, Cotidiano, Colunas. Cobertura nos principais eventos da cidade \u00e9 aqui - Verdadeon Franca\",\"potentialAction\":[{\"@type\":\"SearchAction\",\"target\":{\"@type\":\"EntryPoint\",\"urlTemplate\":\"https:\/\/verdadeon.com.br\/portal\/?s={search_term_string}\"},\"query-input\":{\"@type\":\"PropertyValueSpecification\",\"valueRequired\":true,\"valueName\":\"search_term_string\"}}],\"inLanguage\":\"pt-BR\"},{\"@type\":\"Person\",\"@id\":\"https:\/\/verdadeon.com.br\/portal\/#\/schema\/person\/cc32be22b8e8599387c480bc83e1d11a\",\"name\":\"Fernando Lima\",\"image\":{\"@type\":\"ImageObject\",\"inLanguage\":\"pt-BR\",\"@id\":\"https:\/\/verdadeon.com.br\/portal\/#\/schema\/person\/image\/\",\"url\":\"https:\/\/secure.gravatar.com\/avatar\/df4c8e132080d2b3a4841d5d232045464e0eed11a1d6e43115ca0843d48768d3?s=96&d=mm&r=g\",\"contentUrl\":\"https:\/\/secure.gravatar.com\/avatar\/df4c8e132080d2b3a4841d5d232045464e0eed11a1d6e43115ca0843d48768d3?s=96&d=mm&r=g\",\"caption\":\"Fernando Lima\"},\"sameAs\":[\"http:\/\/verdadeon.com.br\/\"],\"url\":\"https:\/\/verdadeon.com.br\/portal\/author\/fernando-lima\/\"}]}<\/script>\n<!-- \/ Yoast SEO plugin. -->","yoast_head_json":{"title":"Pol\u00edcia Ambiental multa usina em mais de R$ 2 milh\u00f5es por queimadas na regi\u00e3o - VerdadeOn","robots":{"index":"index","follow":"follow","max-snippet":"max-snippet:-1","max-image-preview":"max-image-preview:large","max-video-preview":"max-video-preview:-1"},"canonical":"https:\/\/verdadeon.com.br\/portal\/2021\/08\/25\/policia-ambiental-multa-usina-em-mais-de-r-2-milhoes-por-queimadas-na-regiao\/","og_locale":"pt_BR","og_type":"article","og_title":"Pol\u00edcia Ambiental multa usina em mais de R$ 2 milh\u00f5es por queimadas na regi\u00e3o - VerdadeOn","og_description":"A suspeita \u00e9 a de que o fogo causado pela usina tenha se espalhado para \u00e1reas de prote\u00e7\u00e3o Uma usina da cidade de Aramina na regi\u00e3o [\u2026]","og_url":"https:\/\/verdadeon.com.br\/portal\/2021\/08\/25\/policia-ambiental-multa-usina-em-mais-de-r-2-milhoes-por-queimadas-na-regiao\/","og_site_name":"VerdadeOn","article_published_time":"2021-08-25T20:17:11+00:00","og_image":[{"width":1001,"height":668,"url":"https:\/\/verdadeon.com.br\/portal\/wp-content\/uploads\/2021\/08\/WhatsApp-Image-2021-08-25-at-09.43.56-e1629922468874.jpeg","type":"image\/jpeg"}],"author":"Fernando Lima","twitter_card":"summary_large_image","twitter_misc":{"Escrito por":"Fernando Lima","Est. tempo de leitura":"2 minutos"},"schema":{"@context":"https:\/\/schema.org","@graph":[{"@type":"WebPage","@id":"https:\/\/verdadeon.com.br\/portal\/2021\/08\/25\/policia-ambiental-multa-usina-em-mais-de-r-2-milhoes-por-queimadas-na-regiao\/","url":"https:\/\/verdadeon.com.br\/portal\/2021\/08\/25\/policia-ambiental-multa-usina-em-mais-de-r-2-milhoes-por-queimadas-na-regiao\/","name":"Pol\u00edcia Ambiental multa usina em mais de R$ 2 milh\u00f5es por queimadas na regi\u00e3o - VerdadeOn","isPartOf":{"@id":"https:\/\/verdadeon.com.br\/portal\/#website"},"primaryImageOfPage":{"@id":"https:\/\/verdadeon.com.br\/portal\/2021\/08\/25\/policia-ambiental-multa-usina-em-mais-de-r-2-milhoes-por-queimadas-na-regiao\/#primaryimage"},"image":{"@id":"https:\/\/verdadeon.com.br\/portal\/2021\/08\/25\/policia-ambiental-multa-usina-em-mais-de-r-2-milhoes-por-queimadas-na-regiao\/#primaryimage"},"thumbnailUrl":"https:\/\/i0.wp.com\/verdadeon.com.br\/portal\/wp-content\/uploads\/2021\/08\/WhatsApp-Image-2021-08-25-at-09.43.56-e1629922468874.jpeg?fit=1001%2C668&ssl=1","datePublished":"2021-08-25T20:17:11+00:00","author":{"@id":"https:\/\/verdadeon.com.br\/portal\/#\/schema\/person\/cc32be22b8e8599387c480bc83e1d11a"},"breadcrumb":{"@id":"https:\/\/verdadeon.com.br\/portal\/2021\/08\/25\/policia-ambiental-multa-usina-em-mais-de-r-2-milhoes-por-queimadas-na-regiao\/#breadcrumb"},"inLanguage":"pt-BR","potentialAction":[{"@type":"ReadAction","target":["https:\/\/verdadeon.com.br\/portal\/2021\/08\/25\/policia-ambiental-multa-usina-em-mais-de-r-2-milhoes-por-queimadas-na-regiao\/"]}]},{"@type":"ImageObject","inLanguage":"pt-BR","@id":"https:\/\/verdadeon.com.br\/portal\/2021\/08\/25\/policia-ambiental-multa-usina-em-mais-de-r-2-milhoes-por-queimadas-na-regiao\/#primaryimage","url":"https:\/\/i0.wp.com\/verdadeon.com.br\/portal\/wp-content\/uploads\/2021\/08\/WhatsApp-Image-2021-08-25-at-09.43.56-e1629922468874.jpeg?fit=1001%2C668&ssl=1","contentUrl":"https:\/\/i0.wp.com\/verdadeon.com.br\/portal\/wp-content\/uploads\/2021\/08\/WhatsApp-Image-2021-08-25-at-09.43.56-e1629922468874.jpeg?fit=1001%2C668&ssl=1","width":1001,"height":668,"caption":"As irregularidades foram constatadas pela Pol\u00edcia Ambiental durante opera\u00e7\u00e3o. Usina pode recorrer da multas que foram aplicadas | Foto: Pol\u00edcia Ambiental"},{"@type":"BreadcrumbList","@id":"https:\/\/verdadeon.com.br\/portal\/2021\/08\/25\/policia-ambiental-multa-usina-em-mais-de-r-2-milhoes-por-queimadas-na-regiao\/#breadcrumb","itemListElement":[{"@type":"ListItem","position":1,"name":"In\u00edcio","item":"https:\/\/verdadeon.com.br\/portal\/"},{"@type":"ListItem","position":2,"name":"Pol\u00edcia Ambiental multa usina em mais de R$ 2 milh\u00f5es por queimadas na regi\u00e3o"}]},{"@type":"WebSite","@id":"https:\/\/verdadeon.com.br\/portal\/#website","url":"https:\/\/verdadeon.com.br\/portal\/","name":"VerdadeOn","description":"Not\u00edcias di\u00e1rias sobre Franca, Regi\u00e3o, Esporte, Cultura, Cotidiano, Colunas. Cobertura nos principais eventos da cidade \u00e9 aqui - Verdadeon Franca","potentialAction":[{"@type":"SearchAction","target":{"@type":"EntryPoint","urlTemplate":"https:\/\/verdadeon.com.br\/portal\/?s={search_term_string}"},"query-input":{"@type":"PropertyValueSpecification","valueRequired":true,"valueName":"search_term_string"}}],"inLanguage":"pt-BR"},{"@type":"Person","@id":"https:\/\/verdadeon.com.br\/portal\/#\/schema\/person\/cc32be22b8e8599387c480bc83e1d11a","name":"Fernando Lima","image":{"@type":"ImageObject","inLanguage":"pt-BR","@id":"https:\/\/verdadeon.com.br\/portal\/#\/schema\/person\/image\/","url":"https:\/\/secure.gravatar.com\/avatar\/df4c8e132080d2b3a4841d5d232045464e0eed11a1d6e43115ca0843d48768d3?s=96&d=mm&r=g","contentUrl":"https:\/\/secure.gravatar.com\/avatar\/df4c8e132080d2b3a4841d5d232045464e0eed11a1d6e43115ca0843d48768d3?s=96&d=mm&r=g","caption":"Fernando Lima"},"sameAs":["http:\/\/verdadeon.com.br\/"],"url":"https:\/\/verdadeon.com.br\/portal\/author\/fernando-lima\/"}]}},"jetpack_publicize_connections":[],"jetpack_featured_media_url":"https:\/\/i0.wp.com\/verdadeon.com.br\/portal\/wp-content\/uploads\/2021\/08\/WhatsApp-Image-2021-08-25-at-09.43.56-e1629922468874.jpeg?fit=1001%2C668&ssl=1","jetpack_sharing_enabled":true,"_links":{"self":[{"href":"https:\/\/verdadeon.com.br\/portal\/wp-json\/wp\/v2\/posts\/18997","targetHints":{"allow":["GET"]}}],"collection":[{"href":"https:\/\/verdadeon.com.br\/portal\/wp-json\/wp\/v2\/posts"}],"about":[{"href":"https:\/\/verdadeon.com.br\/portal\/wp-json\/wp\/v2\/types\/post"}],"author":[{"embeddable":true,"href":"https:\/\/verdadeon.com.br\/portal\/wp-json\/wp\/v2\/users\/7"}],"replies":[{"embeddable":true,"href":"https:\/\/verdadeon.com.br\/portal\/wp-json\/wp\/v2\/comments?post=18997"}],"version-history":[{"count":0,"href":"https:\/\/verdadeon.com.br\/portal\/wp-json\/wp\/v2\/posts\/18997\/revisions"}],"wp:featuredmedia":[{"embeddable":true,"href":"https:\/\/verdadeon.com.br\/portal\/wp-json\/wp\/v2\/media\/18998"}],"wp:attachment":[{"href":"https:\/\/verdadeon.com.br\/portal\/wp-json\/wp\/v2\/media?parent=18997"}],"wp:term":[{"taxonomy":"category","embeddable":true,"href":"https:\/\/verdadeon.com.br\/portal\/wp-json\/wp\/v2\/categories?post=18997"},{"taxonomy":"post_tag","embeddable":true,"href":"https:\/\/verdadeon.com.br\/portal\/wp-json\/wp\/v2\/tags?post=18997"}],"curies":[{"name":"wp","href":"https:\/\/api.w.org\/{rel}","templated":true}]}}