{"id":18985,"date":"2021-08-24T18:28:36","date_gmt":"2021-08-24T21:28:36","guid":{"rendered":"https:\/\/verdadeon.com.br\/portal\/?p=18985"},"modified":"2021-08-24T18:28:36","modified_gmt":"2021-08-24T21:28:36","slug":"novo-mandato-de-augusto-aras-na-pgr-e-aprovado-pela-ccj-do-senado","status":"publish","type":"post","link":"https:\/\/verdadeon.com.br\/portal\/2021\/08\/24\/novo-mandato-de-augusto-aras-na-pgr-e-aprovado-pela-ccj-do-senado\/","title":{"rendered":"Novo mandato de Augusto Aras na PGR \u00e9 aprovado pela CCJ do Senado"},"content":{"rendered":"<h2>Se plen\u00e1rio do Senado confirmar o nome dele para um novo mandato, Augusto Aras ficar\u00e1 no cargo at\u00e9 2023<\/h2>\n<p>O atual procurador-geral da Rep\u00fablica, Augusto Aras, teve seu nome aprovado para um novo mandato pela Comiss\u00e3o de Constitui\u00e7\u00e3o e Justi\u00e7a do Senado ( CCJ). O placar foi de 21 votos a favor e 6 contra.<img data-recalc-dims=\"1\" decoding=\"async\" src=\"https:\/\/i0.wp.com\/agenciabrasil.ebc.com.br\/ebc.png?w=1220&#038;ssl=1\" \/><img data-recalc-dims=\"1\" decoding=\"async\" src=\"https:\/\/i0.wp.com\/agenciabrasil.ebc.com.br\/ebc.gif?w=1220&#038;ssl=1\" \/><\/p>\n<p>Augusto Aras passou por uma\u00a0sabatina\u00a0que durou horas e agora, ap\u00f3s aprova\u00e7\u00e3o de pela CCJ, o nome de Aras tamb\u00e9m ser\u00e1 submetido ao plen\u00e1rio do Senado, onde, para ser aprovado, ter\u00e1 que alcan\u00e7ar a\u00a0aprova\u00e7\u00e3o da\u00a0maioria simples, ou seja, 41\u00a0dos 81\u00a0senadores.\u00a0A vota\u00e7\u00e3o\u00a0\u00e9\u00a0secreta. Se confirmado para um novo mandato,\u00a0Augusto Aras\u00a0ficar\u00e1 no cargo at\u00e9 2023.<\/p>\n<h4>Uso de m\u00e1scaras<\/h4>\n<p>Na parte final da sabatina, \u00a0Augusto Aras, disse\u00a0<span id=\"OBJ_PREFIX_DWT411_com_zimbra_date\" role=\"link\">que o uso de m\u00e1scaras de prote\u00e7\u00e3o \u00e9 \u201cobrigat\u00f3rio\u201d e \u201ccrucial\u201d para evitar a dissemina\u00e7\u00e3o do novo coronav\u00edrus, mas que a n\u00e3o utiliza\u00e7\u00e3o do acess\u00f3rio em espa\u00e7os p\u00fablicos fechados n\u00e3o deve ser criminalizada.<\/span><img loading=\"lazy\" decoding=\"async\" src=\"file:\/\/\/C:\/Users\/CLAUDI~1.PAU\/AppData\/Local\/Temp\/msohtmlclip1\/01\/clip_image001.png\" width=\"1\" height=\"1\" \/><img loading=\"lazy\" decoding=\"async\" src=\"file:\/\/\/C:\/Users\/CLAUDI~1.PAU\/AppData\/Local\/Temp\/msohtmlclip1\/01\/clip_image001.png\" width=\"1\" height=\"1\" \/><\/p>\n<p>\u201c\u00c9 preciso ter alguma cautela na criminaliza\u00e7\u00e3o do uso da m\u00e1scara. Porque, do ponto de vista t\u00e9cnico e jur\u00eddico, antes de se aplicar o direito penal \u00e9 preciso verificar se n\u00e3o se aplicam os direitos Civil e Administrativo com suas san\u00e7\u00f5es. At\u00e9 porque, todos sabemos que n\u00e3o h\u00e1 cadeia para todo mundo\u201d, declarou Aras aos senadores que integram a Comiss\u00e3o de Constitui\u00e7\u00e3o e Justi\u00e7a (CCJ) do Senado.<\/p>\n<p>Aras reconhece que, mesmo com o Supremo Tribunal Federal (STF) e o Congresso Nacional j\u00e1 tendo validado a obrigatoriedade do uso de m\u00e1scara em ambientes p\u00fablicos, parte da popula\u00e7\u00e3o tem \u201cnegligenciado\u201d o recurso protetor contra o novo coronav\u00edrus, sem que ningu\u00e9m, at\u00e9 hoje, tenha sido condenado criminalmente por isso.<\/p>\n<p>\u201cPor que n\u00e3o h\u00e1 a penaliza\u00e7\u00e3o, sendo o uso obrigat\u00f3rio? [Porque] a evolu\u00e7\u00e3o deste il\u00edcito para a esfera penal \u00e9 uma grande dificuldade nossa \u2013 e a pr\u00f3pria jurisprud\u00eancia dos nossos tribunais demonstra que [em casos de inobserv\u00e2ncia das recomenda\u00e7\u00f5es das autoridades sanit\u00e1rias] cabe a multa. A pris\u00e3o, \u00e9 um desafio\u201d, acrescentou o procurador-geral da Rep\u00fablica antes de ser questionado sobre o fato de a legisla\u00e7\u00e3o brasileira prever a responsabiliza\u00e7\u00e3o criminal de quem infrinja medidas sanit\u00e1rias preventivas, como as recomenda\u00e7\u00f5es sanit\u00e1rias para tentar conter a pandemia da covid-19.<\/p>\n<p>\u201cN\u00e3o tenho d\u00favidas da ilicitude e de que h\u00e1 uma multa, mas tamb\u00e9m n\u00e3o tenho d\u00favidas de que, em um sistema em que vige o princ\u00edpio do direito penal negocial e despenalizador, falar em pena de natureza criminal \u2013 que \u00e9 diferente de outras san\u00e7\u00f5es \u2013 pode ser algo extremamente perigoso; algo que vai criminalizar ainda mais uma sociedade j\u00e1 t\u00e3o conturbada quanto a nossa\u201d, ponderou o procurador-geral da Rep\u00fablica.<\/p>\n<p>Fonte: Ag\u00eancia Brasil<\/p>\n","protected":false},"excerpt":{"rendered":"<p>Se plen\u00e1rio do Senado confirmar o nome dele para um novo mandato, Augusto Aras ficar\u00e1 no cargo at\u00e9 2023 O atual procurador-geral da Rep\u00fablica, Augusto Aras,<span class=\"excerpt-hellip\"> [\u2026]<\/span><\/p>\n","protected":false},"author":7,"featured_media":18986,"comment_status":"open","ping_status":"open","sticky":false,"template":"","format":"standard","meta":{"_jetpack_memberships_contains_paid_content":false,"footnotes":"","jetpack_publicize_message":"","jetpack_publicize_feature_enabled":true,"jetpack_social_post_already_shared":false,"jetpack_social_options":{"image_generator_settings":{"template":"highway","default_image_id":0,"enabled":false},"version":2}},"categories":[28,44],"tags":[],"class_list":["post-18985","post","type-post","status-publish","format-standard","has-post-thumbnail","hentry","category-cotidiano","category-noticias"],"yoast_head":"<!-- This site is optimized with the Yoast SEO plugin v25.6 - https:\/\/yoast.com\/wordpress\/plugins\/seo\/ -->\n<title>Novo mandato de Augusto Aras na PGR \u00e9 aprovado pela CCJ do Senado - VerdadeOn<\/title>\n<meta name=\"robots\" content=\"index, follow, max-snippet:-1, max-image-preview:large, max-video-preview:-1\" \/>\n<link rel=\"canonical\" href=\"https:\/\/verdadeon.com.br\/portal\/2021\/08\/24\/novo-mandato-de-augusto-aras-na-pgr-e-aprovado-pela-ccj-do-senado\/\" \/>\n<meta property=\"og:locale\" content=\"pt_BR\" \/>\n<meta property=\"og:type\" content=\"article\" \/>\n<meta property=\"og:title\" content=\"Novo mandato de Augusto Aras na PGR \u00e9 aprovado pela CCJ do Senado - VerdadeOn\" \/>\n<meta property=\"og:description\" content=\"Se plen\u00e1rio do Senado confirmar o nome dele para um novo mandato, Augusto Aras ficar\u00e1 no cargo at\u00e9 2023 O atual procurador-geral da Rep\u00fablica, Augusto Aras, [\u2026]\" \/>\n<meta property=\"og:url\" content=\"https:\/\/verdadeon.com.br\/portal\/2021\/08\/24\/novo-mandato-de-augusto-aras-na-pgr-e-aprovado-pela-ccj-do-senado\/\" \/>\n<meta property=\"og:site_name\" content=\"VerdadeOn\" \/>\n<meta property=\"article:published_time\" content=\"2021-08-24T21:28:36+00:00\" \/>\n<meta property=\"og:image\" content=\"https:\/\/verdadeon.com.br\/portal\/wp-content\/uploads\/2021\/08\/AUGUSTO-ARAS.jpg\" \/>\n\t<meta property=\"og:image:width\" content=\"1170\" \/>\n\t<meta property=\"og:image:height\" content=\"700\" \/>\n\t<meta property=\"og:image:type\" content=\"image\/jpeg\" \/>\n<meta name=\"author\" content=\"Fernando Lima\" \/>\n<meta name=\"twitter:card\" content=\"summary_large_image\" \/>\n<meta name=\"twitter:label1\" content=\"Escrito por\" \/>\n\t<meta name=\"twitter:data1\" content=\"Fernando Lima\" \/>\n\t<meta name=\"twitter:label2\" content=\"Est. tempo de leitura\" \/>\n\t<meta name=\"twitter:data2\" content=\"3 minutos\" \/>\n<script type=\"application\/ld+json\" class=\"yoast-schema-graph\">{\"@context\":\"https:\/\/schema.org\",\"@graph\":[{\"@type\":\"WebPage\",\"@id\":\"https:\/\/verdadeon.com.br\/portal\/2021\/08\/24\/novo-mandato-de-augusto-aras-na-pgr-e-aprovado-pela-ccj-do-senado\/\",\"url\":\"https:\/\/verdadeon.com.br\/portal\/2021\/08\/24\/novo-mandato-de-augusto-aras-na-pgr-e-aprovado-pela-ccj-do-senado\/\",\"name\":\"Novo mandato de Augusto Aras na PGR \u00e9 aprovado pela CCJ do Senado - VerdadeOn\",\"isPartOf\":{\"@id\":\"https:\/\/verdadeon.com.br\/portal\/#website\"},\"primaryImageOfPage\":{\"@id\":\"https:\/\/verdadeon.com.br\/portal\/2021\/08\/24\/novo-mandato-de-augusto-aras-na-pgr-e-aprovado-pela-ccj-do-senado\/#primaryimage\"},\"image\":{\"@id\":\"https:\/\/verdadeon.com.br\/portal\/2021\/08\/24\/novo-mandato-de-augusto-aras-na-pgr-e-aprovado-pela-ccj-do-senado\/#primaryimage\"},\"thumbnailUrl\":\"https:\/\/i0.wp.com\/verdadeon.com.br\/portal\/wp-content\/uploads\/2021\/08\/AUGUSTO-ARAS.jpg?fit=1170%2C700&ssl=1\",\"datePublished\":\"2021-08-24T21:28:36+00:00\",\"author\":{\"@id\":\"https:\/\/verdadeon.com.br\/portal\/#\/schema\/person\/cc32be22b8e8599387c480bc83e1d11a\"},\"breadcrumb\":{\"@id\":\"https:\/\/verdadeon.com.br\/portal\/2021\/08\/24\/novo-mandato-de-augusto-aras-na-pgr-e-aprovado-pela-ccj-do-senado\/#breadcrumb\"},\"inLanguage\":\"pt-BR\",\"potentialAction\":[{\"@type\":\"ReadAction\",\"target\":[\"https:\/\/verdadeon.com.br\/portal\/2021\/08\/24\/novo-mandato-de-augusto-aras-na-pgr-e-aprovado-pela-ccj-do-senado\/\"]}]},{\"@type\":\"ImageObject\",\"inLanguage\":\"pt-BR\",\"@id\":\"https:\/\/verdadeon.com.br\/portal\/2021\/08\/24\/novo-mandato-de-augusto-aras-na-pgr-e-aprovado-pela-ccj-do-senado\/#primaryimage\",\"url\":\"https:\/\/i0.wp.com\/verdadeon.com.br\/portal\/wp-content\/uploads\/2021\/08\/AUGUSTO-ARAS.jpg?fit=1170%2C700&ssl=1\",\"contentUrl\":\"https:\/\/i0.wp.com\/verdadeon.com.br\/portal\/wp-content\/uploads\/2021\/08\/AUGUSTO-ARAS.jpg?fit=1170%2C700&ssl=1\",\"width\":1170,\"height\":700,\"caption\":\"Comiss\u00e3o de Constitui\u00e7\u00e3o, Justi\u00e7a e Cidadania (CCJ) realiza sabatina, com participa\u00e7\u00e3o popular, de indicado \u00e0 recondu\u00e7\u00e3o ao cargo de procurador-geral da Rep\u00fablica, com mandato de dois anos | Foto: Jefferson Rudy\/Ag\u00eancia Senado\"},{\"@type\":\"BreadcrumbList\",\"@id\":\"https:\/\/verdadeon.com.br\/portal\/2021\/08\/24\/novo-mandato-de-augusto-aras-na-pgr-e-aprovado-pela-ccj-do-senado\/#breadcrumb\",\"itemListElement\":[{\"@type\":\"ListItem\",\"position\":1,\"name\":\"In\u00edcio\",\"item\":\"https:\/\/verdadeon.com.br\/portal\/\"},{\"@type\":\"ListItem\",\"position\":2,\"name\":\"Novo mandato de Augusto Aras na PGR \u00e9 aprovado pela CCJ do Senado\"}]},{\"@type\":\"WebSite\",\"@id\":\"https:\/\/verdadeon.com.br\/portal\/#website\",\"url\":\"https:\/\/verdadeon.com.br\/portal\/\",\"name\":\"VerdadeOn\",\"description\":\"Not\u00edcias di\u00e1rias sobre Franca, Regi\u00e3o, Esporte, Cultura, Cotidiano, Colunas. Cobertura nos principais eventos da cidade \u00e9 aqui - Verdadeon Franca\",\"potentialAction\":[{\"@type\":\"SearchAction\",\"target\":{\"@type\":\"EntryPoint\",\"urlTemplate\":\"https:\/\/verdadeon.com.br\/portal\/?s={search_term_string}\"},\"query-input\":{\"@type\":\"PropertyValueSpecification\",\"valueRequired\":true,\"valueName\":\"search_term_string\"}}],\"inLanguage\":\"pt-BR\"},{\"@type\":\"Person\",\"@id\":\"https:\/\/verdadeon.com.br\/portal\/#\/schema\/person\/cc32be22b8e8599387c480bc83e1d11a\",\"name\":\"Fernando Lima\",\"image\":{\"@type\":\"ImageObject\",\"inLanguage\":\"pt-BR\",\"@id\":\"https:\/\/verdadeon.com.br\/portal\/#\/schema\/person\/image\/\",\"url\":\"https:\/\/secure.gravatar.com\/avatar\/df4c8e132080d2b3a4841d5d232045464e0eed11a1d6e43115ca0843d48768d3?s=96&d=mm&r=g\",\"contentUrl\":\"https:\/\/secure.gravatar.com\/avatar\/df4c8e132080d2b3a4841d5d232045464e0eed11a1d6e43115ca0843d48768d3?s=96&d=mm&r=g\",\"caption\":\"Fernando Lima\"},\"sameAs\":[\"http:\/\/verdadeon.com.br\/\"],\"url\":\"https:\/\/verdadeon.com.br\/portal\/author\/fernando-lima\/\"}]}<\/script>\n<!-- \/ Yoast SEO plugin. -->","yoast_head_json":{"title":"Novo mandato de Augusto Aras na PGR \u00e9 aprovado pela CCJ do Senado - VerdadeOn","robots":{"index":"index","follow":"follow","max-snippet":"max-snippet:-1","max-image-preview":"max-image-preview:large","max-video-preview":"max-video-preview:-1"},"canonical":"https:\/\/verdadeon.com.br\/portal\/2021\/08\/24\/novo-mandato-de-augusto-aras-na-pgr-e-aprovado-pela-ccj-do-senado\/","og_locale":"pt_BR","og_type":"article","og_title":"Novo mandato de Augusto Aras na PGR \u00e9 aprovado pela CCJ do Senado - VerdadeOn","og_description":"Se plen\u00e1rio do Senado confirmar o nome dele para um novo mandato, Augusto Aras ficar\u00e1 no cargo at\u00e9 2023 O atual procurador-geral da Rep\u00fablica, Augusto Aras, [\u2026]","og_url":"https:\/\/verdadeon.com.br\/portal\/2021\/08\/24\/novo-mandato-de-augusto-aras-na-pgr-e-aprovado-pela-ccj-do-senado\/","og_site_name":"VerdadeOn","article_published_time":"2021-08-24T21:28:36+00:00","og_image":[{"width":1170,"height":700,"url":"https:\/\/verdadeon.com.br\/portal\/wp-content\/uploads\/2021\/08\/AUGUSTO-ARAS.jpg","type":"image\/jpeg"}],"author":"Fernando Lima","twitter_card":"summary_large_image","twitter_misc":{"Escrito por":"Fernando Lima","Est. tempo de leitura":"3 minutos"},"schema":{"@context":"https:\/\/schema.org","@graph":[{"@type":"WebPage","@id":"https:\/\/verdadeon.com.br\/portal\/2021\/08\/24\/novo-mandato-de-augusto-aras-na-pgr-e-aprovado-pela-ccj-do-senado\/","url":"https:\/\/verdadeon.com.br\/portal\/2021\/08\/24\/novo-mandato-de-augusto-aras-na-pgr-e-aprovado-pela-ccj-do-senado\/","name":"Novo mandato de Augusto Aras na PGR \u00e9 aprovado pela CCJ do Senado - VerdadeOn","isPartOf":{"@id":"https:\/\/verdadeon.com.br\/portal\/#website"},"primaryImageOfPage":{"@id":"https:\/\/verdadeon.com.br\/portal\/2021\/08\/24\/novo-mandato-de-augusto-aras-na-pgr-e-aprovado-pela-ccj-do-senado\/#primaryimage"},"image":{"@id":"https:\/\/verdadeon.com.br\/portal\/2021\/08\/24\/novo-mandato-de-augusto-aras-na-pgr-e-aprovado-pela-ccj-do-senado\/#primaryimage"},"thumbnailUrl":"https:\/\/i0.wp.com\/verdadeon.com.br\/portal\/wp-content\/uploads\/2021\/08\/AUGUSTO-ARAS.jpg?fit=1170%2C700&ssl=1","datePublished":"2021-08-24T21:28:36+00:00","author":{"@id":"https:\/\/verdadeon.com.br\/portal\/#\/schema\/person\/cc32be22b8e8599387c480bc83e1d11a"},"breadcrumb":{"@id":"https:\/\/verdadeon.com.br\/portal\/2021\/08\/24\/novo-mandato-de-augusto-aras-na-pgr-e-aprovado-pela-ccj-do-senado\/#breadcrumb"},"inLanguage":"pt-BR","potentialAction":[{"@type":"ReadAction","target":["https:\/\/verdadeon.com.br\/portal\/2021\/08\/24\/novo-mandato-de-augusto-aras-na-pgr-e-aprovado-pela-ccj-do-senado\/"]}]},{"@type":"ImageObject","inLanguage":"pt-BR","@id":"https:\/\/verdadeon.com.br\/portal\/2021\/08\/24\/novo-mandato-de-augusto-aras-na-pgr-e-aprovado-pela-ccj-do-senado\/#primaryimage","url":"https:\/\/i0.wp.com\/verdadeon.com.br\/portal\/wp-content\/uploads\/2021\/08\/AUGUSTO-ARAS.jpg?fit=1170%2C700&ssl=1","contentUrl":"https:\/\/i0.wp.com\/verdadeon.com.br\/portal\/wp-content\/uploads\/2021\/08\/AUGUSTO-ARAS.jpg?fit=1170%2C700&ssl=1","width":1170,"height":700,"caption":"Comiss\u00e3o de Constitui\u00e7\u00e3o, Justi\u00e7a e Cidadania (CCJ) realiza sabatina, com participa\u00e7\u00e3o popular, de indicado \u00e0 recondu\u00e7\u00e3o ao cargo de procurador-geral da Rep\u00fablica, com mandato de dois anos | Foto: Jefferson Rudy\/Ag\u00eancia Senado"},{"@type":"BreadcrumbList","@id":"https:\/\/verdadeon.com.br\/portal\/2021\/08\/24\/novo-mandato-de-augusto-aras-na-pgr-e-aprovado-pela-ccj-do-senado\/#breadcrumb","itemListElement":[{"@type":"ListItem","position":1,"name":"In\u00edcio","item":"https:\/\/verdadeon.com.br\/portal\/"},{"@type":"ListItem","position":2,"name":"Novo mandato de Augusto Aras na PGR \u00e9 aprovado pela CCJ do Senado"}]},{"@type":"WebSite","@id":"https:\/\/verdadeon.com.br\/portal\/#website","url":"https:\/\/verdadeon.com.br\/portal\/","name":"VerdadeOn","description":"Not\u00edcias di\u00e1rias sobre Franca, Regi\u00e3o, Esporte, Cultura, Cotidiano, Colunas. Cobertura nos principais eventos da cidade \u00e9 aqui - Verdadeon Franca","potentialAction":[{"@type":"SearchAction","target":{"@type":"EntryPoint","urlTemplate":"https:\/\/verdadeon.com.br\/portal\/?s={search_term_string}"},"query-input":{"@type":"PropertyValueSpecification","valueRequired":true,"valueName":"search_term_string"}}],"inLanguage":"pt-BR"},{"@type":"Person","@id":"https:\/\/verdadeon.com.br\/portal\/#\/schema\/person\/cc32be22b8e8599387c480bc83e1d11a","name":"Fernando Lima","image":{"@type":"ImageObject","inLanguage":"pt-BR","@id":"https:\/\/verdadeon.com.br\/portal\/#\/schema\/person\/image\/","url":"https:\/\/secure.gravatar.com\/avatar\/df4c8e132080d2b3a4841d5d232045464e0eed11a1d6e43115ca0843d48768d3?s=96&d=mm&r=g","contentUrl":"https:\/\/secure.gravatar.com\/avatar\/df4c8e132080d2b3a4841d5d232045464e0eed11a1d6e43115ca0843d48768d3?s=96&d=mm&r=g","caption":"Fernando Lima"},"sameAs":["http:\/\/verdadeon.com.br\/"],"url":"https:\/\/verdadeon.com.br\/portal\/author\/fernando-lima\/"}]}},"jetpack_publicize_connections":[],"jetpack_featured_media_url":"https:\/\/i0.wp.com\/verdadeon.com.br\/portal\/wp-content\/uploads\/2021\/08\/AUGUSTO-ARAS.jpg?fit=1170%2C700&ssl=1","jetpack_sharing_enabled":true,"_links":{"self":[{"href":"https:\/\/verdadeon.com.br\/portal\/wp-json\/wp\/v2\/posts\/18985","targetHints":{"allow":["GET"]}}],"collection":[{"href":"https:\/\/verdadeon.com.br\/portal\/wp-json\/wp\/v2\/posts"}],"about":[{"href":"https:\/\/verdadeon.com.br\/portal\/wp-json\/wp\/v2\/types\/post"}],"author":[{"embeddable":true,"href":"https:\/\/verdadeon.com.br\/portal\/wp-json\/wp\/v2\/users\/7"}],"replies":[{"embeddable":true,"href":"https:\/\/verdadeon.com.br\/portal\/wp-json\/wp\/v2\/comments?post=18985"}],"version-history":[{"count":0,"href":"https:\/\/verdadeon.com.br\/portal\/wp-json\/wp\/v2\/posts\/18985\/revisions"}],"wp:featuredmedia":[{"embeddable":true,"href":"https:\/\/verdadeon.com.br\/portal\/wp-json\/wp\/v2\/media\/18986"}],"wp:attachment":[{"href":"https:\/\/verdadeon.com.br\/portal\/wp-json\/wp\/v2\/media?parent=18985"}],"wp:term":[{"taxonomy":"category","embeddable":true,"href":"https:\/\/verdadeon.com.br\/portal\/wp-json\/wp\/v2\/categories?post=18985"},{"taxonomy":"post_tag","embeddable":true,"href":"https:\/\/verdadeon.com.br\/portal\/wp-json\/wp\/v2\/tags?post=18985"}],"curies":[{"name":"wp","href":"https:\/\/api.w.org\/{rel}","templated":true}]}}